{"id":4211,"date":"2015-05-13T00:07:21","date_gmt":"2015-05-13T00:07:21","guid":{"rendered":"http:\/\/50.22.11.12\/~grietaor\/?p=4211"},"modified":"2016-03-22T00:15:30","modified_gmt":"2016-03-22T00:15:30","slug":"caravana-yaqui-llega-a-nayarit-cronica","status":"publish","type":"post","link":"http:\/\/www.grieta.org.mx\/index.php\/2015\/05\/13\/caravana-yaqui-llega-a-nayarit-cronica\/","title":{"rendered":"Caravana Yaqui llega a Nayarit (Cr\u00f3nica)"},"content":{"rendered":"<p>Radio Zapote<\/p>\n<p>Ruiz, Nayarit a 13 de Mayo de 2015.<\/p>\n<p>En el marco de la convocatoria que hizo la tribu Yaqui al pueblo de M\u00e9xico para participar en La Caravana Nacional por el Agua, el Territorio, el Trabajo y la Vida.<\/p>\n<p>Hoy en el municipio de Ruiz en el estado de Nayarit, el Consejo Ind\u00edgena N\u00e1yeri y el Consejo Intercomunitario, que se encuentran defendiendo su territorio por la posible construcci\u00f3n de la presa Las Cruces en las aguas del r\u00edo San Pedro-Mezquital. Respondieron a la invitaci\u00f3n y dieron la bienvenida a los y las integrantes de la Caravana.<\/p>\n<p>Este encuentro entre las resistencias, adem\u00e1s de fortalecer la organizaci\u00f3n de cada una de ellas, les da esperanza y visibiliza que no est\u00e1n solos ni solas. Que el despojo por parte del gobierno y empresas, sucede en muchas partes del pa\u00eds. Que ante las consecuencias de vivir en un sistema capitalista, construir otro modo de hacer pol\u00edtica ya no es una opci\u00f3n, sino una necesidad.<\/p>\n<p>Estuvieron compartiendo los compa\u00f1eros de la tribu Yaqui, del Consejo Ind\u00edgena N\u00e1yeri, el Consejo Intercomunitario, del pueblo Triqui; se abordaron temas importantes como la privatizaci\u00f3n de playas (como la de Mismaloya en Nayarit), de los 43 normalistas de Ayotzinapa que nos siguen faltando y la situaci\u00f3n de los jornaleros de San Quint\u00edn.<br \/>\nLa invitaci\u00f3n sigue abierta para todos y todas a seguir sum\u00e1ndose a la Caravana y encontrarse de nueva cuenta el 22 de Mayo en el Z\u00f3calo de la ciudad de M\u00e9xico.<\/p>\n<p><a href=\"http:\/\/www.radiozapote.org\/caravana-yaqui-llega-a-nayarit-cronica\/\" target=\"_blank\">www.radiozapote.org\/caravana-yaqui-llega-a-nayarit-cronica\/<\/a><\/p>\n","protected":false},"excerpt":{"rendered":"<p>Radio Zapote Ruiz, Nayarit a 13 de Mayo de 2015. En el marco de la convocatoria que hizo la tribu Yaqui al pueblo de M\u00e9xico para participar en La Caravana &hellip; <a href=\"http:\/\/www.grieta.org.mx\/index.php\/2015\/05\/13\/caravana-yaqui-llega-a-nayarit-cronica\/\" class=\"more-link\">Leer m\u00e1s<\/a><\/p>\n","protected":false},"author":2,"featured_media":21928,"comment_status":"closed","ping_status":"open","sticky":false,"template":"","format":"standard","meta":{"ngg_post_thumbnail":0,"_jetpack_newsletter_access":"","_jetpack_dont_email_post_to_subs":false,"_jetpack_newsletter_tier_id":0,"_jetpack_memberships_contains_paywalled_content":false,"_jetpack_memberships_contains_paid_content":false,"footnotes":""},"categories":[80,145],"tags":[339,279],"class_list":["post-4211","post","type-post","status-publish","format-standard","has-post-thumbnail","hentry","category-cintillo","category-nayarit","tag-acueducto-independencia","tag-caravana-yaqui","entry"],"jetpack_featured_media_url":"http:\/\/www.grieta.org.mx\/wp-content\/uploads\/2018\/03\/14524434_1106112876131411_958039263622046936_o.jpg","jetpack_sharing_enabled":true,"jetpack_shortlink":"https:\/\/wp.me\/p7ZJR4-15V","jetpack_likes_enabled":false,"jetpack-related-posts":[{"id":4210,"url":"http:\/\/www.grieta.org.mx\/index.php\/2015\/05\/13\/caravana-yaqui-en-nayarit\/","url_meta":{"origin":4211,"position":0},"title":"Caravana Yaqui en Nayarit","author":"grieta","date":"13 mayo, 2015","format":false,"excerpt":"13\/05\/15. Caravana Yaqui llega a Nayarit (Cr\u00f3nica) Radio Zapote","rel":"","context":"En &quot;21. Yaquis&quot;","block_context":{"text":"21. Yaquis","link":"http:\/\/www.grieta.org.mx\/index.php\/category\/espejos-de-la-resistencia\/21-yaquis\/"},"img":{"alt_text":"","src":"https:\/\/i0.wp.com\/www.grieta.org.mx\/wp-content\/uploads\/2018\/03\/14524434_1106112876131411_958039263622046936_o.jpg?resize=350%2C200","width":350,"height":200,"srcset":"https:\/\/i0.wp.com\/www.grieta.org.mx\/wp-content\/uploads\/2018\/03\/14524434_1106112876131411_958039263622046936_o.jpg?resize=350%2C200 1x, https:\/\/i0.wp.com\/www.grieta.org.mx\/wp-content\/uploads\/2018\/03\/14524434_1106112876131411_958039263622046936_o.jpg?resize=525%2C300 1.5x, https:\/\/i0.wp.com\/www.grieta.org.mx\/wp-content\/uploads\/2018\/03\/14524434_1106112876131411_958039263622046936_o.jpg?resize=700%2C400 2x"},"classes":[]},{"id":5507,"url":"http:\/\/www.grieta.org.mx\/index.php\/2015\/05\/16\/caravana-yaqui-en-oaxaca\/","url_meta":{"origin":4211,"position":1},"title":"Caravana yaqui en Oaxaca","author":"grieta","date":"16 mayo, 2015","format":false,"excerpt":"16\/05\/15. M\u00e9xico: \u201cHombro con hombro, codo con codo El agua, el agua es de todos\u201d. Caravana Yaqui llega a Huajuapan, Oaxaca Kaos en la red 15\/05\/15. Caravana de yaquis llega a Oaxaca; ind\u00edgenas locales se unen a sus demandasLa Jornada 15\/05\/15. Marchan maestros con caravana Yaqui y reafirman boicot electoral\u2026","rel":"","context":"En &quot;21. Yaquis&quot;","block_context":{"text":"21. Yaquis","link":"http:\/\/www.grieta.org.mx\/index.php\/category\/espejos-de-la-resistencia\/21-yaquis\/"},"img":{"alt_text":"","src":"https:\/\/i0.wp.com\/www.grieta.org.mx\/wp-content\/uploads\/2018\/03\/14524434_1106112876131411_958039263622046936_o.jpg?resize=350%2C200","width":350,"height":200,"srcset":"https:\/\/i0.wp.com\/www.grieta.org.mx\/wp-content\/uploads\/2018\/03\/14524434_1106112876131411_958039263622046936_o.jpg?resize=350%2C200 1x, https:\/\/i0.wp.com\/www.grieta.org.mx\/wp-content\/uploads\/2018\/03\/14524434_1106112876131411_958039263622046936_o.jpg?resize=525%2C300 1.5x, https:\/\/i0.wp.com\/www.grieta.org.mx\/wp-content\/uploads\/2018\/03\/14524434_1106112876131411_958039263622046936_o.jpg?resize=700%2C400 2x"},"classes":[]},{"id":2312,"url":"http:\/\/www.grieta.org.mx\/index.php\/2015\/05\/14\/caravana-yaqui-visitara-la-laguna\/","url_meta":{"origin":4211,"position":2},"title":"Caravana Yaqui visitar\u00e1 La Laguna","author":"grieta","date":"14 mayo, 2015","format":false,"excerpt":"Fabiola P. Canedo 14\/05\/15 La tribu Yaqui convoca a la Caravana Nacional por la Defensa del Agua, el Territorio, el Trabajo y la Vida, que estar\u00e1 en la Comarca Lagunera este viernes 15 de mayo, a las 11:00 horas en la Plaza de Armas. La caravana tendr\u00e1 cuatro rutas que\u2026","rel":"","context":"En &quot;CINTILLO&quot;","block_context":{"text":"CINTILLO","link":"http:\/\/www.grieta.org.mx\/index.php\/category\/cintillo\/"},"img":{"alt_text":"","src":"https:\/\/i0.wp.com\/www.grieta.org.mx\/wp-content\/uploads\/2018\/03\/14524434_1106112876131411_958039263622046936_o.jpg?resize=350%2C200","width":350,"height":200,"srcset":"https:\/\/i0.wp.com\/www.grieta.org.mx\/wp-content\/uploads\/2018\/03\/14524434_1106112876131411_958039263622046936_o.jpg?resize=350%2C200 1x, https:\/\/i0.wp.com\/www.grieta.org.mx\/wp-content\/uploads\/2018\/03\/14524434_1106112876131411_958039263622046936_o.jpg?resize=525%2C300 1.5x, https:\/\/i0.wp.com\/www.grieta.org.mx\/wp-content\/uploads\/2018\/03\/14524434_1106112876131411_958039263622046936_o.jpg?resize=700%2C400 2x"},"classes":[]},{"id":2782,"url":"http:\/\/www.grieta.org.mx\/index.php\/2015\/05\/13\/caravana-yaqui-llega-el-sabado-a-colima\/","url_meta":{"origin":4211,"position":3},"title":"Caravana yaqui llega el s\u00e1bado a Colima","author":"grieta","date":"13 mayo, 2015","format":false,"excerpt":"Perriodismo Publicado: 13\/5\/2015 Autor: Montserrat Ram\u00edrez La Caravana Nacional por la Defensa del Agua, el Territorio, el Trabajo y la Vida, encabezada por la tribu Yaqui visitar\u00e1 el estado el pr\u00f3ximo s\u00e1bado 16 de mayo, para compartir su experiencia de lucha con la comunidad ind\u00edgena de Zacualpan y la poblaci\u00f3n\u2026","rel":"","context":"En &quot;CINTILLO&quot;","block_context":{"text":"CINTILLO","link":"http:\/\/www.grieta.org.mx\/index.php\/category\/cintillo\/"},"img":{"alt_text":"","src":"https:\/\/i0.wp.com\/www.grieta.org.mx\/wp-content\/uploads\/2018\/03\/14524434_1106112876131411_958039263622046936_o.jpg?resize=350%2C200","width":350,"height":200,"srcset":"https:\/\/i0.wp.com\/www.grieta.org.mx\/wp-content\/uploads\/2018\/03\/14524434_1106112876131411_958039263622046936_o.jpg?resize=350%2C200 1x, https:\/\/i0.wp.com\/www.grieta.org.mx\/wp-content\/uploads\/2018\/03\/14524434_1106112876131411_958039263622046936_o.jpg?resize=525%2C300 1.5x, https:\/\/i0.wp.com\/www.grieta.org.mx\/wp-content\/uploads\/2018\/03\/14524434_1106112876131411_958039263622046936_o.jpg?resize=700%2C400 2x"},"classes":[]},{"id":9271,"url":"http:\/\/www.grieta.org.mx\/index.php\/2015\/05\/17\/caravana-yaqui-en-baja-california-sur\/","url_meta":{"origin":4211,"position":4},"title":"Caravana Yaqui en Baja California Sur","author":"grieta","date":"17 mayo, 2015","format":false,"excerpt":"17\/05\/15. \u201cBaja California Sur es un hermano de la Tribu Yaqui\u201d: Caravana Nacional en Defensa del Territorio, el Trabajo, el Agua y la Vida Radio Zapatista Sudcaliforniano","rel":"","context":"En &quot;21. Yaquis&quot;","block_context":{"text":"21. Yaquis","link":"http:\/\/www.grieta.org.mx\/index.php\/category\/espejos-de-la-resistencia\/21-yaquis\/"},"img":{"alt_text":"","src":"https:\/\/i0.wp.com\/www.grieta.org.mx\/wp-content\/uploads\/2018\/03\/14524434_1106112876131411_958039263622046936_o.jpg?resize=350%2C200","width":350,"height":200,"srcset":"https:\/\/i0.wp.com\/www.grieta.org.mx\/wp-content\/uploads\/2018\/03\/14524434_1106112876131411_958039263622046936_o.jpg?resize=350%2C200 1x, https:\/\/i0.wp.com\/www.grieta.org.mx\/wp-content\/uploads\/2018\/03\/14524434_1106112876131411_958039263622046936_o.jpg?resize=525%2C300 1.5x, https:\/\/i0.wp.com\/www.grieta.org.mx\/wp-content\/uploads\/2018\/03\/14524434_1106112876131411_958039263622046936_o.jpg?resize=700%2C400 2x"},"classes":[]},{"id":5513,"url":"http:\/\/www.grieta.org.mx\/index.php\/2015\/05\/15\/caravana-de-yaquis-llega-a-oaxaca-indigenas-locales-se-unen-a-sus-demandas\/","url_meta":{"origin":4211,"position":5},"title":"Caravana de yaquis llega a Oaxaca; ind\u00edgenas locales se unen a sus demandas","author":"grieta","date":"15 mayo, 2015","format":false,"excerpt":"Diana Manzo y Myriam Navarro, Oaxaca. La caravana de ind\u00edgenas yaquis por la defensa del agua, el territorio, el trabajo y la vida, dividida en tres contingentes, lleg\u00f3 este jueves a Oaxaca. La primera escala en la entidad del grupo que inici\u00f3 su periplo en Chiapas, y ya pas\u00f3 por\u2026","rel":"","context":"En &quot;CINTILLO&quot;","block_context":{"text":"CINTILLO","link":"http:\/\/www.grieta.org.mx\/index.php\/category\/cintillo\/"},"img":{"alt_text":"","src":"https:\/\/i0.wp.com\/www.grieta.org.mx\/wp-content\/uploads\/2018\/03\/14524434_1106112876131411_958039263622046936_o.jpg?resize=350%2C200","width":350,"height":200,"srcset":"https:\/\/i0.wp.com\/www.grieta.org.mx\/wp-content\/uploads\/2018\/03\/14524434_1106112876131411_958039263622046936_o.jpg?resize=350%2C200 1x, https:\/\/i0.wp.com\/www.grieta.org.mx\/wp-content\/uploads\/2018\/03\/14524434_1106112876131411_958039263622046936_o.jpg?resize=525%2C300 1.5x, https:\/\/i0.wp.com\/www.grieta.org.mx\/wp-content\/uploads\/2018\/03\/14524434_1106112876131411_958039263622046936_o.jpg?resize=700%2C400 2x"},"classes":[]}],"_links":{"self":[{"href":"http:\/\/www.grieta.org.mx\/index.php\/wp-json\/wp\/v2\/posts\/4211","targetHints":{"allow":["GET"]}}],"collection":[{"href":"http:\/\/www.grieta.org.mx\/index.php\/wp-json\/wp\/v2\/posts"}],"about":[{"href":"http:\/\/www.grieta.org.mx\/index.php\/wp-json\/wp\/v2\/types\/post"}],"author":[{"embeddable":true,"href":"http:\/\/www.grieta.org.mx\/index.php\/wp-json\/wp\/v2\/users\/2"}],"replies":[{"embeddable":true,"href":"http:\/\/www.grieta.org.mx\/index.php\/wp-json\/wp\/v2\/comments?post=4211"}],"version-history":[{"count":1,"href":"http:\/\/www.grieta.org.mx\/index.php\/wp-json\/wp\/v2\/posts\/4211\/revisions"}],"predecessor-version":[{"id":4212,"href":"http:\/\/www.grieta.org.mx\/index.php\/wp-json\/wp\/v2\/posts\/4211\/revisions\/4212"}],"wp:featuredmedia":[{"embeddable":true,"href":"http:\/\/www.grieta.org.mx\/index.php\/wp-json\/wp\/v2\/media\/21928"}],"wp:attachment":[{"href":"http:\/\/www.grieta.org.mx\/index.php\/wp-json\/wp\/v2\/media?parent=4211"}],"wp:term":[{"taxonomy":"category","embeddable":true,"href":"http:\/\/www.grieta.org.mx\/index.php\/wp-json\/wp\/v2\/categories?post=4211"},{"taxonomy":"post_tag","embeddable":true,"href":"http:\/\/www.grieta.org.mx\/index.php\/wp-json\/wp\/v2\/tags?post=4211"}],"curies":[{"name":"wp","href":"https:\/\/api.w.org\/{rel}","templated":true}]}}