{"id":42101,"date":"2019-12-11T21:23:25","date_gmt":"2019-12-12T03:23:25","guid":{"rendered":"http:\/\/www.grieta.org.mx\/?p=42101"},"modified":"2019-12-12T21:27:00","modified_gmt":"2019-12-13T03:27:00","slug":"es-una-chingadera-que-el-fiscal-solape-a-empresario-y-politico-del-pri-que-mando-a-atacar-a-saxofonista-con-acido-oaxaca","status":"publish","type":"post","link":"http:\/\/www.grieta.org.mx\/index.php\/2019\/12\/11\/es-una-chingadera-que-el-fiscal-solape-a-empresario-y-politico-del-pri-que-mando-a-atacar-a-saxofonista-con-acido-oaxaca\/","title":{"rendered":"\u201cEs una chingadera\u201d que el Fiscal solape a empresario y pol\u00edtico del PRI que mand\u00f3 a atacar a saxofonista con \u00e1cido (Oaxaca)"},"content":{"rendered":"<p>P\u00e1gina 3 \/ Pedro Mat\u00edas.<\/p>\n<p>*La artista lleva tres meses hospitalizada y sin atenci\u00f3n adecuada. *Responsabilizan al Fiscal de cualquier atentado a la familia de la saxofonista.<\/p>\n<p>Oaxaca, Oax.- \u201cEsto es una chingadera\u201d, a tres meses de que la saxofonista Mar\u00eda Elena R\u00edos Ortiz fue atacada con \u00e1cido en su cuerpo, presuntamente por \u00f3rdenes de un empresario y pol\u00edtico vinculado al PRI, la Fiscal\u00eda General de Oaxaca no solo ha solapado este intento de feminicidio sino que ahora ni siquiera recibe ni le contesta las llamadas a la familia que exige justicia.<\/p>\n<p>As\u00ed lo dio a conocer la responsable del \u00e1rea jur\u00eddica de Consorcio para el Di\u00e1logo Parlamentario de Oaxaca, Y\u00e9sica S\u00e1nchez Maya, quien agreg\u00f3 que este caso es indignante porque est\u00e1 quedando en evidencia la falta de voluntad pol\u00edtica del gobernador Alejandro Murat Hinojosa.<\/p>\n<p>Y, en segundo lugar, evidencia que no funciona el \u00e1rea de atenci\u00f3n a v\u00edctimas tanto de la Secretar\u00eda de la Mujer Oaxaque\u00f1a (SMO) como de la Fiscal\u00eda General de Oaxaca (FGO).<\/p>\n<p>Considera que si el Fiscal no puede con el paquete que renuncie y que se vaya al gabinete de Murat si pretende solapar su administraci\u00f3n, pero que no disimule que hace por las mujeres con postales en Twitter.<\/p>\n<p>De igual forma, cuestion\u00f3 al Congreso de Oaxaca por solapar la ineptitud y omisi\u00f3n del Fiscal, al que deben llamar a cuentas.<br \/>\nLa agresi\u00f3n<\/p>\n<p>Cabe mencionar que el caso de Mar\u00eda Elena R\u00edos Ortiz, de 26 a\u00f1os de edad, ocurri\u00f3 el 11 de septiembre cuando un hombre la atac\u00f3 roci\u00e1ndole \u00e1cido en Huajuapan de Le\u00f3n y desde entonces permanece internada en el Hospital Civil de la Ciudad Oaxaca, donde al parecer le han realizado algunas cirug\u00edas para injertar piel pero no han funcionado porque todav\u00eda no le extraen el \u00e1cido.<\/p>\n<p>        El caso volvi\u00f3 a tener impacto en las redes sociales ante la desesperaci\u00f3n de amigos y familiares que piden ayuda econ\u00f3mica para que la saxofonista sea trasladada a un hospital privado o de especialidades debido a que carecen de recursos.<\/p>\n<p>Mencionaron que la familia ha permanecido en silencio durante tres meses por temer a sufrir represalias debido a que en el caso ha sido involucrado como autor intelectual un prominente empresario y pol\u00edtico del PRI.<\/p>\n<p>Insistieron en que la Fiscal\u00eda de Oaxaca tiene identificado al agresor; sin embargo, como en el caso de la hija de la periodista Soledad Jarqu\u00edn, asesinada en Juchit\u00e1n, no ha procedido porque est\u00e1n involucrados personajes pol\u00edticos.<\/p>\n<p>Un familiar resalt\u00f3 que \u201cmi hermana dio una declaraci\u00f3n y dice claramente qui\u00e9n es, ella sabe qui\u00e9n es, la Fiscal\u00eda sabe qui\u00e9n es, todos sabemos qui\u00e9n es, pero no hay detenidos, todo indica que lo est\u00e1n protegiendo\u201d.<\/p>\n<p>S\u00e1nchez Maya dijo que \u201ces muy grave el descuido de la Fiscal\u00eda que ya no les recibe a la familia cuando el tema prioritario es fincar la responsabilidad a los responsables, tanto materiales como intelectuales.<\/p>\n<p>    \u201cComo hay clase pol\u00edtica involucrada no pasa nada. Urge que Fiscal\u00eda detenga a los responsables y tome en serio su trabajo porque lo que ha quedado en evidencia es que a una sobreviviente le han mostrado poco inter\u00e9s y no es posible que no haya sido canalizada a hospitales especializados.<\/p>\n<p>\u201cNo est\u00e1n atendiendo a la familia de la artista que ha sobresalido pero que tiene origen humilde y que adem\u00e1s tiene miedo que vaya a haber represalias.<\/p>\n<p>\u201cPor cualquier cosa que suceda va a ser responsabilidad del fiscal. No s\u00e9 que espera, que se muera la chava. No han sacado el \u00e1cido, es una chingadera lo que hace el fiscal y lo que hace el Congreso para simular. Ya no solamente es que maten a las mujeres sino que hay desplante de la Fiscal\u00eda hacia las mujeres\u201d, remat\u00f3 indignada.<\/p>\n<p><a href=\"https:\/\/pagina3.mx\/2019\/12\/es-una-chingadera-que-el-fiscal-solape-a-empresario-y-politico-del-pri-que-mando-a-atacar-a-saxofonista-con-acido\/\" rel=\"noopener noreferrer\" target=\"_blank\">https:\/\/pagina3.mx\/2019\/12\/es-una-chingadera-que-el-fiscal-solape-a-empresario-y-politico-del-pri-que-mando-a-atacar-a-saxofonista-con-acido\/<\/a><\/p>\n","protected":false},"excerpt":{"rendered":"<p>P\u00e1gina 3 \/ Pedro Mat\u00edas. *La artista lleva tres meses hospitalizada y sin atenci\u00f3n adecuada. *Responsabilizan al Fiscal de cualquier atentado a la familia de la saxofonista. Oaxaca, Oax.- \u201cEsto &hellip; <a href=\"http:\/\/www.grieta.org.mx\/index.php\/2019\/12\/11\/es-una-chingadera-que-el-fiscal-solape-a-empresario-y-politico-del-pri-que-mando-a-atacar-a-saxofonista-con-acido-oaxaca\/\" class=\"more-link\">Leer m\u00e1s<\/a><\/p>\n","protected":false},"author":2,"featured_media":21928,"comment_status":"closed","ping_status":"closed","sticky":false,"template":"","format":"standard","meta":{"ngg_post_thumbnail":0,"_jetpack_newsletter_access":"","_jetpack_dont_email_post_to_subs":false,"_jetpack_newsletter_tier_id":0,"_jetpack_memberships_contains_paywalled_content":false,"_jetpack_memberships_contains_paid_content":false,"footnotes":""},"categories":[80,2,25,1665],"tags":[],"class_list":["post-42101","post","type-post","status-publish","format-standard","has-post-thumbnail","hentry","category-cintillo","category-noticias-nacionales","category-oaxaca","category-violencia-contra-las-mujeres-en-oaxaca","entry"],"jetpack_featured_media_url":"http:\/\/www.grieta.org.mx\/wp-content\/uploads\/2018\/03\/14524434_1106112876131411_958039263622046936_o.jpg","jetpack_sharing_enabled":true,"jetpack_shortlink":"https:\/\/wp.me\/p7ZJR4-aX3","jetpack_likes_enabled":false,"jetpack-related-posts":[{"id":42099,"url":"http:\/\/www.grieta.org.mx\/index.php\/2019\/12\/10\/acusan-al-gobierno-de-oaxaca-de-proteger-al-agresor-de-saxofonista-atacada-con-acido\/","url_meta":{"origin":42101,"position":0},"title":"Acusan al gobierno de Oaxaca de proteger al agresor de saxofonista atacada con \u00e1cido","author":"grieta","date":"10 diciembre, 2019","format":false,"excerpt":"Proceso \/ Pedro Mat\u00edas. OAXACA, Oax. (apro).- \u201cEsto es una chingadera\u201d, porque a tres meses de que la saxofonista Mar\u00eda Elena R\u00edos Ortiz fue atacada con \u00e1cido, presuntamente por \u00f3rdenes de un empresario y pol\u00edtico vinculado al Partido Revolucionario Institucional (PRI), la Fiscal\u00eda General del Estado de Oaxaca (FGEO) no\u2026","rel":"","context":"En &quot;CINTILLO&quot;","block_context":{"text":"CINTILLO","link":"http:\/\/www.grieta.org.mx\/index.php\/category\/cintillo\/"},"img":{"alt_text":"","src":"https:\/\/i0.wp.com\/www.grieta.org.mx\/wp-content\/uploads\/2018\/03\/14524434_1106112876131411_958039263622046936_o.jpg?resize=350%2C200","width":350,"height":200,"srcset":"https:\/\/i0.wp.com\/www.grieta.org.mx\/wp-content\/uploads\/2018\/03\/14524434_1106112876131411_958039263622046936_o.jpg?resize=350%2C200 1x, https:\/\/i0.wp.com\/www.grieta.org.mx\/wp-content\/uploads\/2018\/03\/14524434_1106112876131411_958039263622046936_o.jpg?resize=525%2C300 1.5x, https:\/\/i0.wp.com\/www.grieta.org.mx\/wp-content\/uploads\/2018\/03\/14524434_1106112876131411_958039263622046936_o.jpg?resize=700%2C400 2x"},"classes":[]},{"id":60354,"url":"http:\/\/www.grieta.org.mx\/index.php\/2021\/07\/10\/saxofonista-atacada-con-acido-protesta-en-palacio-nacional-oaxaca\/","url_meta":{"origin":42101,"position":1},"title":"Saxofonista atacada con \u00e1cido protesta en Palacio Nacional (Oaxaca)","author":"grieta","date":"10 julio, 2021","format":false,"excerpt":"Proceso \/ Redacci\u00f3n. La saxofonista Mar\u00eda Elena R\u00edos Ortiz, v\u00edctima de un ataque con \u00e1cido, protest\u00f3 en Palacio Nacional para pedir la intervenci\u00f3n del presidente Andr\u00e9s Manuel L\u00f3pez Obrador y que se haga justicia en su caso. Foto: twitter@abismada_ CIUDAD DE M\u00c9XICO (proceso.com.mx).\u2013 La saxofonista Mar\u00eda Elena R\u00edos Ortiz, v\u00edctima\u2026","rel":"","context":"En &quot;CINTILLO&quot;","block_context":{"text":"CINTILLO","link":"http:\/\/www.grieta.org.mx\/index.php\/category\/cintillo\/"},"img":{"alt_text":"","src":"https:\/\/i0.wp.com\/www.grieta.org.mx\/wp-content\/uploads\/2021\/07\/A-2.jpg?resize=350%2C200","width":350,"height":200,"srcset":"https:\/\/i0.wp.com\/www.grieta.org.mx\/wp-content\/uploads\/2021\/07\/A-2.jpg?resize=350%2C200 1x, https:\/\/i0.wp.com\/www.grieta.org.mx\/wp-content\/uploads\/2021\/07\/A-2.jpg?resize=525%2C300 1.5x, https:\/\/i0.wp.com\/www.grieta.org.mx\/wp-content\/uploads\/2021\/07\/A-2.jpg?resize=700%2C400 2x"},"classes":[]},{"id":57582,"url":"http:\/\/www.grieta.org.mx\/index.php\/2021\/03\/08\/vi-a-mi-agresor-en-la-calle-y-el-fiscal-de-oaxaca-hizo-nada-saxofonista-agredida\/","url_meta":{"origin":42101,"position":2},"title":"&#8220;Vi a mi agresor en la calle y el fiscal de Oaxaca hizo nada&#8221;: saxofonista agredida","author":"grieta","date":"8 marzo, 2021","format":false,"excerpt":"Proceso \/ Pedro Mat\u00edas. Ahora, en el marco del D\u00eda Internacional de la Mujer, la saxofonista particip\u00f3 en un video de dos minutos con 14 segundos donde \u201c#Oaxaque\u00f1as v\u00edctimas de violencia, unimos nuestras voces\u201d. OAXACA, Oax. (apro).- \u201cVi a mi agresor en la calle y el fiscal de Oaxaca hizo\u2026","rel":"","context":"En &quot;CINTILLO&quot;","block_context":{"text":"CINTILLO","link":"http:\/\/www.grieta.org.mx\/index.php\/category\/cintillo\/"},"img":{"alt_text":"","src":"https:\/\/i0.wp.com\/www.grieta.org.mx\/wp-content\/uploads\/2021\/03\/1-3.jpeg?resize=350%2C200","width":350,"height":200,"srcset":"https:\/\/i0.wp.com\/www.grieta.org.mx\/wp-content\/uploads\/2021\/03\/1-3.jpeg?resize=350%2C200 1x, https:\/\/i0.wp.com\/www.grieta.org.mx\/wp-content\/uploads\/2021\/03\/1-3.jpeg?resize=525%2C300 1.5x, https:\/\/i0.wp.com\/www.grieta.org.mx\/wp-content\/uploads\/2021\/03\/1-3.jpeg?resize=700%2C400 2x"},"classes":[]},{"id":49881,"url":"http:\/\/www.grieta.org.mx\/index.php\/2020\/05\/27\/no-me-han-hecho-justicia-denuncia-la-saxofonista-maria-elena-rios-oaxaca\/","url_meta":{"origin":42101,"position":3},"title":"No me han hecho justicia, denuncia la saxofonista Mar\u00eda Elena R\u00edos (Oaxaca)","author":"grieta","date":"27 mayo, 2020","format":false,"excerpt":"Noticias \/ Por Publimetro. Seleccionada en la convocatoria CurArte Oaxaca, Mar\u00eda Elena R\u00edos Ortiz, sobreviviente de intento de feminicidio volvi\u00f3 a encontrarse con la m\u00fasica, actividad que -se\u00f1ala- le da sentido a su vida. Sin embargo, lo anterior -aclara- no quiere decir que haya recuperado la normalidad o la tranquilidad\u2026","rel":"","context":"En &quot;CINTILLO&quot;","block_context":{"text":"CINTILLO","link":"http:\/\/www.grieta.org.mx\/index.php\/category\/cintillo\/"},"img":{"alt_text":"","src":"https:\/\/i0.wp.com\/www.grieta.org.mx\/wp-content\/uploads\/2018\/03\/14524434_1106112876131411_958039263622046936_o.jpg?resize=350%2C200","width":350,"height":200,"srcset":"https:\/\/i0.wp.com\/www.grieta.org.mx\/wp-content\/uploads\/2018\/03\/14524434_1106112876131411_958039263622046936_o.jpg?resize=350%2C200 1x, https:\/\/i0.wp.com\/www.grieta.org.mx\/wp-content\/uploads\/2018\/03\/14524434_1106112876131411_958039263622046936_o.jpg?resize=525%2C300 1.5x, https:\/\/i0.wp.com\/www.grieta.org.mx\/wp-content\/uploads\/2018\/03\/14524434_1106112876131411_958039263622046936_o.jpg?resize=700%2C400 2x"},"classes":[]},{"id":53424,"url":"http:\/\/www.grieta.org.mx\/index.php\/2020\/09\/13\/fiscal-de-oaxaca-admite-493-homicidios-de-mujeres-trato-135-como-feminicidio\/","url_meta":{"origin":42101,"position":4},"title":"Fiscal de Oaxaca admite 493 homicidios de mujeres; trat\u00f3 135 como feminicidio","author":"grieta","date":"13 septiembre, 2020","format":false,"excerpt":"Proceso \/ Pedro Mat\u00edas. El fiscal de Oaxaca, Rub\u00e9n Vasconcelos M\u00e9ndez, en una comparecencia ante integrantes Comisi\u00f3n de G\u00e9nero y Feminicidios del Congreso del Estado. Foto: Twitter @CongresoOaxLXIV. OAXACA, Oax. (proceso.com.mx).\u2013 La Fiscal\u00eda General de Oaxaca reconoci\u00f3 que 493 mujeres han sido asesinadas en la entidad del 2017 al mes\u2026","rel":"","context":"En &quot;CINTILLO&quot;","block_context":{"text":"CINTILLO","link":"http:\/\/www.grieta.org.mx\/index.php\/category\/cintillo\/"},"img":{"alt_text":"","src":"https:\/\/i0.wp.com\/www.grieta.org.mx\/wp-content\/uploads\/2018\/03\/14524434_1106112876131411_958039263622046936_o.jpg?resize=350%2C200","width":350,"height":200,"srcset":"https:\/\/i0.wp.com\/www.grieta.org.mx\/wp-content\/uploads\/2018\/03\/14524434_1106112876131411_958039263622046936_o.jpg?resize=350%2C200 1x, https:\/\/i0.wp.com\/www.grieta.org.mx\/wp-content\/uploads\/2018\/03\/14524434_1106112876131411_958039263622046936_o.jpg?resize=525%2C300 1.5x, https:\/\/i0.wp.com\/www.grieta.org.mx\/wp-content\/uploads\/2018\/03\/14524434_1106112876131411_958039263622046936_o.jpg?resize=700%2C400 2x"},"classes":[]},{"id":56730,"url":"http:\/\/www.grieta.org.mx\/index.php\/2021\/01\/28\/saxofinista-pide-comparecencia-del-fiscal-por-inaccion-incompetencia-o-proteccion-a-ex-diputado-priista-que-ordeno-ataque-con-acido-oaxaca\/","url_meta":{"origin":42101,"position":5},"title":"Saxofinista pide comparecencia del fiscal por inacci\u00f3n, incompetencia o protecci\u00f3n a ex diputado priista que orden\u00f3 ataque con \u00e1cido (Oaxaca)","author":"grieta","date":"28 enero, 2021","format":false,"excerpt":"P\u00e1gina 3 \/ Pedro Mat\u00edas. OAXACA, Oax. (pagina3.mx).- A un a\u00f1o y cuatro meses de que la saxofonista Mar\u00eda Elena R\u00edos fue atacada con \u00e1cido por ordenes del empresario priista Juan Antonio Vera Carrizal, la artista mixteca sigue con miedo y clamando justicia ante la \u201cinacci\u00f3n e incompetencia\u201d de la\u2026","rel":"","context":"En &quot;CINTILLO&quot;","block_context":{"text":"CINTILLO","link":"http:\/\/www.grieta.org.mx\/index.php\/category\/cintillo\/"},"img":{"alt_text":"","src":"https:\/\/i0.wp.com\/www.grieta.org.mx\/wp-content\/uploads\/2021\/02\/1-1.jpg?resize=350%2C200","width":350,"height":200,"srcset":"https:\/\/i0.wp.com\/www.grieta.org.mx\/wp-content\/uploads\/2021\/02\/1-1.jpg?resize=350%2C200 1x, https:\/\/i0.wp.com\/www.grieta.org.mx\/wp-content\/uploads\/2021\/02\/1-1.jpg?resize=525%2C300 1.5x, https:\/\/i0.wp.com\/www.grieta.org.mx\/wp-content\/uploads\/2021\/02\/1-1.jpg?resize=700%2C400 2x"},"classes":[]}],"_links":{"self":[{"href":"http:\/\/www.grieta.org.mx\/index.php\/wp-json\/wp\/v2\/posts\/42101","targetHints":{"allow":["GET"]}}],"collection":[{"href":"http:\/\/www.grieta.org.mx\/index.php\/wp-json\/wp\/v2\/posts"}],"about":[{"href":"http:\/\/www.grieta.org.mx\/index.php\/wp-json\/wp\/v2\/types\/post"}],"author":[{"embeddable":true,"href":"http:\/\/www.grieta.org.mx\/index.php\/wp-json\/wp\/v2\/users\/2"}],"replies":[{"embeddable":true,"href":"http:\/\/www.grieta.org.mx\/index.php\/wp-json\/wp\/v2\/comments?post=42101"}],"version-history":[{"count":1,"href":"http:\/\/www.grieta.org.mx\/index.php\/wp-json\/wp\/v2\/posts\/42101\/revisions"}],"predecessor-version":[{"id":42102,"href":"http:\/\/www.grieta.org.mx\/index.php\/wp-json\/wp\/v2\/posts\/42101\/revisions\/42102"}],"wp:featuredmedia":[{"embeddable":true,"href":"http:\/\/www.grieta.org.mx\/index.php\/wp-json\/wp\/v2\/media\/21928"}],"wp:attachment":[{"href":"http:\/\/www.grieta.org.mx\/index.php\/wp-json\/wp\/v2\/media?parent=42101"}],"wp:term":[{"taxonomy":"category","embeddable":true,"href":"http:\/\/www.grieta.org.mx\/index.php\/wp-json\/wp\/v2\/categories?post=42101"},{"taxonomy":"post_tag","embeddable":true,"href":"http:\/\/www.grieta.org.mx\/index.php\/wp-json\/wp\/v2\/tags?post=42101"}],"curies":[{"name":"wp","href":"https:\/\/api.w.org\/{rel}","templated":true}]}}