{"id":41783,"date":"2019-12-02T10:39:24","date_gmt":"2019-12-02T16:39:24","guid":{"rendered":"http:\/\/www.grieta.org.mx\/?p=41783"},"modified":"2019-12-03T10:53:00","modified_gmt":"2019-12-03T16:53:00","slug":"por-insuficiente-e-inefectiva-apicultores-de-yucatan-rechazan-politica-para-rescatar-sector-melifero","status":"publish","type":"post","link":"http:\/\/www.grieta.org.mx\/index.php\/2019\/12\/02\/por-insuficiente-e-inefectiva-apicultores-de-yucatan-rechazan-politica-para-rescatar-sector-melifero\/","title":{"rendered":"Por \u201cinsuficiente e inefectiva\u201d, apicultores de Yucat\u00e1n rechazan pol\u00edtica para rescatar sector mel\u00edfero"},"content":{"rendered":"<p>ROSA SANTANA\/ Proceso<br \/>\nM\u00c9RIDA, Yuc. (apro).- Por considerarla \u201cinsuficiente e inefectiva\u201d, apicultores ind\u00edgenas de la pen\u00ednsula de Yucat\u00e1n expresaron su rechazo a la pol\u00edtica para el rescate del sector mel\u00edfero anunciada por el presidente Andr\u00e9s Manuel L\u00f3pez Obrador, en su m\u00e1s reciente visita a la regi\u00f3n.<\/p>\n<p>En conferencia de prensa, representantes de la Alianza Maya por las Abejas K\u00e1abnaalo\u2019on, organizaci\u00f3n de segundo nivel integrada por m\u00e1s de tres mil familias en m\u00e1s de cien localidades de la pen\u00ednsula, reprocharon que \u201csigue sin entenderse\u201d que para las comunidades mayas la apicultura \u201ces una actividad integral que involucra cultura, econom\u00eda, sociedad y medio ambiente\u201d.<\/p>\n<p>En ese sentido, expresaron su preocupaci\u00f3n ante el anuncio presidencial relativo a la creaci\u00f3n de una empresa social con centro de acopio para la miel de la regi\u00f3n, as\u00ed como los apoyos de az\u00facar para los apicultores, pues en su opini\u00f3n esas acciones son \u201cinsuficientes e inefectivas\u201d.<\/p>\n<p>\u201cTenemos la certeza de que, si bien tanto la empresa social gubernamental como la distribuci\u00f3n de az\u00facar son acciones que no perjudican esta actividad, de ninguna manera resuelven la grave problem\u00e1tica que enfrentan las abejas y nuestra forma de vida\u201d, destacaron.<\/p>\n<p>Al respecto, explicaron que la meliponicultura \u2013el rescate de la abeja melipona, especie end\u00e9mica\u2013 y la apicultura \u201cvan m\u00e1s all\u00e1 del enfoque meramente econ\u00f3mico con el que los gobiernos estatales y nacionales han abordado estas actividades\u201d.<\/p>\n<p>Asimismo, recordaron que la postura de los apicultores mayas de la regi\u00f3n ya ha sido expuesta en dos reuniones transectoriales con altos funcionarios del gobierno de L\u00f3pez Obrador.<\/p>\n<p>La primera reuni\u00f3n, precisaron, fue el 17 de diciembre de 2018 en la Secretar\u00eda de Agricultura y Desarrollo Rural (Sader) y la presidi\u00f3 el subsecretario de Autosuficiencia Alimentaria de esa dependencia, V\u00edctor Su\u00e1rez Carrera. La segunda, el 5 de noviembre pasado en Jos\u00e9 Mar\u00eda Morelos, Quintana Roo, y la encabez\u00f3 el secretario de Medio Ambiente y Recursos Naturales (Semarnat), V\u00edctor Manuel Toledo Manzur.<\/p>\n<p>Ambas llevaron \u201cpropuestas concretas de lo que sabemos que s\u00ed ser\u00e1 efectivo para enfrentar las tremendas amenazas como la deforestaci\u00f3n, los plaguicidas, los megaproyectos y la miel falsa que inunda el mercado internacional, por mencionar algunas, que est\u00e1n sufriendo las abejas, el medio ambiente y el modo de vida del pueblo maya\u201d, recalcaron.<\/p>\n<p>Dichas propuestas \u2013detallaron\u2013 son reducir el uso de plaguicidas en general y prohibir los altamente t\u00f3xicos para las abejas y las personas, as\u00ed como su aplicaci\u00f3n a\u00e9rea indiscriminada, frenar la deforestaci\u00f3n de las selvas y fomentar su restauraci\u00f3n, especialmente con especies mel\u00edferas.<\/p>\n<p>De igual manera, fortalecer la organizaci\u00f3n integral de apicultores y meliponicultores a trav\u00e9s del apoyo directo y decidido a las organizaciones de peque\u00f1os productores, que son los que producen el 100% de la miel de la pen\u00ednsula, para asegurar la comercializaci\u00f3n de los productos de la colmena a precios justos, incrementando su consumo en el mercado nacional mediante compras gubernamentales.<\/p>\n<p>Asimismo, la participaci\u00f3n activa de los apicultores en el dise\u00f1o y monitoreo de pol\u00edticas p\u00fablicas, que conduzcan a separar del sector pecuario a la apicultura y favorezcan transitar a un sector especializado para el uso sustentable de las abejas, tanto la apis mellifera como las abejas nativas sin aguij\u00f3n.<\/p>\n<p>Tambi\u00e9n pidieron que se les apoye en el programa de capacitaci\u00f3n, investigaci\u00f3n e innovaci\u00f3n, que ya han iniciado con universidades, comunidades y organizaciones, para resolver los problemas t\u00e9cnicos que enfrenta el sector ap\u00edcola.<\/p>\n<p>Adem\u00e1s, consideraron necesario establecer una comisi\u00f3n especial para integrar un proyecto nacional de investigaci\u00f3n y de incidencia de manejo sustentable de las abejas (apis mellifera y nativas sin aguij\u00f3n), en la que participen las autoridades presentes en la reuni\u00f3n, especialmente el Consejo Nacional de Ciencia y Tecnolog\u00eda (Conacyt).<\/p>\n<p>Los apicultores se pronunciaron igualmente por la emisi\u00f3n de un decreto para la prohibici\u00f3n del cultivo de organismos gen\u00e9ticamente modificados; la declaraci\u00f3n de una moratoria a los permisos de cambio de uso de suelo, y una prohibici\u00f3n de la privatizaci\u00f3n de tierras ejidales.<\/p>\n<p>Exigieron pol\u00edticas para \u201cel combate frontal tanto en M\u00e9xico como en los principales pa\u00edses importadores de nuestra miel, en contra de las mieles adulteradas y falsas fabricadas en el extranjero y que atentan contra la autenticidad de la miel 100% natural que nosotros producimos y exportamos\u201d.<\/p>\n<p>Por \u00faltimo, pidieron una declaraci\u00f3n de moratoria \u201ccontra mega proyectos agroindustriales, e\u00f3licos, solares y mega granjas que afectan al medio ambiente, a la vida de nuestras comunidades y a la apicultura, as\u00ed como para la extracci\u00f3n indiscriminada de agua del subsuelo para actividades agropecuarias e industriales\u201d.<\/p>\n<p>Destacaron que en la pen\u00ednsula las abejas \u201cson parte de la vida del pueblo maya y est\u00e1n integradas a otras formas de manejo del territorio, como la milpa, el aprovechamiento de la madera, los solares, etc\u00e9tera, pero la miel nos provee los principales ingresos familiares y muchas veces nos ayuda a financiar nuestras otras actividades, por ejemplo, la producci\u00f3n de alimentos\u201d.<\/p>\n<p>La miel \u201cno s\u00f3lo es un tema de econom\u00eda, es tambi\u00e9n cultural, ambiental y social\u201d, sostuvieron, y advirtieron que \u201csi no se implementan soluciones con enfoque integral, veremos seriamente afectada no s\u00f3lo nuestra econom\u00eda, sino nuestro territorio y forma de vida\u201d.<\/p>\n<p>En un mensaje a L\u00f3pez Obrador, los apicultores manifestaron: \u201cSi efectivamente usted piensa que el pueblo es sabio, esc\u00fachenos a nosotras y nosotros que somos el pueblo sabio maya y que s\u00ed sabemos con claridad lo que necesitamos para nosotras y nosotros, para las abejas y nuestro territorio\u201d.<\/p>\n<p><a href=\"https:\/\/www.proceso.com.mx\/609125\/por-insuficiente-e-inefectiva-apicultores-de-yucatan-rechazan-politica-para-rescatar-sector-melifero\" rel=\"noopener noreferrer\" target=\"_blank\">https:\/\/www.proceso.com.mx\/609125\/por-insuficiente-e-inefectiva-apicultores-de-yucatan-rechazan-politica-para-rescatar-sector-melifero<\/a><\/p>\n","protected":false},"excerpt":{"rendered":"<p>ROSA SANTANA\/ Proceso M\u00c9RIDA, Yuc. (apro).- Por considerarla \u201cinsuficiente e inefectiva\u201d, apicultores ind\u00edgenas de la pen\u00ednsula de Yucat\u00e1n expresaron su rechazo a la pol\u00edtica para el rescate del sector mel\u00edfero &hellip; <a href=\"http:\/\/www.grieta.org.mx\/index.php\/2019\/12\/02\/por-insuficiente-e-inefectiva-apicultores-de-yucatan-rechazan-politica-para-rescatar-sector-melifero\/\" class=\"more-link\">Leer m\u00e1s<\/a><\/p>\n","protected":false},"author":2,"featured_media":21928,"comment_status":"closed","ping_status":"closed","sticky":false,"template":"","format":"standard","meta":{"ngg_post_thumbnail":0,"_jetpack_newsletter_access":"","_jetpack_dont_email_post_to_subs":false,"_jetpack_newsletter_tier_id":0,"_jetpack_memberships_contains_paywalled_content":false,"_jetpack_memberships_contains_paid_content":false,"footnotes":""},"categories":[11,80,1023,2,1051,1616,1445,28,1071,1153,1151,1152,36],"tags":[160,1022,262,516,1817,159],"class_list":["post-41783","post","type-post","status-publish","format-standard","has-post-thumbnail","hentry","category-campeche","category-cintillo","category-lucha-contra-granja-porcicola","category-noticias-nacionales","category-parques-eolicos-y-solares-en-yucatan","category-protestas-contra-la-contaminacion-por-agroquimicos-en-quintana-roo","category-protestas-contra-la-contaminacion-por-agroquimicos-en-yucatan","category-quintana-roo","category-resistencia-al-despojo-de-tierras-ejidales-en-yucatan","category-se-organizan-para-frenar-avance-de-transgenicos-en-yucatan-campeche-y-quintana-roo-quintana-roo","category-se-organizan-para-frenar-avance-de-transgenicos-en-yucatan-campeche-y-quintana-roo","category-se-organizan-para-frenar-avance-de-transgenicos-en-yucatan-campeche-y-quintana-roo-yucatan","category-yucatan","tag-apicultores","tag-granja-porcicola","tag-parque-solar","tag-parques-eolicos","tag-tierras-ejidales","tag-transgenicos","entry"],"jetpack_featured_media_url":"http:\/\/www.grieta.org.mx\/wp-content\/uploads\/2018\/03\/14524434_1106112876131411_958039263622046936_o.jpg","jetpack_sharing_enabled":true,"jetpack_shortlink":"https:\/\/wp.me\/p7ZJR4-aRV","jetpack_likes_enabled":false,"jetpack-related-posts":[{"id":912,"url":"http:\/\/www.grieta.org.mx\/index.php\/2016\/09\/13\/se-organizan-para-frenar-avance-de-transgenicos-en-yucatan-campeche-y-quintana-roo\/","url_meta":{"origin":41783,"position":0},"title":"Se organizan para frenar avance de transg\u00e9nicos en Yucat\u00e1n, Campeche y Quintana Roo","author":"grieta","date":"13 septiembre, 2016","format":false,"excerpt":"13\/04\/16. Conformaci\u00f3n de la Misi\u00f3n de Observaci\u00f3n de la Consulta al pueblo Maya sobre la siembra de soya gen\u00e9ticamente modificada de la empresa Monsanto Cayacyucatan 01\/04\/16. Irregularidades en Consulta Ind\u00edgena sobre la siembra de soya gen\u00e9ticamente en Campeche Infolliteras 22\/02\/16. Campeche, en mapa global sobre Riesgos Ambientales. Lo catalogan por\u2026","rel":"","context":"En &quot;16. Pueblo Maya&quot;","block_context":{"text":"16. Pueblo Maya","link":"http:\/\/www.grieta.org.mx\/index.php\/category\/espejos-de-la-resistencia\/16-pueblo-maya\/"},"img":{"alt_text":"","src":"https:\/\/i0.wp.com\/www.grieta.org.mx\/wp-content\/uploads\/2018\/03\/14524434_1106112876131411_958039263622046936_o.jpg?resize=350%2C200","width":350,"height":200,"srcset":"https:\/\/i0.wp.com\/www.grieta.org.mx\/wp-content\/uploads\/2018\/03\/14524434_1106112876131411_958039263622046936_o.jpg?resize=350%2C200 1x, https:\/\/i0.wp.com\/www.grieta.org.mx\/wp-content\/uploads\/2018\/03\/14524434_1106112876131411_958039263622046936_o.jpg?resize=525%2C300 1.5x, https:\/\/i0.wp.com\/www.grieta.org.mx\/wp-content\/uploads\/2018\/03\/14524434_1106112876131411_958039263622046936_o.jpg?resize=700%2C400 2x"},"classes":[]},{"id":1459,"url":"http:\/\/www.grieta.org.mx\/index.php\/2015\/10\/08\/autoridades-mayas-de-yucatan-y-campeche-congelan-avance-de-soya-transgenica-de-monsanto\/","url_meta":{"origin":41783,"position":1},"title":"Autoridades mayas de Yucat\u00e1n y Campeche congelan avance de soya transg\u00e9nica de Monsanto","author":"grieta","date":"8 octubre, 2015","format":false,"excerpt":"(08 de octubre, 2015).- La Suprema Corte de Justicia de la Naci\u00f3n (SCJN) acord\u00f3 que el 28 de octubre discutir\u00e1 en paquete los siete recursos de amparo en revisi\u00f3n interpuestos por apicultores de Yucat\u00e1n y Campeche contra la siembra de soya transg\u00e9nica, inform\u00f3 Jorge Fern\u00e1ndez, abogado que apoya a los\u2026","rel":"","context":"En &quot;16. Pueblo Maya&quot;","block_context":{"text":"16. Pueblo Maya","link":"http:\/\/www.grieta.org.mx\/index.php\/category\/espejos-de-la-resistencia\/16-pueblo-maya\/"},"img":{"alt_text":"","src":"https:\/\/i0.wp.com\/www.grieta.org.mx\/wp-content\/uploads\/2018\/03\/14524434_1106112876131411_958039263622046936_o.jpg?resize=350%2C200","width":350,"height":200,"srcset":"https:\/\/i0.wp.com\/www.grieta.org.mx\/wp-content\/uploads\/2018\/03\/14524434_1106112876131411_958039263622046936_o.jpg?resize=350%2C200 1x, https:\/\/i0.wp.com\/www.grieta.org.mx\/wp-content\/uploads\/2018\/03\/14524434_1106112876131411_958039263622046936_o.jpg?resize=525%2C300 1.5x, https:\/\/i0.wp.com\/www.grieta.org.mx\/wp-content\/uploads\/2018\/03\/14524434_1106112876131411_958039263622046936_o.jpg?resize=700%2C400 2x"},"classes":[]},{"id":41806,"url":"http:\/\/www.grieta.org.mx\/index.php\/2019\/11\/18\/incrementa-contaminacion-por-siembra-de-soya-transgenica-en-mas-de-70-mil-hectareas-de-la-peninsula-de-yucatan-alertan-apicultores\/","url_meta":{"origin":41783,"position":2},"title":"Incrementa contaminaci\u00f3n por siembra de soya transg\u00e9nica en m\u00e1s de 70 mil hect\u00e1reas de la Pen\u00ednsula de Yucat\u00e1n, alertan apicultores","author":"grieta","date":"18 noviembre, 2019","format":false,"excerpt":"Agencia SIM\/ Noticaribe PLAYA DEL CARMEN, MX.- La contaminaci\u00f3n por la siembra ilegal de cultivos transg\u00e9nicos sol\u00eda estar confinada a la zona de Holpech\u00e9n, en Campeche, pero ahora ya se ha expandido a otros puntos, como M\u00e9rida, Yucat\u00e1n y Felipe Carrillo Puerto y Bacalar, en Quintana Roo. Advertisement Anastasio Oliveros\u2026","rel":"","context":"En &quot;Campeche&quot;","block_context":{"text":"Campeche","link":"http:\/\/www.grieta.org.mx\/index.php\/category\/noticias-nacionales\/campeche\/"},"img":{"alt_text":"","src":"https:\/\/i0.wp.com\/www.grieta.org.mx\/wp-content\/uploads\/2019\/12\/ContaminacionSoya-e1575489474127.png?resize=350%2C200","width":350,"height":200,"srcset":"https:\/\/i0.wp.com\/www.grieta.org.mx\/wp-content\/uploads\/2019\/12\/ContaminacionSoya-e1575489474127.png?resize=350%2C200 1x, https:\/\/i0.wp.com\/www.grieta.org.mx\/wp-content\/uploads\/2019\/12\/ContaminacionSoya-e1575489474127.png?resize=525%2C300 1.5x, https:\/\/i0.wp.com\/www.grieta.org.mx\/wp-content\/uploads\/2019\/12\/ContaminacionSoya-e1575489474127.png?resize=700%2C400 2x"},"classes":[]},{"id":38031,"url":"http:\/\/www.grieta.org.mx\/index.php\/2019\/08\/16\/preocupa-la-anulacion-del-decreto-contra-transgenicos\/","url_meta":{"origin":41783,"position":3},"title":"Preocupa la anulaci\u00f3n del decreto contra transg\u00e9nicos","author":"grieta","date":"16 agosto, 2019","format":false,"excerpt":"https:\/\/youtu.be\/V_qxTikY-cA Merli G\u00f3mez\/Canal10 M\u00e9rida, Yucat\u00e1n.- El Consejo Civil Mexicano para la Silvicultura Sostenible consider\u00f3 que el fallo de la Suprema Corte de Justicia de la Naci\u00f3n que invalida el Decreto 418\/2016, que declaraba a Yucat\u00e1n zona libre de cultivos agr\u00edcolas con organismos gen\u00e9ticamente modificados, abre la puerta a empresas agroindustriales\u2026","rel":"","context":"En &quot;Agroindustria&quot;","block_context":{"text":"Agroindustria","link":"http:\/\/www.grieta.org.mx\/index.php\/category\/megaproyectos\/agroindustria\/"},"img":{"alt_text":"","src":"https:\/\/i0.wp.com\/www.grieta.org.mx\/wp-content\/uploads\/2019\/08\/DecretoTransgenicos-e1566151926823.png?resize=350%2C200","width":350,"height":200,"srcset":"https:\/\/i0.wp.com\/www.grieta.org.mx\/wp-content\/uploads\/2019\/08\/DecretoTransgenicos-e1566151926823.png?resize=350%2C200 1x, https:\/\/i0.wp.com\/www.grieta.org.mx\/wp-content\/uploads\/2019\/08\/DecretoTransgenicos-e1566151926823.png?resize=525%2C300 1.5x, https:\/\/i0.wp.com\/www.grieta.org.mx\/wp-content\/uploads\/2019\/08\/DecretoTransgenicos-e1566151926823.png?resize=700%2C400 2x"},"classes":[]},{"id":11490,"url":"http:\/\/www.grieta.org.mx\/index.php\/2016\/04\/26\/continua-la-siembra-de-soya-transgenica-en-q-roo\/","url_meta":{"origin":41783,"position":4},"title":"Contin\u00faa la siembra de soya transg\u00e9nica en Q. Roo","author":"grieta","date":"26 abril, 2016","format":false,"excerpt":"Sentencia de amparo no responde la anulaci\u00f3n del permiso que le otorgaron a Monsanto. Javier Ortiz\/SIPSE BACALAR, Q. Roo.- Tras a\u00f1o y medio de esperar resoluci\u00f3n del juez sexto de distrito, productores de ma\u00edz y apicultores de varias comunidades del municipio de Bacalar, se dijeron decepcionados, pues s\u00f3lo recibieron resoluci\u00f3n\u2026","rel":"","context":"En &quot;16. Pueblo Maya&quot;","block_context":{"text":"16. Pueblo Maya","link":"http:\/\/www.grieta.org.mx\/index.php\/category\/espejos-de-la-resistencia\/16-pueblo-maya\/"},"img":{"alt_text":"","src":"https:\/\/i0.wp.com\/www.grieta.org.mx\/wp-content\/uploads\/2018\/03\/14524434_1106112876131411_958039263622046936_o.jpg?resize=350%2C200","width":350,"height":200,"srcset":"https:\/\/i0.wp.com\/www.grieta.org.mx\/wp-content\/uploads\/2018\/03\/14524434_1106112876131411_958039263622046936_o.jpg?resize=350%2C200 1x, https:\/\/i0.wp.com\/www.grieta.org.mx\/wp-content\/uploads\/2018\/03\/14524434_1106112876131411_958039263622046936_o.jpg?resize=525%2C300 1.5x, https:\/\/i0.wp.com\/www.grieta.org.mx\/wp-content\/uploads\/2018\/03\/14524434_1106112876131411_958039263622046936_o.jpg?resize=700%2C400 2x"},"classes":[]},{"id":1366,"url":"http:\/\/www.grieta.org.mx\/index.php\/2015\/11\/13\/insisten-en-siembra-de-soya-transgenica-en-la-peninsula\/","url_meta":{"origin":41783,"position":5},"title":"Insisten en siembra de soya transg\u00e9nica en la Pen\u00ednsula","author":"grieta","date":"13 noviembre, 2015","format":false,"excerpt":"A pesar del amparo federal que suspende la siembra de soya transg\u00e9nica en el pa\u00eds, el director general de Inocuidad Agroalimentaria, Acu\u00edcola y Pesquera del Senasica, Hugo Fragoso S\u00e1nchez, advirti\u00f3 que continuar\u00e1 el proyecto que se suspendi\u00f3 en la Pen\u00ednsula de Yucat\u00e1n, toda vez que conf\u00eda obtener fallo favorable de\u2026","rel":"","context":"En &quot;16. Pueblo Maya&quot;","block_context":{"text":"16. Pueblo Maya","link":"http:\/\/www.grieta.org.mx\/index.php\/category\/espejos-de-la-resistencia\/16-pueblo-maya\/"},"img":{"alt_text":"","src":"https:\/\/i0.wp.com\/www.grieta.org.mx\/wp-content\/uploads\/2018\/03\/14524434_1106112876131411_958039263622046936_o.jpg?resize=350%2C200","width":350,"height":200,"srcset":"https:\/\/i0.wp.com\/www.grieta.org.mx\/wp-content\/uploads\/2018\/03\/14524434_1106112876131411_958039263622046936_o.jpg?resize=350%2C200 1x, https:\/\/i0.wp.com\/www.grieta.org.mx\/wp-content\/uploads\/2018\/03\/14524434_1106112876131411_958039263622046936_o.jpg?resize=525%2C300 1.5x, https:\/\/i0.wp.com\/www.grieta.org.mx\/wp-content\/uploads\/2018\/03\/14524434_1106112876131411_958039263622046936_o.jpg?resize=700%2C400 2x"},"classes":[]}],"_links":{"self":[{"href":"http:\/\/www.grieta.org.mx\/index.php\/wp-json\/wp\/v2\/posts\/41783","targetHints":{"allow":["GET"]}}],"collection":[{"href":"http:\/\/www.grieta.org.mx\/index.php\/wp-json\/wp\/v2\/posts"}],"about":[{"href":"http:\/\/www.grieta.org.mx\/index.php\/wp-json\/wp\/v2\/types\/post"}],"author":[{"embeddable":true,"href":"http:\/\/www.grieta.org.mx\/index.php\/wp-json\/wp\/v2\/users\/2"}],"replies":[{"embeddable":true,"href":"http:\/\/www.grieta.org.mx\/index.php\/wp-json\/wp\/v2\/comments?post=41783"}],"version-history":[{"count":1,"href":"http:\/\/www.grieta.org.mx\/index.php\/wp-json\/wp\/v2\/posts\/41783\/revisions"}],"predecessor-version":[{"id":41784,"href":"http:\/\/www.grieta.org.mx\/index.php\/wp-json\/wp\/v2\/posts\/41783\/revisions\/41784"}],"wp:featuredmedia":[{"embeddable":true,"href":"http:\/\/www.grieta.org.mx\/index.php\/wp-json\/wp\/v2\/media\/21928"}],"wp:attachment":[{"href":"http:\/\/www.grieta.org.mx\/index.php\/wp-json\/wp\/v2\/media?parent=41783"}],"wp:term":[{"taxonomy":"category","embeddable":true,"href":"http:\/\/www.grieta.org.mx\/index.php\/wp-json\/wp\/v2\/categories?post=41783"},{"taxonomy":"post_tag","embeddable":true,"href":"http:\/\/www.grieta.org.mx\/index.php\/wp-json\/wp\/v2\/tags?post=41783"}],"curies":[{"name":"wp","href":"https:\/\/api.w.org\/{rel}","templated":true}]}}