{"id":41638,"date":"2019-11-19T11:15:59","date_gmt":"2019-11-19T17:15:59","guid":{"rendered":"http:\/\/www.grieta.org.mx\/?p=41638"},"modified":"2019-11-28T11:21:46","modified_gmt":"2019-11-28T17:21:46","slug":"sep-desaparecera-escuelas-de-tiempo-completo-tamaulipas","status":"publish","type":"post","link":"http:\/\/www.grieta.org.mx\/index.php\/2019\/11\/19\/sep-desaparecera-escuelas-de-tiempo-completo-tamaulipas\/","title":{"rendered":"SEP desaparecer\u00e1 Escuelas de tiempo completo (Tamaulipas)"},"content":{"rendered":"<blockquote><p>Esta medida afecta directamente a 849 planteles que atienden a unos 200 mil estudiantes. <\/p><\/blockquote>\n<p><img loading=\"lazy\" decoding=\"async\" data-attachment-id=\"41639\" data-permalink=\"http:\/\/www.grieta.org.mx\/index.php\/2019\/11\/19\/sep-desaparecera-escuelas-de-tiempo-completo-tamaulipas\/alumnos-en-escuelas-de-tamaulipas\/\" data-orig-file=\"http:\/\/www.grieta.org.mx\/wp-content\/uploads\/2019\/11\/alumnos-en-escuelas-de-tamaulipas.jpeg\" data-orig-size=\"958,596\" data-comments-opened=\"0\" data-image-meta=\"{&quot;aperture&quot;:&quot;0&quot;,&quot;credit&quot;:&quot;&quot;,&quot;camera&quot;:&quot;&quot;,&quot;caption&quot;:&quot;&quot;,&quot;created_timestamp&quot;:&quot;0&quot;,&quot;copyright&quot;:&quot;&quot;,&quot;focal_length&quot;:&quot;0&quot;,&quot;iso&quot;:&quot;0&quot;,&quot;shutter_speed&quot;:&quot;0&quot;,&quot;title&quot;:&quot;&quot;,&quot;orientation&quot;:&quot;0&quot;}\" data-image-title=\"alumnos-en-escuelas-de-tamaulipas\" data-image-description=\"\" data-image-caption=\"\" data-medium-file=\"http:\/\/www.grieta.org.mx\/wp-content\/uploads\/2019\/11\/alumnos-en-escuelas-de-tamaulipas-300x187.jpeg\" data-large-file=\"http:\/\/www.grieta.org.mx\/wp-content\/uploads\/2019\/11\/alumnos-en-escuelas-de-tamaulipas.jpeg\" src=\"http:\/\/www.grieta.org.mx\/wp-content\/uploads\/2019\/11\/alumnos-en-escuelas-de-tamaulipas.jpeg\" alt=\"\" width=\"958\" height=\"596\" class=\"aligncenter size-full wp-image-41639\" srcset=\"http:\/\/www.grieta.org.mx\/wp-content\/uploads\/2019\/11\/alumnos-en-escuelas-de-tamaulipas.jpeg 958w, http:\/\/www.grieta.org.mx\/wp-content\/uploads\/2019\/11\/alumnos-en-escuelas-de-tamaulipas-300x187.jpeg 300w, http:\/\/www.grieta.org.mx\/wp-content\/uploads\/2019\/11\/alumnos-en-escuelas-de-tamaulipas-768x478.jpeg 768w, http:\/\/www.grieta.org.mx\/wp-content\/uploads\/2019\/11\/alumnos-en-escuelas-de-tamaulipas-804x500.jpeg 804w\" sizes=\"auto, (max-width: 958px) 100vw, 958px\" \/><\/p>\n<p>Antonio Hern\u00e1ndez\/Milenio<br \/>\n19 noviembre 2019<\/p>\n<p>La Secretar\u00eda de Educaci\u00f3n de Tamaulipas, inform\u00f3 que el Gobierno Federal decidi\u00f3 culminar con el esquema de Escuelas de Tiempo Completo, el cual ser\u00e1 un duro golpe para la educaci\u00f3n y las familias, asegur\u00f3 el secretario de Educaci\u00f3n en Tamaulipas, Mario G\u00f3mez Monroy.<\/p>\n<p>Ante el posible impacto negativo de este anuncio, el funcionario dijo esperar que el Gobierno Federal recapacite, y consider\u00f3 una necesidad continuar con el programa.<\/p>\n<p>Esta medida afecta directamente a 849 planteles que atienden a unos 200 mil estudiantes de educaci\u00f3n b\u00e1sica.<br \/>\n?G\u00f3mez Monroy detall\u00f3 que es un presupuesto federal de 300 millones de pesos, el que sirve para pagar sobresueldos a los maestros y la alimentaci\u00f3n de los ni\u00f1os y ni\u00f1as, solo en el estado.<\/p>\n<p>\u201cS\u00f3lo se concluye el a\u00f1o, el pr\u00f3ximo a\u00f1o parece que desaparece a fin de mes nos lo confirma y otra alternativa es ver con el gobierno del estado si puede absorber el gasto haciendo ahorros en otra parte\u201d, concluy\u00f3.<\/p>\n<p>EVT<\/p>\n<p><a href=\"https:\/\/www.milenio.com\/politica\/tamaulipas-sep-desaparecera-escuelas-de-tiempo-completo\" rel=\"noopener noreferrer\" target=\"_blank\">https:\/\/www.milenio.com\/politica\/tamaulipas-sep-desaparecera-escuelas-de-tiempo-completo<\/a><\/p>\n","protected":false},"excerpt":{"rendered":"<p>Esta medida afecta directamente a 849 planteles que atienden a unos 200 mil estudiantes. Antonio Hern\u00e1ndez\/Milenio 19 noviembre 2019 La Secretar\u00eda de Educaci\u00f3n de Tamaulipas, inform\u00f3 que el Gobierno Federal &hellip; <a href=\"http:\/\/www.grieta.org.mx\/index.php\/2019\/11\/19\/sep-desaparecera-escuelas-de-tiempo-completo-tamaulipas\/\" class=\"more-link\">Leer m\u00e1s<\/a><\/p>\n","protected":false},"author":2,"featured_media":41639,"comment_status":"closed","ping_status":"closed","sticky":false,"template":"","format":"standard","meta":{"ngg_post_thumbnail":0,"_jetpack_newsletter_access":"","_jetpack_dont_email_post_to_subs":false,"_jetpack_newsletter_tier_id":0,"_jetpack_memberships_contains_paywalled_content":false,"_jetpack_memberships_contains_paid_content":false,"footnotes":""},"categories":[80,916,2888,2,33,83],"tags":[2566],"class_list":["post-41638","post","type-post","status-publish","format-standard","has-post-thumbnail","hentry","category-cintillo","category-privatizacion-del-la-educacion-publica","category-crisis-de-la-educacion-publica-en-tamaulipas","category-noticias-nacionales","category-tamaulipas","category-temas-nacionales","tag-crisis-en-el-sistema-educativo","entry"],"jetpack_featured_media_url":"http:\/\/www.grieta.org.mx\/wp-content\/uploads\/2019\/11\/alumnos-en-escuelas-de-tamaulipas.jpeg","jetpack_sharing_enabled":true,"jetpack_shortlink":"https:\/\/wp.me\/p7ZJR4-aPA","jetpack_likes_enabled":false,"jetpack-related-posts":[{"id":41765,"url":"http:\/\/www.grieta.org.mx\/index.php\/2019\/11\/20\/adeudan-salarios-a-5-mil-maestros-en-tamaulipas\/","url_meta":{"origin":41638,"position":0},"title":"Adeudan salarios a 5 mil maestros en Tamaulipas","author":"grieta","date":"20 noviembre, 2019","format":false,"excerpt":"Pertenecen a escuelas de tiempo completo y desde el mes de septiembre no reciben sueldos, destac\u00f3 el SNTE. Jes\u00fas Alberto Garc\u00eda\/Milenio 20 noviembre 2019 En Tamaulipas son m\u00e1s de 5 mil maestros a los que se les deben salarios desde el mes de septiembre, asegur\u00f3 el SNTE, y que corresponde\u2026","rel":"","context":"En &quot;CINTILLO&quot;","block_context":{"text":"CINTILLO","link":"http:\/\/www.grieta.org.mx\/index.php\/category\/cintillo\/"},"img":{"alt_text":"","src":"https:\/\/i0.wp.com\/www.grieta.org.mx\/wp-content\/uploads\/2019\/12\/auditoria-superior-federacion-programa-completo_0_1_1024_637.jpg?resize=350%2C200","width":350,"height":200,"srcset":"https:\/\/i0.wp.com\/www.grieta.org.mx\/wp-content\/uploads\/2019\/12\/auditoria-superior-federacion-programa-completo_0_1_1024_637.jpg?resize=350%2C200 1x, https:\/\/i0.wp.com\/www.grieta.org.mx\/wp-content\/uploads\/2019\/12\/auditoria-superior-federacion-programa-completo_0_1_1024_637.jpg?resize=525%2C300 1.5x, https:\/\/i0.wp.com\/www.grieta.org.mx\/wp-content\/uploads\/2019\/12\/auditoria-superior-federacion-programa-completo_0_1_1024_637.jpg?resize=700%2C400 2x"},"classes":[]},{"id":30250,"url":"http:\/\/www.grieta.org.mx\/index.php\/2019\/03\/07\/suspenden-maestros-programa-de-escuelas-de-tiempo-completo-en-tamaulipas\/","url_meta":{"origin":41638,"position":1},"title":"Suspenden maestros programa de Escuelas de Tiempo Completo en Tamaulipas","author":"grieta","date":"7 marzo, 2019","format":false,"excerpt":"Alejandro Echartea \/ El Ma\u00f1ana Dan salida a los alumnos a las 13:00 horas, al no llegarles pago de horas extras Cd. Victoria, Tam.- Cinco mil 500 maestros del programa de Escuelas de Tiempo Completo dejaron de trabajar bajo el esquema de ocho horas corridas de clases a partir de\u2026","rel":"","context":"En &quot;CINTILLO&quot;","block_context":{"text":"CINTILLO","link":"http:\/\/www.grieta.org.mx\/index.php\/category\/cintillo\/"},"img":{"alt_text":"","src":"https:\/\/i0.wp.com\/www.grieta.org.mx\/wp-content\/uploads\/2019\/03\/Suspenden-maestros-programa-de-Escuelas-de-Tiempo-Completo-en-Tamaulipas-mzo.jpg?resize=350%2C200","width":350,"height":200},"classes":[]},{"id":54804,"url":"http:\/\/www.grieta.org.mx\/index.php\/2020\/09\/22\/588-escuelas-de-tiempo-completo-en-aguascalientes-podrian-quedarse-sin-presupuesto\/","url_meta":{"origin":41638,"position":2},"title":"588 ESCUELAS DE TIEMPO COMPLETO EN AGUASCALIENTES PODR\u00cdAN QUEDARSE SIN PRESUPUESTO","author":"grieta","date":"22 septiembre, 2020","format":false,"excerpt":"Gabriel Soriano\/La Jornada Aguascalientes 22 septiembre 2020 Afectar\u00eda gravemente a las familias donde los padres tienen largas jornadas de trabajo Estudiantes se quedar\u00e1n sin acceso a materias extracurriculares y una alimentaci\u00f3n adecuada Posible eliminaci\u00f3n del programa de Escuelas de Tiempo Completo afectar\u00e1 gravemente a los padres que tienen largas jornadas\u2026","rel":"","context":"En &quot;Aguascalientes&quot;","block_context":{"text":"Aguascalientes","link":"http:\/\/www.grieta.org.mx\/index.php\/category\/noticias-nacionales\/aguascalientes\/"},"img":{"alt_text":"","src":"https:\/\/i0.wp.com\/www.grieta.org.mx\/wp-content\/uploads\/2020\/11\/escuelas-tiempo-completo.jpg?resize=350%2C200","width":350,"height":200},"classes":[]},{"id":55020,"url":"http:\/\/www.grieta.org.mx\/index.php\/2020\/08\/17\/snte-exige-pago-de-adeudos-a-mas-de-300-maestros-en-tamaulipas\/","url_meta":{"origin":41638,"position":3},"title":"SNTE exige pago de adeudos a m\u00e1s de 300 maestros en Tamaulipas","author":"grieta","date":"17 agosto, 2020","format":false,"excerpt":"Edith \u00c1lvarez\/Milenio 17 agosto 2020 La Secci\u00f3n 30 del Sindicato Nacional de Trabajadores de la Educaci\u00f3n (SNTE) exigi\u00f3 el pago de adeudos a poco m\u00e1s de 300 maestros de educaci\u00f3n b\u00e1sica que cubrieron grupos de forma temporal por necesidades del servicio y a quienes la Unidad del Sistema para la\u2026","rel":"","context":"En &quot;CINTILLO&quot;","block_context":{"text":"CINTILLO","link":"http:\/\/www.grieta.org.mx\/index.php\/category\/cintillo\/"},"img":{"alt_text":"","src":"https:\/\/i0.wp.com\/www.grieta.org.mx\/wp-content\/uploads\/2020\/11\/snte.jpg?resize=350%2C200","width":350,"height":200},"classes":[]},{"id":41403,"url":"http:\/\/www.grieta.org.mx\/index.php\/2019\/11\/11\/deja-federacion-sin-sueldo-a-asesores-de-prepa-en-linea-de-tamaulipas\/","url_meta":{"origin":41638,"position":4},"title":"Deja federaci\u00f3n sin sueldo a asesores de Prepa en L\u00ednea de Tamaulipas","author":"grieta","date":"11 noviembre, 2019","format":false,"excerpt":"Lupita \u00c1lvarez\/Gaceta 11 noviembre 2019 Cd. Victoria, Tamaulipas.- La Subsecretar\u00eda de Educaci\u00f3n Media Superior y Superior del estado lament\u00f3 que la federaci\u00f3n tenga suspendido los sueldos a los asesores de la Prepa en L\u00ednea, no obstante que en esta materia la matr\u00edcula en Tamaulipas creci\u00f3 en casi un 300 por\u2026","rel":"","context":"En &quot;CINTILLO&quot;","block_context":{"text":"CINTILLO","link":"http:\/\/www.grieta.org.mx\/index.php\/category\/cintillo\/"},"img":{"alt_text":"","src":"https:\/\/i0.wp.com\/www.grieta.org.mx\/wp-content\/uploads\/2019\/11\/TINOCO-300x173.jpg?resize=350%2C200","width":350,"height":200},"classes":[]},{"id":46471,"url":"http:\/\/www.grieta.org.mx\/index.php\/2020\/03\/10\/maestros-de-tamaulipas-piden-a-titular-de-set-ser-empatico-y-trabajar-sin-cobrar-sueldo\/","url_meta":{"origin":41638,"position":5},"title":"Maestros de Tamaulipas piden a titular de SET ser emp\u00e1tico y trabajar sin cobrar sueldo","author":"grieta","date":"10 marzo, 2020","format":false,"excerpt":"Jos\u00e9 Gregorio Aguilar\/Gaceta UAT 10 marzo 2020 Cd. Victoria, Tamaulipas.- El titular de la Secretar\u00eda de Educaci\u00f3n de Tamaulipas (SET), Mario G\u00f3mez Monroy se equivoca en sus declaraciones a los medios de comunicaci\u00f3n en relaci\u00f3n con problema de pago a los docentes del Programa Escuelas de Tiempo Completo en el\u2026","rel":"","context":"En &quot;CINTILLO&quot;","block_context":{"text":"CINTILLO","link":"http:\/\/www.grieta.org.mx\/index.php\/category\/cintillo\/"},"img":{"alt_text":"","src":"https:\/\/i0.wp.com\/www.grieta.org.mx\/wp-content\/uploads\/2020\/03\/https___www.gaceta.mx_wp-content_uploads_2020_03_SET-1-696x462.jpg?resize=350%2C200","width":350,"height":200,"srcset":"https:\/\/i0.wp.com\/www.grieta.org.mx\/wp-content\/uploads\/2020\/03\/https___www.gaceta.mx_wp-content_uploads_2020_03_SET-1-696x462.jpg?resize=350%2C200 1x, https:\/\/i0.wp.com\/www.grieta.org.mx\/wp-content\/uploads\/2020\/03\/https___www.gaceta.mx_wp-content_uploads_2020_03_SET-1-696x462.jpg?resize=525%2C300 1.5x"},"classes":[]}],"_links":{"self":[{"href":"http:\/\/www.grieta.org.mx\/index.php\/wp-json\/wp\/v2\/posts\/41638","targetHints":{"allow":["GET"]}}],"collection":[{"href":"http:\/\/www.grieta.org.mx\/index.php\/wp-json\/wp\/v2\/posts"}],"about":[{"href":"http:\/\/www.grieta.org.mx\/index.php\/wp-json\/wp\/v2\/types\/post"}],"author":[{"embeddable":true,"href":"http:\/\/www.grieta.org.mx\/index.php\/wp-json\/wp\/v2\/users\/2"}],"replies":[{"embeddable":true,"href":"http:\/\/www.grieta.org.mx\/index.php\/wp-json\/wp\/v2\/comments?post=41638"}],"version-history":[{"count":1,"href":"http:\/\/www.grieta.org.mx\/index.php\/wp-json\/wp\/v2\/posts\/41638\/revisions"}],"predecessor-version":[{"id":41640,"href":"http:\/\/www.grieta.org.mx\/index.php\/wp-json\/wp\/v2\/posts\/41638\/revisions\/41640"}],"wp:featuredmedia":[{"embeddable":true,"href":"http:\/\/www.grieta.org.mx\/index.php\/wp-json\/wp\/v2\/media\/41639"}],"wp:attachment":[{"href":"http:\/\/www.grieta.org.mx\/index.php\/wp-json\/wp\/v2\/media?parent=41638"}],"wp:term":[{"taxonomy":"category","embeddable":true,"href":"http:\/\/www.grieta.org.mx\/index.php\/wp-json\/wp\/v2\/categories?post=41638"},{"taxonomy":"post_tag","embeddable":true,"href":"http:\/\/www.grieta.org.mx\/index.php\/wp-json\/wp\/v2\/tags?post=41638"}],"curies":[{"name":"wp","href":"https:\/\/api.w.org\/{rel}","templated":true}]}}