{"id":4163,"date":"2015-08-11T21:32:07","date_gmt":"2015-08-11T21:32:07","guid":{"rendered":"http:\/\/50.22.11.12\/~grietaor\/?p=4163"},"modified":"2016-03-21T21:58:37","modified_gmt":"2016-03-21T21:58:37","slug":"defendemos-la-seguridad-social-no-estamos-contra-el-sindicato-trabajadores-del-imss","status":"publish","type":"post","link":"http:\/\/www.grieta.org.mx\/index.php\/2015\/08\/11\/defendemos-la-seguridad-social-no-estamos-contra-el-sindicato-trabajadores-del-imss\/","title":{"rendered":"Defendemos la Seguridad Social, no estamos contra el sindicato: Trabajadores del IMSS"},"content":{"rendered":"<p>Independiente\/Benjam\u00edn Sandoval<\/p>\n<p>Luchamos en defensa de la seguridad social y no contra nuestro Sindicato Nacional de Trabajadores del Seguro Social \u201cSNTSS\u201d, declar\u00f3 fuerte y claro un trabajador de esa noble instituci\u00f3n nacida de la revoluci\u00f3n mexicana. Esto tuvo lugar en una reuni\u00f3n privada celebrada la semana pasada en un domicilio particular de esta ciudad, donde trabajadores activos, jubilados y pensionados del Instituto Mexicano del Seguro Social \u201cIMSS\u201d se dieron cita para escuchar a Ismael Bautista, tambi\u00e9n trabajador de ese instituto en la ciudad de M\u00e9xico, quien se encontraba de visita y se aprovech\u00f3 para platicar con \u00e9l.<\/p>\n<p>Ismael, como lo nombran sus compa\u00f1eros en muestra de la confianza que inspira, se\u00f1al\u00f3 ser miembro del Movimiento Nacional de Trabajadores del IMSS, el cual desde el a\u00f1o 2000 viene denunciando el abandono que el instituto ha realizado perversamente de la infraestructura del sistema de seguridad social, atribuyendo Bautista esto, a la corrupci\u00f3n, impunidad y falta de estado de derecho, se\u00f1alando la intentona del Consejo T\u00e9cnico del IMSS de imponer en M\u00e9xico el modelo de seguridad social espa\u00f1ol, que de por s\u00ed, est\u00e1 fracasado.<\/p>\n<p>Pretenden privatizar la seguridad social sentenci\u00f3. Prueba de ello es la subrogaci\u00f3n de los servicios que antes prestaba el Seguro, como ejemplo, cit\u00f3 la licitaci\u00f3n que el IMSS hizo en Tlaxcala para el servicio de hemodi\u00e1lisis que presta una empresa privada en las mismas instalaciones y con los instrumentos del IMSS, eso es aberrante. Denunci\u00f3 tambi\u00e9n, que la insulina para tratar diab\u00e9ticos y el difilipino para tratar hipertensos salieron del paquete b\u00e1sico de medicinas del IMSS, eso compa\u00f1eros, se\u00f1al\u00f3 Ismael, es un genocidio de Estado, un delito de lesa humanidad.<\/p>\n<p>Atentos escucharon la pl\u00e1tica adem\u00e1s de los trabajadores del IMSS, representantes de trabajadores de la Comisi\u00f3n Federal del Electricidad, del Comit\u00e9 Ejecutivo del SUTSEM, Movimiento Magisterial, la Asociaci\u00f3n Civil Salvemos Nayarit, del Partido de los Comunistas, Juventud Comunista de M\u00e9xico y del Frente de Colectivos Independientes, quienes al final hicieron una ronda de intervenciones para fijar posturas frente a la problem\u00e1tica que viven en sus centros de trabajo, ante el patr\u00f3n o el mismo gobierno, coincidiendo todos en tratarse de una pol\u00edtica general en todo el pa\u00eds, para acabar con los sindicatos, atacar a los verdaderos representantes de los trabajadores, para de esa manera poder reducir y hasta acabar con los derechos que todav\u00eda se reconocen a los trabajadores en sus contratos colectivos, ley federal del trabajo o en la constituci\u00f3n, se\u00f1alando algunos inclusive a la pol\u00edtica neoliberal, para finalizar con un acuerdo de seguir impulsando el trabajo unitario para enfrentar al enemigo en com\u00fan, la pol\u00edtica del gobierno.<\/p>\n<p>El IMSS era una instituci\u00f3n solvente y viable, pero al privatizar los fondos de pensiones, le arrancaron el coraz\u00f3n y hoy est\u00e1 en decadencia y los bancos administradores del dinero de los fondos de pensiones, cada d\u00eda m\u00e1s ricos, se\u00f1al\u00f3 Bautista. Los banqueros ahora nos roban, \u00bfPor qu\u00e9 tenemos que demandar a las afores para que nos regresen nuestro dinero? F\u00e1cil, si alguien no reclama, son ellos quienes se quedan con ese dinero y los derechohabientes por ignorancia, la mayor\u00eda de las veces no reclaman.<\/p>\n<p>Existen grabaciones del Consejo T\u00e9cnico, se\u00f1al\u00f3 Ismael, donde se escucha la pretenci\u00f3n de reducir todas las pensiones a mil ochocientos pesos.<\/p>\n<p>Al preguntar a Ismael por el \u00bfQu\u00e9 hacer? se\u00f1al\u00f3, hay que defender la seguridad social, hay que movilizar a la sociedad organizadamente y juntos, trabajadores-pueblo-derecho habiente revertir esta pol\u00edtica, para lo cual debemos informar al pueblo, ya que, no podr\u00e1n, aunque quisieran salvar al IMSS, ni los diputados, ni senadores, ni el mismo presidente, por eso debemos llevar el IMSS a un debate nacional, al ser este de todos y no de unos cuantos \u201ciluminados\u201d, debemos crear un esquema que permita caminar adecuadamente para salvar la seguridad social, para finalizar sentenciando, \u201co defendemos al IMSS o nos vamos a morir\u201d.<\/p>\n<p>Al intervenir compa\u00f1eras trabajadores del IMSS, enfatizaron que la campa\u00f1a de todos ellos no es contra el sindicato, aunque el papel que han desempe\u00f1ado los \u00faltimos dirigentes es contrario a los intereses de la inmensa mayor\u00eda de sus agremiados, pero tambi\u00e9n lo reconocen como un instrumento de defensa de los trabajadores, por eso luchan por la defensa de la seguridad social, la cual calificaron como una campa\u00f1a por la vida, ya que de privatizarse, traer\u00eda la muerte para los mexicanos que todav\u00eda gozan del derecho a ella, al no alcanzar a pagar en el servicio privado el tratamiento de enfermedades costosas<\/p>\n<p><a href=\"http:\/\/www.facebook.com\/permalink.php?story_fbid=476788825817100&#038;id=206718819490770\" target=\"_blank\">www.facebook.com\/permalink.php?story_fbid=476788825817100&#038;id=206718819490770<\/a><\/p>\n","protected":false},"excerpt":{"rendered":"<p>Independiente\/Benjam\u00edn Sandoval Luchamos en defensa de la seguridad social y no contra nuestro Sindicato Nacional de Trabajadores del Seguro Social \u201cSNTSS\u201d, declar\u00f3 fuerte y claro un trabajador de esa noble &hellip; <a href=\"http:\/\/www.grieta.org.mx\/index.php\/2015\/08\/11\/defendemos-la-seguridad-social-no-estamos-contra-el-sindicato-trabajadores-del-imss\/\" class=\"more-link\">Leer m\u00e1s<\/a><\/p>\n","protected":false},"author":2,"featured_media":21928,"comment_status":"closed","ping_status":"open","sticky":false,"template":"","format":"standard","meta":{"ngg_post_thumbnail":0,"_jetpack_newsletter_access":"","_jetpack_dont_email_post_to_subs":false,"_jetpack_newsletter_tier_id":0,"_jetpack_memberships_contains_paywalled_content":false,"_jetpack_memberships_contains_paid_content":false,"footnotes":""},"categories":[80,145],"tags":[291,149],"class_list":["post-4163","post","type-post","status-publish","format-standard","has-post-thumbnail","hentry","category-cintillo","category-nayarit","tag-cfe","tag-salud","entry"],"jetpack_featured_media_url":"http:\/\/www.grieta.org.mx\/wp-content\/uploads\/2018\/03\/14524434_1106112876131411_958039263622046936_o.jpg","jetpack_sharing_enabled":true,"jetpack_shortlink":"https:\/\/wp.me\/p7ZJR4-159","jetpack_likes_enabled":false,"jetpack-related-posts":[{"id":40798,"url":"http:\/\/www.grieta.org.mx\/index.php\/2019\/10\/28\/protestan-contra-delegado-del-imss-en-tamaulipas\/","url_meta":{"origin":4163,"position":0},"title":"Protestan contra delegado del IMSS en Tamaulipas","author":"grieta","date":"28 octubre, 2019","format":false,"excerpt":"Carlos Ju\u00e1rez\/El Heraldo 28 octubre 2019 Los manifestantes de la Secci\u00f3n 10 del Sindicato Nacional de Trabajadores del Seguro Social realizaron las movilizaciones en los municipios Ciudad Madero, Ciudad Victoria y Reynosa En Tamaulipas se realizaron tres protestas simult\u00e1neas para exigir la destituci\u00f3n del delegado del Instituto Mexicano del Seguro\u2026","rel":"","context":"En &quot;CINTILLO&quot;","block_context":{"text":"CINTILLO","link":"http:\/\/www.grieta.org.mx\/index.php\/category\/cintillo\/"},"img":{"alt_text":"","src":"https:\/\/i0.wp.com\/www.grieta.org.mx\/wp-content\/uploads\/2019\/11\/imss-tamaulipas.jpg?resize=350%2C200","width":350,"height":200,"srcset":"https:\/\/i0.wp.com\/www.grieta.org.mx\/wp-content\/uploads\/2019\/11\/imss-tamaulipas.jpg?resize=350%2C200 1x, https:\/\/i0.wp.com\/www.grieta.org.mx\/wp-content\/uploads\/2019\/11\/imss-tamaulipas.jpg?resize=525%2C300 1.5x"},"classes":[]},{"id":5682,"url":"http:\/\/www.grieta.org.mx\/index.php\/2015\/07\/31\/trabajadores-del-imss-y-disientes-de-la-cnte-marcharon-contra-privatizacion-de-la-salud\/","url_meta":{"origin":4163,"position":1},"title":"Trabajadores del IMSS y disientes de la CNTE marcharon contra privatizaci\u00f3n de la salud","author":"grieta","date":"31 julio, 2015","format":false,"excerpt":"Arturo Martin P\u00e9rez D\u00edaz Trabajadores del Instituto Mexicano del Seguro Social, activos, jubilados, pensionados y maestros disidentes de la CNTE e integrantes del Frente Magisterial marcharon unidos en contra de una posible reforma constitucional, que implique la privatizaci\u00f3n de los servicios que otorga el IMSS. \u201cEs un hecho la privatizaci\u00f3n,\u2026","rel":"","context":"En &quot;CINTILLO&quot;","block_context":{"text":"CINTILLO","link":"http:\/\/www.grieta.org.mx\/index.php\/category\/cintillo\/"},"img":{"alt_text":"","src":"https:\/\/i0.wp.com\/www.grieta.org.mx\/wp-content\/uploads\/2018\/03\/14524434_1106112876131411_958039263622046936_o.jpg?resize=350%2C200","width":350,"height":200,"srcset":"https:\/\/i0.wp.com\/www.grieta.org.mx\/wp-content\/uploads\/2018\/03\/14524434_1106112876131411_958039263622046936_o.jpg?resize=350%2C200 1x, https:\/\/i0.wp.com\/www.grieta.org.mx\/wp-content\/uploads\/2018\/03\/14524434_1106112876131411_958039263622046936_o.jpg?resize=525%2C300 1.5x, https:\/\/i0.wp.com\/www.grieta.org.mx\/wp-content\/uploads\/2018\/03\/14524434_1106112876131411_958039263622046936_o.jpg?resize=700%2C400 2x"},"classes":[]},{"id":41155,"url":"http:\/\/www.grieta.org.mx\/index.php\/2019\/11\/11\/imss-cancelo-consultas-los-sabados-por-falta-de-recursos-colima\/","url_meta":{"origin":4163,"position":2},"title":"Imss cancel\u00f3 consultas los s\u00e1bados por falta de recursos (Colima)","author":"grieta","date":"11 noviembre, 2019","format":false,"excerpt":"Foto: AF Medios Anil\u00fa Salazar Mejia \/ El Noticiero de Colima El programa que maneja el Instituto Mexicano del Seguro Social (Imss), denominado \u201cCobertura del sexto d\u00eda\u201d, implementado con el prop\u00f3sito de abatir el diferimiento en todas las unidades de medicina familiar los d\u00edas s\u00e1bados, cancel\u00f3 las consultas este pasado\u2026","rel":"","context":"En &quot;CINTILLO&quot;","block_context":{"text":"CINTILLO","link":"http:\/\/www.grieta.org.mx\/index.php\/category\/cintillo\/"},"img":{"alt_text":"","src":"https:\/\/i0.wp.com\/www.grieta.org.mx\/wp-content\/uploads\/2019\/11\/clinica_imss_01-777x437.jpg?resize=350%2C200","width":350,"height":200,"srcset":"https:\/\/i0.wp.com\/www.grieta.org.mx\/wp-content\/uploads\/2019\/11\/clinica_imss_01-777x437.jpg?resize=350%2C200 1x, https:\/\/i0.wp.com\/www.grieta.org.mx\/wp-content\/uploads\/2019\/11\/clinica_imss_01-777x437.jpg?resize=525%2C300 1.5x, https:\/\/i0.wp.com\/www.grieta.org.mx\/wp-content\/uploads\/2019\/11\/clinica_imss_01-777x437.jpg?resize=700%2C400 2x"},"classes":[]},{"id":8945,"url":"http:\/\/www.grieta.org.mx\/index.php\/2015\/02\/26\/marcharan-hoy-trabajadores-del-imss-a-5-meses-del-caso-ayotzinapa\/","url_meta":{"origin":4163,"position":3},"title":"Marchar\u00e1n hoy trabajadores del IMSS, a 5 meses del caso Ayotzinapa","author":"Admin","date":"26 febrero, 2015","format":false,"excerpt":"A cinco meses de la desaparici\u00f3n de los 43 normalistas de Ayotzinapa, se prev\u00e9 una manifestaci\u00f3n en la Ciudad de M\u00e9xico denominada \u201c\u2019Acci\u00f3n Global por Ayotzinapa\u201d, en la que se espera la participaci\u00f3n de algunos de los padres, organizaciones civiles y estudiantes. Antes, a las 14:30 horas, un grupo de\u2026","rel":"","context":"En &quot;CINTILLO&quot;","block_context":{"text":"CINTILLO","link":"http:\/\/www.grieta.org.mx\/index.php\/category\/cintillo\/"},"img":{"alt_text":"","src":"https:\/\/i0.wp.com\/www.grieta.org.mx\/wp-content\/uploads\/2018\/03\/14524434_1106112876131411_958039263622046936_o.jpg?resize=350%2C200","width":350,"height":200,"srcset":"https:\/\/i0.wp.com\/www.grieta.org.mx\/wp-content\/uploads\/2018\/03\/14524434_1106112876131411_958039263622046936_o.jpg?resize=350%2C200 1x, https:\/\/i0.wp.com\/www.grieta.org.mx\/wp-content\/uploads\/2018\/03\/14524434_1106112876131411_958039263622046936_o.jpg?resize=525%2C300 1.5x, https:\/\/i0.wp.com\/www.grieta.org.mx\/wp-content\/uploads\/2018\/03\/14524434_1106112876131411_958039263622046936_o.jpg?resize=700%2C400 2x"},"classes":[]},{"id":58835,"url":"http:\/\/www.grieta.org.mx\/index.php\/2021\/04\/13\/exigen-jubilados-y-trabajadores-en-activo-del-imss-que-se-les-regrese-el-ahorro-de-cesantia-y-vejez-jalisco\/","url_meta":{"origin":4163,"position":4},"title":"Exigen jubilados y trabajadores en activo del IMSS que se les regrese el ahorro de cesant\u00eda y vejez (Jalisco)","author":"grieta","date":"13 abril, 2021","format":false,"excerpt":"Foto: Aurelio Maga\u00f1a Rosario Bare\u00f1o \/ El Occidental Trabajadores en activo y jubilados del Instituto Mexicano del Seguro Social (IMSS) se manifestaron frente a Expo Guadalajara. En el lugar, se desarrolla la reuni\u00f3n del Consejo Nacional del Sindicato de Trabajadores del IMSS y l\u00edderes sindicales de seccionales, en la que\u2026","rel":"","context":"En &quot;CINTILLO&quot;","block_context":{"text":"CINTILLO","link":"http:\/\/www.grieta.org.mx\/index.php\/category\/cintillo\/"},"img":{"alt_text":"","src":"https:\/\/i0.wp.com\/www.grieta.org.mx\/wp-content\/uploads\/2021\/04\/Jubilados.jpeg?resize=350%2C200","width":350,"height":200,"srcset":"https:\/\/i0.wp.com\/www.grieta.org.mx\/wp-content\/uploads\/2021\/04\/Jubilados.jpeg?resize=350%2C200 1x, https:\/\/i0.wp.com\/www.grieta.org.mx\/wp-content\/uploads\/2021\/04\/Jubilados.jpeg?resize=525%2C300 1.5x, https:\/\/i0.wp.com\/www.grieta.org.mx\/wp-content\/uploads\/2021\/04\/Jubilados.jpeg?resize=700%2C400 2x"},"classes":[]},{"id":42378,"url":"http:\/\/www.grieta.org.mx\/index.php\/2019\/12\/16\/nuevo-sindicato-del-imss-documenta-casos-de-acoso-laboral-a-medicos-y-enfermeras-jalisco\/","url_meta":{"origin":4163,"position":5},"title":"Nuevo sindicato del IMSS documenta casos de acoso laboral a m\u00e9dicos y enfermeras (Jalisco)","author":"grieta","date":"16 diciembre, 2019","format":false,"excerpt":"Foto: El Contribuyente MX Ignacio P\u00e9rez Vega \/ UDGTV Elsa Janette Ortega Rodr\u00edguez trabaj\u00f3 durante 18 a\u00f1os como enfermera. Estaba adscrita al Hospital General Regional n\u00famero 46 del Instituto Mexicano del Seguro Social (IMSS) y\u00a0fue despedida en enero de este a\u00f1o. La enfermera relat\u00f3 una serie de hostigamientos laborales de\u2026","rel":"","context":"En &quot;CINTILLO&quot;","block_context":{"text":"CINTILLO","link":"http:\/\/www.grieta.org.mx\/index.php\/category\/cintillo\/"},"img":{"alt_text":"","src":"https:\/\/i0.wp.com\/www.grieta.org.mx\/wp-content\/uploads\/2019\/12\/IMSS-El-Contribuyente-MX-696x435.jpg?resize=350%2C200","width":350,"height":200,"srcset":"https:\/\/i0.wp.com\/www.grieta.org.mx\/wp-content\/uploads\/2019\/12\/IMSS-El-Contribuyente-MX-696x435.jpg?resize=350%2C200 1x, https:\/\/i0.wp.com\/www.grieta.org.mx\/wp-content\/uploads\/2019\/12\/IMSS-El-Contribuyente-MX-696x435.jpg?resize=525%2C300 1.5x"},"classes":[]}],"_links":{"self":[{"href":"http:\/\/www.grieta.org.mx\/index.php\/wp-json\/wp\/v2\/posts\/4163","targetHints":{"allow":["GET"]}}],"collection":[{"href":"http:\/\/www.grieta.org.mx\/index.php\/wp-json\/wp\/v2\/posts"}],"about":[{"href":"http:\/\/www.grieta.org.mx\/index.php\/wp-json\/wp\/v2\/types\/post"}],"author":[{"embeddable":true,"href":"http:\/\/www.grieta.org.mx\/index.php\/wp-json\/wp\/v2\/users\/2"}],"replies":[{"embeddable":true,"href":"http:\/\/www.grieta.org.mx\/index.php\/wp-json\/wp\/v2\/comments?post=4163"}],"version-history":[{"count":1,"href":"http:\/\/www.grieta.org.mx\/index.php\/wp-json\/wp\/v2\/posts\/4163\/revisions"}],"predecessor-version":[{"id":4166,"href":"http:\/\/www.grieta.org.mx\/index.php\/wp-json\/wp\/v2\/posts\/4163\/revisions\/4166"}],"wp:featuredmedia":[{"embeddable":true,"href":"http:\/\/www.grieta.org.mx\/index.php\/wp-json\/wp\/v2\/media\/21928"}],"wp:attachment":[{"href":"http:\/\/www.grieta.org.mx\/index.php\/wp-json\/wp\/v2\/media?parent=4163"}],"wp:term":[{"taxonomy":"category","embeddable":true,"href":"http:\/\/www.grieta.org.mx\/index.php\/wp-json\/wp\/v2\/categories?post=4163"},{"taxonomy":"post_tag","embeddable":true,"href":"http:\/\/www.grieta.org.mx\/index.php\/wp-json\/wp\/v2\/tags?post=4163"}],"curies":[{"name":"wp","href":"https:\/\/api.w.org\/{rel}","templated":true}]}}