{"id":41613,"date":"2019-11-21T23:33:54","date_gmt":"2019-11-22T05:33:54","guid":{"rendered":"http:\/\/www.grieta.org.mx\/?p=41613"},"modified":"2019-11-27T23:38:22","modified_gmt":"2019-11-28T05:38:22","slug":"mas-del-71-de-las-mujeres-en-queretaro-han-enfrentado-violencia-inegi","status":"publish","type":"post","link":"http:\/\/www.grieta.org.mx\/index.php\/2019\/11\/21\/mas-del-71-de-las-mujeres-en-queretaro-han-enfrentado-violencia-inegi\/","title":{"rendered":"M\u00e1s del 71% de las mujeres en Quer\u00e9taro han enfrentado violencia: INEGI"},"content":{"rendered":"<p><img loading=\"lazy\" decoding=\"async\" data-attachment-id=\"41614\" data-permalink=\"http:\/\/www.grieta.org.mx\/index.php\/2019\/11\/21\/mas-del-71-de-las-mujeres-en-queretaro-han-enfrentado-violencia-inegi\/mas-del-71-de-las-mujeres-en-queretaro-han-enfrentado-violencia-inegi-qro-nov\/\" data-orig-file=\"http:\/\/www.grieta.org.mx\/wp-content\/uploads\/2019\/11\/M\u00e1s-del-71-de-las-mujeres-en-Quer\u00e9taro-han-enfrentado-violencia-INEGI-qro-nov.jpg\" data-orig-size=\"1160,700\" data-comments-opened=\"0\" data-image-meta=\"{&quot;aperture&quot;:&quot;0&quot;,&quot;credit&quot;:&quot;&quot;,&quot;camera&quot;:&quot;&quot;,&quot;caption&quot;:&quot;&quot;,&quot;created_timestamp&quot;:&quot;0&quot;,&quot;copyright&quot;:&quot;&quot;,&quot;focal_length&quot;:&quot;0&quot;,&quot;iso&quot;:&quot;0&quot;,&quot;shutter_speed&quot;:&quot;0&quot;,&quot;title&quot;:&quot;&quot;,&quot;orientation&quot;:&quot;0&quot;}\" data-image-title=\"M\u00e1s del 71% de las mujeres en Quer\u00e9taro han enfrentado violencia INEGI qro nov\" data-image-description=\"\" data-image-caption=\"\" data-medium-file=\"http:\/\/www.grieta.org.mx\/wp-content\/uploads\/2019\/11\/M\u00e1s-del-71-de-las-mujeres-en-Quer\u00e9taro-han-enfrentado-violencia-INEGI-qro-nov-300x181.jpg\" data-large-file=\"http:\/\/www.grieta.org.mx\/wp-content\/uploads\/2019\/11\/M\u00e1s-del-71-de-las-mujeres-en-Quer\u00e9taro-han-enfrentado-violencia-INEGI-qro-nov-1024x618.jpg\" class=\"aligncenter size-full wp-image-41614\" src=\"http:\/\/www.grieta.org.mx\/wp-content\/uploads\/2019\/11\/M\u00e1s-del-71-de-las-mujeres-en-Quer\u00e9taro-han-enfrentado-violencia-INEGI-qro-nov.jpg\" alt=\"\" width=\"1160\" height=\"700\" srcset=\"http:\/\/www.grieta.org.mx\/wp-content\/uploads\/2019\/11\/M\u00e1s-del-71-de-las-mujeres-en-Quer\u00e9taro-han-enfrentado-violencia-INEGI-qro-nov.jpg 1160w, http:\/\/www.grieta.org.mx\/wp-content\/uploads\/2019\/11\/M\u00e1s-del-71-de-las-mujeres-en-Quer\u00e9taro-han-enfrentado-violencia-INEGI-qro-nov-300x181.jpg 300w, http:\/\/www.grieta.org.mx\/wp-content\/uploads\/2019\/11\/M\u00e1s-del-71-de-las-mujeres-en-Quer\u00e9taro-han-enfrentado-violencia-INEGI-qro-nov-768x463.jpg 768w, http:\/\/www.grieta.org.mx\/wp-content\/uploads\/2019\/11\/M\u00e1s-del-71-de-las-mujeres-en-Quer\u00e9taro-han-enfrentado-violencia-INEGI-qro-nov-1024x618.jpg 1024w, http:\/\/www.grieta.org.mx\/wp-content\/uploads\/2019\/11\/M\u00e1s-del-71-de-las-mujeres-en-Quer\u00e9taro-han-enfrentado-violencia-INEGI-qro-nov-829x500.jpg 829w\" sizes=\"auto, (max-width: 1160px) 100vw, 1160px\" \/><br \/>\nQuadratin Quer\u00e9taro<\/p>\n<p>QUER\u00c9TARO, Qro., 21 de noviembre 2019.- En 2016, de las 770 mil mujeres de 15 a\u00f1os y m\u00e1s que hay en Quer\u00e9taro, 71.2% (548 mil) han enfrentado violencia de cualquier tipo y de cualquier agresor, alguna vez en su vida, de acuerdo con INEGI.<\/p>\n<p>El 44.7% han enfrentado agresiones del esposo o pareja actual o \u00faltima a lo largo de su relaci\u00f3n y est\u00e1 m\u00e1s acentuado entre las mujeres que se casaron o unieron antes de los 18 a\u00f1os (50.6%), que entre quienes lo hicieron a los 25 o m\u00e1s a\u00f1os (37.4 por ciento).<\/p>\n<p>En 2018 se registraron 29 defunciones de mujeres por homicidio, el m\u00e1s alto registrado en los \u00faltimos 29 a\u00f1os (1990-2018), lo que en promedio significa que fallecieron 2 mujeres mensualmente por agresiones intencionales.<\/p>\n<p><a href=\"https:\/\/queretaro.quadratin.com.mx\/mas-del-71-de-las-mujeres-en-queretaro-han-enfrentado-violencia-inegi\/\" target=\"_blank\" rel=\"noopener noreferrer\">https:\/\/queretaro.quadratin.com.mx\/mas-del-71-de-las-mujeres-en-queretaro-han-enfrentado-violencia-inegi\/<\/a><\/p>\n","protected":false},"excerpt":{"rendered":"<p>Quadratin Quer\u00e9taro QUER\u00c9TARO, Qro., 21 de noviembre 2019.- En 2016, de las 770 mil mujeres de 15 a\u00f1os y m\u00e1s que hay en Quer\u00e9taro, 71.2% (548 mil) han enfrentado violencia &hellip; <a href=\"http:\/\/www.grieta.org.mx\/index.php\/2019\/11\/21\/mas-del-71-de-las-mujeres-en-queretaro-han-enfrentado-violencia-inegi\/\" class=\"more-link\">Leer m\u00e1s<\/a><\/p>\n","protected":false},"author":2,"featured_media":41614,"comment_status":"closed","ping_status":"closed","sticky":false,"template":"","format":"standard","meta":{"ngg_post_thumbnail":0,"_jetpack_newsletter_access":"","_jetpack_dont_email_post_to_subs":false,"_jetpack_newsletter_tier_id":0,"_jetpack_memberships_contains_paywalled_content":false,"_jetpack_memberships_contains_paid_content":false,"footnotes":""},"categories":[80,2479,2,27,2531],"tags":[1133,2286,1630],"class_list":["post-41613","post","type-post","status-publish","format-standard","has-post-thumbnail","hentry","category-cintillo","category-incremento-de-la-violencia-en-queretaro","category-noticias-nacionales","category-queretaro","category-violencia-contra-las-mujeres-en-queretaro","tag-incremento-en-la-violencia","tag-violencia-contra-la-mujer","tag-violencia-contra-las-mujeres","entry"],"jetpack_featured_media_url":"http:\/\/www.grieta.org.mx\/wp-content\/uploads\/2019\/11\/M\u00e1s-del-71-de-las-mujeres-en-Quer\u00e9taro-han-enfrentado-violencia-INEGI-qro-nov.jpg","jetpack_sharing_enabled":true,"jetpack_shortlink":"https:\/\/wp.me\/p7ZJR4-aPb","jetpack_likes_enabled":false,"jetpack-related-posts":[{"id":41426,"url":"http:\/\/www.grieta.org.mx\/index.php\/2019\/11\/21\/preparan-en-queretaro-jornada-para-erradicar-violencia-contra-mujeres\/","url_meta":{"origin":41613,"position":0},"title":"Preparan en Quer\u00e9taro jornada para erradicar violencia contra mujeres","author":"grieta","date":"21 noviembre, 2019","format":false,"excerpt":"Colectivos feministas presentaron la jornada Juntas hasta la Vida, que se llevar\u00e1 a cabo el pr\u00f3ximo 23 de noviembre en Plaza Fundadores de Quer\u00e9taro. FOTO: iadb.org. Rotativo Quer\u00e9taro, 21 Nov (Notimex).- Colectivos feministas presentaron la jornada Juntas hasta la Vida, que se llevar\u00e1 a cabo el pr\u00f3ximo 23 de noviembre\u2026","rel":"","context":"En &quot;CINTILLO&quot;","block_context":{"text":"CINTILLO","link":"http:\/\/www.grieta.org.mx\/index.php\/category\/cintillo\/"},"img":{"alt_text":"","src":"https:\/\/i0.wp.com\/www.grieta.org.mx\/wp-content\/uploads\/2019\/11\/Preparan-en-Quer%C3%A9taro-jornada-para-erradicar-violencia-contra-mujeres-qro-nov.jpg?resize=350%2C200","width":350,"height":200,"srcset":"https:\/\/i0.wp.com\/www.grieta.org.mx\/wp-content\/uploads\/2019\/11\/Preparan-en-Quer%C3%A9taro-jornada-para-erradicar-violencia-contra-mujeres-qro-nov.jpg?resize=350%2C200 1x, https:\/\/i0.wp.com\/www.grieta.org.mx\/wp-content\/uploads\/2019\/11\/Preparan-en-Quer%C3%A9taro-jornada-para-erradicar-violencia-contra-mujeres-qro-nov.jpg?resize=525%2C300 1.5x"},"classes":[]},{"id":11843,"url":"http:\/\/www.grieta.org.mx\/index.php\/2016\/04\/25\/movilizacion-contra-la-violencia-hacia-las-mujeres-en-queretaro\/","url_meta":{"origin":41613,"position":1},"title":"Movilizaci\u00f3n contra la violencia hacia las mujeres en Quer\u00e9taro","author":"grieta","date":"25 abril, 2016","format":false,"excerpt":"25\/04\/16. Marchan para exigir alto a la violencia de g\u00e9nero AM Quer\u00e9taro","rel":"","context":"En &quot;Quer\u00e9taro&quot;","block_context":{"text":"Quer\u00e9taro","link":"http:\/\/www.grieta.org.mx\/index.php\/category\/noticias-nacionales\/queretaro\/"},"img":{"alt_text":"","src":"https:\/\/i0.wp.com\/www.grieta.org.mx\/wp-content\/uploads\/2018\/03\/14524434_1106112876131411_958039263622046936_o.jpg?resize=350%2C200","width":350,"height":200,"srcset":"https:\/\/i0.wp.com\/www.grieta.org.mx\/wp-content\/uploads\/2018\/03\/14524434_1106112876131411_958039263622046936_o.jpg?resize=350%2C200 1x, https:\/\/i0.wp.com\/www.grieta.org.mx\/wp-content\/uploads\/2018\/03\/14524434_1106112876131411_958039263622046936_o.jpg?resize=525%2C300 1.5x, https:\/\/i0.wp.com\/www.grieta.org.mx\/wp-content\/uploads\/2018\/03\/14524434_1106112876131411_958039263622046936_o.jpg?resize=700%2C400 2x"},"classes":[]},{"id":43677,"url":"http:\/\/www.grieta.org.mx\/index.php\/2020\/01\/18\/feministas-protestan-tras-asesinato-de-mujeres-en-queretaro\/","url_meta":{"origin":41613,"position":2},"title":"Feministas protestan tras asesinato de mujeres en Quer\u00e9taro","author":"grieta","date":"18 enero, 2020","format":false,"excerpt":"ADN Informativo Quer\u00e9taro, Qro., 18 de enero de 2020.- Un grupo de mujeres feministas protest\u00f3 la ma\u00f1ana de este s\u00e1bado en las principales plazas del Centro Hist\u00f3rico de Quer\u00e9taro, para mostrar su molestia e indignaci\u00f3n por los asesinatos de mujeres en la \u00faltima semana, as\u00ed como recordar a la joven\u2026","rel":"","context":"En &quot;CINTILLO&quot;","block_context":{"text":"CINTILLO","link":"http:\/\/www.grieta.org.mx\/index.php\/category\/cintillo\/"},"img":{"alt_text":"","src":"https:\/\/i0.wp.com\/www.grieta.org.mx\/wp-content\/uploads\/2020\/01\/Feministas-protestan-tras-asesinato-de-mujeres-en-Quer%C3%A9taro-ene.jpg?resize=350%2C200","width":350,"height":200,"srcset":"https:\/\/i0.wp.com\/www.grieta.org.mx\/wp-content\/uploads\/2020\/01\/Feministas-protestan-tras-asesinato-de-mujeres-en-Quer%C3%A9taro-ene.jpg?resize=350%2C200 1x, https:\/\/i0.wp.com\/www.grieta.org.mx\/wp-content\/uploads\/2020\/01\/Feministas-protestan-tras-asesinato-de-mujeres-en-Quer%C3%A9taro-ene.jpg?resize=525%2C300 1.5x, https:\/\/i0.wp.com\/www.grieta.org.mx\/wp-content\/uploads\/2020\/01\/Feministas-protestan-tras-asesinato-de-mujeres-en-Quer%C3%A9taro-ene.jpg?resize=700%2C400 2x"},"classes":[]},{"id":27788,"url":"http:\/\/www.grieta.org.mx\/index.php\/2018\/11\/25\/feminicidios-el-extremo-de-la-violencia-misogina-queretaro\/","url_meta":{"origin":41613,"position":3},"title":"Feminicidios: el extremo de la violencia mis\u00f3gina (Quer\u00e9taro)","author":"grieta","date":"25 noviembre, 2018","format":false,"excerpt":"Newsweek Quer\u00e9taro\/ 25 de noviembre Misoginia: del griego misogyn\u00eda, de miso \u2018odio\u2019 y gyn\u00e9 \u2018mujer\u2019 El asesinato de una mujer por el hecho de ser mujer es la m\u00e1xima expresi\u00f3n de la violencia mis\u00f3gina: el extremo de una cultura discriminatoria basada en estereotipos que perpet\u00faan la inequidad de g\u00e9nero. Si\u2026","rel":"","context":"En &quot;CINTILLO&quot;","block_context":{"text":"CINTILLO","link":"http:\/\/www.grieta.org.mx\/index.php\/category\/cintillo\/"},"img":{"alt_text":"","src":"https:\/\/i0.wp.com\/www.grieta.org.mx\/wp-content\/uploads\/2018\/12\/Paro_de_Mujeres_en_Quito_6-750x530.jpg?resize=350%2C200","width":350,"height":200,"srcset":"https:\/\/i0.wp.com\/www.grieta.org.mx\/wp-content\/uploads\/2018\/12\/Paro_de_Mujeres_en_Quito_6-750x530.jpg?resize=350%2C200 1x, https:\/\/i0.wp.com\/www.grieta.org.mx\/wp-content\/uploads\/2018\/12\/Paro_de_Mujeres_en_Quito_6-750x530.jpg?resize=525%2C300 1.5x, https:\/\/i0.wp.com\/www.grieta.org.mx\/wp-content\/uploads\/2018\/12\/Paro_de_Mujeres_en_Quito_6-750x530.jpg?resize=700%2C400 2x"},"classes":[]},{"id":53219,"url":"http:\/\/www.grieta.org.mx\/index.php\/2020\/08\/31\/queretaro-primer-lugar-nacional-en-denuncias-por-acoso-sexual\/","url_meta":{"origin":41613,"position":4},"title":"Quer\u00e9taro, primer lugar nacional en denuncias por acoso sexual","author":"grieta","date":"31 agosto, 2020","format":false,"excerpt":"M\u00e1nelick Cruz Blanco \/ Tribuna de Quer\u00e9taro Adem\u00e1s, lleva dos a\u00f1os consecutivos en aparecer en sexto lugar nacional por acumular carpetas de investigaci\u00f3n por cada 100 mil habitantes. Un total de 333 carpetas acumuladas en 2020 corresponden a acoso sexual en el estado de Quer\u00e9taro. De esta forma, pese a\u2026","rel":"","context":"En &quot;CINTILLO&quot;","block_context":{"text":"CINTILLO","link":"http:\/\/www.grieta.org.mx\/index.php\/category\/cintillo\/"},"img":{"alt_text":"","src":"https:\/\/i0.wp.com\/www.grieta.org.mx\/wp-content\/uploads\/2018\/03\/14524434_1106112876131411_958039263622046936_o.jpg?resize=350%2C200","width":350,"height":200,"srcset":"https:\/\/i0.wp.com\/www.grieta.org.mx\/wp-content\/uploads\/2018\/03\/14524434_1106112876131411_958039263622046936_o.jpg?resize=350%2C200 1x, https:\/\/i0.wp.com\/www.grieta.org.mx\/wp-content\/uploads\/2018\/03\/14524434_1106112876131411_958039263622046936_o.jpg?resize=525%2C300 1.5x, https:\/\/i0.wp.com\/www.grieta.org.mx\/wp-content\/uploads\/2018\/03\/14524434_1106112876131411_958039263622046936_o.jpg?resize=700%2C400 2x"},"classes":[]},{"id":37970,"url":"http:\/\/www.grieta.org.mx\/index.php\/2019\/08\/16\/mujeres-demandan-activacion-de-alerta-de-genero-en-queretaro\/","url_meta":{"origin":41613,"position":5},"title":"Mujeres demandan activaci\u00f3n de alerta de g\u00e9nero en Quer\u00e9taro","author":"grieta","date":"16 agosto, 2019","format":false,"excerpt":"Redacci\u00f3n\/Notimex Activistas en Quer\u00e9taro solicitaron al gobierno estatal activar la alerta de g\u00e9nero, dado el aumento en el \u00edndice de casos de violencia Al ritmo de son jarocho, activistas en Quer\u00e9taro solicitaron al gobierno estatal activar la alerta de g\u00e9nero, dado el aumento en el \u00edndice de casos de violencia\u2026","rel":"","context":"En &quot;CINTILLO&quot;","block_context":{"text":"CINTILLO","link":"http:\/\/www.grieta.org.mx\/index.php\/category\/cintillo\/"},"img":{"alt_text":"","src":"https:\/\/i0.wp.com\/www.grieta.org.mx\/wp-content\/uploads\/2018\/03\/14524434_1106112876131411_958039263622046936_o.jpg?resize=350%2C200","width":350,"height":200,"srcset":"https:\/\/i0.wp.com\/www.grieta.org.mx\/wp-content\/uploads\/2018\/03\/14524434_1106112876131411_958039263622046936_o.jpg?resize=350%2C200 1x, https:\/\/i0.wp.com\/www.grieta.org.mx\/wp-content\/uploads\/2018\/03\/14524434_1106112876131411_958039263622046936_o.jpg?resize=525%2C300 1.5x, https:\/\/i0.wp.com\/www.grieta.org.mx\/wp-content\/uploads\/2018\/03\/14524434_1106112876131411_958039263622046936_o.jpg?resize=700%2C400 2x"},"classes":[]}],"_links":{"self":[{"href":"http:\/\/www.grieta.org.mx\/index.php\/wp-json\/wp\/v2\/posts\/41613","targetHints":{"allow":["GET"]}}],"collection":[{"href":"http:\/\/www.grieta.org.mx\/index.php\/wp-json\/wp\/v2\/posts"}],"about":[{"href":"http:\/\/www.grieta.org.mx\/index.php\/wp-json\/wp\/v2\/types\/post"}],"author":[{"embeddable":true,"href":"http:\/\/www.grieta.org.mx\/index.php\/wp-json\/wp\/v2\/users\/2"}],"replies":[{"embeddable":true,"href":"http:\/\/www.grieta.org.mx\/index.php\/wp-json\/wp\/v2\/comments?post=41613"}],"version-history":[{"count":1,"href":"http:\/\/www.grieta.org.mx\/index.php\/wp-json\/wp\/v2\/posts\/41613\/revisions"}],"predecessor-version":[{"id":41615,"href":"http:\/\/www.grieta.org.mx\/index.php\/wp-json\/wp\/v2\/posts\/41613\/revisions\/41615"}],"wp:featuredmedia":[{"embeddable":true,"href":"http:\/\/www.grieta.org.mx\/index.php\/wp-json\/wp\/v2\/media\/41614"}],"wp:attachment":[{"href":"http:\/\/www.grieta.org.mx\/index.php\/wp-json\/wp\/v2\/media?parent=41613"}],"wp:term":[{"taxonomy":"category","embeddable":true,"href":"http:\/\/www.grieta.org.mx\/index.php\/wp-json\/wp\/v2\/categories?post=41613"},{"taxonomy":"post_tag","embeddable":true,"href":"http:\/\/www.grieta.org.mx\/index.php\/wp-json\/wp\/v2\/tags?post=41613"}],"curies":[{"name":"wp","href":"https:\/\/api.w.org\/{rel}","templated":true}]}}