{"id":4151,"date":"2016-03-10T21:05:21","date_gmt":"2016-03-10T21:05:21","guid":{"rendered":"http:\/\/50.22.11.12\/~grietaor\/?p=4151"},"modified":"2016-03-21T22:33:01","modified_gmt":"2016-03-21T22:33:01","slug":"guardia-forestal-defensa-del-pulmon-de-la-ciudad-de-mexico","status":"publish","type":"post","link":"http:\/\/www.grieta.org.mx\/index.php\/2016\/03\/10\/guardia-forestal-defensa-del-pulmon-de-la-ciudad-de-mexico\/","title":{"rendered":"Guardia Forestal, defensa del pulm\u00f3n de la Ciudad de M\u00e9xico"},"content":{"rendered":"<p>Desinform\u00e9monos<\/p>\n<p>Prometeo Lucero<\/p>\n<p>\u201cEl uniforme da presencia, se impone\u201d, cuenta Rosario Gonz\u00e1lez, una de las mujeres de la brigada de vigilancia Ocelotl. Vestida de negro, con gorra y botas, acompa\u00f1a a los vigilantes a patrullar los cerros de Milpa Alta. Sus compa\u00f1eros visten adem\u00e1s un pantal\u00f3n camuflado y gorra; algunos portan radio. Todos calzan las botas limpias, dentro del pantal\u00f3n.<\/p>\n<p>La presencia impecable es algo importante para Rosario, tanto como la actitud y el respeto. \u201cDebes de saber cu\u00e1ndo actuar, c\u00f3mo actuar\u201d, dice.PL_19_Milpa Alta<\/p>\n<p>Las guardias, provenientes de los 12 pueblos, realizan rondines hacia distintos puntos del monte. Van sin armas. Su presencia es, de alguna manera, disuasiva. Sin embargo, cuenta Rosario, el riesgo es fuerte. \u201cT\u00fa no sabes si [cazadores o talamontes] te van a tirar\u201d.<\/p>\n<p>Juan Flores D\u00edaz es jefe de frente de la brigada Tecuani; adem\u00e1s coordina a otros cuatro grupos. Estos se distribuyen por toda la zona de bosque y del territorio comunal de Milpa Alta. Cuenta que, en un principio, les hac\u00edan frente verbal a los talamontes, pero no era fruct\u00edfero porque a veces \u00e9stos les respond\u00edan con amenazas armadas.<\/p>\n<p>Recuerda un caso. Gracias a los patrullajes de los grupos de vigilancia, cuatro talamontes fueron detenidos por las autoridades; los encontraron con una camioneta de 3 toneladas y media, sacando troncos de m\u00e1s de dos metros para la fabricaci\u00f3n de polines. Los talamontes, para defenderse, mostraron un supuesto permiso firmado por la antigua representaci\u00f3n comunal que les permit\u00eda llevar le\u00f1a dom\u00e9stica y ramaje de copa.<\/p>\n<p>\u201cNo creas que la familia de los talamontes est\u00e1 muy contenta\u201d. Para Juan hay un inminente peligro de represalias. \u201cAc\u00e1 [en el pueblo] podemos decir las palabras que sea, pero all\u00e1 arriba [en el monte] los trancazos son de a de veras\u201d. \u201cCon los cazadores no se juega\u201d, enfatiza.<\/p>\n<p>Del di\u00e1logo directo, las guardias tuvieron que cambiar de estrategia. Ahora, cuando detectan a distancia a los talamontes o cazadores, llaman a la coordinaci\u00f3n, y \u00e9sta, a su vez, pide apoyo a la polic\u00eda capitalina o la Polic\u00eda Federal, quienes s\u00ed pueden llevar a cabo las detenciones.<\/p>\n<p>La presencia de Rosario en las guardias obedece a que tambi\u00e9n hay mujeres entre los talamontes. Como hombres, los guardias prefieren no tener problemas por confrontarse con mujeres.<\/p>\n<p>La guardia vigila los cerros. Los cuida de los talamontes pero tambi\u00e9n de los ciudadanos que optan por tirar cascajo. Resguarda, asimismo, las asambleas y la sede de la Representaci\u00f3n Comunal, ubicada en el centro de Villa Milpa Alta.<\/p>\n<p>Milpa Alta se encuentra al sureste del Distrito Federal, a 30 kil\u00f3metros del centro de la ciudad. Diez kil\u00f3metros m\u00e1s adelante, cuenta con un amplio territorio de bosque colindante con el Estado de M\u00e9xico y Morelos. La altura de los volcanes que la rodean puede rebasar los 3 mil 500 metros sobre el nivel del mar; a esa altura crecen los oyameles. El paisaje se cierra en neblina y es dif\u00edcil ver el cielo entre lo tupido de las ramas. La delegaci\u00f3n cuenta con once pueblos y una villa.<\/p>\n<p>En las faldas de los volcanes, la poblaci\u00f3n, censada en poco m\u00e1s de 130 mil habitantes, vive de la cosecha de nopal, la principal actividad econ\u00f3mica. A\u00fan dentro de la mancha urbana, hay un arraigo social distinto al de la ciudad: muy fuerte y con poca aceptaci\u00f3n de lo externo.<\/p>\n<p>Sacar a los talamontes<\/p>\n<p>La historia reciente de las guardias forestales data de principios de febrero de 2010 cuando una tormenta arras\u00f3 con m\u00e1s de 20 mil \u00e1rboles.<\/p>\n<p>Al principio parec\u00eda que la madera derribada favorecer\u00eda a los comuneros de Milpa Alta: la Comisi\u00f3n de Recursos Naturales del DF otorg\u00f3 un permiso para el aprovechamiento local de la madera. Sin embargo, tanta le\u00f1a trajo consigo la ambici\u00f3n por m\u00e1s madera, ya no s\u00f3lo por la ca\u00edda, sino por la viva.<\/p>\n<p>Considerado suelo de conservaci\u00f3n, el bosque no puede ser explotado para extraer madera; pero la ca\u00edda de \u00e1rboles tras la tormenta, atrajo a talamontes profesionales, quienes llevaron a Milpa Alta otros problemas: armas e intimidaci\u00f3n.<\/p>\n<p>Esto lo facilitaron representantes auxiliares quienes otorgaron permisos para la explotaci\u00f3n comercial. De representantes pasaron a madereros \u201ca la michoacana, con sombrero, con narcocorridos, con armas\u201d, cuenta Jos\u00e9 Pastrana.<\/p>\n<p>Durante 2011, la confrontaci\u00f3n verbal e intimidaci\u00f3n armada fue constante. Los comuneros pensaron en opciones para hacer frente. Uno de ellas era armarse e ir a buscar a los talamontes. No hab\u00eda miedo, pero consideraron que podr\u00edan ser confundidos con un grupo guerrillero y, entonces, optaron por exigir al gobierno capitalino que interviniera para cumplir la Ley Ambiental. Tampoco quer\u00edan recurrir a la violencia, pues sab\u00edan que el talamontes pod\u00eda ser su vecino o familiar.<\/p>\n<p>En 2013 llegaron al hartazgo por la inacci\u00f3n. Camiones sub\u00edan y bajaban de los cerros con troncos cortados. Amenazaron con armarse y subir a los cerros por cuenta propia. El Gobierno del Distrito Federal decidi\u00f3 actuar antes que permitir la conformaci\u00f3n de un grupo armado en la ciudad.<\/p>\n<p>Un operativo policiaco desmantel\u00f3 15 aserraderos, de una veintena identificada por los comuneros, con maquinaria profesional. No hubo enfrentamientos ni detenidos: los talamontes ya hab\u00edan huido.<\/p>\n<p>La movilizaci\u00f3n social dio otros frutos. Comenzaron de nuevo las asambleas (deterioradas durante casi una d\u00e9cada tras confrontaciones entre comuneros organizados de izquierda y priistas) y dos nuevos procesos: la actualizaci\u00f3n del censo de comuneros (el \u00faltimo, data del siglo pasado) y la renovaci\u00f3n de la representaci\u00f3n comunal.<\/p>\n<p>Conservaci\u00f3n a futuro<\/p>\n<p>Puntual, a las seis de la ma\u00f1ana, la camioneta de Jes\u00fas Torres recoge a los brigadistas que har\u00e1n trabajo de mantenimiento en el bosque. En la batea del veh\u00edculo, bajo una espesa neblina, se acomodan para soportar el ajetreo de subida en terracer\u00eda. Algunos duermen un poco, agrupados entre s\u00ed.<\/p>\n<p>Organizados en brigadas llamadas \u00c1rea Comunitaria de Conservaci\u00f3n Ecol\u00f3gica (ACCE o las acces, como las pronuncian), se despliegan una vez que han llegado al punto. De inmediato comienza la faena del d\u00eda: retirar las ramas y troncos enfermos o muertos; luego, enterrarlos en una fosa.<\/p>\n<p>Este trabajo tiene una finalidad futura: evitar que esta madera seca o podrida se convierta en combustible durante la temporada de calor, cuando los incendios se incrementan.<\/p>\n<p>Son cuatro grupos de ACCE, cada uno con un jefe de frente al mando. Los cuatro se organizan para llevar a cabo, por etapas, limpieza de brechas, poda, chaponeo (corte con machete de maleza y hierbas que puedan servir de combustible) y brechas cortafuegos.<\/p>\n<p>El brigadista Jorge Casta\u00f1eda Rivera ha descubierto, a trav\u00e9s de excreciones, que a\u00fan existen coyotes, venado cola blanca y especies end\u00e9micas como el conejo zacatuche y el gorri\u00f3n serrano. Tambi\u00e9n murci\u00e9lagos, ranas y v\u00edbora de cascabel. Su brigada, que recorre constantemente los bosques, hace monitoreo de especies de flora y fauna, y difunde en escuelas y plazas p\u00fablicas los resultados.<\/p>\n<p>\u201cMucha gente de la comunidad de Villa Milpa Alta desconoce que tenemos un bosque. Gracias a esta informaci\u00f3n, hemos podido difundir lo que la gente desconoc\u00eda. Mucha gente piensa que el bosque se termina en la carretera federal; no es as\u00ed\u201d.<\/p>\n<p>Un largo historial de defensa<\/p>\n<p>Detr\u00e1s de la organizaci\u00f3n de defensa del bosque hay un historial. A inicios del siglo pasado, los volcanes de Milpa Alta fueron escenario de combates entre los revolucionarios zapatistas y el Ej\u00e9rcito federal. A\u00fan se preserva, como historia, un museo del cuartel de Emiliano Zapata.<\/p>\n<p>En la d\u00e9cada de 1970, narra Estalisnao Garc\u00eda Olivos, comunero de Villa Milpa Alta, los comuneros se organizaron para evitar la construcci\u00f3n de un complejo acad\u00e9mico de 600 hect\u00e1reas dentro del territorio: el Centro Interdisciplinario de Ciencia y Tecnolog\u00eda del Instituto Polit\u00e9cnico Nacional.<\/p>\n<p>En la misma d\u00e9cada, lucharon por indemnizaciones como consecuencia de la construcci\u00f3n de la carretera Xochimilco\u2013Oaxtepec. Lograron pagos desde 15 hasta 45 pesos por metro cuadrado. Cabe destacar que, en la misma \u00e9poca, por la expropiaci\u00f3n de chinampas en Iztapalapa, el gobierno pag\u00f3 un peso por metro cuadrado y hasta menos en otras expropiaciones.<\/p>\n<p>En 1979 se enfrentaron contra una concesi\u00f3n a 99 a\u00f1os para surtir de madera a la empresa papelera Loreto y Pe\u00f1a Pobre, otorgada por el entonces presidente Jos\u00e9 L\u00f3pez Portillo.<\/p>\n<p>A nivel nacional, Milpa Alta particip\u00f3 en 1974 en la creaci\u00f3n del Consejo Nacional de Pueblos Ind\u00edgenas. Por esas fechas se cre\u00f3 el Consejo Supremo N\u00e1huatl, figura pensada como una forma de mantener la lealtad de los pueblos ind\u00edgenas hacia la pol\u00edtica gubernamental de Luis Echeverr\u00eda.<\/p>\n<p>Sin embargo, abunda Estalisnao, el malestar social vivido por los pueblos politiz\u00f3 al Consejo y \u00e9ste se pronunci\u00f3 en su tercer y \u00faltimo congreso a favor del Frente Sandinista de Liberaci\u00f3n Nacional nicarag\u00fcense, y exigi\u00f3 que el gobierno reconociera la existencia de presos pol\u00edticos. El gobierno opt\u00f3 por desaparecer al Consejo.<\/p>\n<p>Los comuneros de Milpa Alta se conectaron con otras organizaciones ind\u00edgenas del pa\u00eds. All\u00ed se celebr\u00f3 la primera reuni\u00f3n nacional de organizaciones campesinas independientes. All\u00ed tambi\u00e9n, junto con las organizaciones m\u00e1s combativas de la \u00e9poca, naci\u00f3 la Coordinadora Nacional Plan de Ayala, \u201cla combativa, no la actual que es un ap\u00e9ndice del Partido del Trabajo\u201d.<\/p>\n<p>En 1980 se movilizaron cerca de 100 mil campesinos en el Z\u00f3calo capitalino. Por esas fechas comienza, a lo interno, la lucha por la titularidad de la representaci\u00f3n comunal.<\/p>\n<p>Pero este proceso local no fue sencillo. Tuvieron que enfrentarse contra un sistema de cacicazgos ligados a la papelera Loreto y Pe\u00f1a Pobre. La batalla pol\u00edtica llev\u00f3 al secuestro de funcionarios, y la elecci\u00f3n del 26 de julio acab\u00f3 en una escaramuza de gasolina y fuego.<\/p>\n<p>A inicios de este milenio, con Vicente Fox en la presidencia, conocieron el Plan Puebla-Panam\u00e1, con miras a la construcci\u00f3n y manejo de v\u00edas de transporte privadas. Entonces supieron del plan para construir el Arco Sur, mismo que lograron detener a trav\u00e9s de movilizaciones.<\/p>\n<p>Hoy el reto pol\u00edtico es lograr la actualizaci\u00f3n del censo comunal. El \u00faltimo, con d\u00e9cadas de rezago, s\u00f3lo conoce a comuneros que hoy son ancianos o que ya han fallecido; adem\u00e1s, carece de datos actuales de las nuevas generaciones. \u201cLas autoridades impiden que se designe a los futuros herederos del territorio\u201d.<\/p>\n<p><a href=\"http:\/\/desinformemonos.org.mx\/guardia-forestal-defensa-del-pulmon-de-la-ciudad-de-mexico\/\" target=\"_blank\">desinformemonos.org.mx\/guardia-forestal-defensa-del-pulmon-de-la-ciudad-de-mexico\/<\/a><\/p>\n","protected":false},"excerpt":{"rendered":"<p>Desinform\u00e9monos Prometeo Lucero \u201cEl uniforme da presencia, se impone\u201d, cuenta Rosario Gonz\u00e1lez, una de las mujeres de la brigada de vigilancia Ocelotl. Vestida de negro, con gorra y botas, acompa\u00f1a &hellip; <a href=\"http:\/\/www.grieta.org.mx\/index.php\/2016\/03\/10\/guardia-forestal-defensa-del-pulmon-de-la-ciudad-de-mexico\/\" class=\"more-link\">Leer m\u00e1s<\/a><\/p>\n","protected":false},"author":2,"featured_media":21928,"comment_status":"closed","ping_status":"open","sticky":false,"template":"","format":"standard","meta":{"ngg_post_thumbnail":0,"_jetpack_newsletter_access":"","_jetpack_dont_email_post_to_subs":false,"_jetpack_newsletter_tier_id":0,"_jetpack_memberships_contains_paywalled_content":false,"_jetpack_memberships_contains_paid_content":false,"footnotes":""},"categories":[80],"tags":[338],"class_list":["post-4151","post","type-post","status-publish","format-standard","has-post-thumbnail","hentry","category-cintillo","tag-milpa-alta","entry"],"jetpack_featured_media_url":"http:\/\/www.grieta.org.mx\/wp-content\/uploads\/2018\/03\/14524434_1106112876131411_958039263622046936_o.jpg","jetpack_sharing_enabled":true,"jetpack_shortlink":"https:\/\/wp.me\/p7ZJR4-14X","jetpack_likes_enabled":false,"jetpack-related-posts":[{"id":9551,"url":"http:\/\/www.grieta.org.mx\/index.php\/2016\/03\/10\/guardia-forestal-defensa-del-pulmon-de-la-ciudad-de-mexico-2\/","url_meta":{"origin":4151,"position":0},"title":"Guardia Forestal, defensa del pulm\u00f3n de la Ciudad de M\u00e9xico","author":"grieta","date":"10 marzo, 2016","format":false,"excerpt":"Desinform\u00e9monos Prometeo Lucero \u201cEl uniforme da presencia, se impone\u201d, cuenta Rosario Gonz\u00e1lez, una de las mujeres de la brigada de vigilancia Ocelotl. Vestida de negro, con gorra y botas, acompa\u00f1a a los vigilantes a patrullar los cerros de Milpa Alta. Sus compa\u00f1eros visten adem\u00e1s un pantal\u00f3n camuflado y gorra; algunos\u2026","rel":"","context":"En &quot;CINTILLO&quot;","block_context":{"text":"CINTILLO","link":"http:\/\/www.grieta.org.mx\/index.php\/category\/cintillo\/"},"img":{"alt_text":"","src":"https:\/\/i0.wp.com\/www.grieta.org.mx\/wp-content\/uploads\/2018\/03\/14524434_1106112876131411_958039263622046936_o.jpg?resize=350%2C200","width":350,"height":200,"srcset":"https:\/\/i0.wp.com\/www.grieta.org.mx\/wp-content\/uploads\/2018\/03\/14524434_1106112876131411_958039263622046936_o.jpg?resize=350%2C200 1x, https:\/\/i0.wp.com\/www.grieta.org.mx\/wp-content\/uploads\/2018\/03\/14524434_1106112876131411_958039263622046936_o.jpg?resize=525%2C300 1.5x, https:\/\/i0.wp.com\/www.grieta.org.mx\/wp-content\/uploads\/2018\/03\/14524434_1106112876131411_958039263622046936_o.jpg?resize=700%2C400 2x"},"classes":[]},{"id":48755,"url":"http:\/\/www.grieta.org.mx\/index.php\/2020\/05\/05\/clausuran-elektra-en-milpa-alta-si-nos-cerraron-a-ustedes-tambien-ciudad-de-mexico\/","url_meta":{"origin":4151,"position":1},"title":"Clausuran Elektra en Milpa Alta; si nos cerraron, a ustedes tambi\u00e9n (Ciudad de M\u00e9xico)","author":"grieta","date":"5 mayo, 2020","format":false,"excerpt":"Imagen tomada de: elbigdata.mx El Big Data Los comerciantes de Milpa Alta exigen la suspensi\u00f3n de actividades de las tiendas de Grupo Salinas, ya que no acatan las medidas de prevenci\u00f3n sanitaria. Un grupo de comerciantes de Milpa Alta, afectados por las medidas sanitarias por la pandemia de Covid-19, protestaron\u2026","rel":"","context":"En &quot;CINTILLO&quot;","block_context":{"text":"CINTILLO","link":"http:\/\/www.grieta.org.mx\/index.php\/category\/cintillo\/"},"img":{"alt_text":"","src":"https:\/\/i0.wp.com\/www.grieta.org.mx\/wp-content\/uploads\/2020\/05\/Clausuran-Elektra-en-Milpa-Alta-si-nos-cerraron-a-ustedes-tambi%C3%A9n-cdmx-may.jpg?resize=350%2C200","width":350,"height":200},"classes":[]},{"id":4152,"url":"http:\/\/www.grieta.org.mx\/index.php\/2016\/03\/21\/denuncias-de-despojo-y-proteccion-de-tierras-por-comuneros-de-milpa-alta\/","url_meta":{"origin":4151,"position":2},"title":"Denuncias de despojo y protecci\u00f3n de tierras por comuneros de Milpa Alta","author":"grieta","date":"21 marzo, 2016","format":false,"excerpt":"10\/03\/16. Guardia Forestal, defensa del pulm\u00f3n de la Ciudad de M\u00e9xicoDesinform\u00e9monos 25\/01\/16. La Marina insiste en levantar un cuartel sobre las tierras que quitan la sed a la Ciudad de M\u00e9xicoDesinform\u00e9monos 17\/01\/16. Crean en Xicomulco movimiento de resistencia contra la urbanizaci\u00f3nLa Jornada 21\/12\/15. Rechazan en Ciudad de M\u00e9xico la construcci\u00f3n\u2026","rel":"","context":"En &quot;Ciudad de M\u00e9xico&quot;","block_context":{"text":"Ciudad de M\u00e9xico","link":"http:\/\/www.grieta.org.mx\/index.php\/category\/noticias-nacionales\/ciudad-de-mexico\/"},"img":{"alt_text":"","src":"https:\/\/i0.wp.com\/www.grieta.org.mx\/wp-content\/uploads\/2018\/03\/14524434_1106112876131411_958039263622046936_o.jpg?resize=350%2C200","width":350,"height":200,"srcset":"https:\/\/i0.wp.com\/www.grieta.org.mx\/wp-content\/uploads\/2018\/03\/14524434_1106112876131411_958039263622046936_o.jpg?resize=350%2C200 1x, https:\/\/i0.wp.com\/www.grieta.org.mx\/wp-content\/uploads\/2018\/03\/14524434_1106112876131411_958039263622046936_o.jpg?resize=525%2C300 1.5x, https:\/\/i0.wp.com\/www.grieta.org.mx\/wp-content\/uploads\/2018\/03\/14524434_1106112876131411_958039263622046936_o.jpg?resize=700%2C400 2x"},"classes":[]},{"id":9575,"url":"http:\/\/www.grieta.org.mx\/index.php\/2015\/10\/27\/alerta-de-comuneros-y-comuneras-de-los-nueve-pueblos-de-milpa-alta\/","url_meta":{"origin":4151,"position":3},"title":"ALERTA DE COMUNEROS Y COMUNERAS DE LOS NUEVE PUEBLOS DE MILPA ALTA","author":"grieta","date":"27 octubre, 2015","format":false,"excerpt":"REPRESENTACI\u00d3N GENERAL DE BIENES COMUNALES\u00a0DE MILPA ALTA Y PUEBLOS ANEXOS A L E R T A\u00a0 COMUNEROS Y COMUNERAS DE LOS NUEVE PUEBLOS DE MILPA ALTA POBLACI\u00d3N EN GENERAL El gobierno Federal, el gobierno del Distrito Federal y la jefatura delegacional en Milpa Alta pretenden imponer proyectos en nuestras tierras\u2026","rel":"","context":"En &quot;CINTILLO&quot;","block_context":{"text":"CINTILLO","link":"http:\/\/www.grieta.org.mx\/index.php\/category\/cintillo\/"},"img":{"alt_text":"","src":"https:\/\/i0.wp.com\/www.grieta.org.mx\/wp-content\/uploads\/2018\/03\/14524434_1106112876131411_958039263622046936_o.jpg?resize=350%2C200","width":350,"height":200,"srcset":"https:\/\/i0.wp.com\/www.grieta.org.mx\/wp-content\/uploads\/2018\/03\/14524434_1106112876131411_958039263622046936_o.jpg?resize=350%2C200 1x, https:\/\/i0.wp.com\/www.grieta.org.mx\/wp-content\/uploads\/2018\/03\/14524434_1106112876131411_958039263622046936_o.jpg?resize=525%2C300 1.5x, https:\/\/i0.wp.com\/www.grieta.org.mx\/wp-content\/uploads\/2018\/03\/14524434_1106112876131411_958039263622046936_o.jpg?resize=700%2C400 2x"},"classes":[]},{"id":9566,"url":"http:\/\/www.grieta.org.mx\/index.php\/2016\/01\/17\/crean-en-xicomulco-movimiento-de-resistencia-contra-la-urbanizacion\/","url_meta":{"origin":4151,"position":4},"title":"Crean en Xicomulco movimiento de resistencia contra la urbanizaci\u00f3n","author":"grieta","date":"17 enero, 2016","format":false,"excerpt":"La Jornada Los habitantes se oponen a la construcci\u00f3n de una base de la Marina; traer\u00e1 violencia, dicen Advierten que esta instalaci\u00f3n facilitar\u00e1 el proyecto del Arco Sur, que da\u00f1ar\u00e1 sus tierras Los residentes de San Bartalom\u00e9 Xicomulco cuelgan en puertas, ventanas, muros y alambrados carteles en los que expresan\u2026","rel":"","context":"En &quot;CINTILLO&quot;","block_context":{"text":"CINTILLO","link":"http:\/\/www.grieta.org.mx\/index.php\/category\/cintillo\/"},"img":{"alt_text":"","src":"https:\/\/i0.wp.com\/www.grieta.org.mx\/wp-content\/uploads\/2018\/03\/14524434_1106112876131411_958039263622046936_o.jpg?resize=350%2C200","width":350,"height":200,"srcset":"https:\/\/i0.wp.com\/www.grieta.org.mx\/wp-content\/uploads\/2018\/03\/14524434_1106112876131411_958039263622046936_o.jpg?resize=350%2C200 1x, https:\/\/i0.wp.com\/www.grieta.org.mx\/wp-content\/uploads\/2018\/03\/14524434_1106112876131411_958039263622046936_o.jpg?resize=525%2C300 1.5x, https:\/\/i0.wp.com\/www.grieta.org.mx\/wp-content\/uploads\/2018\/03\/14524434_1106112876131411_958039263622046936_o.jpg?resize=700%2C400 2x"},"classes":[]},{"id":10060,"url":"http:\/\/www.grieta.org.mx\/index.php\/2016\/01\/17\/crean-en-xicomulco-movimiento-de-resistencia-contra-la-urbanizacion-2\/","url_meta":{"origin":4151,"position":5},"title":"Crean en Xicomulco movimiento de resistencia contra la urbanizaci\u00f3n","author":"grieta","date":"17 enero, 2016","format":false,"excerpt":"La Jornada Josefina Quintero M. Los habitantes se oponen a la construcci\u00f3n de una base de la Marina; \"traer\u00e1 violencia\", dicen Advierten que esta instalaci\u00f3n facilitar\u00e1 el proyecto del Arco Sur, que da\u00f1ar\u00e1 sus tierras Los residentes de San Bartalom\u00e9 Xicomulco cuelgan en puertas, ventanas, muros y alambrados carteles en\u2026","rel":"","context":"En &quot;CINTILLO&quot;","block_context":{"text":"CINTILLO","link":"http:\/\/www.grieta.org.mx\/index.php\/category\/cintillo\/"},"img":{"alt_text":"","src":"https:\/\/i0.wp.com\/www.grieta.org.mx\/wp-content\/uploads\/2018\/03\/14524434_1106112876131411_958039263622046936_o.jpg?resize=350%2C200","width":350,"height":200,"srcset":"https:\/\/i0.wp.com\/www.grieta.org.mx\/wp-content\/uploads\/2018\/03\/14524434_1106112876131411_958039263622046936_o.jpg?resize=350%2C200 1x, https:\/\/i0.wp.com\/www.grieta.org.mx\/wp-content\/uploads\/2018\/03\/14524434_1106112876131411_958039263622046936_o.jpg?resize=525%2C300 1.5x, https:\/\/i0.wp.com\/www.grieta.org.mx\/wp-content\/uploads\/2018\/03\/14524434_1106112876131411_958039263622046936_o.jpg?resize=700%2C400 2x"},"classes":[]}],"_links":{"self":[{"href":"http:\/\/www.grieta.org.mx\/index.php\/wp-json\/wp\/v2\/posts\/4151","targetHints":{"allow":["GET"]}}],"collection":[{"href":"http:\/\/www.grieta.org.mx\/index.php\/wp-json\/wp\/v2\/posts"}],"about":[{"href":"http:\/\/www.grieta.org.mx\/index.php\/wp-json\/wp\/v2\/types\/post"}],"author":[{"embeddable":true,"href":"http:\/\/www.grieta.org.mx\/index.php\/wp-json\/wp\/v2\/users\/2"}],"replies":[{"embeddable":true,"href":"http:\/\/www.grieta.org.mx\/index.php\/wp-json\/wp\/v2\/comments?post=4151"}],"version-history":[{"count":1,"href":"http:\/\/www.grieta.org.mx\/index.php\/wp-json\/wp\/v2\/posts\/4151\/revisions"}],"predecessor-version":[{"id":4189,"href":"http:\/\/www.grieta.org.mx\/index.php\/wp-json\/wp\/v2\/posts\/4151\/revisions\/4189"}],"wp:featuredmedia":[{"embeddable":true,"href":"http:\/\/www.grieta.org.mx\/index.php\/wp-json\/wp\/v2\/media\/21928"}],"wp:attachment":[{"href":"http:\/\/www.grieta.org.mx\/index.php\/wp-json\/wp\/v2\/media?parent=4151"}],"wp:term":[{"taxonomy":"category","embeddable":true,"href":"http:\/\/www.grieta.org.mx\/index.php\/wp-json\/wp\/v2\/categories?post=4151"},{"taxonomy":"post_tag","embeddable":true,"href":"http:\/\/www.grieta.org.mx\/index.php\/wp-json\/wp\/v2\/tags?post=4151"}],"curies":[{"name":"wp","href":"https:\/\/api.w.org\/{rel}","templated":true}]}}