{"id":4143,"date":"2015-10-26T20:34:58","date_gmt":"2015-10-26T20:34:58","guid":{"rendered":"http:\/\/50.22.11.12\/~grietaor\/?p=4143"},"modified":"2016-03-25T03:53:00","modified_gmt":"2016-03-25T03:53:00","slug":"marchan-para-exigir-justicia-por-medica-que-sufrio-abuso-sexual","status":"publish","type":"post","link":"http:\/\/www.grieta.org.mx\/index.php\/2015\/10\/26\/marchan-para-exigir-justicia-por-medica-que-sufrio-abuso-sexual\/","title":{"rendered":"Marchan para exigir justicia por m\u00e9dica que sufri\u00f3 abuso sexual"},"content":{"rendered":"<p>Diana Manzo, Oaxaca<\/p>\n<p>SAN PEDRO COMITANCILLO, OAX.- Unas 400 personas de la sociedad civil vestidas de blanco marcharon pac\u00edficamente para exigir justicia por el abuso sexual, f\u00edsico y psicol\u00f3gico que sufri\u00f3 una joven pasante de medicina y que estaba encargada del servicio nocturno en el centro de Salud del municipio de San Pedro Comitancillo.<\/p>\n<p>Menores de edad, mujeres, hombres y personas adultas caminaron con pancartas en mano y mediante un altavoz vociferaron su exigencia a la autoridad municipal Vicente S\u00e1nchez Cruz de extracci\u00f3n perredista, para que este hecho no quede impune.<\/p>\n<p>Durante la marcha caminaron por las principales calles de la ciudad y al pasar frente al domicilio particular del alcalde, se detuvieron y por medio de un altavoz le manifestaron su molestia porque hasta la fecha se desconoce qui\u00e9n o qui\u00e9nes ejecutaron esta mala acci\u00f3n en contra de la joven m\u00e9dica.<\/p>\n<p>Mar\u00eda Francisca Antonio S\u00e1nchez, ciudadana de la sociedad civil sostuvo que es urgente que los altos delitos que han suscitado en la comunidad se haga justicia, porque parece ser que las autoridades poco les preocupa.<\/p>\n<p>Dijo que a partir de esta marcha se crear\u00e1 una organizaci\u00f3n social sin fines lucrativos y pol\u00edticos, donde impere la exigencia por la justicia en San Pedro Comitancillo.<\/p>\n<p>Asimismo, Vicente Pe\u00f1a Hern\u00e1ndez, uno de los organizadores de la marcha a favor de la paz puntualiz\u00f3 que la violaci\u00f3n sufrida hacia la servidora p\u00fablica no puede quedar impone y sin que los malhechores reciban su castigo.<\/p>\n<p>Dijo que la joven m\u00e9dica lleg\u00f3 a la comunidad hace dos meses, luego de m\u00e1s de diez a\u00f1os de exigir ante las autoridades de la Secretaria de Salud de Oaxaca una doctora o un doctor que pudiera brindar el servicio vespertino y nocturno as\u00ed como fines de semana en la cl\u00ednica de salud.<\/p>\n<p>\u201cFueron casi diez a\u00f1os de gestionar ante la secretaria de Salud de Oaxaca y la jurisdicci\u00f3n sanitaria que tuvi\u00e9ramos un m\u00e9dico de planta en la tarde, noche y fines de semana, por eso la doctora lleg\u00f3 hace dos meses a la localidad, de inmediato se puso a disposici\u00f3n, era muy buena persona, trabajadora y con buen trato a los pacientes, nunca tuvimos queja de ella, por eso nos duele lo que le paso, por que la violaron, la ultrajaron y eso es imperdonable\u201d, abund\u00f3.<\/p>\n<p>La marcha finaliz\u00f3 en el palacio municipal con la consigna de continuar exigiendo justicia al fiscal de Oaxaca, Joaqu\u00edn Carrillo y al subprocurador de Justicia en el Istmo de Tehuantepec Luis S\u00e1nchez Castillejos y a la subprocuradur\u00eda estatal de la defensa de la mujer v\u00edctimas de delitos de violencia.<\/p>\n<p>Los hechos ocurrieron el pasado jueves aproximadamente a las 3:00 de la madrugada, cuando la doctora dorm\u00eda dentro de la cl\u00ednica de salud y fue atacada por cinco sujetos desconocidos provoc\u00e1ndole da\u00f1os f\u00edsicos, sexuales y psicol\u00f3gicos.<\/p>\n<p>La estudiante pasante de medicina, tiene 23 a\u00f1os de edad y era originaria del Distrito Federal y por seguridad a su integridad se omite su nombre.<\/p>\n<p>Hasta el momento las autoridades de salud de la Jurisdicci\u00f3n Sanitaria N\u00famero 2 Istmo no han dado ning\u00fan tipo de declaraci\u00f3n y solo manifestaron que se trata de un tema delicado.<\/p>\n<p><a href=\"http:\/\/pagina3.mx\/2015\/10\/marchan-para-exigir-justicia-por-medica-que-sufrio-abuso-sexual\/\" target=\"_blank\">pagina3.mx\/2015\/10\/marchan-para-exigir-justicia-por-medica-que-sufrio-abuso-sexual\/<\/a><\/p>\n","protected":false},"excerpt":{"rendered":"<p>Diana Manzo, Oaxaca SAN PEDRO COMITANCILLO, OAX.- Unas 400 personas de la sociedad civil vestidas de blanco marcharon pac\u00edficamente para exigir justicia por el abuso sexual, f\u00edsico y psicol\u00f3gico que &hellip; <a href=\"http:\/\/www.grieta.org.mx\/index.php\/2015\/10\/26\/marchan-para-exigir-justicia-por-medica-que-sufrio-abuso-sexual\/\" class=\"more-link\">Leer m\u00e1s<\/a><\/p>\n","protected":false},"author":2,"featured_media":21928,"comment_status":"closed","ping_status":"open","sticky":false,"template":"","format":"standard","meta":{"ngg_post_thumbnail":0,"_jetpack_newsletter_access":"","_jetpack_dont_email_post_to_subs":false,"_jetpack_newsletter_tier_id":0,"_jetpack_memberships_contains_paywalled_content":false,"_jetpack_memberships_contains_paid_content":false,"footnotes":""},"categories":[80],"tags":[174,93,149],"class_list":["post-4143","post","type-post","status-publish","format-standard","has-post-thumbnail","hentry","category-cintillo","tag-derechos-humanos","tag-oaxaca","tag-salud","entry"],"jetpack_featured_media_url":"http:\/\/www.grieta.org.mx\/wp-content\/uploads\/2018\/03\/14524434_1106112876131411_958039263622046936_o.jpg","jetpack_sharing_enabled":true,"jetpack_shortlink":"https:\/\/wp.me\/p7ZJR4-14P","jetpack_likes_enabled":false,"jetpack-related-posts":[{"id":4600,"url":"http:\/\/www.grieta.org.mx\/index.php\/2015\/10\/27\/paran-labores-trabajadores-del-sector-salud-en-el-istmo-exigen-justicia-por-medica-que-sufrio-abuso-sexual-y-fisico\/","url_meta":{"origin":4143,"position":0},"title":"Paran labores trabajadores del Sector Salud en el Istmo, exigen justicia por m\u00e9dica que sufri\u00f3 abuso sexual y f\u00edsico","author":"grieta","date":"27 octubre, 2015","format":false,"excerpt":"Diana Manzo, Oaxaca JUCHIT\u00c1N, OAX.- Trabajadores sindicalizados de los Servicios de Salud de Oaxaca adscritos al Sindicato Nacional de Trabajadores de la Salud (SNTS) secci\u00f3n 35 \u201cRegi\u00f3n Istmo\u201d, pararon labores en los siete hospitales y 143 centros de salud del Istmo de Tehuantepec para exigir a las autoridades de justicia\u2026","rel":"","context":"En &quot;CINTILLO&quot;","block_context":{"text":"CINTILLO","link":"http:\/\/www.grieta.org.mx\/index.php\/category\/cintillo\/"},"img":{"alt_text":"","src":"https:\/\/i0.wp.com\/www.grieta.org.mx\/wp-content\/uploads\/2018\/03\/14524434_1106112876131411_958039263622046936_o.jpg?resize=350%2C200","width":350,"height":200,"srcset":"https:\/\/i0.wp.com\/www.grieta.org.mx\/wp-content\/uploads\/2018\/03\/14524434_1106112876131411_958039263622046936_o.jpg?resize=350%2C200 1x, https:\/\/i0.wp.com\/www.grieta.org.mx\/wp-content\/uploads\/2018\/03\/14524434_1106112876131411_958039263622046936_o.jpg?resize=525%2C300 1.5x, https:\/\/i0.wp.com\/www.grieta.org.mx\/wp-content\/uploads\/2018\/03\/14524434_1106112876131411_958039263622046936_o.jpg?resize=700%2C400 2x"},"classes":[]},{"id":4598,"url":"http:\/\/www.grieta.org.mx\/index.php\/2015\/11\/05\/habitantes-del-istmo-y-trabajadores-de-salud-protestan-por-abuso-sexual-a-joven-medica\/","url_meta":{"origin":4143,"position":1},"title":"Habitantes del Istmo y trabajadores de salud protestan por abuso sexual a joven m\u00e9dica","author":"grieta","date":"5 noviembre, 2015","format":false,"excerpt":"05\/11\/15. Detienen a dos implicados en la violaci\u00f3n tumultuaria de pasante de Medicina en el Istmo de Tehuantepec P\u00e1gina 3 29\/10\/15. Marchan m\u00e1s de mil trabajadores de salud en Comitancillo Istmo Press 27\/10\/15. Paran labores trabajadores del Sector Salud en el Istmo, exigen justicia por m\u00e9dica que sufri\u00f3 abuso sexual\u2026","rel":"","context":"En &quot;NOTICIAS NACIONALES&quot;","block_context":{"text":"NOTICIAS NACIONALES","link":"http:\/\/www.grieta.org.mx\/index.php\/category\/noticias-nacionales\/"},"img":{"alt_text":"","src":"https:\/\/i0.wp.com\/www.grieta.org.mx\/wp-content\/uploads\/2018\/03\/14524434_1106112876131411_958039263622046936_o.jpg?resize=350%2C200","width":350,"height":200,"srcset":"https:\/\/i0.wp.com\/www.grieta.org.mx\/wp-content\/uploads\/2018\/03\/14524434_1106112876131411_958039263622046936_o.jpg?resize=350%2C200 1x, https:\/\/i0.wp.com\/www.grieta.org.mx\/wp-content\/uploads\/2018\/03\/14524434_1106112876131411_958039263622046936_o.jpg?resize=525%2C300 1.5x, https:\/\/i0.wp.com\/www.grieta.org.mx\/wp-content\/uploads\/2018\/03\/14524434_1106112876131411_958039263622046936_o.jpg?resize=700%2C400 2x"},"classes":[]},{"id":4604,"url":"http:\/\/www.grieta.org.mx\/index.php\/2015\/11\/05\/detienen-a-dos-implicados-en-la-violacion-tumultuaria-de-pasante-de-medicina-en-el-istmo-de-tehuantepec\/","url_meta":{"origin":4143,"position":2},"title":"Detienen a dos implicados en la violaci\u00f3n tumultuaria de pasante de Medicina en el Istmo de Tehuantepec","author":"grieta","date":"5 noviembre, 2015","format":false,"excerpt":"Pedro Mat\u00edas, Oaxaca OAXACA, Oax. (pagina3.mx).- Agentes Estatales de Investigaci\u00f3n (AEI) detuvieron a dos de los cinco individuos que violaron a una pasante de Medicina del Centro de Salud de San Pedro Comitancillo. Fue el pasado 30 de octubre cuando fueron detenidos Juan Diego Calder\u00f3n Toledo y H\u00e9ctor Ojeda L\u00f3pez,\u2026","rel":"","context":"En &quot;CINTILLO&quot;","block_context":{"text":"CINTILLO","link":"http:\/\/www.grieta.org.mx\/index.php\/category\/cintillo\/"},"img":{"alt_text":"","src":"https:\/\/i0.wp.com\/www.grieta.org.mx\/wp-content\/uploads\/2018\/03\/14524434_1106112876131411_958039263622046936_o.jpg?resize=350%2C200","width":350,"height":200,"srcset":"https:\/\/i0.wp.com\/www.grieta.org.mx\/wp-content\/uploads\/2018\/03\/14524434_1106112876131411_958039263622046936_o.jpg?resize=350%2C200 1x, https:\/\/i0.wp.com\/www.grieta.org.mx\/wp-content\/uploads\/2018\/03\/14524434_1106112876131411_958039263622046936_o.jpg?resize=525%2C300 1.5x, https:\/\/i0.wp.com\/www.grieta.org.mx\/wp-content\/uploads\/2018\/03\/14524434_1106112876131411_958039263622046936_o.jpg?resize=700%2C400 2x"},"classes":[]},{"id":4602,"url":"http:\/\/www.grieta.org.mx\/index.php\/2015\/10\/29\/marchan-mas-de-mil-trabajadores-de-salud-en-comitancillo\/","url_meta":{"origin":4143,"position":3},"title":"Marchan m\u00e1s de mil trabajadores de salud en Comitancillo","author":"grieta","date":"29 octubre, 2015","format":false,"excerpt":"Diana Manzo, Oaxaca #Comitancillo 29 oct (#istmopress).- M\u00e1s de mil trabajadores de los Servicios de Salud de Oaxaca de 18 delegaciones sindicales en el Istmo de Tehuantepec marcharon para repudiar hechos contra una medico pasante, quien fue atacada sexual y f\u00edsicamente en el municipio de San Pedro Comitancillo el pasado\u2026","rel":"","context":"En &quot;CINTILLO&quot;","block_context":{"text":"CINTILLO","link":"http:\/\/www.grieta.org.mx\/index.php\/category\/cintillo\/"},"img":{"alt_text":"","src":"https:\/\/i0.wp.com\/www.grieta.org.mx\/wp-content\/uploads\/2018\/03\/14524434_1106112876131411_958039263622046936_o.jpg?resize=350%2C200","width":350,"height":200,"srcset":"https:\/\/i0.wp.com\/www.grieta.org.mx\/wp-content\/uploads\/2018\/03\/14524434_1106112876131411_958039263622046936_o.jpg?resize=350%2C200 1x, https:\/\/i0.wp.com\/www.grieta.org.mx\/wp-content\/uploads\/2018\/03\/14524434_1106112876131411_958039263622046936_o.jpg?resize=525%2C300 1.5x, https:\/\/i0.wp.com\/www.grieta.org.mx\/wp-content\/uploads\/2018\/03\/14524434_1106112876131411_958039263622046936_o.jpg?resize=700%2C400 2x"},"classes":[]},{"id":11776,"url":"http:\/\/www.grieta.org.mx\/index.php\/2016\/04\/28\/marchan-en-ixtepec-para-exigir-insumos-y-medicamentos-a-los-sso\/","url_meta":{"origin":4143,"position":4},"title":"Marchan en Ixtepec para exigir insumos y medicamentos a los SSO","author":"grieta","date":"28 abril, 2016","format":false,"excerpt":"P\u00e1gina 3. Diana Manzo, Ixtepec, Oaxaca.- Unos cien ciudadanos originarios de Ciudad Ixtepec y localidades de la sierra mixe\u2013zapoteca que se benefician con los servicios que presta el Hospital General conocido como \u201c30 Camas\u201d marcharon para exigir insumos y medicamentos al encargado del despacho de los Servicios de Salud de\u2026","rel":"","context":"En &quot;CINTILLO&quot;","block_context":{"text":"CINTILLO","link":"http:\/\/www.grieta.org.mx\/index.php\/category\/cintillo\/"},"img":{"alt_text":"","src":"https:\/\/i0.wp.com\/www.grieta.org.mx\/wp-content\/uploads\/2018\/03\/14524434_1106112876131411_958039263622046936_o.jpg?resize=350%2C200","width":350,"height":200,"srcset":"https:\/\/i0.wp.com\/www.grieta.org.mx\/wp-content\/uploads\/2018\/03\/14524434_1106112876131411_958039263622046936_o.jpg?resize=350%2C200 1x, https:\/\/i0.wp.com\/www.grieta.org.mx\/wp-content\/uploads\/2018\/03\/14524434_1106112876131411_958039263622046936_o.jpg?resize=525%2C300 1.5x, https:\/\/i0.wp.com\/www.grieta.org.mx\/wp-content\/uploads\/2018\/03\/14524434_1106112876131411_958039263622046936_o.jpg?resize=700%2C400 2x"},"classes":[]},{"id":24566,"url":"http:\/\/www.grieta.org.mx\/index.php\/2018\/05\/19\/ocultan-cifras-de-abuso-sexual-infantil-en-oaxaca\/","url_meta":{"origin":4143,"position":5},"title":"Ocultan cifras de abuso sexual infantil en Oaxaca","author":"grieta","date":"19 mayo, 2018","format":false,"excerpt":"Noticias. Nadia Altamirano, Inoperancia en investigaciones Quienes desde la sociedad civil organizada trabajan para la prevenci\u00f3n del abuso sexual infantil s\u00f3lo advierten de las autoridades opacidad e inoperancia, tanto en la investigaci\u00f3n como en la impartici\u00f3n de justicia. \u201cLa familia ofendida tiene que insistir, dar muchas vueltas y andar detr\u00e1s\u2026","rel":"","context":"En &quot;CINTILLO&quot;","block_context":{"text":"CINTILLO","link":"http:\/\/www.grieta.org.mx\/index.php\/category\/cintillo\/"},"img":{"alt_text":"","src":"https:\/\/i0.wp.com\/www.grieta.org.mx\/wp-content\/uploads\/2018\/05\/Cifra-violencia-1.jpg?resize=350%2C200","width":350,"height":200,"srcset":"https:\/\/i0.wp.com\/www.grieta.org.mx\/wp-content\/uploads\/2018\/05\/Cifra-violencia-1.jpg?resize=350%2C200 1x, https:\/\/i0.wp.com\/www.grieta.org.mx\/wp-content\/uploads\/2018\/05\/Cifra-violencia-1.jpg?resize=525%2C300 1.5x, https:\/\/i0.wp.com\/www.grieta.org.mx\/wp-content\/uploads\/2018\/05\/Cifra-violencia-1.jpg?resize=700%2C400 2x, https:\/\/i0.wp.com\/www.grieta.org.mx\/wp-content\/uploads\/2018\/05\/Cifra-violencia-1.jpg?resize=1050%2C600 3x"},"classes":[]}],"_links":{"self":[{"href":"http:\/\/www.grieta.org.mx\/index.php\/wp-json\/wp\/v2\/posts\/4143","targetHints":{"allow":["GET"]}}],"collection":[{"href":"http:\/\/www.grieta.org.mx\/index.php\/wp-json\/wp\/v2\/posts"}],"about":[{"href":"http:\/\/www.grieta.org.mx\/index.php\/wp-json\/wp\/v2\/types\/post"}],"author":[{"embeddable":true,"href":"http:\/\/www.grieta.org.mx\/index.php\/wp-json\/wp\/v2\/users\/2"}],"replies":[{"embeddable":true,"href":"http:\/\/www.grieta.org.mx\/index.php\/wp-json\/wp\/v2\/comments?post=4143"}],"version-history":[{"count":1,"href":"http:\/\/www.grieta.org.mx\/index.php\/wp-json\/wp\/v2\/posts\/4143\/revisions"}],"predecessor-version":[{"id":4599,"href":"http:\/\/www.grieta.org.mx\/index.php\/wp-json\/wp\/v2\/posts\/4143\/revisions\/4599"}],"wp:featuredmedia":[{"embeddable":true,"href":"http:\/\/www.grieta.org.mx\/index.php\/wp-json\/wp\/v2\/media\/21928"}],"wp:attachment":[{"href":"http:\/\/www.grieta.org.mx\/index.php\/wp-json\/wp\/v2\/media?parent=4143"}],"wp:term":[{"taxonomy":"category","embeddable":true,"href":"http:\/\/www.grieta.org.mx\/index.php\/wp-json\/wp\/v2\/categories?post=4143"},{"taxonomy":"post_tag","embeddable":true,"href":"http:\/\/www.grieta.org.mx\/index.php\/wp-json\/wp\/v2\/tags?post=4143"}],"curies":[{"name":"wp","href":"https:\/\/api.w.org\/{rel}","templated":true}]}}