{"id":41407,"date":"2019-11-19T22:12:14","date_gmt":"2019-11-20T04:12:14","guid":{"rendered":"http:\/\/www.grieta.org.mx\/?p=41407"},"modified":"2019-11-21T22:21:32","modified_gmt":"2019-11-22T04:21:32","slug":"estudiantes-protestan-frente-a-antigua-escuela-de-medicina-ciudad-de-mexico","status":"publish","type":"post","link":"http:\/\/www.grieta.org.mx\/index.php\/2019\/11\/19\/estudiantes-protestan-frente-a-antigua-escuela-de-medicina-ciudad-de-mexico\/","title":{"rendered":"Estudiantes protestan frente a Antigua Escuela de Medicina (Ciudad de M\u00e9xico)"},"content":{"rendered":"<p><img loading=\"lazy\" decoding=\"async\" data-attachment-id=\"41408\" data-permalink=\"http:\/\/www.grieta.org.mx\/index.php\/2019\/11\/19\/estudiantes-protestan-frente-a-antigua-escuela-de-medicina-ciudad-de-mexico\/estudiantes-protestan-frente-a-antigua-escuela-de-medicina-cdmx-nov\/\" data-orig-file=\"http:\/\/www.grieta.org.mx\/wp-content\/uploads\/2019\/11\/Estudiantes-protestan-frente-a-Antigua-Escuela-de-medicina-cdmx-nov.jpg\" data-orig-size=\"287,176\" data-comments-opened=\"0\" data-image-meta=\"{&quot;aperture&quot;:&quot;0&quot;,&quot;credit&quot;:&quot;&quot;,&quot;camera&quot;:&quot;&quot;,&quot;caption&quot;:&quot;&quot;,&quot;created_timestamp&quot;:&quot;0&quot;,&quot;copyright&quot;:&quot;&quot;,&quot;focal_length&quot;:&quot;0&quot;,&quot;iso&quot;:&quot;0&quot;,&quot;shutter_speed&quot;:&quot;0&quot;,&quot;title&quot;:&quot;&quot;,&quot;orientation&quot;:&quot;0&quot;}\" data-image-title=\"Estudiantes protestan frente a Antigua Escuela de medicina cdmx nov\" data-image-description=\"\" data-image-caption=\"\" data-medium-file=\"http:\/\/www.grieta.org.mx\/wp-content\/uploads\/2019\/11\/Estudiantes-protestan-frente-a-Antigua-Escuela-de-medicina-cdmx-nov.jpg\" data-large-file=\"http:\/\/www.grieta.org.mx\/wp-content\/uploads\/2019\/11\/Estudiantes-protestan-frente-a-Antigua-Escuela-de-medicina-cdmx-nov.jpg\" class=\"aligncenter wp-image-41408\" src=\"http:\/\/www.grieta.org.mx\/wp-content\/uploads\/2019\/11\/Estudiantes-protestan-frente-a-Antigua-Escuela-de-medicina-cdmx-nov.jpg\" alt=\"\" width=\"489\" height=\"300\" \/><br \/>\n<em>Foto: Teresa Moreno<\/em><\/p>\n<p>Teresa Moreno \/ El Universal<\/p>\n<blockquote><p>Reclaman la soluci\u00f3n inmediata de los 13 casos de violencia de g\u00e9nero que se han denunciado en la Preparatoria 4 y la FES Cuautitl\u00e1n<\/p><\/blockquote>\n<p>CDMX.- Integrantes de la Central de Estudiantes Universitarios se manifiestan esta ma\u00f1ana frente a la Antigua Escuela de Medicina, en el marco de la toma de protesta de Enrique Graue Wiechers como rector de la UNAM para el periodo 2019-2023.<\/p>\n<p>Los j\u00f3venes demandan que se les deje organizarse y que los funcionarios se abstengan de crear grupos de alumnos para dividir a las comunidades.<\/p>\n<p>Tambi\u00e9n reclaman la soluci\u00f3n inmediata de los 13 casos de violencia de g\u00e9nero que se han denunciado en la Preparatoria 4 y la FES Cuautitl\u00e1n, as\u00ed como la instalaci\u00f3n de Unidades Especializadas de Atenci\u00f3n a la Violencia de G\u00e9nero.<\/p>\n<p><a href=\"https:\/\/www.eluniversal.com.mx\/nacion\/estudiantes-protestan-frente-antigua-escuela-de-medicina\" target=\"_blank\" rel=\"noopener noreferrer\">https:\/\/www.eluniversal.com.mx\/nacion\/estudiantes-protestan-frente-antigua-escuela-de-medicina<\/a><\/p>\n","protected":false},"excerpt":{"rendered":"<p>Foto: Teresa Moreno Teresa Moreno \/ El Universal Reclaman la soluci\u00f3n inmediata de los 13 casos de violencia de g\u00e9nero que se han denunciado en la Preparatoria 4 y la &hellip; <a href=\"http:\/\/www.grieta.org.mx\/index.php\/2019\/11\/19\/estudiantes-protestan-frente-a-antigua-escuela-de-medicina-ciudad-de-mexico\/\" class=\"more-link\">Leer m\u00e1s<\/a><\/p>\n","protected":false},"author":2,"featured_media":41408,"comment_status":"closed","ping_status":"closed","sticky":false,"template":"","format":"standard","meta":{"ngg_post_thumbnail":0,"_jetpack_newsletter_access":"","_jetpack_dont_email_post_to_subs":false,"_jetpack_newsletter_tier_id":0,"_jetpack_memberships_contains_paywalled_content":false,"_jetpack_memberships_contains_paid_content":false,"footnotes":""},"categories":[80,14,916,1670,2,1699,83,1823,2388],"tags":[2442,2566,2286,381],"class_list":["post-41407","post","type-post","status-publish","format-standard","has-post-thumbnail","hentry","category-cintillo","category-ciudad-de-mexico","category-privatizacion-del-la-educacion-publica","category-movilizaciones-y-protestas-de-estudiantes-de-la-ciudad-de-mexico","category-noticias-nacionales","category-represion-a-estudiantes-en-la-ciudad-de-mexico","category-temas-nacionales","category-violencia-contra-estudiantes","category-violencia-contra-las-mujeres-en-la-ciudad-de-mexico","tag-acoso-contra-estudiantes","tag-crisis-en-el-sistema-educativo","tag-violencia-contra-la-mujer","tag-violencia-de-genero","entry"],"jetpack_featured_media_url":"http:\/\/www.grieta.org.mx\/wp-content\/uploads\/2019\/11\/Estudiantes-protestan-frente-a-Antigua-Escuela-de-medicina-cdmx-nov.jpg","jetpack_sharing_enabled":true,"jetpack_shortlink":"https:\/\/wp.me\/p7ZJR4-aLR","jetpack_likes_enabled":false,"jetpack-related-posts":[{"id":44006,"url":"http:\/\/www.grieta.org.mx\/index.php\/2020\/02\/06\/suman-16-escuelas-de-la-unam-en-paro-ciudad-de-mexico\/","url_meta":{"origin":41407,"position":0},"title":"Suman 16 escuelas de la UNAM en paro (Ciudad de M\u00e9xico)","author":"grieta","date":"6 febrero, 2020","format":false,"excerpt":"Foto: Archivo El Universal Teresa Moreno \/ El Universal Hoy se entreg\u00f3 CCH Vallejo, pero el plantel Oriente va a paro de 72 horas; mientras en Prepa 9, paristas nuevamente impidieron el paso de la directora Gabriela Mart\u00ednez, quien llevaba la respuesta a su pliego petitorio que envi\u00f3 el rector\u2026","rel":"","context":"En &quot;CINTILLO&quot;","block_context":{"text":"CINTILLO","link":"http:\/\/www.grieta.org.mx\/index.php\/category\/cintillo\/"},"img":{"alt_text":"","src":"https:\/\/i0.wp.com\/www.grieta.org.mx\/wp-content\/uploads\/2020\/02\/UNAM_-suman-16-escuelas-en-paro-cdmx-feb.jpg?resize=350%2C200","width":350,"height":200},"classes":[]},{"id":44010,"url":"http:\/\/www.grieta.org.mx\/index.php\/2020\/02\/06\/cecyt-7-del-ipn-analiza-realizar-paro-indefinido-ciudad-de-mexico\/","url_meta":{"origin":41407,"position":1},"title":"CECyT 7 del IPN analiza realizar paro indefinido (Ciudad de M\u00e9xico)","author":"grieta","date":"6 febrero, 2020","format":false,"excerpt":"Alumnos en Cecyt 7 del IPN. (Tomada de Rene Garc\u00eda) Selene Flores \/ Milenio En su pliego petitorio los alumnos del Centro de Estudios Cient\u00edficos y Tecnol\u00f3gicos (CECyT) 7 \u201cCuauht\u00e9moc\u201d, exigen entre otras cosas, el reabastecimiento de materiales de cada una de las especialidades t\u00e9cnicas y de los laboratorios de\u2026","rel":"","context":"En &quot;CINTILLO&quot;","block_context":{"text":"CINTILLO","link":"http:\/\/www.grieta.org.mx\/index.php\/category\/cintillo\/"},"img":{"alt_text":"","src":"https:\/\/i0.wp.com\/www.grieta.org.mx\/wp-content\/uploads\/2020\/02\/CECyT-7-del-IPN-analiza-realizar-paro-indefinido-cdmx-feb.jpg?resize=350%2C200","width":350,"height":200,"srcset":"https:\/\/i0.wp.com\/www.grieta.org.mx\/wp-content\/uploads\/2020\/02\/CECyT-7-del-IPN-analiza-realizar-paro-indefinido-cdmx-feb.jpg?resize=350%2C200 1x, https:\/\/i0.wp.com\/www.grieta.org.mx\/wp-content\/uploads\/2020\/02\/CECyT-7-del-IPN-analiza-realizar-paro-indefinido-cdmx-feb.jpg?resize=525%2C300 1.5x, https:\/\/i0.wp.com\/www.grieta.org.mx\/wp-content\/uploads\/2020\/02\/CECyT-7-del-IPN-analiza-realizar-paro-indefinido-cdmx-feb.jpg?resize=700%2C400 2x"},"classes":[]},{"id":41113,"url":"http:\/\/www.grieta.org.mx\/index.php\/2019\/11\/13\/prepa-9-continua-en-paro-regresarian-a-clases-el-viernes-ciudad-de-mexico\/","url_meta":{"origin":41407,"position":2},"title":"Prepa 9 contin\u00faa en paro, regresar\u00edan a clases el viernes (Ciudad de M\u00e9xico)","author":"grieta","date":"13 noviembre, 2019","format":false,"excerpt":"Foto tomada de @Comunidad_UNAM Excelsior Por segundo d\u00eda consecutivo, un grupo de estudiantes mantiene cerrado el plantel ubicado en Insurgentes Norte 1698, colonia Lindavista CIUDAD DE M\u00c9XICO Alumnos de la Escuela Nacional Preparatoria n\u00famero 9 contin\u00faan este mi\u00e9rcoles el paro estudiantil para exigir que termine la violencia de g\u00e9nero en\u2026","rel":"","context":"En &quot;CINTILLO&quot;","block_context":{"text":"CINTILLO","link":"http:\/\/www.grieta.org.mx\/index.php\/category\/cintillo\/"},"img":{"alt_text":"","src":"https:\/\/i0.wp.com\/www.grieta.org.mx\/wp-content\/uploads\/2019\/11\/Prepa-9-contin%C3%BAa-en-paro-regresar%C3%ADan-a-clases-el-viernes-cdmx-nov.jpg?resize=350%2C200","width":350,"height":200,"srcset":"https:\/\/i0.wp.com\/www.grieta.org.mx\/wp-content\/uploads\/2019\/11\/Prepa-9-contin%C3%BAa-en-paro-regresar%C3%ADan-a-clases-el-viernes-cdmx-nov.jpg?resize=350%2C200 1x, https:\/\/i0.wp.com\/www.grieta.org.mx\/wp-content\/uploads\/2019\/11\/Prepa-9-contin%C3%BAa-en-paro-regresar%C3%ADan-a-clases-el-viernes-cdmx-nov.jpg?resize=525%2C300 1.5x"},"classes":[]},{"id":40137,"url":"http:\/\/www.grieta.org.mx\/index.php\/2019\/10\/11\/alumnos-de-la-unam-marchan-contra-violencia-de-genero-y-porros-ciudad-de-mexico\/","url_meta":{"origin":41407,"position":3},"title":"Alumnos de la UNAM marchan contra violencia de g\u00e9nero y porros (Ciudad de M\u00e9xico)","author":"grieta","date":"11 octubre, 2019","format":false,"excerpt":"El Heraldo de M\u00e9xico La movilizaci\u00f3n de estudiantes recorri\u00f3 algunas de las facultades de la Universidad Nacional, para posteriormente desplazarse sobre avenida Insurgentes Sur Estudiantes de la Facultad de Ciencias Pol\u00edticas y Sociales de la Universidad Nacional Aut\u00f3noma de M\u00e9xico (UNAM) realizaron este viernes una marcha en contra de la\u2026","rel":"","context":"En &quot;CINTILLO&quot;","block_context":{"text":"CINTILLO","link":"http:\/\/www.grieta.org.mx\/index.php\/category\/cintillo\/"},"img":{"alt_text":"","src":"https:\/\/i0.wp.com\/www.grieta.org.mx\/wp-content\/uploads\/2019\/10\/Alumnos-de-la-UNAM-marchan-contra-violencia-de-g%C3%A9nero-y-porros-oct-cdmx.jpg?resize=350%2C200","width":350,"height":200,"srcset":"https:\/\/i0.wp.com\/www.grieta.org.mx\/wp-content\/uploads\/2019\/10\/Alumnos-de-la-UNAM-marchan-contra-violencia-de-g%C3%A9nero-y-porros-oct-cdmx.jpg?resize=350%2C200 1x, https:\/\/i0.wp.com\/www.grieta.org.mx\/wp-content\/uploads\/2019\/10\/Alumnos-de-la-UNAM-marchan-contra-violencia-de-g%C3%A9nero-y-porros-oct-cdmx.jpg?resize=525%2C300 1.5x"},"classes":[]},{"id":43859,"url":"http:\/\/www.grieta.org.mx\/index.php\/2020\/01\/31\/por-violencia-sexual-y-criminalizacion-paro-de-actividades-en-siete-escuelas-de-la-unam-ciudad-de-mexico\/","url_meta":{"origin":41407,"position":4},"title":"Por violencia sexual y criminalizaci\u00f3n, paro de actividades en siete escuelas de la UNAM (Ciudad de M\u00e9xico)","author":"grieta","date":"31 enero, 2020","format":false,"excerpt":"Contral\u00ednea Cuatro escuelas de la Universidad Nacional Aut\u00f3noma de M\u00e9xico se sumaron a los paros de actividades en demanda de soluci\u00f3n a la violencia sexual de g\u00e9nero que se padece en los recintos universitarios y del cese a la criminalizaci\u00f3n contra el movimiento feminista que reivindica el derecho de las\u2026","rel":"","context":"En &quot;CINTILLO&quot;","block_context":{"text":"CINTILLO","link":"http:\/\/www.grieta.org.mx\/index.php\/category\/cintillo\/"},"img":{"alt_text":"","src":"https:\/\/i0.wp.com\/www.grieta.org.mx\/wp-content\/uploads\/2020\/02\/Por-violencia-sexual-y-criminalizaci%C3%B3n-paro-de-actividades-en-siete-escuelas-de-la-UNAM-cdmx-ene.jpeg?resize=350%2C200","width":350,"height":200,"srcset":"https:\/\/i0.wp.com\/www.grieta.org.mx\/wp-content\/uploads\/2020\/02\/Por-violencia-sexual-y-criminalizaci%C3%B3n-paro-de-actividades-en-siete-escuelas-de-la-UNAM-cdmx-ene.jpeg?resize=350%2C200 1x, https:\/\/i0.wp.com\/www.grieta.org.mx\/wp-content\/uploads\/2020\/02\/Por-violencia-sexual-y-criminalizaci%C3%B3n-paro-de-actividades-en-siete-escuelas-de-la-UNAM-cdmx-ene.jpeg?resize=525%2C300 1.5x"},"classes":[]},{"id":41417,"url":"http:\/\/www.grieta.org.mx\/index.php\/2019\/11\/19\/encapuchados-toman-la-prepa-8-de-la-unam-por-violencia-de-genero-e-inseguridad-ciudad-de-mexico\/","url_meta":{"origin":41407,"position":5},"title":"Encapuchados toman la Prepa 8 de la UNAM por violencia de g\u00e9nero e inseguridad (Ciudad de M\u00e9xico)","author":"grieta","date":"19 noviembre, 2019","format":false,"excerpt":"Ixtlix\u00f3chitl L\u00f3pez \/ Proceso CIUDAD DE M\u00c9XICO (apro).- Un grupo de encapuchados tom\u00f3 este martes el plantel 8 de la Escuela Nacional Preparatoria de la UNAM \u201cMiguel E. Schulz\u201d, en protesta contra la violencia de g\u00e9nero y la inseguridad que se vive en el plantel. Los inconformes, quienes dijeron ser\u2026","rel":"","context":"En &quot;CINTILLO&quot;","block_context":{"text":"CINTILLO","link":"http:\/\/www.grieta.org.mx\/index.php\/category\/cintillo\/"},"img":{"alt_text":"","src":"https:\/\/i0.wp.com\/www.grieta.org.mx\/wp-content\/uploads\/2019\/11\/Encapuchados-toman-la-Prepa-8-de-la-UNAM-por-violencia-de-g%C3%A9nero-e-inseguridad-cdmx-nov.jpg?resize=350%2C200","width":350,"height":200,"srcset":"https:\/\/i0.wp.com\/www.grieta.org.mx\/wp-content\/uploads\/2019\/11\/Encapuchados-toman-la-Prepa-8-de-la-UNAM-por-violencia-de-g%C3%A9nero-e-inseguridad-cdmx-nov.jpg?resize=350%2C200 1x, https:\/\/i0.wp.com\/www.grieta.org.mx\/wp-content\/uploads\/2019\/11\/Encapuchados-toman-la-Prepa-8-de-la-UNAM-por-violencia-de-g%C3%A9nero-e-inseguridad-cdmx-nov.jpg?resize=525%2C300 1.5x"},"classes":[]}],"_links":{"self":[{"href":"http:\/\/www.grieta.org.mx\/index.php\/wp-json\/wp\/v2\/posts\/41407","targetHints":{"allow":["GET"]}}],"collection":[{"href":"http:\/\/www.grieta.org.mx\/index.php\/wp-json\/wp\/v2\/posts"}],"about":[{"href":"http:\/\/www.grieta.org.mx\/index.php\/wp-json\/wp\/v2\/types\/post"}],"author":[{"embeddable":true,"href":"http:\/\/www.grieta.org.mx\/index.php\/wp-json\/wp\/v2\/users\/2"}],"replies":[{"embeddable":true,"href":"http:\/\/www.grieta.org.mx\/index.php\/wp-json\/wp\/v2\/comments?post=41407"}],"version-history":[{"count":1,"href":"http:\/\/www.grieta.org.mx\/index.php\/wp-json\/wp\/v2\/posts\/41407\/revisions"}],"predecessor-version":[{"id":41410,"href":"http:\/\/www.grieta.org.mx\/index.php\/wp-json\/wp\/v2\/posts\/41407\/revisions\/41410"}],"wp:featuredmedia":[{"embeddable":true,"href":"http:\/\/www.grieta.org.mx\/index.php\/wp-json\/wp\/v2\/media\/41408"}],"wp:attachment":[{"href":"http:\/\/www.grieta.org.mx\/index.php\/wp-json\/wp\/v2\/media?parent=41407"}],"wp:term":[{"taxonomy":"category","embeddable":true,"href":"http:\/\/www.grieta.org.mx\/index.php\/wp-json\/wp\/v2\/categories?post=41407"},{"taxonomy":"post_tag","embeddable":true,"href":"http:\/\/www.grieta.org.mx\/index.php\/wp-json\/wp\/v2\/tags?post=41407"}],"curies":[{"name":"wp","href":"https:\/\/api.w.org\/{rel}","templated":true}]}}