{"id":41160,"date":"2019-09-25T22:17:42","date_gmt":"2019-09-26T03:17:42","guid":{"rendered":"http:\/\/www.grieta.org.mx\/?p=41160"},"modified":"2019-11-15T22:28:51","modified_gmt":"2019-11-16T04:28:51","slug":"crece-violencia-contra-defensores-de-migrantes","status":"publish","type":"post","link":"http:\/\/www.grieta.org.mx\/index.php\/2019\/09\/25\/crece-violencia-contra-defensores-de-migrantes\/","title":{"rendered":"Crece violencia contra defensores de migrantes"},"content":{"rendered":"<p><img loading=\"lazy\" decoding=\"async\" data-attachment-id=\"41161\" data-permalink=\"http:\/\/www.grieta.org.mx\/index.php\/2019\/09\/25\/crece-violencia-contra-defensores-de-migrantes\/colchones\/\" data-orig-file=\"http:\/\/www.grieta.org.mx\/wp-content\/uploads\/2019\/11\/colchones.jpg\" data-orig-size=\"1280,800\" data-comments-opened=\"0\" data-image-meta=\"{&quot;aperture&quot;:&quot;0&quot;,&quot;credit&quot;:&quot;&quot;,&quot;camera&quot;:&quot;&quot;,&quot;caption&quot;:&quot;&quot;,&quot;created_timestamp&quot;:&quot;0&quot;,&quot;copyright&quot;:&quot;&quot;,&quot;focal_length&quot;:&quot;0&quot;,&quot;iso&quot;:&quot;0&quot;,&quot;shutter_speed&quot;:&quot;0&quot;,&quot;title&quot;:&quot;&quot;,&quot;orientation&quot;:&quot;0&quot;}\" data-image-title=\"colchones\" data-image-description=\"\" data-image-caption=\"\" data-medium-file=\"http:\/\/www.grieta.org.mx\/wp-content\/uploads\/2019\/11\/colchones-300x188.jpg\" data-large-file=\"http:\/\/www.grieta.org.mx\/wp-content\/uploads\/2019\/11\/colchones-1024x640.jpg\" class=\"aligncenter wp-image-41161\" src=\"http:\/\/www.grieta.org.mx\/wp-content\/uploads\/2019\/11\/colchones.jpg\" alt=\"\" width=\"800\" height=\"500\" srcset=\"http:\/\/www.grieta.org.mx\/wp-content\/uploads\/2019\/11\/colchones.jpg 1280w, http:\/\/www.grieta.org.mx\/wp-content\/uploads\/2019\/11\/colchones-300x188.jpg 300w, http:\/\/www.grieta.org.mx\/wp-content\/uploads\/2019\/11\/colchones-768x480.jpg 768w, http:\/\/www.grieta.org.mx\/wp-content\/uploads\/2019\/11\/colchones-1024x640.jpg 1024w, http:\/\/www.grieta.org.mx\/wp-content\/uploads\/2019\/11\/colchones-800x500.jpg 800w\" sizes=\"auto, (max-width: 800px) 100vw, 800px\" \/><\/p>\n<blockquote><p>Un informe de organizaciones civiles revela que en 2018 fueron asesinados 48 defensores de derechos humanos y tres personas que ayudaban a migrantes fueron desaparecidas en el norte de M\u00e9xico. Las agresiones, se\u00f1alan organizaciones civiles, siguen en aumento<\/p><\/blockquote>\n<p>Texto: Vania Pigeonutt; Foto: Duilio Rodriguez\/ Archivo\/ PIE DE P\u00c1GINA<\/p>\n<p>CIUDAD DE M\u00c9XICO.- El sacerdote El\u00edas D\u00e1vila Espinoza, encargado del albergue La Sagrada Familia, se percat\u00f3 hasta el d\u00eda siguiente que alguien se meti\u00f3 a su oficina, y quem\u00f3 objetos destinados a ayudar a migrantes en tr\u00e1nsito por Apizaco, Tlaxcala. \u00c9l lo atribuye a una estrategia gubernamental de rechazo a las personas que huyen de sus pa\u00edses por la violencia, o buscan mejorar sus vidas.<\/p>\n<p>Esto se suma a las agresiones contra activistas: en 2018 48 defensores de derechos humanos fueron asesinados y tres personas que ayudaban a migrantes fueron desaparecidas en el norte de M\u00e9xico, de acuerdo con el informe \u201cDefensores sin muros: personas defensoras de derechos humanos criminalizadas en Centroam\u00e9rica, M\u00e9xico y Estados Unidos\u201d.<\/p>\n<p>Durante el sexenio pasado del priista Enrique Pe\u00f1a Nieto, 161 activistas fueron asesinados y hostigados.<\/p>\n<p>En conferencia de prensa en el Centro Nacional de Comunicaci\u00f3n Social, Sandra Patargo, de Front Line Defenders, puntualiz\u00f3 que ante el endurecimiento de la pol\u00edtica migratoria del presidente de Estados Unidos, Donald Trump, y la aceptaci\u00f3n de pa\u00edses como M\u00e9xico, Honduras y El Salvador, hay una crisis regional de agresiones contra los migrantes, refugiados, solicitantes de asilo y sus defensores. Lo traduce como una estrategia articulada para prohibirle a los migrantes el tr\u00e1nsito en otros pa\u00edses.<\/p>\n<p>\u201cM\u00e9xico es un pa\u00eds sumamente peligroso para la defensa de los derechos humanos. Tan s\u00f3lo en nuestro informe de 2018, documentamos 48 asesinatos a personas de derechos humanos en M\u00e9xico; siendo M\u00e9xico el segundo pa\u00eds con m\u00e1s asesinatos de personas en el mundo, s\u00f3lo despu\u00e9s de Colombia. Y desafortunadamente esta tendencia no se ha reducido\u201d, alerta la activista.<\/p>\n<p>En su informe que comprende el a\u00f1o 2018, Front Line Defenders, la Red TDT y el Programa de Asuntos Migratorios de la Universidad Iberoamericana Ciudad de M\u00e9xico\u2013Tijuana documentaron 69 agresiones, riesgos y amenazas que enfrentan las personas defensoras de derechos humanos.<\/p>\n<p>Los activistas documentaron los casos ya judicializados de dos activistas: Irineo Mujica, director de la asociaci\u00f3n Pueblo Sin Fronteras, quien lleg\u00f3 el pasado 10 de agosto a su casa en Sonoyta, Sonora, donde encontr\u00f3 a dos carros particulares estacionados en la entrada y dos personas armadas con pistolas y vestidas de civil. El informe se\u00f1ala a sus agresores como \u201cagentes vestidos de civil que dijeron ser polic\u00edas\u201d.<\/p>\n<p>Y el caso de Crist\u00f3bal S\u00e1nchez S\u00e1nchez, quien ha trabajado temas de migraci\u00f3n durante los \u00faltimos 15 a\u00f1os, y fund\u00f3 el Colectivo de Cultura Migrante.<\/p>\n<p>Alberto Xicot\u00e9ncatl, de Casa del Migrante de Saltillo y presidente del Consejo Consultivo del Mecanismo de Protecci\u00f3n para Personas Defensoras de Derechos Humanos y Periodistas, detall\u00f3 que fueron detenidos sin ninguna justificaci\u00f3n y sin pruebas. Tambi\u00e9n lament\u00f3 las declaraciones de la secretaria de Gobernaci\u00f3n, Olga S\u00e1nchez Cordero, al otro d\u00eda de la liberaci\u00f3n de los defensores a inicios de junio.<\/p>\n<p>La funcionaria dijo en un programa de televisi\u00f3n que \u201cotras personas que integran esta organizaci\u00f3n civil realmente han provocado esas caravanas. Entonces, que el juez haya determinado que no hubo elementos suficientes es que a lo mejor no estuvo bien integrada la carpeta de investigaci\u00f3n\u201d.<\/p>\n<p>A juicio de Xicot\u00e9ncatl, existe una campa\u00f1a de odio contra los migrantes y las personas que los defienden, gestada desde un acuerdo migratorio que, en su opini\u00f3n, se dio bajo un contexto en el que Estados Unidos oblig\u00f3 a M\u00e9xico a endurecer su pol\u00edtica y desplegar a la Guardia Nacional, lo que se refleja incluso en estados que no son fronterizos, como Tlaxcala.<\/p>\n<p>El padre El\u00edas recuerda que despu\u00e9s de denunciar ante el Ministerio P\u00fablico de Tlaxcala, la persona que ingres\u00f3 tard\u00f3 unos 20 minutos en romper ventanas, meterse a la oficina donde descansa su contabilidad, hacer los destrozos y dejar ese mensaje, que a su juicio va dirigido contra los migrantes.<\/p>\n<p>Las amenazas han escalado a mensajes an\u00f3nimos de muerte contra integrantes del albergue que dirige. Nunca hab\u00eda vivido en tiempos de tanto acoso, asegura.<\/p>\n<p>En el informe presentado, los activistas registran que en mayo de 2019, 132 mil 880 personas migrantes fueron detenidas por las autoridades estadounidenses en la frontera con M\u00e9xico, el n\u00famero m\u00e1s alto en la d\u00e9cada.<\/p>\n<p>Familias y ni\u00f1os migrantes llegan en n\u00fameros hist\u00f3ricos: la Patrulla Fronteriza detuvo m\u00e1s de 36 mil familias en febrero de 2019, el n\u00famero m\u00e1s alto desde que se empezaron a documentar las detenciones de unidades familiares en 2012. El documento se\u00f1ala que los gobiernos a lo largo de las rutas migratorias de Am\u00e9rica \u2013incluido el de L\u00f3pez Obrador\u2013 violan sistem\u00e1ticamente los derechos de personas migrantes, refugiadas y solicitantes de asilo.<\/p>\n<p>Pueden ser v\u00edctimas de discriminaci\u00f3n, extorsi\u00f3n, abuso f\u00edsico y sexual, trata de personas, secuestro, robo, detenci\u00f3n y desaparici\u00f3n por parte de autoridades y del crimen organizado.<\/p>\n<p>Las agresiones y homicidios se concentran en los estados lim\u00edtrofes al norte del pa\u00eds: Baja California, Sonora, Chihuahua, Coahuila, Nuevo Le\u00f3n y Tamaulipas. Tambi\u00e9n Chiapas y Tabasco. El an\u00e1lisis comprende las ciudades norteamericanas de California, Arizona y Texas.<\/p>\n<p>Carolina Jim\u00e9nez Sandoval, directora de Investigaci\u00f3n para las Am\u00e9ricas de Amnist\u00eda Internacional, mostr\u00f3 el informe de su organizaci\u00f3n llamado \u201cSalvar vidas no es un delito\u201d y denunci\u00f3 que EEUU, al igual que los pa\u00edses de la regi\u00f3n de tr\u00e1nsito migratorio, tienen una estrategia de acoso. En este caso se llama \u201cOasis\u201d, donde el gobierno norteamericano tiene una lista con los nombres de las personas dedicadas a ayudar a migrantes.<\/p>\n<p>&nbsp;<\/p>\n","protected":false},"excerpt":{"rendered":"<p>Un informe de organizaciones civiles revela que en 2018 fueron asesinados 48 defensores de derechos humanos y tres personas que ayudaban a migrantes fueron desaparecidas en el norte de M\u00e9xico. &hellip; <a href=\"http:\/\/www.grieta.org.mx\/index.php\/2019\/09\/25\/crece-violencia-contra-defensores-de-migrantes\/\" class=\"more-link\">Leer m\u00e1s<\/a><\/p>\n","protected":false},"author":2,"featured_media":21928,"comment_status":"closed","ping_status":"closed","sticky":false,"template":"","format":"standard","meta":{"ngg_post_thumbnail":0,"_jetpack_newsletter_access":"","_jetpack_dont_email_post_to_subs":false,"_jetpack_newsletter_tier_id":0,"_jetpack_memberships_contains_paywalled_content":false,"_jetpack_memberships_contains_paid_content":false,"footnotes":""},"categories":[80,86,370,83],"tags":[2599,2937],"class_list":["post-41160","post","type-post","status-publish","format-standard","has-post-thumbnail","hentry","category-cintillo","category-migrantes","category-migrantes-analisis","category-temas-nacionales","tag-persecucion-contra-defensores-de-derechos-de-migrantes","tag-violencia-contra-defensores-de-migrantes","entry"],"jetpack_featured_media_url":"http:\/\/www.grieta.org.mx\/wp-content\/uploads\/2018\/03\/14524434_1106112876131411_958039263622046936_o.jpg","jetpack_sharing_enabled":true,"jetpack_shortlink":"https:\/\/wp.me\/p7ZJR4-aHS","jetpack_likes_enabled":false,"jetpack-related-posts":[{"id":60757,"url":"http:\/\/www.grieta.org.mx\/index.php\/2021\/07\/23\/voluntarios-y-migrantes-denuncian-agresion-de-policias-de-coahuila\/","url_meta":{"origin":41160,"position":0},"title":"Voluntarios y migrantes denuncian agresi\u00f3n de polic\u00edas de Coahuila","author":"grieta","date":"23 julio, 2021","format":false,"excerpt":"Personal voluntario del Centro de D\u00eda para Migrantes Jes\u00fas Torres y migrantes hondure\u00f1os denunciaron que fueron agredidos por agentes de la Polic\u00eda de Acci\u00f3n y Reacci\u00f3n de Coahuila. Gloria Leticia D\u00edaz\/ PROCESO CIUDAD DE M\u00c9XICO (apro).- Personal voluntario del Centro de D\u00eda para Migrantes Jes\u00fas Torres y personas de nacionalidad\u2026","rel":"","context":"En &quot;CINTILLO&quot;","block_context":{"text":"CINTILLO","link":"http:\/\/www.grieta.org.mx\/index.php\/category\/cintillo\/"},"img":{"alt_text":"","src":"https:\/\/i0.wp.com\/www.grieta.org.mx\/wp-content\/uploads\/2021\/07\/f800x450-139427_190873_5050.jpg?resize=350%2C200","width":350,"height":200,"srcset":"https:\/\/i0.wp.com\/www.grieta.org.mx\/wp-content\/uploads\/2021\/07\/f800x450-139427_190873_5050.jpg?resize=350%2C200 1x, https:\/\/i0.wp.com\/www.grieta.org.mx\/wp-content\/uploads\/2021\/07\/f800x450-139427_190873_5050.jpg?resize=525%2C300 1.5x, https:\/\/i0.wp.com\/www.grieta.org.mx\/wp-content\/uploads\/2021\/07\/f800x450-139427_190873_5050.jpg?resize=700%2C400 2x"},"classes":[]},{"id":36033,"url":"http:\/\/www.grieta.org.mx\/index.php\/2019\/07\/03\/hostigan-a-defensores-de-los-migrantes\/","url_meta":{"origin":41160,"position":1},"title":"Hostigan a defensores de los migrantes","author":"Admin","date":"3 julio, 2019","format":false,"excerpt":"Redacci\u00f3n \/ EL POPULAR Defensores de los derechos de los migrantes, abogados, periodistas, refugiados y solicitantes de asilo son el blanco de una campa\u00f1a de \u201cacoso\u201d, intimidaci\u00f3n y amenazas por parte de autoridades de M\u00e9xico y Estados Unidos, denunci\u00f3 este martes Amnist\u00eda Internacional (AI). Erika Guevara Rosas, directora para las\u2026","rel":"","context":"En &quot;CINTILLO&quot;","block_context":{"text":"CINTILLO","link":"http:\/\/www.grieta.org.mx\/index.php\/category\/cintillo\/"},"img":{"alt_text":"","src":"https:\/\/i0.wp.com\/www.grieta.org.mx\/wp-content\/uploads\/2019\/07\/hostigan-a-defensores-de-los-migrantes-0cc0c7641e16e795ed2625ab7af56fc6.png?resize=350%2C200","width":350,"height":200,"srcset":"https:\/\/i0.wp.com\/www.grieta.org.mx\/wp-content\/uploads\/2019\/07\/hostigan-a-defensores-de-los-migrantes-0cc0c7641e16e795ed2625ab7af56fc6.png?resize=350%2C200 1x, https:\/\/i0.wp.com\/www.grieta.org.mx\/wp-content\/uploads\/2019\/07\/hostigan-a-defensores-de-los-migrantes-0cc0c7641e16e795ed2625ab7af56fc6.png?resize=525%2C300 1.5x, https:\/\/i0.wp.com\/www.grieta.org.mx\/wp-content\/uploads\/2019\/07\/hostigan-a-defensores-de-los-migrantes-0cc0c7641e16e795ed2625ab7af56fc6.png?resize=700%2C400 2x"},"classes":[]},{"id":43909,"url":"http:\/\/www.grieta.org.mx\/index.php\/2020\/01\/31\/interponen-amparo-contra-inm-por-impedir-a-defensores-ingreso-a-estaciones-migratorias\/","url_meta":{"origin":41160,"position":2},"title":"Interponen amparo contra INM por impedir a defensores ingreso a estaciones migratorias","author":"grieta","date":"31 enero, 2020","format":false,"excerpt":"Viridiana Garc\u00eda\/ CONTRAL\u00cdNEA \u00a0 Organizaciones defensoras de derechos de personas migrantes y con necesidades de protecci\u00f3n internacional manifestaron en conferencia su rechazo a la pol\u00edtica que suspende el ingreso a integrantes de asociaciones religiosas y de la sociedad civil a las estaciones migratorias y estancias provisionales, emitida el pasado martes\u2026","rel":"","context":"En &quot;CINTILLO&quot;","block_context":{"text":"CINTILLO","link":"http:\/\/www.grieta.org.mx\/index.php\/category\/cintillo\/"},"img":{"alt_text":"","src":"https:\/\/i0.wp.com\/www.grieta.org.mx\/wp-content\/uploads\/2018\/03\/14524434_1106112876131411_958039263622046936_o.jpg?resize=350%2C200","width":350,"height":200,"srcset":"https:\/\/i0.wp.com\/www.grieta.org.mx\/wp-content\/uploads\/2018\/03\/14524434_1106112876131411_958039263622046936_o.jpg?resize=350%2C200 1x, https:\/\/i0.wp.com\/www.grieta.org.mx\/wp-content\/uploads\/2018\/03\/14524434_1106112876131411_958039263622046936_o.jpg?resize=525%2C300 1.5x, https:\/\/i0.wp.com\/www.grieta.org.mx\/wp-content\/uploads\/2018\/03\/14524434_1106112876131411_958039263622046936_o.jpg?resize=700%2C400 2x"},"classes":[]},{"id":35790,"url":"http:\/\/www.grieta.org.mx\/index.php\/2019\/07\/02\/amnistia-internacional-acusa-a-mexico-y-eu-de-intimidar-a-defensores-de-migrantes\/","url_meta":{"origin":41160,"position":3},"title":"Amnist\u00eda Internacional acusa a M\u00e9xico y EU de intimidar a defensores de migrantes","author":"grieta","date":"2 julio, 2019","format":false,"excerpt":"Redacci\u00f3n\/ PROCESO CIUDAD DE M\u00c9XICO (Apro).- La organizaci\u00f3n Amnist\u00eda Internacional (AI) acus\u00f3 a los gobiernos mexicano y estadounidense por, presuntamente, llevar a cabo una campa\u00f1a de hostigamiento, intimidaci\u00f3n y acoso en contra de defensores de migrantes que intentan cruzar la frontera de ambos pa\u00edses. De acuerdo con el semanario Zeta,\u2026","rel":"","context":"En &quot;CINTILLO&quot;","block_context":{"text":"CINTILLO","link":"http:\/\/www.grieta.org.mx\/index.php\/category\/cintillo\/"},"img":{"alt_text":"","src":"https:\/\/i0.wp.com\/www.grieta.org.mx\/wp-content\/uploads\/2019\/07\/En-hombros.jpg?resize=350%2C200","width":350,"height":200,"srcset":"https:\/\/i0.wp.com\/www.grieta.org.mx\/wp-content\/uploads\/2019\/07\/En-hombros.jpg?resize=350%2C200 1x, https:\/\/i0.wp.com\/www.grieta.org.mx\/wp-content\/uploads\/2019\/07\/En-hombros.jpg?resize=525%2C300 1.5x, https:\/\/i0.wp.com\/www.grieta.org.mx\/wp-content\/uploads\/2019\/07\/En-hombros.jpg?resize=700%2C400 2x, https:\/\/i0.wp.com\/www.grieta.org.mx\/wp-content\/uploads\/2019\/07\/En-hombros.jpg?resize=1050%2C600 3x"},"classes":[]},{"id":63915,"url":"http:\/\/www.grieta.org.mx\/index.php\/2022\/04\/01\/condenan-represion-y-violencia-contra-migrantes-en-tapachula\/","url_meta":{"origin":41160,"position":4},"title":"Condenan \u201crepresi\u00f3n y violencia\u201d contra migrantes en Tapachula","author":"grieta","date":"1 abril, 2022","format":false,"excerpt":"Organizaciones defensoras de derechos humanos condenaron la \u201crepresi\u00f3n y violencia\u201d en el operativo de la Guardia Nacional y el INM contra migrantes que salieron en caravana de Tapachula. CIUDAD DE M\u00c9XICO (apro).\u2013 Organizaciones defensoras de derechos humanos condenaron la \u201crepresi\u00f3n y violencia\u201d en el operativo que la Guardia Nacional y\u2026","rel":"","context":"En &quot;CINTILLO&quot;","block_context":{"text":"CINTILLO","link":"http:\/\/www.grieta.org.mx\/index.php\/category\/cintillo\/"},"img":{"alt_text":"","src":"https:\/\/i0.wp.com\/www.grieta.org.mx\/wp-content\/uploads\/2022\/04\/152693.jpg?resize=350%2C200","width":350,"height":200,"srcset":"https:\/\/i0.wp.com\/www.grieta.org.mx\/wp-content\/uploads\/2022\/04\/152693.jpg?resize=350%2C200 1x, https:\/\/i0.wp.com\/www.grieta.org.mx\/wp-content\/uploads\/2022\/04\/152693.jpg?resize=525%2C300 1.5x, https:\/\/i0.wp.com\/www.grieta.org.mx\/wp-content\/uploads\/2022\/04\/152693.jpg?resize=700%2C400 2x, https:\/\/i0.wp.com\/www.grieta.org.mx\/wp-content\/uploads\/2022\/04\/152693.jpg?resize=1050%2C600 3x"},"classes":[]},{"id":61483,"url":"http:\/\/www.grieta.org.mx\/index.php\/2021\/09\/03\/colectivo-acusa-a-la-guardia-nacional-y-al-inm-de-uso-excesivo-de-la-fuerza-contra-migrantes\/","url_meta":{"origin":41160,"position":5},"title":"Colectivo acusa a la Guardia Nacional y al INM de uso excesivo de la fuerza contra migrantes","author":"grieta","date":"3 septiembre, 2021","format":false,"excerpt":"\"Se siguen perpetrando operativos violentos que separan a las familias y acciones graves a violaciones a derechos humanos\", se\u00f1al\u00f3 la organizaci\u00f3n no gubernamental. Isa\u00edn Mandujano\/ PROCESO TUXTLA GUTI\u00c9RREZ, Chis. (apro).- El Colectivo de Observaci\u00f3n y Monitoreo de Derechos Humanos en el Sureste Mexicano denunci\u00f3 este jueves el uso excesivo de\u2026","rel":"","context":"En &quot;CINTILLO&quot;","block_context":{"text":"CINTILLO","link":"http:\/\/www.grieta.org.mx\/index.php\/category\/cintillo\/"},"img":{"alt_text":"","src":"https:\/\/i0.wp.com\/www.grieta.org.mx\/wp-content\/uploads\/2021\/09\/141915.jpeg?resize=350%2C200","width":350,"height":200,"srcset":"https:\/\/i0.wp.com\/www.grieta.org.mx\/wp-content\/uploads\/2021\/09\/141915.jpeg?resize=350%2C200 1x, https:\/\/i0.wp.com\/www.grieta.org.mx\/wp-content\/uploads\/2021\/09\/141915.jpeg?resize=525%2C300 1.5x, https:\/\/i0.wp.com\/www.grieta.org.mx\/wp-content\/uploads\/2021\/09\/141915.jpeg?resize=700%2C400 2x, https:\/\/i0.wp.com\/www.grieta.org.mx\/wp-content\/uploads\/2021\/09\/141915.jpeg?resize=1050%2C600 3x"},"classes":[]}],"_links":{"self":[{"href":"http:\/\/www.grieta.org.mx\/index.php\/wp-json\/wp\/v2\/posts\/41160","targetHints":{"allow":["GET"]}}],"collection":[{"href":"http:\/\/www.grieta.org.mx\/index.php\/wp-json\/wp\/v2\/posts"}],"about":[{"href":"http:\/\/www.grieta.org.mx\/index.php\/wp-json\/wp\/v2\/types\/post"}],"author":[{"embeddable":true,"href":"http:\/\/www.grieta.org.mx\/index.php\/wp-json\/wp\/v2\/users\/2"}],"replies":[{"embeddable":true,"href":"http:\/\/www.grieta.org.mx\/index.php\/wp-json\/wp\/v2\/comments?post=41160"}],"version-history":[{"count":1,"href":"http:\/\/www.grieta.org.mx\/index.php\/wp-json\/wp\/v2\/posts\/41160\/revisions"}],"predecessor-version":[{"id":41162,"href":"http:\/\/www.grieta.org.mx\/index.php\/wp-json\/wp\/v2\/posts\/41160\/revisions\/41162"}],"wp:featuredmedia":[{"embeddable":true,"href":"http:\/\/www.grieta.org.mx\/index.php\/wp-json\/wp\/v2\/media\/21928"}],"wp:attachment":[{"href":"http:\/\/www.grieta.org.mx\/index.php\/wp-json\/wp\/v2\/media?parent=41160"}],"wp:term":[{"taxonomy":"category","embeddable":true,"href":"http:\/\/www.grieta.org.mx\/index.php\/wp-json\/wp\/v2\/categories?post=41160"},{"taxonomy":"post_tag","embeddable":true,"href":"http:\/\/www.grieta.org.mx\/index.php\/wp-json\/wp\/v2\/tags?post=41160"}],"curies":[{"name":"wp","href":"https:\/\/api.w.org\/{rel}","templated":true}]}}