{"id":4112,"date":"2015-02-27T13:32:38","date_gmt":"2015-02-27T13:32:38","guid":{"rendered":"http:\/\/50.22.11.12\/~grietaor\/?p=4112"},"modified":"2016-03-21T13:57:21","modified_gmt":"2016-03-21T13:57:21","slug":"juchitan-se-unio-a-la-novena-accion-global-por-ayotzinapa","status":"publish","type":"post","link":"http:\/\/www.grieta.org.mx\/index.php\/2015\/02\/27\/juchitan-se-unio-a-la-novena-accion-global-por-ayotzinapa\/","title":{"rendered":"Juchit\u00e1n se uni\u00f3 a la Novena Acci\u00f3n Global por Ayotzinapa"},"content":{"rendered":"<p>Revoluci\u00f3n 3.0, Oaxaca<\/p>\n<p>(27 de febrero, 2015).- Estudiantes, defensores sociales y habitantes de la ciudad Juchit\u00e1n marcharon para exigir, como en muchas otras partes del pa\u00eds la aparici\u00f3n con vida de los 43 j\u00f3venes normalistas de la Escuela Normal Rural \u201cRa\u00fal Isidro Burgos\u201d de Ayotzinapa que cumplieron cinco meses de desaparecidos.<\/p>\n<p>\u201cA pesar de que somos pocos, los que estamos somos conscientes con nuestros hermanos, con los familiares de los normalistas, son 43 personas que desaparecieron en nuestro pa\u00eds y existen muchos m\u00e1s, esto es una lucha y resistencia de conciencia\u201d, indic\u00f3 uno de los j\u00f3venes integrantes del Comit\u00e9 de Solidaridad por Ayotzinapa de Juchit\u00e1n<\/p>\n<p>En la marcha asistieron j\u00f3venes pertenecientes a las escuelas de la Escuela Normal Urbana Federal del Istmo (ENUFI), la preparatoria Los Maristas e integrantes de la Asamblea Popular del Pueblo Juchiteco (APPJ) portando grandes mantas y pancartas que exig\u00edan la aparici\u00f3n de los cuarenta y tres.<\/p>\n<p>Esta lucha por hacer conciencia de lo ocurrido, para Dal\u00ed Mart\u00ednez, habitante de esta ciudad, es constante y ha demostrado tambi\u00e9n que los j\u00f3venes habitantes del Itsmo est\u00e1n unidos defendiendo el esclarecimiento de este caso y su aparici\u00f3n con vida.<\/p>\n<p>\u201cEl gobierno mexicano es el \u00fanico culpable de lo que nos pasa, en Oaxaca la resistencia es viva y latente, por eso seguimos luchando y exigiendo y lo vamos hacer hasta que aparezcan nuestros hermanos de Guerrero\u201d, indic\u00f3 Mariano L\u00f3pez, integrante de la Asamblea Popular del Pueblo Juchiteco (APPJ).<\/p>\n<p>De acuerdo con un reportaje, realizado por P\u00e1gina3, los j\u00f3venes al concluir la marcha exhortaron al gobierno a detener la persecuci\u00f3n en contra de estos l\u00edderes sociales y exigieron justicia \u00fd presentaci\u00f3n con vida de los j\u00f3venes normalistas.<\/p>\n<p>oaxacatrespuntocero.com\/juchitan-se-unio-a-la-novena-accion-global-por-ayotzinapa\/<\/p>\n","protected":false},"excerpt":{"rendered":"<p>Revoluci\u00f3n 3.0, Oaxaca (27 de febrero, 2015).- Estudiantes, defensores sociales y habitantes de la ciudad Juchit\u00e1n marcharon para exigir, como en muchas otras partes del pa\u00eds la aparici\u00f3n con vida &hellip; <a href=\"http:\/\/www.grieta.org.mx\/index.php\/2015\/02\/27\/juchitan-se-unio-a-la-novena-accion-global-por-ayotzinapa\/\" class=\"more-link\">Leer m\u00e1s<\/a><\/p>\n","protected":false},"author":2,"featured_media":21928,"comment_status":"closed","ping_status":"open","sticky":false,"template":"","format":"standard","meta":{"ngg_post_thumbnail":0,"_jetpack_newsletter_access":"","_jetpack_dont_email_post_to_subs":false,"_jetpack_newsletter_tier_id":0,"_jetpack_memberships_contains_paywalled_content":false,"_jetpack_memberships_contains_paid_content":false,"footnotes":""},"categories":[80],"tags":[119,174,121],"class_list":["post-4112","post","type-post","status-publish","format-standard","has-post-thumbnail","hentry","category-cintillo","tag-ayotzinapa","tag-derechos-humanos","tag-desaparecidos","entry"],"jetpack_featured_media_url":"http:\/\/www.grieta.org.mx\/wp-content\/uploads\/2018\/03\/14524434_1106112876131411_958039263622046936_o.jpg","jetpack_sharing_enabled":true,"jetpack_shortlink":"https:\/\/wp.me\/p7ZJR4-14k","jetpack_likes_enabled":false,"jetpack-related-posts":[{"id":4110,"url":"http:\/\/www.grieta.org.mx\/index.php\/2015\/02\/23\/padres-de-normalistas-dejan-istmo-con-marcha-exigen-presentacion-con-vida-de-sus-hijos\/","url_meta":{"origin":4112,"position":0},"title":"Padres de normalistas dejan Istmo; con marcha exigen presentaci\u00f3n con vida de sus hijos","author":"grieta","date":"23 febrero, 2015","format":false,"excerpt":"Diana Manzo, Oaxaca JUCHIT\u00c1N, OAX., (pagina3.mx).- Familiares de los normalistas desaparecidos de Ayotzinapa se despidieron de la ciudad zapoteca de Juchit\u00e1n con una marcha por las principales calles acompa\u00f1ados del Comit\u00e9 de Solidaridad por Ayotzinapa y exigieron al gobierno mexicano la presentaci\u00f3n con vida de los 43 normalistas que desaparecieron\u2026","rel":"","context":"En &quot;CINTILLO&quot;","block_context":{"text":"CINTILLO","link":"http:\/\/www.grieta.org.mx\/index.php\/category\/cintillo\/"},"img":{"alt_text":"","src":"https:\/\/i0.wp.com\/www.grieta.org.mx\/wp-content\/uploads\/2018\/03\/14524434_1106112876131411_958039263622046936_o.jpg?resize=350%2C200","width":350,"height":200,"srcset":"https:\/\/i0.wp.com\/www.grieta.org.mx\/wp-content\/uploads\/2018\/03\/14524434_1106112876131411_958039263622046936_o.jpg?resize=350%2C200 1x, https:\/\/i0.wp.com\/www.grieta.org.mx\/wp-content\/uploads\/2018\/03\/14524434_1106112876131411_958039263622046936_o.jpg?resize=525%2C300 1.5x, https:\/\/i0.wp.com\/www.grieta.org.mx\/wp-content\/uploads\/2018\/03\/14524434_1106112876131411_958039263622046936_o.jpg?resize=700%2C400 2x"},"classes":[]},{"id":4109,"url":"http:\/\/www.grieta.org.mx\/index.php\/2015\/11\/17\/4109\/","url_meta":{"origin":4112,"position":1},"title":"Movilizaciones por Ayotzinapa en Oaxaca","author":"grieta","date":"17 noviembre, 2015","format":false,"excerpt":"17\/11\/15. Normalistas marchan para repudiar represi\u00f3n contra estudiantes de Ayotzinapa P\u00e1gina 3 28\/10\/15. Normalistas realizan pintas frente al cuartel de infanter\u00eda Istmo Press 28\/09\/15. UCIZONI marcha por los 43 desparecidos de Ayotzinapa El Imparcial 26\/09\/15. Marcha magisterio de Oaxaca por Ayotzinapa NoticiasNet 25\/09\/15. Estudiantes zapotecas en desfile exigen con pancartas\u2026","rel":"","context":"En &quot;Desaparecidos&quot;","block_context":{"text":"Desaparecidos","link":"http:\/\/www.grieta.org.mx\/index.php\/category\/temas-nacionales\/desaparecidos\/"},"img":{"alt_text":"","src":"https:\/\/i0.wp.com\/www.grieta.org.mx\/wp-content\/uploads\/2018\/03\/14524434_1106112876131411_958039263622046936_o.jpg?resize=350%2C200","width":350,"height":200,"srcset":"https:\/\/i0.wp.com\/www.grieta.org.mx\/wp-content\/uploads\/2018\/03\/14524434_1106112876131411_958039263622046936_o.jpg?resize=350%2C200 1x, https:\/\/i0.wp.com\/www.grieta.org.mx\/wp-content\/uploads\/2018\/03\/14524434_1106112876131411_958039263622046936_o.jpg?resize=525%2C300 1.5x, https:\/\/i0.wp.com\/www.grieta.org.mx\/wp-content\/uploads\/2018\/03\/14524434_1106112876131411_958039263622046936_o.jpg?resize=700%2C400 2x"},"classes":[]},{"id":69873,"url":"http:\/\/www.grieta.org.mx\/index.php\/2024\/09\/26\/normalistas-de-hecelchakan-marchan-por-los-43-desaparecidos-a-10-anos-de-ayotzinapa-campeche\/","url_meta":{"origin":4112,"position":2},"title":"Normalistas de Hecelchak\u00e1n marchan por los 43 desaparecidos a 10 a\u00f1os de Ayotzinapa (Campeche)","author":"grieta","date":"26 septiembre, 2024","format":false,"excerpt":"Jorge Amado Caamal \/ Por Esto! Una d\u00e9cada que desaparecieron nuestros 43 compa\u00f1eros normalistas de la Escuela Normal de Ayotzinapa situada en Guerrero por los malos gobiernos de M\u00e9xico, cuando estaban viajando para una protesta pac\u00edfica por los asesinatos de octubre de Tlatelolco, dijeron los estudiantes de la Escuela Normal\u2026","rel":"","context":"En &quot;Acciones por Desaparecidos&quot;","block_context":{"text":"Acciones por Desaparecidos","link":"http:\/\/www.grieta.org.mx\/index.php\/category\/noticias-nacionales\/campeche\/acciones-por-desaparecidos-campeche\/"},"img":{"alt_text":"","src":"https:\/\/i0.wp.com\/www.grieta.org.mx\/wp-content\/uploads\/2024\/09\/Hecelchakan-e1727491654998.jpg?resize=350%2C200","width":350,"height":200,"srcset":"https:\/\/i0.wp.com\/www.grieta.org.mx\/wp-content\/uploads\/2024\/09\/Hecelchakan-e1727491654998.jpg?resize=350%2C200 1x, https:\/\/i0.wp.com\/www.grieta.org.mx\/wp-content\/uploads\/2024\/09\/Hecelchakan-e1727491654998.jpg?resize=525%2C300 1.5x, https:\/\/i0.wp.com\/www.grieta.org.mx\/wp-content\/uploads\/2024\/09\/Hecelchakan-e1727491654998.jpg?resize=700%2C400 2x"},"classes":[]},{"id":8588,"url":"http:\/\/www.grieta.org.mx\/index.php\/2015\/07\/26\/marchan-en-morelos-a-10-meses-de-la-desaparicion-de-43-normalistas-de-ayotzinapa\/","url_meta":{"origin":4112,"position":3},"title":"Marchan en Morelos a 10 meses de la desaparici\u00f3n de 43 normalistas de Ayotzinapa","author":"grieta","date":"26 julio, 2015","format":false,"excerpt":"Zona Centro A diez meses de la desaparici\u00f3n de los 43 normalista desaparecidos de la normal de Ayotzinapa hoy en varias partes del pa\u00eds salieron para exigir justicia y que las autoridades no den carpetazo al asunto porque hasta el momento existen diversas inconsistencias en las investigaciones. En Morelos tambi\u00e9n\u2026","rel":"","context":"En &quot;CINTILLO&quot;","block_context":{"text":"CINTILLO","link":"http:\/\/www.grieta.org.mx\/index.php\/category\/cintillo\/"},"img":{"alt_text":"","src":"https:\/\/i0.wp.com\/www.grieta.org.mx\/wp-content\/uploads\/2018\/03\/14524434_1106112876131411_958039263622046936_o.jpg?resize=350%2C200","width":350,"height":200,"srcset":"https:\/\/i0.wp.com\/www.grieta.org.mx\/wp-content\/uploads\/2018\/03\/14524434_1106112876131411_958039263622046936_o.jpg?resize=350%2C200 1x, https:\/\/i0.wp.com\/www.grieta.org.mx\/wp-content\/uploads\/2018\/03\/14524434_1106112876131411_958039263622046936_o.jpg?resize=525%2C300 1.5x, https:\/\/i0.wp.com\/www.grieta.org.mx\/wp-content\/uploads\/2018\/03\/14524434_1106112876131411_958039263622046936_o.jpg?resize=700%2C400 2x"},"classes":[]},{"id":4851,"url":"http:\/\/www.grieta.org.mx\/index.php\/2015\/09\/25\/estudiantes-zapotecas-en-desfile-exigen-con-pancartas-la-aparicion-de-los-43-normalistas\/","url_meta":{"origin":4112,"position":4},"title":"Estudiantes zapotecas en desfile exigen con pancartas la aparici\u00f3n de los 43 normalistas","author":"grieta","date":"25 septiembre, 2015","format":false,"excerpt":"Diana Manzo, Oaxaca. JUCHIT\u00c1N, OAX.- Por iniciativa de maestras y maestros del Jard\u00edn de Ni\u00f1os \u201cJuan Escutia\u201d, ni\u00f1as y ni\u00f1os zapotecas desfilaron con pancartas en mano para exigir la aparici\u00f3n con vida de los 43 normalistas de Ayotzinapa. El desfile se realiz\u00f3 por las principales calles de dos colonias de\u2026","rel":"","context":"En &quot;CINTILLO&quot;","block_context":{"text":"CINTILLO","link":"http:\/\/www.grieta.org.mx\/index.php\/category\/cintillo\/"},"img":{"alt_text":"","src":"https:\/\/i0.wp.com\/www.grieta.org.mx\/wp-content\/uploads\/2018\/03\/14524434_1106112876131411_958039263622046936_o.jpg?resize=350%2C200","width":350,"height":200,"srcset":"https:\/\/i0.wp.com\/www.grieta.org.mx\/wp-content\/uploads\/2018\/03\/14524434_1106112876131411_958039263622046936_o.jpg?resize=350%2C200 1x, https:\/\/i0.wp.com\/www.grieta.org.mx\/wp-content\/uploads\/2018\/03\/14524434_1106112876131411_958039263622046936_o.jpg?resize=525%2C300 1.5x, https:\/\/i0.wp.com\/www.grieta.org.mx\/wp-content\/uploads\/2018\/03\/14524434_1106112876131411_958039263622046936_o.jpg?resize=700%2C400 2x"},"classes":[]},{"id":5548,"url":"http:\/\/www.grieta.org.mx\/index.php\/2016\/01\/24\/movilizaciones-por-ayotzinapa-en-jalisco\/","url_meta":{"origin":4112,"position":5},"title":"Movilizaciones por Ayotzinapa en Jalisco","author":"grieta","date":"24 enero, 2016","format":false,"excerpt":"24\/01\/16. Caravana de padres de Ayotzinapa llega a JaliscoInformador 22\/11\/15. Padres de los normalistas desaparecidos afirman que seguir\u00e1n su luchaLa Jornada 20\/11\/15. 'No nos dejen solos', piden padres de normalistasEl Informador 27\/10\/15. Persiste demanda por AyotzinapaNtr Guadajara\/Cr\u00f3nica de Sociales 26\/09\/15. Retumbaron gritos por justicia por normalistas de Ayotzinapa tambi\u00e9n en\u2026","rel":"","context":"En &quot;Jalisco&quot;","block_context":{"text":"Jalisco","link":"http:\/\/www.grieta.org.mx\/index.php\/category\/noticias-nacionales\/jalisco\/"},"img":{"alt_text":"","src":"https:\/\/i0.wp.com\/www.grieta.org.mx\/wp-content\/uploads\/2018\/03\/14524434_1106112876131411_958039263622046936_o.jpg?resize=350%2C200","width":350,"height":200,"srcset":"https:\/\/i0.wp.com\/www.grieta.org.mx\/wp-content\/uploads\/2018\/03\/14524434_1106112876131411_958039263622046936_o.jpg?resize=350%2C200 1x, https:\/\/i0.wp.com\/www.grieta.org.mx\/wp-content\/uploads\/2018\/03\/14524434_1106112876131411_958039263622046936_o.jpg?resize=525%2C300 1.5x, https:\/\/i0.wp.com\/www.grieta.org.mx\/wp-content\/uploads\/2018\/03\/14524434_1106112876131411_958039263622046936_o.jpg?resize=700%2C400 2x"},"classes":[]}],"_links":{"self":[{"href":"http:\/\/www.grieta.org.mx\/index.php\/wp-json\/wp\/v2\/posts\/4112","targetHints":{"allow":["GET"]}}],"collection":[{"href":"http:\/\/www.grieta.org.mx\/index.php\/wp-json\/wp\/v2\/posts"}],"about":[{"href":"http:\/\/www.grieta.org.mx\/index.php\/wp-json\/wp\/v2\/types\/post"}],"author":[{"embeddable":true,"href":"http:\/\/www.grieta.org.mx\/index.php\/wp-json\/wp\/v2\/users\/2"}],"replies":[{"embeddable":true,"href":"http:\/\/www.grieta.org.mx\/index.php\/wp-json\/wp\/v2\/comments?post=4112"}],"version-history":[{"count":1,"href":"http:\/\/www.grieta.org.mx\/index.php\/wp-json\/wp\/v2\/posts\/4112\/revisions"}],"predecessor-version":[{"id":4117,"href":"http:\/\/www.grieta.org.mx\/index.php\/wp-json\/wp\/v2\/posts\/4112\/revisions\/4117"}],"wp:featuredmedia":[{"embeddable":true,"href":"http:\/\/www.grieta.org.mx\/index.php\/wp-json\/wp\/v2\/media\/21928"}],"wp:attachment":[{"href":"http:\/\/www.grieta.org.mx\/index.php\/wp-json\/wp\/v2\/media?parent=4112"}],"wp:term":[{"taxonomy":"category","embeddable":true,"href":"http:\/\/www.grieta.org.mx\/index.php\/wp-json\/wp\/v2\/categories?post=4112"},{"taxonomy":"post_tag","embeddable":true,"href":"http:\/\/www.grieta.org.mx\/index.php\/wp-json\/wp\/v2\/tags?post=4112"}],"curies":[{"name":"wp","href":"https:\/\/api.w.org\/{rel}","templated":true}]}}