{"id":40966,"date":"2019-11-01T19:23:36","date_gmt":"2019-11-02T01:23:36","guid":{"rendered":"http:\/\/www.grieta.org.mx\/?p=40966"},"modified":"2019-11-06T19:29:19","modified_gmt":"2019-11-07T01:29:19","slug":"en-menos-de-un-mes-dos-periodicos-de-jalisco-despiden-a-mas-de-40-periodistas","status":"publish","type":"post","link":"http:\/\/www.grieta.org.mx\/index.php\/2019\/11\/01\/en-menos-de-un-mes-dos-periodicos-de-jalisco-despiden-a-mas-de-40-periodistas\/","title":{"rendered":"En menos de un mes, dos peri\u00f3dicos de Jalisco despiden a m\u00e1s de 40 periodistas"},"content":{"rendered":"<p><img loading=\"lazy\" decoding=\"async\" data-attachment-id=\"40967\" data-permalink=\"http:\/\/www.grieta.org.mx\/index.php\/2019\/11\/01\/en-menos-de-un-mes-dos-periodicos-de-jalisco-despiden-a-mas-de-40-periodistas\/periodismo\/\" data-orig-file=\"http:\/\/www.grieta.org.mx\/wp-content\/uploads\/2019\/11\/periodismo.png\" data-orig-size=\"1120,630\" data-comments-opened=\"0\" data-image-meta=\"{&quot;aperture&quot;:&quot;0&quot;,&quot;credit&quot;:&quot;&quot;,&quot;camera&quot;:&quot;&quot;,&quot;caption&quot;:&quot;&quot;,&quot;created_timestamp&quot;:&quot;0&quot;,&quot;copyright&quot;:&quot;&quot;,&quot;focal_length&quot;:&quot;0&quot;,&quot;iso&quot;:&quot;0&quot;,&quot;shutter_speed&quot;:&quot;0&quot;,&quot;title&quot;:&quot;&quot;,&quot;orientation&quot;:&quot;0&quot;}\" data-image-title=\"periodismo\" data-image-description=\"\" data-image-caption=\"\" data-medium-file=\"http:\/\/www.grieta.org.mx\/wp-content\/uploads\/2019\/11\/periodismo-300x169.png\" data-large-file=\"http:\/\/www.grieta.org.mx\/wp-content\/uploads\/2019\/11\/periodismo-1024x576.png\" class=\"aligncenter wp-image-40967\" src=\"http:\/\/www.grieta.org.mx\/wp-content\/uploads\/2019\/11\/periodismo-1024x576.png\" alt=\"\" width=\"800\" height=\"450\" srcset=\"http:\/\/www.grieta.org.mx\/wp-content\/uploads\/2019\/11\/periodismo-1024x576.png 1024w, http:\/\/www.grieta.org.mx\/wp-content\/uploads\/2019\/11\/periodismo-300x169.png 300w, http:\/\/www.grieta.org.mx\/wp-content\/uploads\/2019\/11\/periodismo-768x432.png 768w, http:\/\/www.grieta.org.mx\/wp-content\/uploads\/2019\/11\/periodismo-889x500.png 889w, http:\/\/www.grieta.org.mx\/wp-content\/uploads\/2019\/11\/periodismo.png 1120w\" sizes=\"auto, (max-width: 800px) 100vw, 800px\" \/><\/p>\n<p>Foto: ZonaDocs<\/p>\n<p><em>Sin ofrecer, hasta ahora, alg\u00fan tipo de explicaci\u00f3n p\u00fablica a sus lectores, los diarios\u00a0MURAL\u00a0y\u00a0NTR Guadalajara\u00a0han despedido recientemente a m\u00e1s de treinta trabajadores quienes en ambos medios realizaban labores de periodistas, fot\u00f3grafos, dise\u00f1adores y\/o editores. Ambos despidos significan un duro golpe al acceso a la informaci\u00f3n de la poblaci\u00f3n en Jalisco, ya que en ambos peri\u00f3dicos hab\u00edan realizado m\u00faltiples investigaciones donde evidenciaron malas pr\u00e1cticas gubernamentales del Gobierno de Jalisco encabezado por Enrique Alfaro.<\/em><\/p>\n<p>Redacci\u00f3n \/ ZonaDocs<\/p>\n<p>La noticia sobre sus despidos nos llegaron a trav\u00e9s de<em>\u00a0Twitter<\/em>\u00a0o\u00a0<em>Facebook<\/em>; en estas plataformas, las y los periodistas de ambos medios fueron confirmando su salida de los peri\u00f3dicos que, por varios a\u00f1os o meses, les hab\u00edan dado trabajo. Sin precisar detalles y agradeciendo el tiempo transcurrido en sus redacciones s\u00f3lo esbozaron que sus nombres aparecieron en las listas de recorte de personal.<\/p>\n<p>Entre el 7 y 8 de octubre, el diario\u00a0<em>Mural<\/em>\u00a0-filial de los peri\u00f3dicos\u00a0<em>Reforma<\/em>\u00a0y\u00a0<em>El Norte,<\/em>\u00a0<strong>despidi\u00f3 a poco m\u00e1s de 20 trabajadores justificando su despido producto de las adversas finanzas al interior del peri\u00f3dico.<\/strong>\u00a0Una de las caracter\u00edsticas de estos trabajadores cesados es que muchos de ellos ten\u00edan laborando en el peri\u00f3dico m\u00e1s de una d\u00e9cada e, incluso, algunos\u00a0 trabajaron ah\u00ed desde que \u00e9ste se fund\u00f3 el 20 de noviembre de 1998.<\/p>\n<p>Las noticias de m\u00e1s despidos masivos en los medios tapat\u00edos<strong>\u00a0lleg\u00f3 el 31 de octubre de 2019 cuando fueron despedidos del peri\u00f3dico<em>\u00a0NTR Guadalajara<\/em>\u00a0-filial de\u00a0<em>NTR Zacatecas<\/em>\u2013 muchos de sus mejores reporteros<\/strong>; por ejemplo, Violeta Mel\u00e9ndez, Agust\u00edn del Castillo, Alejandra Carrillo, Adri\u00e1n Montiel, Martha Hern\u00e1ndez, Ezequiel Cruz y Juan Jos\u00e9 R\u00edos; algunos de ellos desde sus cuentas personales en redes sociales confirmaron su salida de uno de los medios que mayor trabajo period\u00edstico y de investigaci\u00f3n hab\u00eda generado para entender: 1) el arrendamiento irregular de maquinaria pesada de parte del Gobierno de Jalisco en el programa \u201cA toda m\u00e1quina\u201d; 2) las diversas equivocaciones del Estado en la campa\u00f1a para la prevenci\u00f3n y combate contra el dengue, entre las que destaca la fumigaci\u00f3n con insecticida caduco; y 3) las acciones al margen de la ley en la compra-venta de la Villa Panamericana en la zona de El Baj\u00edo.<\/p>\n<p>En total,\u00a0<em>NTR Guadalajara<\/em>, fundado en 2015,<em>\u00a0<\/em>\u00a0<strong>ces\u00f3 al 70 por ciento de su plantilla; en total, 29 trabajadores<\/strong>. Las razones del corte de personal, al igual que en\u00a0<em>Mural<\/em>, tiene su origen en los problemas del peri\u00f3dico para lograr la sustentabilidad financiera.<\/p>\n<p>Lo cierto, como han se\u00f1alado diversos acad\u00e9micos especializados en pr\u00e1cticas y din\u00e1micas period\u00edsticas, como Juan Larrosa del ITESO, es que el recorte de periodistas en\u00a0<em>NTR Guadalajara<\/em>\u00a0<strong>significa un duro golpe a la sociedad jalisciense no s\u00f3lo porque se reducen las personas que nos informan, sino porque los recortes se dan en uno de los medios que hab\u00eda logrado mantener una postura cr\u00edtica frente al Gobierno de Jalisco,<\/strong>\u00a0encabezado por Enrique Alfaro, quien en m\u00e1s de una ocasi\u00f3n llam\u00f3 este medio \u201cperiodiquito\u201d o \u201cenemigo de la Refundaci\u00f3n\u201d.<\/p>\n<p>Estos despidos masivos tambi\u00e9n recuerdan los que han venido ocurriendo a lo largo de este a\u00f1o en otros medios mexicanos como:\u00a0<em>Milenio<\/em>,\u00a0<em>Grupo Imagen<\/em>\u00a0y\u00a0<em>HuffPost M\u00e9xico;<\/em>\u00a0as\u00ed como la tendencia internacional que, desde 2018, viene manifestando la baja en las plazas para periodistas y comunicadores producto de la crisis financiera que est\u00e1n atravesando tanto medios tradicionales como digitales; un ejemplo de ello, es que\u00a0<strong>en el primer trimestre de 2019, en los Estados Unidos se reportaron los despidos de m\u00e1s de 3 mil periodistas<\/strong>, aunque podr\u00edan ser muchos m\u00e1s seg\u00fan ha ido documentando el investigador de\u00a0<em>Columbia Journalism Review<\/em>,\u00a0Jon Allsop.<\/p>\n<p>En M\u00e9xico, organizaciones como\u00a0<span class=\"s1\"><em>Comunicaci\u00f3n e Informaci\u00f3n de la Mujer A.C<\/em>. (CIMAC) han documentado que una de las principales problem\u00e1ticas de los periodistas mexicanos\u00a0<strong>son las condiciones laborables desfavorables en las que trabajan, pues en la mayor parte de los casos estos padecen precariedad laboral y no tiene acceso a todas las prestaciones de Ley<\/strong>, lo cual se agudiza a\u00fan m\u00e1s cuando existe un despido.<\/span><\/p>\n<p>Hasta el momento para las y los colegas de\u00a0<em>NTR Guadalajara<\/em>\u00a0lo que no han dejado de fluir son mensajes de apoyo y solidaridad, pero tambi\u00e9n de impotencia porque se perder\u00e1 -al menos por ahora- la oportunidad de leer los trabajos e investigaciones que, seguramente, estaban por ser publicadas.<\/p>\n<p>En\u00a0<em>ZonaDocs<\/em>, nos solidarizamos con nuestros colegas cesados.\u00a0<strong>Sabemos que su trabajo habla por s\u00ed solo, as\u00ed que seguros estamos que pronto habr\u00e1n de reponerse de este duro momento.<\/strong><\/p>\n<p><a href=\"https:\/\/www.zonadocs.mx\/2019\/11\/01\/en-menos-de-un-mes-diarios-de-jalisco-despiden-a-mas-de-40-periodistas\/\">https:\/\/www.zonadocs.mx\/2019\/11\/01\/en-menos-de-un-mes-diarios-de-jalisco-despiden-a-mas-de-40-periodistas\/<\/a><\/p>\n","protected":false},"excerpt":{"rendered":"<p>Foto: ZonaDocs Sin ofrecer, hasta ahora, alg\u00fan tipo de explicaci\u00f3n p\u00fablica a sus lectores, los diarios\u00a0MURAL\u00a0y\u00a0NTR Guadalajara\u00a0han despedido recientemente a m\u00e1s de treinta trabajadores quienes en ambos medios realizaban labores &hellip; <a href=\"http:\/\/www.grieta.org.mx\/index.php\/2019\/11\/01\/en-menos-de-un-mes-dos-periodicos-de-jalisco-despiden-a-mas-de-40-periodistas\/\" class=\"more-link\">Leer m\u00e1s<\/a><\/p>\n","protected":false},"author":2,"featured_media":40967,"comment_status":"closed","ping_status":"closed","sticky":false,"template":"","format":"standard","meta":{"ngg_post_thumbnail":0,"_jetpack_newsletter_access":"","_jetpack_dont_email_post_to_subs":false,"_jetpack_newsletter_tier_id":0,"_jetpack_memberships_contains_paywalled_content":false,"_jetpack_memberships_contains_paid_content":false,"footnotes":""},"categories":[80,20,2,83,88,2108],"tags":[2105,120],"class_list":["post-40966","post","type-post","status-publish","format-standard","has-post-thumbnail","hentry","category-cintillo","category-jalisco","category-noticias-nacionales","category-temas-nacionales","category-violencia-contra-periodistas","category-violencia-contra-periodistas-en-jalisco","tag-despidos-masivos","tag-violencia-contra-periodistas","entry"],"jetpack_featured_media_url":"http:\/\/www.grieta.org.mx\/wp-content\/uploads\/2019\/11\/periodismo.png","jetpack_sharing_enabled":true,"jetpack_shortlink":"https:\/\/wp.me\/p7ZJR4-aEK","jetpack_likes_enabled":false,"jetpack-related-posts":[{"id":65049,"url":"http:\/\/www.grieta.org.mx\/index.php\/2022\/08\/31\/en-jalisco-mecanismos-de-proteccion-a-periodistas-existen-solo-en-el-papel\/","url_meta":{"origin":40966,"position":0},"title":"En Jalisco mecanismos de protecci\u00f3n a periodistas existen s\u00f3lo en el papel","author":"grieta","date":"31 agosto, 2022","format":false,"excerpt":"Imagen Jorge Alberto Mendoza Redacci\u00f3n \/ El Diario En M\u00e9xico, la protecci\u00f3n de los defensores y periodistas \u00fanicamente est\u00e1 en el papel, las comisiones encargadas no son homog\u00e9neas ni cuentan con presupuesto o personal capacitado. En Jalisco, durante la administraci\u00f3n de Jorge Arist\u00f3teles Sandoval se cre\u00f3 un consejo, nombr\u00f3 a\u2026","rel":"","context":"En &quot;CINTILLO&quot;","block_context":{"text":"CINTILLO","link":"http:\/\/www.grieta.org.mx\/index.php\/category\/cintillo\/"},"img":{"alt_text":"","src":"https:\/\/i0.wp.com\/www.grieta.org.mx\/wp-content\/uploads\/2022\/09\/2022-08-31_05-08-23___4264.jpg?resize=350%2C200","width":350,"height":200,"srcset":"https:\/\/i0.wp.com\/www.grieta.org.mx\/wp-content\/uploads\/2022\/09\/2022-08-31_05-08-23___4264.jpg?resize=350%2C200 1x, https:\/\/i0.wp.com\/www.grieta.org.mx\/wp-content\/uploads\/2022\/09\/2022-08-31_05-08-23___4264.jpg?resize=525%2C300 1.5x, https:\/\/i0.wp.com\/www.grieta.org.mx\/wp-content\/uploads\/2022\/09\/2022-08-31_05-08-23___4264.jpg?resize=700%2C400 2x"},"classes":[]},{"id":68358,"url":"http:\/\/www.grieta.org.mx\/index.php\/2024\/01\/08\/jalisco-segundo-lugar-en-agresiones-a-periodistas-mujeres\/","url_meta":{"origin":40966,"position":1},"title":"Jalisco: segundo lugar en agresiones a periodistas mujeres","author":"grieta","date":"8 enero, 2024","format":false,"excerpt":"Imagen: Especial Le\u00f3n Forte \/ Perimetral El estado de Jalisco ocupa el segundo lugar dentro de las entidades con mayor cantidad de atentados contra mujeres periodistas en el \u00faltimo trimestre de 2023. De acuerdo\u00a0al registro del Programa de Libertad de Expresi\u00f3n y G\u00e9nero, de la organizaci\u00f3n Comunicaci\u00f3n e Informaci\u00f3n de\u2026","rel":"","context":"En &quot;CINTILLO&quot;","block_context":{"text":"CINTILLO","link":"http:\/\/www.grieta.org.mx\/index.php\/category\/cintillo\/"},"img":{"alt_text":"","src":"https:\/\/i0.wp.com\/www.grieta.org.mx\/wp-content\/uploads\/2024\/01\/foto-francisco-rodriguez-occi.webp?resize=350%2C200","width":350,"height":200,"srcset":"https:\/\/i0.wp.com\/www.grieta.org.mx\/wp-content\/uploads\/2024\/01\/foto-francisco-rodriguez-occi.webp?resize=350%2C200 1x, https:\/\/i0.wp.com\/www.grieta.org.mx\/wp-content\/uploads\/2024\/01\/foto-francisco-rodriguez-occi.webp?resize=525%2C300 1.5x, https:\/\/i0.wp.com\/www.grieta.org.mx\/wp-content\/uploads\/2024\/01\/foto-francisco-rodriguez-occi.webp?resize=700%2C400 2x, https:\/\/i0.wp.com\/www.grieta.org.mx\/wp-content\/uploads\/2024\/01\/foto-francisco-rodriguez-occi.webp?resize=1050%2C600 3x"},"classes":[]},{"id":62893,"url":"http:\/\/www.grieta.org.mx\/index.php\/2021\/12\/09\/cuestionarnoesatacar-periodistas-de-jalisco-exigen-un-alto-a-la-violencia-en-su-contra\/","url_meta":{"origin":40966,"position":2},"title":"#CuestionarNoEsAtacar: Periodistas de Jalisco exigen un alto a la violencia en su contra","author":"grieta","date":"9 diciembre, 2021","format":false,"excerpt":"Foto: Zona Docs Redacci\u00f3n \/ Zona Docs En solidaridad con la periodista, Roc\u00edo L\u00f3pez Fonseca,\u00a0una centena de periodistas, mediante la publicaci\u00f3n de un comunicado, solicitaron la intervenci\u00f3n de\u00a0Art\u00edculo 19, la Comisi\u00f3n Nacional de los Derechos Humanos (CNDH) y de la Relator\u00eda Especial para la Libertad de Expresi\u00f3n de la Comisi\u00f3n\u2026","rel":"","context":"En &quot;CINTILLO&quot;","block_context":{"text":"CINTILLO","link":"http:\/\/www.grieta.org.mx\/index.php\/category\/cintillo\/"},"img":{"alt_text":"","src":"https:\/\/i0.wp.com\/www.grieta.org.mx\/wp-content\/uploads\/2021\/12\/FGNAbKOVkAIp9aU-1068x801-1.jpeg?resize=350%2C200","width":350,"height":200,"srcset":"https:\/\/i0.wp.com\/www.grieta.org.mx\/wp-content\/uploads\/2021\/12\/FGNAbKOVkAIp9aU-1068x801-1.jpeg?resize=350%2C200 1x, https:\/\/i0.wp.com\/www.grieta.org.mx\/wp-content\/uploads\/2021\/12\/FGNAbKOVkAIp9aU-1068x801-1.jpeg?resize=525%2C300 1.5x, https:\/\/i0.wp.com\/www.grieta.org.mx\/wp-content\/uploads\/2021\/12\/FGNAbKOVkAIp9aU-1068x801-1.jpeg?resize=700%2C400 2x, https:\/\/i0.wp.com\/www.grieta.org.mx\/wp-content\/uploads\/2021\/12\/FGNAbKOVkAIp9aU-1068x801-1.jpeg?resize=1050%2C600 3x"},"classes":[]},{"id":63217,"url":"http:\/\/www.grieta.org.mx\/index.php\/2022\/01\/25\/exigen-periodistas-de-puerto-vallarta-un-cese-a-la-violencia-contra-el-gremio-jalisco\/","url_meta":{"origin":40966,"position":3},"title":"Exigen periodistas de Puerto Vallarta un cese a la violencia contra el gremio (Jalisco)","author":"grieta","date":"25 enero, 2022","format":false,"excerpt":"Foto: Zona Docs Periodistas de Puerto Vallarta, Jalisco, tambi\u00e9n se sumaron a la Movilizaci\u00f3n Nacional #PeriodismoEnRiesgo y desde el malec\u00f3n exigieron condiciones de seguridad para ejercer su trabajo, as\u00ed mismo exhortaron al gobierno para que ninguna del cr\u00edmenes cometidos contra periodistas quede impune. Leslie Zepeda\/ Zona Docs Tras el asesinato\u2026","rel":"","context":"En &quot;CINTILLO&quot;","block_context":{"text":"CINTILLO","link":"http:\/\/www.grieta.org.mx\/index.php\/category\/cintillo\/"},"img":{"alt_text":"","src":"https:\/\/i0.wp.com\/www.grieta.org.mx\/wp-content\/uploads\/2022\/01\/Unknown-20-2-768x512-1.jpeg?resize=350%2C200","width":350,"height":200,"srcset":"https:\/\/i0.wp.com\/www.grieta.org.mx\/wp-content\/uploads\/2022\/01\/Unknown-20-2-768x512-1.jpeg?resize=350%2C200 1x, https:\/\/i0.wp.com\/www.grieta.org.mx\/wp-content\/uploads\/2022\/01\/Unknown-20-2-768x512-1.jpeg?resize=525%2C300 1.5x, https:\/\/i0.wp.com\/www.grieta.org.mx\/wp-content\/uploads\/2022\/01\/Unknown-20-2-768x512-1.jpeg?resize=700%2C400 2x"},"classes":[]},{"id":64153,"url":"http:\/\/www.grieta.org.mx\/index.php\/2022\/05\/03\/periodistas-vallartenses-conmemoran-libertad-de-prensa-exigen-justicia-por-sus-companeros-muertos-jalisco\/","url_meta":{"origin":40966,"position":4},"title":"Periodistas vallartenses conmemoran Libertad de Prensa, exigen justicia por sus compa\u00f1eros asesinados (Jalisco)","author":"grieta","date":"3 mayo, 2022","format":false,"excerpt":"Foto: Tribuna de la bah\u00eda \u00a0 Los periodistas vallartenses conmemoraron este 3 de mayo el\u00a0Dia Mundial de la Libertad de Prensa\u00a0en un sencillo pero simb\u00f3lico acto realizado en la Plaza de Armas, entre el quiosco y el monumento a Ignacio L. Vallarta. Recordaron con pase de lista a los siete\u00a0comunicadores\u2026","rel":"","context":"En &quot;CINTILLO&quot;","block_context":{"text":"CINTILLO","link":"http:\/\/www.grieta.org.mx\/index.php\/category\/cintillo\/"},"img":{"alt_text":"","src":"https:\/\/i0.wp.com\/www.grieta.org.mx\/wp-content\/uploads\/2022\/05\/periodistas-vallartenses-conmemoran-libertad-de-prensa-2-cover.jpg?resize=350%2C200","width":350,"height":200,"srcset":"https:\/\/i0.wp.com\/www.grieta.org.mx\/wp-content\/uploads\/2022\/05\/periodistas-vallartenses-conmemoran-libertad-de-prensa-2-cover.jpg?resize=350%2C200 1x, https:\/\/i0.wp.com\/www.grieta.org.mx\/wp-content\/uploads\/2022\/05\/periodistas-vallartenses-conmemoran-libertad-de-prensa-2-cover.jpg?resize=525%2C300 1.5x, https:\/\/i0.wp.com\/www.grieta.org.mx\/wp-content\/uploads\/2022\/05\/periodistas-vallartenses-conmemoran-libertad-de-prensa-2-cover.jpg?resize=700%2C400 2x"},"classes":[]},{"id":18468,"url":"http:\/\/www.grieta.org.mx\/index.php\/2016\/07\/31\/a-un-ano-fotoperiodistas-recuerdan-a-ruben\/","url_meta":{"origin":40966,"position":5},"title":"A un a\u00f1o, fotoperiodistas recuerdan a Rub\u00e9n (Jalisco)","author":"grieta","date":"31 julio, 2016","format":false,"excerpt":"Yenzi Vel\u00e1zquez Exigimos justicia y cero impunidad por el caso de la cinco personas (asesinadas) en la colonia Narvarte\u201d, se\u00f1alaron fotoperiodistas de Jalisco quienes este d\u00eda se manifestaron en Plaza Liberaci\u00f3n, a un a\u00f1o de la muerte del fot\u00f3grafo Rub\u00e9n Espinosa Becerril. \u201cLa violencia a periodistas, no es ni cerca\u2026","rel":"","context":"En &quot;CINTILLO&quot;","block_context":{"text":"CINTILLO","link":"http:\/\/www.grieta.org.mx\/index.php\/category\/cintillo\/"},"img":{"alt_text":"","src":"https:\/\/i0.wp.com\/www.grieta.org.mx\/wp-content\/uploads\/2018\/03\/14524434_1106112876131411_958039263622046936_o.jpg?resize=350%2C200","width":350,"height":200,"srcset":"https:\/\/i0.wp.com\/www.grieta.org.mx\/wp-content\/uploads\/2018\/03\/14524434_1106112876131411_958039263622046936_o.jpg?resize=350%2C200 1x, https:\/\/i0.wp.com\/www.grieta.org.mx\/wp-content\/uploads\/2018\/03\/14524434_1106112876131411_958039263622046936_o.jpg?resize=525%2C300 1.5x, https:\/\/i0.wp.com\/www.grieta.org.mx\/wp-content\/uploads\/2018\/03\/14524434_1106112876131411_958039263622046936_o.jpg?resize=700%2C400 2x"},"classes":[]}],"_links":{"self":[{"href":"http:\/\/www.grieta.org.mx\/index.php\/wp-json\/wp\/v2\/posts\/40966","targetHints":{"allow":["GET"]}}],"collection":[{"href":"http:\/\/www.grieta.org.mx\/index.php\/wp-json\/wp\/v2\/posts"}],"about":[{"href":"http:\/\/www.grieta.org.mx\/index.php\/wp-json\/wp\/v2\/types\/post"}],"author":[{"embeddable":true,"href":"http:\/\/www.grieta.org.mx\/index.php\/wp-json\/wp\/v2\/users\/2"}],"replies":[{"embeddable":true,"href":"http:\/\/www.grieta.org.mx\/index.php\/wp-json\/wp\/v2\/comments?post=40966"}],"version-history":[{"count":1,"href":"http:\/\/www.grieta.org.mx\/index.php\/wp-json\/wp\/v2\/posts\/40966\/revisions"}],"predecessor-version":[{"id":40968,"href":"http:\/\/www.grieta.org.mx\/index.php\/wp-json\/wp\/v2\/posts\/40966\/revisions\/40968"}],"wp:featuredmedia":[{"embeddable":true,"href":"http:\/\/www.grieta.org.mx\/index.php\/wp-json\/wp\/v2\/media\/40967"}],"wp:attachment":[{"href":"http:\/\/www.grieta.org.mx\/index.php\/wp-json\/wp\/v2\/media?parent=40966"}],"wp:term":[{"taxonomy":"category","embeddable":true,"href":"http:\/\/www.grieta.org.mx\/index.php\/wp-json\/wp\/v2\/categories?post=40966"},{"taxonomy":"post_tag","embeddable":true,"href":"http:\/\/www.grieta.org.mx\/index.php\/wp-json\/wp\/v2\/tags?post=40966"}],"curies":[{"name":"wp","href":"https:\/\/api.w.org\/{rel}","templated":true}]}}