{"id":40962,"date":"2019-11-01T18:45:19","date_gmt":"2019-11-02T00:45:19","guid":{"rendered":"http:\/\/www.grieta.org.mx\/?p=40962"},"modified":"2019-11-06T18:51:25","modified_gmt":"2019-11-07T00:51:25","slug":"elementos-de-proteccion-civil-del-estado-trabajan-bajo-protesta-porque-solo-les-llego-la-mitad-del-alza-salarial-jalisco","status":"publish","type":"post","link":"http:\/\/www.grieta.org.mx\/index.php\/2019\/11\/01\/elementos-de-proteccion-civil-del-estado-trabajan-bajo-protesta-porque-solo-les-llego-la-mitad-del-alza-salarial-jalisco\/","title":{"rendered":"Elementos de Protecci\u00f3n Civil del Estado trabajan \u201cbajo protesta\u201d porque solo les lleg\u00f3 la mitad del alza salarial (Jalisco)"},"content":{"rendered":"<p><img loading=\"lazy\" decoding=\"async\" data-attachment-id=\"40963\" data-permalink=\"http:\/\/www.grieta.org.mx\/index.php\/2019\/11\/01\/elementos-de-proteccion-civil-del-estado-trabajan-bajo-protesta-porque-solo-les-llego-la-mitad-del-alza-salarial-jalisco\/protesta-proteccion-civil-ignacio-perez-vega\/\" data-orig-file=\"http:\/\/www.grieta.org.mx\/wp-content\/uploads\/2019\/11\/Protesta-Protecci\u00f3n-Civil-Ignacio-P\u00e9rez-Vega.jpg\" data-orig-size=\"1280,720\" data-comments-opened=\"0\" data-image-meta=\"{&quot;aperture&quot;:&quot;0&quot;,&quot;credit&quot;:&quot;&quot;,&quot;camera&quot;:&quot;&quot;,&quot;caption&quot;:&quot;&quot;,&quot;created_timestamp&quot;:&quot;0&quot;,&quot;copyright&quot;:&quot;&quot;,&quot;focal_length&quot;:&quot;0&quot;,&quot;iso&quot;:&quot;0&quot;,&quot;shutter_speed&quot;:&quot;0&quot;,&quot;title&quot;:&quot;&quot;,&quot;orientation&quot;:&quot;0&quot;}\" data-image-title=\"Protesta-Protecci\u00f3n-Civil-Ignacio-P\u00e9rez-Vega\" data-image-description=\"\" data-image-caption=\"\" data-medium-file=\"http:\/\/www.grieta.org.mx\/wp-content\/uploads\/2019\/11\/Protesta-Protecci\u00f3n-Civil-Ignacio-P\u00e9rez-Vega-300x169.jpg\" data-large-file=\"http:\/\/www.grieta.org.mx\/wp-content\/uploads\/2019\/11\/Protesta-Protecci\u00f3n-Civil-Ignacio-P\u00e9rez-Vega-1024x576.jpg\" class=\"aligncenter wp-image-40963\" src=\"http:\/\/www.grieta.org.mx\/wp-content\/uploads\/2019\/11\/Protesta-Protecci\u00f3n-Civil-Ignacio-P\u00e9rez-Vega-1024x576.jpg\" alt=\"\" width=\"800\" height=\"450\" srcset=\"http:\/\/www.grieta.org.mx\/wp-content\/uploads\/2019\/11\/Protesta-Protecci\u00f3n-Civil-Ignacio-P\u00e9rez-Vega-1024x576.jpg 1024w, http:\/\/www.grieta.org.mx\/wp-content\/uploads\/2019\/11\/Protesta-Protecci\u00f3n-Civil-Ignacio-P\u00e9rez-Vega-300x169.jpg 300w, http:\/\/www.grieta.org.mx\/wp-content\/uploads\/2019\/11\/Protesta-Protecci\u00f3n-Civil-Ignacio-P\u00e9rez-Vega-768x432.jpg 768w, http:\/\/www.grieta.org.mx\/wp-content\/uploads\/2019\/11\/Protesta-Protecci\u00f3n-Civil-Ignacio-P\u00e9rez-Vega-889x500.jpg 889w, http:\/\/www.grieta.org.mx\/wp-content\/uploads\/2019\/11\/Protesta-Protecci\u00f3n-Civil-Ignacio-P\u00e9rez-Vega.jpg 1280w\" sizes=\"auto, (max-width: 800px) 100vw, 800px\" \/><\/p>\n<p>Foto: Ignacio P\u00e9rez Vega<\/p>\n<p><em>Los 350 elementos de la Unidad Estatal de Protecci\u00f3n Civil y Bomberos trabajan bajo protesta a partir de este viernes, para exigir que se les pague completo<\/em><\/p>\n<p>Ignacio P\u00e9rez Vega \/ UDGTV<\/p>\n<p><strong>Guadalajara, Jalisco. <\/strong>Los 350 elementos de la Unidad Estatal de Protecci\u00f3n Civil y Bomberos trabajan bajo protesta a partir de este viernes,\u00a0<strong>para exigir que se les pague completo el incremento salarial.<\/strong><\/p>\n<p>El gobierno estatal autoriz\u00f3 el incremento salarial de $2 mil mensuales al Sindicato de Trabajadores y Empleados, con la idea de homologar con los ingresos que perciben los elementos de Protecci\u00f3n Civil de los ayuntamientos de Guadalajara y Zapopan. Sin embargo,\u00a0<strong>solo les llegaron $1 mil pesos<\/strong>, por lo que qued\u00f3 pendiente la mitad, inform\u00f3 Epifanio M\u00e9ndez Rojas, secretario de Organizaci\u00f3n de la Federaci\u00f3n General de Trabajadores del Estado y Municipios (FGTEM).<\/p>\n<p>LOS ELEMENTOS DE PROTECCI\u00d3N CIVIL COLOCARON LONAS EN LAS SEDES DE LA INSTITUCI\u00d3N EN TODO EL ESTADO.<\/p>\n<p><em>\u201cHoy a las 8 de la ma\u00f1ana se puso la manta en todas las \u00e1reas de Protecci\u00f3n Civil, porque no se cumpli\u00f3 el acuerdo de darle el otro 50% de incremento quincenal a los compa\u00f1eros. Se ha tenido di\u00e1logo, pero no se ha concluido y tambi\u00e9n pedimos la renuncia de funcionarios de alto nivel de Protecci\u00f3n Civil\u201d.<\/em><\/p>\n<p>El sindicato que dirige Roc\u00edo Tavares espera dialogar con el secretario general de Gobierno, Enrique Ibarra Pedroza<strong>\u00a0para que se cumpla con el pago al 100% del aumento salarial.<\/strong><\/p>\n<p>El Sindicato de Trabajadores de Protecci\u00f3n Civil pide la renuncia del director de Finanzas de la dependencia, Alejandro Romo,\u00a0<strong>por resistirse a cumplir el acuerdo y entregar los $2 mil de alza a los salarios a partir de este 1 de noviembre.<\/strong><\/p>\n<p>De no tener una respuesta pronta,\u00a0<strong>el personal de Protecci\u00f3n Civil anuncia que har\u00e1 acciones de protesta m\u00e1s radicales.<\/strong><\/p>\n<p>La FGTEM respalda la acci\u00f3n de protesta del Sindicato de Trabajadores y Empleados, al que est\u00e1n afiliados 350 elementos operativos y personal administrativo.<\/p>\n<p><a href=\"http:\/\/udgtv.com\/noticias\/elementos-proteccion-civil-estado-trabajan-bajo-protesta-porque-llego-mitad-salarial\/\">http:\/\/udgtv.com\/noticias\/elementos-proteccion-civil-estado-trabajan-bajo-protesta-porque-llego-mitad-salarial\/<\/a><\/p>\n","protected":false},"excerpt":{"rendered":"<p>Foto: Ignacio P\u00e9rez Vega Los 350 elementos de la Unidad Estatal de Protecci\u00f3n Civil y Bomberos trabajan bajo protesta a partir de este viernes, para exigir que se les pague &hellip; <a href=\"http:\/\/www.grieta.org.mx\/index.php\/2019\/11\/01\/elementos-de-proteccion-civil-del-estado-trabajan-bajo-protesta-porque-solo-les-llego-la-mitad-del-alza-salarial-jalisco\/\" class=\"more-link\">Leer m\u00e1s<\/a><\/p>\n","protected":false},"author":2,"featured_media":40963,"comment_status":"closed","ping_status":"closed","sticky":false,"template":"","format":"standard","meta":{"ngg_post_thumbnail":0,"_jetpack_newsletter_access":"","_jetpack_dont_email_post_to_subs":false,"_jetpack_newsletter_tier_id":0,"_jetpack_memberships_contains_paywalled_content":false,"_jetpack_memberships_contains_paid_content":false,"footnotes":""},"categories":[80,1722,20,2],"tags":[113,105],"class_list":["post-40962","post","type-post","status-publish","format-standard","has-post-thumbnail","hentry","category-cintillo","category-conflictos-laborales-de-trabajadores-del-estado-en-jalisco","category-jalisco","category-noticias-nacionales","tag-conflictos-laborales","tag-derechos-laborales","entry"],"jetpack_featured_media_url":"http:\/\/www.grieta.org.mx\/wp-content\/uploads\/2019\/11\/Protesta-Protecci\u00f3n-Civil-Ignacio-P\u00e9rez-Vega.jpg","jetpack_sharing_enabled":true,"jetpack_shortlink":"https:\/\/wp.me\/p7ZJR4-aEG","jetpack_likes_enabled":false,"jetpack-related-posts":[{"id":59337,"url":"http:\/\/www.grieta.org.mx\/index.php\/2021\/05\/02\/trabajadores-de-telmex-a-punto-de-estallar-a-huelga-por-aumento-de-anos-para-la-jubilacion-jalisco\/","url_meta":{"origin":40962,"position":0},"title":"Trabajadores de TELMEX a punto de estallar a huelga por aumento de a\u00f1os para la jubilaci\u00f3n (Jalisco)","author":"grieta","date":"2 mayo, 2021","format":false,"excerpt":"Foto: Ignacio P\u00e9rez Vega Ignacio P\u00e9rez Vega \/ UDGTV Trabajadores de Tel\u00e9fonos de M\u00e9xico salieron a manifestarse en el D\u00eda Internacional del Trabajo para exigir que se les respete su contrato colectivo de trabajo y que se respete la jubilaci\u00f3n en los t\u00e9rminos en que actualmente est\u00e1. Mar\u00eda del Carmen\u2026","rel":"","context":"En &quot;CINTILLO&quot;","block_context":{"text":"CINTILLO","link":"http:\/\/www.grieta.org.mx\/index.php\/category\/cintillo\/"},"img":{"alt_text":"","src":"https:\/\/i0.wp.com\/www.grieta.org.mx\/wp-content\/uploads\/2021\/05\/WhatsApp-Image-2021-05-02-at-00.02.26-633x420-1.jpeg?resize=350%2C200","width":350,"height":200,"srcset":"https:\/\/i0.wp.com\/www.grieta.org.mx\/wp-content\/uploads\/2021\/05\/WhatsApp-Image-2021-05-02-at-00.02.26-633x420-1.jpeg?resize=350%2C200 1x, https:\/\/i0.wp.com\/www.grieta.org.mx\/wp-content\/uploads\/2021\/05\/WhatsApp-Image-2021-05-02-at-00.02.26-633x420-1.jpeg?resize=525%2C300 1.5x"},"classes":[]},{"id":55743,"url":"http:\/\/www.grieta.org.mx\/index.php\/2020\/12\/07\/maestros-toman-oficinas-centrales-del-colegio-de-bachilleres-jalisco\/","url_meta":{"origin":40962,"position":1},"title":"Maestros toman oficinas centrales del Colegio de Bachilleres (Jalisco)","author":"grieta","date":"7 diciembre, 2020","format":false,"excerpt":"Foto: Ignacio P\u00e9rez Vega Ignacio P\u00e9rez Vega \/ UDGTV Guadalajara, Jalisco.\u00a0Maestros del Sindicato \u00danico de Acad\u00e9micos del Colegio de Bachilleres, con el apoyo de la Asamblea Magisterial Democr\u00e1tica, tomaron las oficinas centrales del Colegio de Bachilleres, situadas en la calle Pedro Moreno, casi esquina con avenida Chapultepec. Los profesores llegaron\u2026","rel":"","context":"En &quot;CINTILLO&quot;","block_context":{"text":"CINTILLO","link":"http:\/\/www.grieta.org.mx\/index.php\/category\/cintillo\/"},"img":{"alt_text":"","src":"https:\/\/i0.wp.com\/www.grieta.org.mx\/wp-content\/uploads\/2020\/12\/Toman-oficinas-Ignacio-Perez-Vega-2-696x522-1.jpeg?resize=350%2C200","width":350,"height":200,"srcset":"https:\/\/i0.wp.com\/www.grieta.org.mx\/wp-content\/uploads\/2020\/12\/Toman-oficinas-Ignacio-Perez-Vega-2-696x522-1.jpeg?resize=350%2C200 1x, https:\/\/i0.wp.com\/www.grieta.org.mx\/wp-content\/uploads\/2020\/12\/Toman-oficinas-Ignacio-Perez-Vega-2-696x522-1.jpeg?resize=525%2C300 1.5x"},"classes":[]},{"id":16256,"url":"http:\/\/www.grieta.org.mx\/index.php\/2016\/07\/06\/trabajadores-exigen-aumento-de-salario\/","url_meta":{"origin":40962,"position":2},"title":"Trabajadores exigen aumento de salario (Jalisco)","author":"grieta","date":"6 julio, 2016","format":false,"excerpt":"Tania Yareli Casillas, Alrededor de 135 trabajadores sindicalizados del Hogar Caba\u00f1as realizar\u00e1n paro de labores exigiendo el incremento salarial correspondiente al 2016. Ayer, los empleados trabajaron bajo protesta con una manta al frente del edificio ubicado en avenida Mariano Otero. Hoy dejar\u00e1n de trabajar, por algunas horas, a partir de\u2026","rel":"","context":"En &quot;CINTILLO&quot;","block_context":{"text":"CINTILLO","link":"http:\/\/www.grieta.org.mx\/index.php\/category\/cintillo\/"},"img":{"alt_text":"","src":"https:\/\/i0.wp.com\/www.grieta.org.mx\/wp-content\/uploads\/2018\/03\/14524434_1106112876131411_958039263622046936_o.jpg?resize=350%2C200","width":350,"height":200,"srcset":"https:\/\/i0.wp.com\/www.grieta.org.mx\/wp-content\/uploads\/2018\/03\/14524434_1106112876131411_958039263622046936_o.jpg?resize=350%2C200 1x, https:\/\/i0.wp.com\/www.grieta.org.mx\/wp-content\/uploads\/2018\/03\/14524434_1106112876131411_958039263622046936_o.jpg?resize=525%2C300 1.5x, https:\/\/i0.wp.com\/www.grieta.org.mx\/wp-content\/uploads\/2018\/03\/14524434_1106112876131411_958039263622046936_o.jpg?resize=700%2C400 2x"},"classes":[]},{"id":35727,"url":"http:\/\/www.grieta.org.mx\/index.php\/2019\/05\/30\/empleados-de-profeco-en-colima-trabajan-bajo-protesta-por-cierre\/","url_meta":{"origin":40962,"position":3},"title":"Empleados de Profeco en Colima trabajan bajo protesta por cierre","author":"grieta","date":"30 mayo, 2019","format":false,"excerpt":"Un total de 35 empleados s\u00ed conservar\u00e1n su trabajo pero en otro estado, mientras que los dem\u00e1s no saben cu\u00e1l ser\u00e1 su situaci\u00f3n laboral Martha de la Torre \/EL Heraldo de M\u00e9xico, 30 de mayo de 2019 Empleados de la delegaci\u00f3n de la Procuradur\u00eda de la Defensa del Consumidor (Profeco)\u2026","rel":"","context":"En &quot;CINTILLO&quot;","block_context":{"text":"CINTILLO","link":"http:\/\/www.grieta.org.mx\/index.php\/category\/cintillo\/"},"img":{"alt_text":"","src":"https:\/\/i0.wp.com\/www.grieta.org.mx\/wp-content\/uploads\/2019\/07\/PROFECO-COLIMA-600x400.jpg?resize=350%2C200","width":350,"height":200,"srcset":"https:\/\/i0.wp.com\/www.grieta.org.mx\/wp-content\/uploads\/2019\/07\/PROFECO-COLIMA-600x400.jpg?resize=350%2C200 1x, https:\/\/i0.wp.com\/www.grieta.org.mx\/wp-content\/uploads\/2019\/07\/PROFECO-COLIMA-600x400.jpg?resize=525%2C300 1.5x"},"classes":[]},{"id":47153,"url":"http:\/\/www.grieta.org.mx\/index.php\/2020\/03\/31\/maestros-estan-desesperados-por-la-falta-de-pago-de-sus-salarios-y-realizan-protesta-jalisco\/","url_meta":{"origin":40962,"position":4},"title":"Maestros est\u00e1n desesperados por la falta de pago de sus salarios y realizan protesta (Jalisco)","author":"grieta","date":"31 marzo, 2020","format":false,"excerpt":"Foto: Ignacio P\u00e9rez Vega De persistir el problema de pagos, los maestros est\u00e1n considerando la posibilidad de que las siguientes protestas, est\u00e9n acompa\u00f1ados por padres de familia de las escuelas donde dan clases Ignacio P\u00e9rez Vega \/ UDGTV Guadalajara, Jalisco. Maestros de preescolar, primaria y secundaria se manifestaron en las\u2026","rel":"","context":"En &quot;CINTILLO&quot;","block_context":{"text":"CINTILLO","link":"http:\/\/www.grieta.org.mx\/index.php\/category\/cintillo\/"},"img":{"alt_text":"","src":"https:\/\/i0.wp.com\/www.grieta.org.mx\/wp-content\/uploads\/2020\/04\/Maestros-protesta-Ignacio-2-696x329.jpeg?resize=350%2C200","width":350,"height":200,"srcset":"https:\/\/i0.wp.com\/www.grieta.org.mx\/wp-content\/uploads\/2020\/04\/Maestros-protesta-Ignacio-2-696x329.jpeg?resize=350%2C200 1x, https:\/\/i0.wp.com\/www.grieta.org.mx\/wp-content\/uploads\/2020\/04\/Maestros-protesta-Ignacio-2-696x329.jpeg?resize=525%2C300 1.5x"},"classes":[]},{"id":17438,"url":"http:\/\/www.grieta.org.mx\/index.php\/2016\/07\/19\/arman-protesta-para-exigir-sus-liquidaciones-campeche\/","url_meta":{"origin":40962,"position":5},"title":"Arman protesta para exigir sus liquidaciones (Campeche)","author":"grieta","date":"19 julio, 2016","format":false,"excerpt":"Trabajadores despedidos del Ayuntamiento de Tenabo volvieron a manifestarse ayer en los bajos del Palacio de Gobierno para exigir apoyo estatal para su liquidaci\u00f3n. Alrededor de 64 ex trabajadores despedidos por el ex edil Daniel Edilberto Cal\u00e1n Canul acudieron a protestar encabezados por la lideresa sindical del Ayuntamiento de Tenabo,\u2026","rel":"","context":"En &quot;campeche&quot;","block_context":{"text":"campeche","link":"http:\/\/www.grieta.org.mx\/index.php\/category\/campeche\/"},"img":{"alt_text":"","src":"https:\/\/i0.wp.com\/www.grieta.org.mx\/wp-content\/uploads\/2018\/03\/14524434_1106112876131411_958039263622046936_o.jpg?resize=350%2C200","width":350,"height":200,"srcset":"https:\/\/i0.wp.com\/www.grieta.org.mx\/wp-content\/uploads\/2018\/03\/14524434_1106112876131411_958039263622046936_o.jpg?resize=350%2C200 1x, https:\/\/i0.wp.com\/www.grieta.org.mx\/wp-content\/uploads\/2018\/03\/14524434_1106112876131411_958039263622046936_o.jpg?resize=525%2C300 1.5x, https:\/\/i0.wp.com\/www.grieta.org.mx\/wp-content\/uploads\/2018\/03\/14524434_1106112876131411_958039263622046936_o.jpg?resize=700%2C400 2x"},"classes":[]}],"_links":{"self":[{"href":"http:\/\/www.grieta.org.mx\/index.php\/wp-json\/wp\/v2\/posts\/40962","targetHints":{"allow":["GET"]}}],"collection":[{"href":"http:\/\/www.grieta.org.mx\/index.php\/wp-json\/wp\/v2\/posts"}],"about":[{"href":"http:\/\/www.grieta.org.mx\/index.php\/wp-json\/wp\/v2\/types\/post"}],"author":[{"embeddable":true,"href":"http:\/\/www.grieta.org.mx\/index.php\/wp-json\/wp\/v2\/users\/2"}],"replies":[{"embeddable":true,"href":"http:\/\/www.grieta.org.mx\/index.php\/wp-json\/wp\/v2\/comments?post=40962"}],"version-history":[{"count":1,"href":"http:\/\/www.grieta.org.mx\/index.php\/wp-json\/wp\/v2\/posts\/40962\/revisions"}],"predecessor-version":[{"id":40965,"href":"http:\/\/www.grieta.org.mx\/index.php\/wp-json\/wp\/v2\/posts\/40962\/revisions\/40965"}],"wp:featuredmedia":[{"embeddable":true,"href":"http:\/\/www.grieta.org.mx\/index.php\/wp-json\/wp\/v2\/media\/40963"}],"wp:attachment":[{"href":"http:\/\/www.grieta.org.mx\/index.php\/wp-json\/wp\/v2\/media?parent=40962"}],"wp:term":[{"taxonomy":"category","embeddable":true,"href":"http:\/\/www.grieta.org.mx\/index.php\/wp-json\/wp\/v2\/categories?post=40962"},{"taxonomy":"post_tag","embeddable":true,"href":"http:\/\/www.grieta.org.mx\/index.php\/wp-json\/wp\/v2\/tags?post=40962"}],"curies":[{"name":"wp","href":"https:\/\/api.w.org\/{rel}","templated":true}]}}