{"id":40778,"date":"2019-11-01T21:18:28","date_gmt":"2019-11-02T03:18:28","guid":{"rendered":"http:\/\/www.grieta.org.mx\/?p=40778"},"modified":"2019-11-01T21:18:28","modified_gmt":"2019-11-02T03:18:28","slug":"alumnos-siguen-inconformes-con-tarifa-de-transporte-queretaro","status":"publish","type":"post","link":"http:\/\/www.grieta.org.mx\/index.php\/2019\/11\/01\/alumnos-siguen-inconformes-con-tarifa-de-transporte-queretaro\/","title":{"rendered":"Alumnos siguen inconformes con tarifa de transporte (Quer\u00e9taro)"},"content":{"rendered":"<p><img loading=\"lazy\" decoding=\"async\" data-attachment-id=\"40779\" data-permalink=\"http:\/\/www.grieta.org.mx\/index.php\/2019\/11\/01\/alumnos-siguen-inconformes-con-tarifa-de-transporte-queretaro\/alumnos-siguen-inconformes-con-tarifa-de-transporte-qro-nov\/\" data-orig-file=\"http:\/\/www.grieta.org.mx\/wp-content\/uploads\/2019\/11\/Alumnos-siguen-inconformes-con-tarifa-de-transporte-qro-nov.jpg\" data-orig-size=\"768,479\" data-comments-opened=\"0\" data-image-meta=\"{&quot;aperture&quot;:&quot;0&quot;,&quot;credit&quot;:&quot;&quot;,&quot;camera&quot;:&quot;&quot;,&quot;caption&quot;:&quot;&quot;,&quot;created_timestamp&quot;:&quot;0&quot;,&quot;copyright&quot;:&quot;&quot;,&quot;focal_length&quot;:&quot;0&quot;,&quot;iso&quot;:&quot;0&quot;,&quot;shutter_speed&quot;:&quot;0&quot;,&quot;title&quot;:&quot;&quot;,&quot;orientation&quot;:&quot;0&quot;}\" data-image-title=\"Alumnos siguen inconformes con tarifa de transporte qro nov\" data-image-description=\"\" data-image-caption=\"\" data-medium-file=\"http:\/\/www.grieta.org.mx\/wp-content\/uploads\/2019\/11\/Alumnos-siguen-inconformes-con-tarifa-de-transporte-qro-nov-300x187.jpg\" data-large-file=\"http:\/\/www.grieta.org.mx\/wp-content\/uploads\/2019\/11\/Alumnos-siguen-inconformes-con-tarifa-de-transporte-qro-nov.jpg\" class=\"aligncenter size-full wp-image-40779\" src=\"http:\/\/www.grieta.org.mx\/wp-content\/uploads\/2019\/11\/Alumnos-siguen-inconformes-con-tarifa-de-transporte-qro-nov.jpg\" alt=\"\" width=\"768\" height=\"479\" srcset=\"http:\/\/www.grieta.org.mx\/wp-content\/uploads\/2019\/11\/Alumnos-siguen-inconformes-con-tarifa-de-transporte-qro-nov.jpg 768w, http:\/\/www.grieta.org.mx\/wp-content\/uploads\/2019\/11\/Alumnos-siguen-inconformes-con-tarifa-de-transporte-qro-nov-300x187.jpg 300w\" sizes=\"auto, (max-width: 768px) 100vw, 768px\" \/><br \/>\nAlejandro Pay\u00e1n V\u00e1zquez \/ Diario de Quer\u00e9taro<\/p>\n<blockquote><p>\u201cHace d\u00edas descubrimos que habr\u00eda que subirnos a los arcos para que los medios de comunicaci\u00f3n pudieran si acaso grabarnos\u201d, Jos\u00e9 de Jes\u00fas \u00c1ngeles, consejero universitario<\/p><\/blockquote>\n<p>Estudiantes presentaron en el marco del Consejo Universitario de la UAQ la Asamblea de Usuarios de Transporte P\u00fablico en Quer\u00e9taro, donde reiteraron el llamado por mejorar el servicio de transporte, adem\u00e1s de retomar la tarifa preferencial.<\/p>\n<p>Jos\u00e9 de Jes\u00fas \u00c1ngeles Morales, consejero universitario de la Facultad de Ciencias Sociales ley\u00f3 el comunicado durante la secci\u00f3n de asuntos generales, donde reiter\u00f3 la inconformidad con el servicio de transporte.<\/p>\n<p>Dijo que esta asamblea est\u00e1 integrada por comerciantes, representantes de personas con discapacidad, la asociaci\u00f3n civil \u201cSaca la Bici\u201d, personas de la tercera edad, movimientos juveniles y colectivos en defensa de los derechos humanos.<\/p>\n<p>\u201cHace d\u00edas descubrimos que habr\u00eda que subirnos a los arcos para que los medios de comunicaci\u00f3n pudieran si acaso grabarnos, porque desde los puentes de 5 de febrero tampoco fuimos escuchados, el valor no ha podido faltarnos porque, pese a sus repetidos intentos de desacreditarnos, a marchar nos hemos lanzado, no ha sido una y se seguir\u00e1n sumando, hasta que el falso subsidio haya terminado\u201d.<\/p>\n<p>Al respecto la tambi\u00e9n consejera estudiantil, Karen Perea, dio a conocer el pliego petitorio que hacen a las autoridades estatales, donde reiter\u00f3 el descuento directo al pasaje y la ampliaci\u00f3n de horarios y rutas.<\/p>\n<p>\u201cSe solicita que los usuarios de tres a seis a\u00f1os de edad, aquellos con alg\u00fan tipo de discapacidad, los adultos mayores de 60 a\u00f1os, as\u00ed como los que sean pertenecientes a alguna instituci\u00f3n educativa y con credencial vigente, gocen de la tarifa preferencial\u201d, indic\u00f3.<\/p>\n<p>En el pliego petitorio que presentaron pidieron tambi\u00e9n que el estado tome acciones en v\u00edas de promover y garantizar el desplazamiento y la movilidad de los ciudadanos con capacidades diferentes y adultos mayores, mediante el mejoramiento de veh\u00edculos autobuses y bah\u00edas, con el objetivo de generar una mayor accesibilidad.<\/p>\n<p>Pidieron tambi\u00e9n que se logre un verdadero beneficio para dichos grupos de atenci\u00f3n prioritaria y se busca que tanto la cobertura como el horario de vialidad se ampl\u00eden, esto en beneficio de aquellos individuos que no tienen la posibilidad econ\u00f3mica de acceder a otro tipo de transporte.<\/p>\n<p>Finalmente tras finalizar su postura entregaron la carta al secretario de Educaci\u00f3n, Alfredo Botello Montes, adem\u00e1s de que solicitaron una reuni\u00f3n con el gobernador en la UAQ, petici\u00f3n que fue respondida, donde se inform\u00f3 que la agenda del mandatario estatal ya est\u00e1 comprometida, pero enviar\u00e1n a personal del Instituto Quer\u00e9taro del Transporte para dialogar y atender sus demandas.<\/p>\n<p><a href=\"https:\/\/www.diariodequeretaro.com.mx\/local\/alumnos-siguen-inconformes-con-tarifa-de-transporte-4396386.html\" target=\"_blank\" rel=\"noopener noreferrer\">https:\/\/www.diariodequeretaro.com.mx\/local\/alumnos-siguen-inconformes-con-tarifa-de-transporte-4396386.html<\/a><\/p>\n","protected":false},"excerpt":{"rendered":"<p>Alejandro Pay\u00e1n V\u00e1zquez \/ Diario de Quer\u00e9taro \u201cHace d\u00edas descubrimos que habr\u00eda que subirnos a los arcos para que los medios de comunicaci\u00f3n pudieran si acaso grabarnos\u201d, Jos\u00e9 de Jes\u00fas &hellip; <a href=\"http:\/\/www.grieta.org.mx\/index.php\/2019\/11\/01\/alumnos-siguen-inconformes-con-tarifa-de-transporte-queretaro\/\" class=\"more-link\">Leer m\u00e1s<\/a><\/p>\n","protected":false},"author":2,"featured_media":40779,"comment_status":"closed","ping_status":"closed","sticky":false,"template":"","format":"standard","meta":{"ngg_post_thumbnail":0,"_jetpack_newsletter_access":"","_jetpack_dont_email_post_to_subs":false,"_jetpack_newsletter_tier_id":0,"_jetpack_memberships_contains_paywalled_content":false,"_jetpack_memberships_contains_paid_content":false,"footnotes":""},"categories":[80,2480,2,27],"tags":[1068,2441,2782],"class_list":["post-40778","post","type-post","status-publish","format-standard","has-post-thumbnail","hentry","category-cintillo","category-lucha-y-resistencia-del-pueblo-de-queretaro","category-noticias-nacionales","category-queretaro","tag-incremento-en-el-costo-de-la-vida","tag-protesta-estudiantil","tag-protestas-contra-alza-de-tarifas-de-transporte-publico","entry"],"jetpack_featured_media_url":"http:\/\/www.grieta.org.mx\/wp-content\/uploads\/2019\/11\/Alumnos-siguen-inconformes-con-tarifa-de-transporte-qro-nov.jpg","jetpack_sharing_enabled":true,"jetpack_shortlink":"https:\/\/wp.me\/p7ZJR4-aBI","jetpack_likes_enabled":false,"jetpack-related-posts":[{"id":40989,"url":"http:\/\/www.grieta.org.mx\/index.php\/2019\/11\/04\/declina-gobernador-de-queretaro-atender-a-usuarios-del-transporte-presume-sus-fotos-en-el-futbol\/","url_meta":{"origin":40778,"position":0},"title":"Declina gobernador de Quer\u00e9taro atender a usuarios del transporte; presume sus fotos en el futbol","author":"grieta","date":"4 noviembre, 2019","format":false,"excerpt":"Eric Pacheco \/ Proceso QUER\u00c9TARO, Qro. (apro).- Durante meses, el gobernador de Quer\u00e9taro, Francisco Dom\u00ednguez Servi\u00e9n, ha evadido reunirse con integrantes de grupos vulnerables a quienes les prometi\u00f3 una tarifa gratuita en campa\u00f1a, pero lejos de cumplir su promesa se las increment\u00f3 de 4 a 9 pesos. La semana pasada\u2026","rel":"","context":"En &quot;CINTILLO&quot;","block_context":{"text":"CINTILLO","link":"http:\/\/www.grieta.org.mx\/index.php\/category\/cintillo\/"},"img":{"alt_text":"","src":"https:\/\/i0.wp.com\/www.grieta.org.mx\/wp-content\/uploads\/2019\/11\/Declina-gobernador-de-Quer%C3%A9taro-atender-a-usuarios-del-transporte-presume-sus-fotos-en-el-futbol-qro-nov.jpg?resize=350%2C200","width":350,"height":200,"srcset":"https:\/\/i0.wp.com\/www.grieta.org.mx\/wp-content\/uploads\/2019\/11\/Declina-gobernador-de-Quer%C3%A9taro-atender-a-usuarios-del-transporte-presume-sus-fotos-en-el-futbol-qro-nov.jpg?resize=350%2C200 1x, https:\/\/i0.wp.com\/www.grieta.org.mx\/wp-content\/uploads\/2019\/11\/Declina-gobernador-de-Quer%C3%A9taro-atender-a-usuarios-del-transporte-presume-sus-fotos-en-el-futbol-qro-nov.jpg?resize=525%2C300 1.5x"},"classes":[]},{"id":5201,"url":"http:\/\/www.grieta.org.mx\/index.php\/2015\/09\/12\/protestas-contra-el-alza-en-tarifa-de-transporte-en-queretaro\/","url_meta":{"origin":40778,"position":1},"title":"Protestas contra el alza en tarifa de transporte en Quer\u00e9taro","author":"grieta","date":"12 septiembre, 2015","format":false,"excerpt":"12\/09\/15. Presentan amparos contra alza de tarifa El Universal 07\/09\/15. Desestiman amparo de la UAQ contra aumento al transporte p\u00fablico AM Quer\u00e9taro 26\/08\/15. UAQ instalar\u00e1 mesas en 13 facultades para recolectar firmas a favor del amparo contra aumento a tarifa de RedQ C\u00f3dice informativo 21\/08\/15. Colegio de Abogados de Quer\u00e9taro\u2026","rel":"","context":"En &quot;Comunicaciones y transportes&quot;","block_context":{"text":"Comunicaciones y transportes","link":"http:\/\/www.grieta.org.mx\/index.php\/category\/megaproyectos\/comunicaciones-y-transportes\/"},"img":{"alt_text":"","src":"https:\/\/i0.wp.com\/www.grieta.org.mx\/wp-content\/uploads\/2018\/03\/14524434_1106112876131411_958039263622046936_o.jpg?resize=350%2C200","width":350,"height":200,"srcset":"https:\/\/i0.wp.com\/www.grieta.org.mx\/wp-content\/uploads\/2018\/03\/14524434_1106112876131411_958039263622046936_o.jpg?resize=350%2C200 1x, https:\/\/i0.wp.com\/www.grieta.org.mx\/wp-content\/uploads\/2018\/03\/14524434_1106112876131411_958039263622046936_o.jpg?resize=525%2C300 1.5x, https:\/\/i0.wp.com\/www.grieta.org.mx\/wp-content\/uploads\/2018\/03\/14524434_1106112876131411_958039263622046936_o.jpg?resize=700%2C400 2x"},"classes":[]},{"id":38254,"url":"http:\/\/www.grieta.org.mx\/index.php\/2019\/08\/23\/universitarios-se-manifiestan-en-queretaro-contra-tarifas-de-transporte\/","url_meta":{"origin":40778,"position":2},"title":"Universitarios se manifiestan en Quer\u00e9taro contra tarifas de transporte","author":"grieta","date":"23 agosto, 2019","format":false,"excerpt":"Viviana Estrella\/El Economista Quer\u00e9taro.- La comunidad de la Universidad Aut\u00f3noma de Quer\u00e9taro (UAQ), de otras instituciones educativas y ciudadanos, se manifestaron este viernes en la capital del estado en contra del incremento a la tarifa del transporte p\u00fablico. Los manifestantes salieron de la explanada del Centro Universitario de la UAQ,\u2026","rel":"","context":"En &quot;CINTILLO&quot;","block_context":{"text":"CINTILLO","link":"http:\/\/www.grieta.org.mx\/index.php\/category\/cintillo\/"},"img":{"alt_text":"","src":"https:\/\/i0.wp.com\/www.grieta.org.mx\/wp-content\/uploads\/2019\/08\/20190823_123049.jpg_1741123634.jpg?resize=350%2C200","width":350,"height":200,"srcset":"https:\/\/i0.wp.com\/www.grieta.org.mx\/wp-content\/uploads\/2019\/08\/20190823_123049.jpg_1741123634.jpg?resize=350%2C200 1x, https:\/\/i0.wp.com\/www.grieta.org.mx\/wp-content\/uploads\/2019\/08\/20190823_123049.jpg_1741123634.jpg?resize=525%2C300 1.5x, https:\/\/i0.wp.com\/www.grieta.org.mx\/wp-content\/uploads\/2019\/08\/20190823_123049.jpg_1741123634.jpg?resize=700%2C400 2x, https:\/\/i0.wp.com\/www.grieta.org.mx\/wp-content\/uploads\/2019\/08\/20190823_123049.jpg_1741123634.jpg?resize=1050%2C600 3x"},"classes":[]},{"id":5207,"url":"http:\/\/www.grieta.org.mx\/index.php\/2015\/08\/10\/aumento-a-tarifa-de-transporte-de-queretaro-es-desproporcional-observatorio-ciudadano-de-movilidad\/","url_meta":{"origin":40778,"position":3},"title":"Aumento a tarifa de transporte de Quer\u00e9taro es desproporcional: Observatorio Ciudadano de Movilidad","author":"grieta","date":"10 agosto, 2015","format":false,"excerpt":"Alejandro Nieto Quer\u00e9taro\/C\u00f3dice Informativo Buscan mesas de di\u00e1logo con autoridades y universitarios para mejorar la calidad con las investigaciones de la Facultad de Ingenier\u00eda de la UAQ Integrantes del Observatorio Ciudadano de Movilidad piden a las autoridades del estado de Quer\u00e9taro entablar mesas de di\u00e1logo para mejorar las tarifas y\u2026","rel":"","context":"En &quot;CINTILLO&quot;","block_context":{"text":"CINTILLO","link":"http:\/\/www.grieta.org.mx\/index.php\/category\/cintillo\/"},"img":{"alt_text":"","src":"https:\/\/i0.wp.com\/www.grieta.org.mx\/wp-content\/uploads\/2018\/03\/14524434_1106112876131411_958039263622046936_o.jpg?resize=350%2C200","width":350,"height":200,"srcset":"https:\/\/i0.wp.com\/www.grieta.org.mx\/wp-content\/uploads\/2018\/03\/14524434_1106112876131411_958039263622046936_o.jpg?resize=350%2C200 1x, https:\/\/i0.wp.com\/www.grieta.org.mx\/wp-content\/uploads\/2018\/03\/14524434_1106112876131411_958039263622046936_o.jpg?resize=525%2C300 1.5x, https:\/\/i0.wp.com\/www.grieta.org.mx\/wp-content\/uploads\/2018\/03\/14524434_1106112876131411_958039263622046936_o.jpg?resize=700%2C400 2x"},"classes":[]},{"id":40355,"url":"http:\/\/www.grieta.org.mx\/index.php\/2019\/10\/17\/exigen-universitarios-cumplir-gratuidad-de-tarifa-preferente-qrobus-queretaro\/","url_meta":{"origin":40778,"position":4},"title":"Exigen universitarios cumplir gratuidad de tarifa preferente Qrob\u00fas (Quer\u00e9taro)","author":"grieta","date":"17 octubre, 2019","format":false,"excerpt":"Mariana Villalobos \/ Quadrat\u00edn QUER\u00c9TARO, Qro., 17 de octubre de 2019.- Cientos de estudiantes de distintas universidades marcharon esta tarde en las calles de la capital del estado para pedir al gobierno del estado mejora en el servicio de transporte p\u00fablico colectivo adem\u00e1s de exigir el cumplimiento en la promesa\u2026","rel":"","context":"En &quot;CINTILLO&quot;","block_context":{"text":"CINTILLO","link":"http:\/\/www.grieta.org.mx\/index.php\/category\/cintillo\/"},"img":{"alt_text":"","src":"https:\/\/i0.wp.com\/www.grieta.org.mx\/wp-content\/uploads\/2019\/10\/Exigen-universitarios-cumplir-gratuidad-de-tarifa-preferente-Qrob%C3%BAs-qro-oct.png?resize=350%2C200","width":350,"height":200,"srcset":"https:\/\/i0.wp.com\/www.grieta.org.mx\/wp-content\/uploads\/2019\/10\/Exigen-universitarios-cumplir-gratuidad-de-tarifa-preferente-Qrob%C3%BAs-qro-oct.png?resize=350%2C200 1x, https:\/\/i0.wp.com\/www.grieta.org.mx\/wp-content\/uploads\/2019\/10\/Exigen-universitarios-cumplir-gratuidad-de-tarifa-preferente-Qrob%C3%BAs-qro-oct.png?resize=525%2C300 1.5x, https:\/\/i0.wp.com\/www.grieta.org.mx\/wp-content\/uploads\/2019\/10\/Exigen-universitarios-cumplir-gratuidad-de-tarifa-preferente-Qrob%C3%BAs-qro-oct.png?resize=700%2C400 2x, https:\/\/i0.wp.com\/www.grieta.org.mx\/wp-content\/uploads\/2019\/10\/Exigen-universitarios-cumplir-gratuidad-de-tarifa-preferente-Qrob%C3%BAs-qro-oct.png?resize=1050%2C600 3x"},"classes":[]},{"id":5206,"url":"http:\/\/www.grieta.org.mx\/index.php\/2015\/08\/13\/preparan-amparo-vs-alza-al-transporte\/","url_meta":{"origin":40778,"position":5},"title":"Preparan amparo vs alza al transporte","author":"grieta","date":"13 agosto, 2015","format":false,"excerpt":"Arlene Pati\u00f1o\/El Economista Estudiantes de la Facultad de Derecho de la Universidad Aut\u00f3noma de Quer\u00e9taro (UAQ) presentar\u00e1n un amparo colectivo en contra del alza de 30% a 8.5 pesos en la tarifa del transporte p\u00fablico. De acuerdo con la secretaria particular de Rector\u00eda, Blanca Guti\u00e9rrez Grageda, se encuentran en la\u2026","rel":"","context":"En &quot;CINTILLO&quot;","block_context":{"text":"CINTILLO","link":"http:\/\/www.grieta.org.mx\/index.php\/category\/cintillo\/"},"img":{"alt_text":"","src":"https:\/\/i0.wp.com\/www.grieta.org.mx\/wp-content\/uploads\/2018\/03\/14524434_1106112876131411_958039263622046936_o.jpg?resize=350%2C200","width":350,"height":200,"srcset":"https:\/\/i0.wp.com\/www.grieta.org.mx\/wp-content\/uploads\/2018\/03\/14524434_1106112876131411_958039263622046936_o.jpg?resize=350%2C200 1x, https:\/\/i0.wp.com\/www.grieta.org.mx\/wp-content\/uploads\/2018\/03\/14524434_1106112876131411_958039263622046936_o.jpg?resize=525%2C300 1.5x, https:\/\/i0.wp.com\/www.grieta.org.mx\/wp-content\/uploads\/2018\/03\/14524434_1106112876131411_958039263622046936_o.jpg?resize=700%2C400 2x"},"classes":[]}],"_links":{"self":[{"href":"http:\/\/www.grieta.org.mx\/index.php\/wp-json\/wp\/v2\/posts\/40778","targetHints":{"allow":["GET"]}}],"collection":[{"href":"http:\/\/www.grieta.org.mx\/index.php\/wp-json\/wp\/v2\/posts"}],"about":[{"href":"http:\/\/www.grieta.org.mx\/index.php\/wp-json\/wp\/v2\/types\/post"}],"author":[{"embeddable":true,"href":"http:\/\/www.grieta.org.mx\/index.php\/wp-json\/wp\/v2\/users\/2"}],"replies":[{"embeddable":true,"href":"http:\/\/www.grieta.org.mx\/index.php\/wp-json\/wp\/v2\/comments?post=40778"}],"version-history":[{"count":1,"href":"http:\/\/www.grieta.org.mx\/index.php\/wp-json\/wp\/v2\/posts\/40778\/revisions"}],"predecessor-version":[{"id":40780,"href":"http:\/\/www.grieta.org.mx\/index.php\/wp-json\/wp\/v2\/posts\/40778\/revisions\/40780"}],"wp:featuredmedia":[{"embeddable":true,"href":"http:\/\/www.grieta.org.mx\/index.php\/wp-json\/wp\/v2\/media\/40779"}],"wp:attachment":[{"href":"http:\/\/www.grieta.org.mx\/index.php\/wp-json\/wp\/v2\/media?parent=40778"}],"wp:term":[{"taxonomy":"category","embeddable":true,"href":"http:\/\/www.grieta.org.mx\/index.php\/wp-json\/wp\/v2\/categories?post=40778"},{"taxonomy":"post_tag","embeddable":true,"href":"http:\/\/www.grieta.org.mx\/index.php\/wp-json\/wp\/v2\/tags?post=40778"}],"curies":[{"name":"wp","href":"https:\/\/api.w.org\/{rel}","templated":true}]}}