{"id":40709,"date":"2019-10-29T19:38:10","date_gmt":"2019-10-30T01:38:10","guid":{"rendered":"http:\/\/www.grieta.org.mx\/?p=40709"},"modified":"2019-10-30T19:48:43","modified_gmt":"2019-10-31T01:48:43","slug":"admiten-fallas-en-plataforma-de-desaparecidos-jalisco","status":"publish","type":"post","link":"http:\/\/www.grieta.org.mx\/index.php\/2019\/10\/29\/admiten-fallas-en-plataforma-de-desaparecidos-jalisco\/","title":{"rendered":"Admiten fallas en plataforma de desaparecidos (Jalisco)"},"content":{"rendered":"<p><img loading=\"lazy\" decoding=\"async\" data-attachment-id=\"40711\" data-permalink=\"http:\/\/www.grieta.org.mx\/index.php\/2019\/10\/29\/admiten-fallas-en-plataforma-de-desaparecidos-jalisco\/rs3222655_dig-2019-06-24-23-25-71-jpg_347421144\/\" data-orig-file=\"http:\/\/www.grieta.org.mx\/wp-content\/uploads\/2019\/10\/rs3222655_dig-2019-06-24-23-25-71.jpg_347421144.jpg\" data-orig-size=\"700,466\" data-comments-opened=\"0\" data-image-meta=\"{&quot;aperture&quot;:&quot;0&quot;,&quot;credit&quot;:&quot;&quot;,&quot;camera&quot;:&quot;&quot;,&quot;caption&quot;:&quot;&quot;,&quot;created_timestamp&quot;:&quot;0&quot;,&quot;copyright&quot;:&quot;&quot;,&quot;focal_length&quot;:&quot;0&quot;,&quot;iso&quot;:&quot;0&quot;,&quot;shutter_speed&quot;:&quot;0&quot;,&quot;title&quot;:&quot;&quot;,&quot;orientation&quot;:&quot;0&quot;}\" data-image-title=\"rs3222655_dig-2019-06-24-23-25-71.jpg_347421144\" data-image-description=\"\" data-image-caption=\"\" data-medium-file=\"http:\/\/www.grieta.org.mx\/wp-content\/uploads\/2019\/10\/rs3222655_dig-2019-06-24-23-25-71.jpg_347421144-300x200.jpg\" data-large-file=\"http:\/\/www.grieta.org.mx\/wp-content\/uploads\/2019\/10\/rs3222655_dig-2019-06-24-23-25-71.jpg_347421144.jpg\" class=\"aligncenter  wp-image-40711\" src=\"http:\/\/www.grieta.org.mx\/wp-content\/uploads\/2019\/10\/rs3222655_dig-2019-06-24-23-25-71.jpg_347421144.jpg\" alt=\"\" width=\"799\" height=\"532\" srcset=\"http:\/\/www.grieta.org.mx\/wp-content\/uploads\/2019\/10\/rs3222655_dig-2019-06-24-23-25-71.jpg_347421144.jpg 700w, http:\/\/www.grieta.org.mx\/wp-content\/uploads\/2019\/10\/rs3222655_dig-2019-06-24-23-25-71.jpg_347421144-300x200.jpg 300w\" sizes=\"auto, (max-width: 799px) 100vw, 799px\" \/><\/p>\n<p>Foto: El Informador- Archivo<\/p>\n<p>Redacci\u00f3n \/ El Informador<\/p>\n<p>La plataforma \u201cRegistro de Personas Fallecidas Sin Identificar (PFSI)\u201d, con la que los ciudadanos podr\u00e1n consultar la descripci\u00f3n de este tipo de cuerpos que est\u00e1n bajo resguardo del Instituto Jalisciense de Ciencias Forenses (IJCF), se present\u00f3 con fallas.<\/p>\n<p><strong>La lista, que cuenta con datos de 814 cad\u00e1veres hallados desde el 19 de septiembre de 2018 hasta la fecha, se dio a conocer con errores en las edades.<\/strong><\/p>\n<p>Por ejemplo, los resultados de las b\u00fasquedas arrojaron que restos de hombres y mujeres de entre cero y cinco a\u00f1os ten\u00edan m\u00faltiples tatuajes y perforaciones, e incluso ropa interior que no corresponde a esas edades.<\/p>\n<p>Al advertir esta situaci\u00f3n, durante la tarde de ayer el IJCF cambi\u00f3 ese rango de edad por la leyenda \u201cno determinable a\u00f1os\u201d.<\/p>\n<p>En ese sentido, el director de la dependencia, Gustavo Quezada, admiti\u00f3 que la plataforma se dio a conocer con irregularidades.<\/p>\n<p>Karolina Chimiak, investigadora del Centro de Justicia para la Paz y el Desarrollo (Cepad), consider\u00f3 que las autoridades estatales se precipitaron al publicarla.<\/p>\n<p><strong>\u201cCuestiona la credibilidad de esta plataforma y la certeza de la informaci\u00f3n que se encuentra en la misma,<\/strong>\u00a0y si bien es muy importante crear este tipo de avances, pudo ser una decisi\u00f3n mucho m\u00e1s adecuada esperar unos d\u00edas\u201d, dijo.<\/p>\n<p><strong>Edad \u2018no determinada\u2019, el indicador m\u00e1s presente en plataforma del IJCF<\/strong><\/p>\n<p>Sin especificar la edad se encuentran m\u00e1s de la mitad de los 814 datos de personas no identificadas que contiene la plataforma que ayer present\u00f3 y public\u00f3 el Instituto Jalisciense de Ciencias Forenses (IJCF) para facilitar su reconocimiento, a fin de que los familiares puedan sepultarlos.<\/p>\n<p>Actualmente, el micrositio cuenta con datos de personas en resguardo del IJCF que han sido localizadas desde el 19 de septiembre de 2018 y hasta la fecha.\u00a0<strong>Y entre la informaci\u00f3n que aporta \u00a0la autoridad forense destacan el sexo, la edad, los rasgos caracter\u00edsticos y, si es el caso, si el fallecido tiene tatuajes, entre otros.<\/strong><\/p>\n<p>La raz\u00f3n de ser de la plataforma es darle la mayor publicidad a esa informaci\u00f3n para que quienes cuentan con familiares o conocidos desaparecidos la consulten, y as\u00ed encontrar si alguna de las descripciones encaja con la de la persona que buscan.<\/p>\n<p>Pero uno de los par\u00e1metros m\u00e1s importantes: la edad, no est\u00e1 precisada en 432 de esos casos, seg\u00fan una revisi\u00f3n hecha por este medio.<\/p>\n<p>Anna Karolina Chimiak, investigadora del Centro de Justicia para la Paz y el Desarrollo (Cepad), lament\u00f3 la falta de precisi\u00f3n en este apartado. \u201cObviamente no ayuda a esta b\u00fasqueda m\u00e1s espec\u00edfica, m\u00e1s personalizada y m\u00e1s detallada en cuando a la b\u00fasqueda de las personas concretas desaparecidas, que pudieran estar resguardadas en el Instituto Jalisciense de Ciencias Forenses\u201d.<\/p>\n<h4>\u00bfError en el sistema?<\/h4>\n<div>\n<figure class=\"image\"><img decoding=\"async\" class=\"alignnone\" title=\"\" src=\"https:\/\/www.informador.mx\/export\/sites\/elinformador\/img\/2019\/10\/29\/a.jpg_1176743002.jpg\" alt=\"\" hspace=\"5\" vspace=\"5\" data-height=\"387\" data-size=\"w:1027,h:569\" data-width=\"700\" \/><\/p>\n<div class=\"seedtag-gohan seedtag-adunit st-in-image\">\n<div class=\"st-container\"><\/div>\n<\/div>\n<\/figure>\n<\/div>\n<p>Cuando se present\u00f3 la herramienta, los indicadores mostraban datos particularmente inusuales, como informaci\u00f3n de menores de edad que ten\u00edan entre cero y cinco a\u00f1os, y entre cuyas caracter\u00edsticas se destacaban varios tatuajes. El caso en la imagen es el cuerpo de una ni\u00f1a que entra en ese rango, y quien incluso tiene una imagen de la Santa Muerte en la espalda.<\/p>\n<div>\n<figure class=\"image\"><img decoding=\"async\" class=\"aligncenter\" title=\"\" src=\"https:\/\/www.informador.mx\/export\/sites\/elinformador\/img\/2019\/10\/29\/b.jpg_1175819481.jpg\" alt=\"\" hspace=\"5\" vspace=\"5\" data-height=\"388\" data-size=\"w:1037,h:575\" data-width=\"700\" \/><\/figure>\n<\/div>\n<p>Rato despu\u00e9s, cuando se comenz\u00f3 a difundir esa informaci\u00f3n por internet, en el Instituto Jalisciense de Ciencias Forenses comenzaron a modificar las edades de cero a cinco a\u00f1os. En su lugar destacaron la frase \u201cno determinable a\u00f1os\u201d en may\u00fasculas. Seg\u00fan un conteo hecho por este medio, ese indicador se repite en 432 de los 814 registros. Equivale a 53 por ciento.<\/p>\n<p><strong>Los colectivos la impulsaron<\/strong><\/p>\n<p>La plataforma \u201cRegistro de Personas Fallecidas Sin Identificar (PFSI)\u201d tuvo su origen en los colectivos de familiares de desaparecidos, record\u00f3 Anna Karolina Chimiak, integrante del Centro de Justicia para la Paz y el Desarrollo (Cepad).<\/p>\n<p>Destac\u00f3 que, ante la falta de informaci\u00f3n de las autoridades sobre las personas sin identificar en resguardo del IJCF, los colectivos comenzaron a divulgar en redes sociales las caracter\u00edsticas de los cuerpos que se encontraban,\u00a0<strong>principalmente los tatuajes.<\/strong><\/p>\n<p>\u201c(La plataforma PFSI) ha tenido antecedentes del valioso trabajo que realizan familiares de personas desaparecidas, en la publicaci\u00f3n y difusi\u00f3n de informaci\u00f3n relacionada con los procesos de identificaci\u00f3n forense, y que supl\u00edan las mismas obligaciones del Estado\u201d.<\/p>\n<p>Sin embargo, la investigadora reconoci\u00f3 que la publicaci\u00f3n de la lista es un avance \u201cimportante\u201d que da muestras de voluntad del Gobierno para atender a las familias de v\u00edctimas de desaparici\u00f3n.<\/p>\n<p><strong>Colectivos esperan que se nutra<\/strong><\/p>\n<p>Miembros de colectivos consideraron que, en las condiciones actuales, no les ser\u00e1 de mucha utilidad la plataforma, pues s\u00f3lo cuenta con datos de 814 personas localizadas desde el 19 de septiembre de 2018 a la fecha. \u201cPor lo regular somos de 2017 para atr\u00e1s. Necesitamos que se abra m\u00e1s, que se expanda m\u00e1s hacia atr\u00e1s\u201d, dijo Guadalupe \u00cd\u00f1iguez, del colectivo Entre el Cielo y la Tierra.<\/p>\n<p><a href=\"https:\/\/www.informador.mx\/Admiten-fallas-en-plataforma-de-desaparecidos-l201910290002.html\">https:\/\/www.informador.mx\/Admiten-fallas-en-plataforma-de-desaparecidos-l201910290002.html<\/a><\/p>\n","protected":false},"excerpt":{"rendered":"<p>Foto: El Informador- Archivo Redacci\u00f3n \/ El Informador La plataforma \u201cRegistro de Personas Fallecidas Sin Identificar (PFSI)\u201d, con la que los ciudadanos podr\u00e1n consultar la descripci\u00f3n de este tipo de &hellip; <a href=\"http:\/\/www.grieta.org.mx\/index.php\/2019\/10\/29\/admiten-fallas-en-plataforma-de-desaparecidos-jalisco\/\" class=\"more-link\">Leer m\u00e1s<\/a><\/p>\n","protected":false},"author":2,"featured_media":40711,"comment_status":"closed","ping_status":"closed","sticky":false,"template":"","format":"standard","meta":{"ngg_post_thumbnail":0,"_jetpack_newsletter_access":"","_jetpack_dont_email_post_to_subs":false,"_jetpack_newsletter_tier_id":0,"_jetpack_memberships_contains_paywalled_content":false,"_jetpack_memberships_contains_paid_content":false,"footnotes":""},"categories":[80,87,1032,20,2,83],"tags":[1828,121],"class_list":["post-40709","post","type-post","status-publish","format-standard","has-post-thumbnail","hentry","category-cintillo","category-desaparecidos","category-desaparecidos-en-jalisco","category-jalisco","category-noticias-nacionales","category-temas-nacionales","tag-busqueda-de-desaparecidos","tag-desaparecidos","entry"],"jetpack_featured_media_url":"http:\/\/www.grieta.org.mx\/wp-content\/uploads\/2019\/10\/rs3222655_dig-2019-06-24-23-25-71.jpg_347421144.jpg","jetpack_sharing_enabled":true,"jetpack_shortlink":"https:\/\/wp.me\/p7ZJR4-aAB","jetpack_likes_enabled":false,"jetpack-related-posts":[{"id":3241,"url":"http:\/\/www.grieta.org.mx\/index.php\/2016\/09\/12\/desaparecidos-en-jalisco\/","url_meta":{"origin":40709,"position":0},"title":"Desaparecidos en Jalisco","author":"grieta","date":"12 septiembre, 2016","format":false,"excerpt":"12\/09\/16. Exigen resolver falta de presupuesto en b\u00fasqueda de desaparecidosNtr Guadalajara 30\/08\/16. Gobierno de Jalisco oculta la tragedia de los desaparecidosSomos el Medio 10\/08\/16. Jalisco, tercer lugar en desapariciones Ntr Guadalajara 15\/06\/16. Familiares de desaparecidos van ante la oficina de la ONU Ntr Guadalajara 08\/06\/16. Jalisco: cr\u00edmenes de lesa humanidad\u2026","rel":"","context":"En &quot;Desaparecidos&quot;","block_context":{"text":"Desaparecidos","link":"http:\/\/www.grieta.org.mx\/index.php\/category\/temas-nacionales\/desaparecidos\/"},"img":{"alt_text":"","src":"https:\/\/i0.wp.com\/www.grieta.org.mx\/wp-content\/uploads\/2018\/03\/14524434_1106112876131411_958039263622046936_o.jpg?resize=350%2C200","width":350,"height":200,"srcset":"https:\/\/i0.wp.com\/www.grieta.org.mx\/wp-content\/uploads\/2018\/03\/14524434_1106112876131411_958039263622046936_o.jpg?resize=350%2C200 1x, https:\/\/i0.wp.com\/www.grieta.org.mx\/wp-content\/uploads\/2018\/03\/14524434_1106112876131411_958039263622046936_o.jpg?resize=525%2C300 1.5x, https:\/\/i0.wp.com\/www.grieta.org.mx\/wp-content\/uploads\/2018\/03\/14524434_1106112876131411_958039263622046936_o.jpg?resize=700%2C400 2x"},"classes":[]},{"id":5548,"url":"http:\/\/www.grieta.org.mx\/index.php\/2016\/01\/24\/movilizaciones-por-ayotzinapa-en-jalisco\/","url_meta":{"origin":40709,"position":1},"title":"Movilizaciones por Ayotzinapa en Jalisco","author":"grieta","date":"24 enero, 2016","format":false,"excerpt":"24\/01\/16. Caravana de padres de Ayotzinapa llega a JaliscoInformador 22\/11\/15. Padres de los normalistas desaparecidos afirman que seguir\u00e1n su luchaLa Jornada 20\/11\/15. 'No nos dejen solos', piden padres de normalistasEl Informador 27\/10\/15. Persiste demanda por AyotzinapaNtr Guadajara\/Cr\u00f3nica de Sociales 26\/09\/15. Retumbaron gritos por justicia por normalistas de Ayotzinapa tambi\u00e9n en\u2026","rel":"","context":"En &quot;Jalisco&quot;","block_context":{"text":"Jalisco","link":"http:\/\/www.grieta.org.mx\/index.php\/category\/noticias-nacionales\/jalisco\/"},"img":{"alt_text":"","src":"https:\/\/i0.wp.com\/www.grieta.org.mx\/wp-content\/uploads\/2018\/03\/14524434_1106112876131411_958039263622046936_o.jpg?resize=350%2C200","width":350,"height":200,"srcset":"https:\/\/i0.wp.com\/www.grieta.org.mx\/wp-content\/uploads\/2018\/03\/14524434_1106112876131411_958039263622046936_o.jpg?resize=350%2C200 1x, https:\/\/i0.wp.com\/www.grieta.org.mx\/wp-content\/uploads\/2018\/03\/14524434_1106112876131411_958039263622046936_o.jpg?resize=525%2C300 1.5x, https:\/\/i0.wp.com\/www.grieta.org.mx\/wp-content\/uploads\/2018\/03\/14524434_1106112876131411_958039263622046936_o.jpg?resize=700%2C400 2x"},"classes":[]},{"id":65811,"url":"http:\/\/www.grieta.org.mx\/index.php\/2022\/11\/21\/exhuman-287-cuerpos-de-40-fosas-clandestinas-en-jalisco\/","url_meta":{"origin":40709,"position":2},"title":"Exhuman 287 cuerpos de 40 fosas clandestinas en Jalisco","author":"grieta","date":"21 noviembre, 2022","format":false,"excerpt":"Imagen: Lauro Rodr\u00edguez Redacci\u00f3n \/ El Diario NTR De enero a octubre, fueron exhumados 287 cuerpos de 40 fosas clandestinas, ubicadas en distintos municipios de Jalisco. Esta cifra supera a los cad\u00e1veres recuperados en 2021, cuando se exhumaron 279 cuerpos de 23 fosas clandestinas, de acuerdo con los datos de\u2026","rel":"","context":"En &quot;CINTILLO&quot;","block_context":{"text":"CINTILLO","link":"http:\/\/www.grieta.org.mx\/index.php\/category\/cintillo\/"},"img":{"alt_text":"","src":"https:\/\/i0.wp.com\/www.grieta.org.mx\/wp-content\/uploads\/2022\/11\/2022-11-21_12-11-46___719.jpg?resize=350%2C200","width":350,"height":200,"srcset":"https:\/\/i0.wp.com\/www.grieta.org.mx\/wp-content\/uploads\/2022\/11\/2022-11-21_12-11-46___719.jpg?resize=350%2C200 1x, https:\/\/i0.wp.com\/www.grieta.org.mx\/wp-content\/uploads\/2022\/11\/2022-11-21_12-11-46___719.jpg?resize=525%2C300 1.5x, https:\/\/i0.wp.com\/www.grieta.org.mx\/wp-content\/uploads\/2022\/11\/2022-11-21_12-11-46___719.jpg?resize=700%2C400 2x"},"classes":[]},{"id":30954,"url":"http:\/\/www.grieta.org.mx\/index.php\/2019\/03\/19\/marchan-para-no-olvidar-a-sus-desaparecidos-jalisco\/","url_meta":{"origin":40709,"position":3},"title":"Marchan \u201cpara no olvidar\u201d a sus desaparecidos (Jalisco)","author":"grieta","date":"19 marzo, 2019","format":false,"excerpt":"Estudiantes, integrantes de la sociedad civil y del colectivo FUNDEJ, se manifestaron para recordar a los tres estudiantes de cine desaparecidos hace un a\u00f1o Rub\u00ed Bobadilla \/ El Informador Alrededor de mil 200 personas, seg\u00fan autoridades municipales, marcharon este martes para recordar a los tres j\u00f3venes estudiantes de cine vistos\u2026","rel":"","context":"En &quot;CINTILLO&quot;","block_context":{"text":"CINTILLO","link":"http:\/\/www.grieta.org.mx\/index.php\/category\/cintillo\/"},"img":{"alt_text":"","src":"https:\/\/i0.wp.com\/www.grieta.org.mx\/wp-content\/uploads\/2019\/03\/marcha1.jpg?resize=350%2C200","width":350,"height":200,"srcset":"https:\/\/i0.wp.com\/www.grieta.org.mx\/wp-content\/uploads\/2019\/03\/marcha1.jpg?resize=350%2C200 1x, https:\/\/i0.wp.com\/www.grieta.org.mx\/wp-content\/uploads\/2019\/03\/marcha1.jpg?resize=525%2C300 1.5x, https:\/\/i0.wp.com\/www.grieta.org.mx\/wp-content\/uploads\/2019\/03\/marcha1.jpg?resize=700%2C400 2x"},"classes":[]},{"id":60186,"url":"http:\/\/www.grieta.org.mx\/index.php\/2021\/06\/21\/familiares-exigen-resultados-en-busqueda-de-desaparecidos-jalisco\/","url_meta":{"origin":40709,"position":4},"title":"Familiares exigen resultados en b\u00fasqueda de desaparecidos (Jalisco)","author":"grieta","date":"21 junio, 2021","format":false,"excerpt":"Foto: Edgar Flores Edgar Flores \/ El Diario NTR Familiares de cinco j\u00f3venes desaparecidos se manifiestan en Palacio de Gobierno luego de haber partido esta ma\u00f1ana desde la Glorieta de los Ni\u00f1os H\u00e9roes. Exigen respuesta por parte de las autoridades, a quienes acusan de ser omisas y de filtrar v\u00eddeos\u2026","rel":"","context":"En &quot;CINTILLO&quot;","block_context":{"text":"CINTILLO","link":"http:\/\/www.grieta.org.mx\/index.php\/category\/cintillo\/"},"img":{"alt_text":"","src":"https:\/\/i0.wp.com\/www.grieta.org.mx\/wp-content\/uploads\/2021\/06\/2021-06-21_01-06-06___8810.jpg?resize=350%2C200","width":350,"height":200,"srcset":"https:\/\/i0.wp.com\/www.grieta.org.mx\/wp-content\/uploads\/2021\/06\/2021-06-21_01-06-06___8810.jpg?resize=350%2C200 1x, https:\/\/i0.wp.com\/www.grieta.org.mx\/wp-content\/uploads\/2021\/06\/2021-06-21_01-06-06___8810.jpg?resize=525%2C300 1.5x, https:\/\/i0.wp.com\/www.grieta.org.mx\/wp-content\/uploads\/2021\/06\/2021-06-21_01-06-06___8810.jpg?resize=700%2C400 2x"},"classes":[]},{"id":4328,"url":"http:\/\/www.grieta.org.mx\/index.php\/2015\/05\/11\/madres-de-desaparecidos-en-jalisco-cambian-festejo-por-manifestacion\/","url_meta":{"origin":40709,"position":5},"title":"Madres de desaparecidos en Jalisco cambian festejo por manifestaci\u00f3n","author":"grieta","date":"11 mayo, 2015","format":false,"excerpt":"Redacci\u00f3n El Informador Critican incapacidad y desd\u00e9n de la Fiscal\u00eda General del Estado En el D\u00eda de las Madres, docenas de mujeres exigieron a las autoridades que encuentren a sus hijos GUADALAJARA, JALISCO (11\/MAY\/2015).- \u201cEn Jalisco hay miles de desaparecidos\u201d, reza la manta que un grupo de mujeres sosten\u00eda durante\u2026","rel":"","context":"En &quot;CINTILLO&quot;","block_context":{"text":"CINTILLO","link":"http:\/\/www.grieta.org.mx\/index.php\/category\/cintillo\/"},"img":{"alt_text":"","src":"https:\/\/i0.wp.com\/www.grieta.org.mx\/wp-content\/uploads\/2018\/03\/14524434_1106112876131411_958039263622046936_o.jpg?resize=350%2C200","width":350,"height":200,"srcset":"https:\/\/i0.wp.com\/www.grieta.org.mx\/wp-content\/uploads\/2018\/03\/14524434_1106112876131411_958039263622046936_o.jpg?resize=350%2C200 1x, https:\/\/i0.wp.com\/www.grieta.org.mx\/wp-content\/uploads\/2018\/03\/14524434_1106112876131411_958039263622046936_o.jpg?resize=525%2C300 1.5x, https:\/\/i0.wp.com\/www.grieta.org.mx\/wp-content\/uploads\/2018\/03\/14524434_1106112876131411_958039263622046936_o.jpg?resize=700%2C400 2x"},"classes":[]}],"_links":{"self":[{"href":"http:\/\/www.grieta.org.mx\/index.php\/wp-json\/wp\/v2\/posts\/40709","targetHints":{"allow":["GET"]}}],"collection":[{"href":"http:\/\/www.grieta.org.mx\/index.php\/wp-json\/wp\/v2\/posts"}],"about":[{"href":"http:\/\/www.grieta.org.mx\/index.php\/wp-json\/wp\/v2\/types\/post"}],"author":[{"embeddable":true,"href":"http:\/\/www.grieta.org.mx\/index.php\/wp-json\/wp\/v2\/users\/2"}],"replies":[{"embeddable":true,"href":"http:\/\/www.grieta.org.mx\/index.php\/wp-json\/wp\/v2\/comments?post=40709"}],"version-history":[{"count":1,"href":"http:\/\/www.grieta.org.mx\/index.php\/wp-json\/wp\/v2\/posts\/40709\/revisions"}],"predecessor-version":[{"id":40712,"href":"http:\/\/www.grieta.org.mx\/index.php\/wp-json\/wp\/v2\/posts\/40709\/revisions\/40712"}],"wp:featuredmedia":[{"embeddable":true,"href":"http:\/\/www.grieta.org.mx\/index.php\/wp-json\/wp\/v2\/media\/40711"}],"wp:attachment":[{"href":"http:\/\/www.grieta.org.mx\/index.php\/wp-json\/wp\/v2\/media?parent=40709"}],"wp:term":[{"taxonomy":"category","embeddable":true,"href":"http:\/\/www.grieta.org.mx\/index.php\/wp-json\/wp\/v2\/categories?post=40709"},{"taxonomy":"post_tag","embeddable":true,"href":"http:\/\/www.grieta.org.mx\/index.php\/wp-json\/wp\/v2\/tags?post=40709"}],"curies":[{"name":"wp","href":"https:\/\/api.w.org\/{rel}","templated":true}]}}