{"id":40646,"date":"2019-10-16T19:04:14","date_gmt":"2019-10-17T00:04:14","guid":{"rendered":"http:\/\/www.grieta.org.mx\/?p=40646"},"modified":"2019-10-28T19:08:48","modified_gmt":"2019-10-29T01:08:48","slug":"nutriologos-exigen-nivelacion-salarial-profesionalizacion-e-insercion-laboral-jalisco","status":"publish","type":"post","link":"http:\/\/www.grieta.org.mx\/index.php\/2019\/10\/16\/nutriologos-exigen-nivelacion-salarial-profesionalizacion-e-insercion-laboral-jalisco\/","title":{"rendered":"Nutri\u00f3logos exigen nivelaci\u00f3n salarial, profesionalizaci\u00f3n e inserci\u00f3n laboral (Jalisco)"},"content":{"rendered":"<p><img loading=\"lazy\" decoding=\"async\" data-attachment-id=\"40647\" data-permalink=\"http:\/\/www.grieta.org.mx\/index.php\/2019\/10\/16\/nutriologos-exigen-nivelacion-salarial-profesionalizacion-e-insercion-laboral-jalisco\/nutriologos-isaura-lopez-696x522\/\" data-orig-file=\"http:\/\/www.grieta.org.mx\/wp-content\/uploads\/2019\/10\/Nutri\u00f3logos-Isaura-Lopez-696x522.jpeg\" data-orig-size=\"696,522\" data-comments-opened=\"0\" data-image-meta=\"{&quot;aperture&quot;:&quot;0&quot;,&quot;credit&quot;:&quot;&quot;,&quot;camera&quot;:&quot;&quot;,&quot;caption&quot;:&quot;&quot;,&quot;created_timestamp&quot;:&quot;0&quot;,&quot;copyright&quot;:&quot;&quot;,&quot;focal_length&quot;:&quot;0&quot;,&quot;iso&quot;:&quot;0&quot;,&quot;shutter_speed&quot;:&quot;0&quot;,&quot;title&quot;:&quot;&quot;,&quot;orientation&quot;:&quot;0&quot;}\" data-image-title=\"Nutri\u00f3logos-Isaura-Lopez-696&amp;#215;522\" data-image-description=\"\" data-image-caption=\"\" data-medium-file=\"http:\/\/www.grieta.org.mx\/wp-content\/uploads\/2019\/10\/Nutri\u00f3logos-Isaura-Lopez-696x522-300x225.jpeg\" data-large-file=\"http:\/\/www.grieta.org.mx\/wp-content\/uploads\/2019\/10\/Nutri\u00f3logos-Isaura-Lopez-696x522.jpeg\" class=\"aligncenter wp-image-40647\" src=\"http:\/\/www.grieta.org.mx\/wp-content\/uploads\/2019\/10\/Nutri\u00f3logos-Isaura-Lopez-696x522.jpeg\" alt=\"\" width=\"800\" height=\"600\" srcset=\"http:\/\/www.grieta.org.mx\/wp-content\/uploads\/2019\/10\/Nutri\u00f3logos-Isaura-Lopez-696x522.jpeg 696w, http:\/\/www.grieta.org.mx\/wp-content\/uploads\/2019\/10\/Nutri\u00f3logos-Isaura-Lopez-696x522-300x225.jpeg 300w, http:\/\/www.grieta.org.mx\/wp-content\/uploads\/2019\/10\/Nutri\u00f3logos-Isaura-Lopez-696x522-667x500.jpeg 667w\" sizes=\"auto, (max-width: 800px) 100vw, 800px\" \/><\/p>\n<p>Foto: Isaura L\u00f3pez<\/p>\n<p><em>Profesionistas de la alimentaci\u00f3n realizaron una manifestaci\u00f3n pac\u00edfica para entregar un pliego petitorio al Gobierno de Jalisco, al Congreso estatal, a la Direcci\u00f3n de Profesiones y Secretaria de Salud<\/em><\/p>\n<p>Isaura L\u00f3pez Villalobos \/UDGTV<\/p>\n<p><strong>Guadalajara, Jalisco. <\/strong>Nutri\u00f3logos de Jalisco exigen nivelaci\u00f3n salarial, profesionalizaci\u00f3n e inserci\u00f3n laboral. Denuncian que existe una desigualdad laboral y salarial entre los profesionales de la salud a\u00fan con el nivel acad\u00e9mico y responsabilidad: manifiestan que g<strong>anan 45% menos en comparaci\u00f3n con otras disciplinas,<\/strong>\u00a0viol\u00e1ndose el art\u00edculo 11 de la Ley para el Ejercicio de las Actividades Profesionales del estado.<\/p>\n<p>Cerca de medio centenar de profesionistas de la alimentaci\u00f3n, realizaron una manifestaci\u00f3n pac\u00edfica desde la conocida Glorieta de la Normal hasta el centro de Guadalajara, para\u00a0<strong>entregar un pliego petitorio al Gobierno de Jalisco<\/strong>, al Congreso estatal, a la Direcci\u00f3n de Profesiones y Secretaria de Salud.<\/p>\n<p>La presidenta del Colegio de Nutri\u00f3logos, Claudia Elizabeth Granados Manzo, desgloso parte del pliego petitorio para cada una de las instancias: Poderes Legislativo y Ejecutivo.<\/p>\n<p>Mientras que a la Secretar\u00eda de Salud Jalisco se le pide la clasificaci\u00f3n, categorizaci\u00f3n y reconocimiento del nutri\u00f3logo, Granados Manzo precisa que est\u00e1n disponibles en el\u00a0<em>\u201cCat\u00e1logo de puestos y tabulador de sueldos y salarios para el profesional de la rama param\u00e9dica\u201d,<\/em>\u00a0<strong>sin haberse modificado desde hace una d\u00e9cada<\/strong>, y hoy se cuenta con posgrados, maestr\u00edas y doctorados.<\/p>\n<p>Y, a la Direcci\u00f3n de Profesiones del estado, anot\u00f3 la presidenta del Colegio de Nutri\u00f3logos de Jalisco, se le solicita el reconocimiento de la profesi\u00f3n.<\/p>\n<p>En cuanto a la inserci\u00f3n laboral,<strong>\u00a0piden la incorporaci\u00f3n del nutri\u00f3logo en programas nacionales y estatales en alimentaci\u00f3n y nutrici\u00f3n<\/strong>, y se legisle la regulaci\u00f3n de la profesi\u00f3n para evitar charlatanes que ponen en riesgo la salud de la poblaci\u00f3n ante un c\u00f3ctel de enfermedades cr\u00f3nicas degenerativas como obesidad y sobrepeso.<\/p>\n<p><a href=\"http:\/\/udgtv.com\/noticias\/nutriologos-exigen-nivelizacion-salarial-profesionalizacion-insercion-laboral\/\">http:\/\/udgtv.com\/noticias\/nutriologos-exigen-nivelizacion-salarial-profesionalizacion-insercion-laboral\/<\/a><\/p>\n","protected":false},"excerpt":{"rendered":"<p>Foto: Isaura L\u00f3pez Profesionistas de la alimentaci\u00f3n realizaron una manifestaci\u00f3n pac\u00edfica para entregar un pliego petitorio al Gobierno de Jalisco, al Congreso estatal, a la Direcci\u00f3n de Profesiones y Secretaria &hellip; <a href=\"http:\/\/www.grieta.org.mx\/index.php\/2019\/10\/16\/nutriologos-exigen-nivelacion-salarial-profesionalizacion-e-insercion-laboral-jalisco\/\" class=\"more-link\">Leer m\u00e1s<\/a><\/p>\n","protected":false},"author":2,"featured_media":40647,"comment_status":"closed","ping_status":"closed","sticky":false,"template":"","format":"standard","meta":{"ngg_post_thumbnail":0,"_jetpack_newsletter_access":"","_jetpack_dont_email_post_to_subs":false,"_jetpack_newsletter_tier_id":0,"_jetpack_memberships_contains_paywalled_content":false,"_jetpack_memberships_contains_paid_content":false,"footnotes":""},"categories":[80,1722,20,2],"tags":[2102,105,530],"class_list":["post-40646","post","type-post","status-publish","format-standard","has-post-thumbnail","hentry","category-cintillo","category-conflictos-laborales-de-trabajadores-del-estado-en-jalisco","category-jalisco","category-noticias-nacionales","tag-conflicto-laboral","tag-derechos-laborales","tag-trabajadores-de-la-salud","entry"],"jetpack_featured_media_url":"http:\/\/www.grieta.org.mx\/wp-content\/uploads\/2019\/10\/Nutri\u00f3logos-Isaura-Lopez-696x522.jpeg","jetpack_sharing_enabled":true,"jetpack_shortlink":"https:\/\/wp.me\/p7ZJR4-azA","jetpack_likes_enabled":false,"jetpack-related-posts":[{"id":47914,"url":"http:\/\/www.grieta.org.mx\/index.php\/2020\/04\/15\/47914\/","url_meta":{"origin":40646,"position":0},"title":"Denuncia STNS acoso y hostigamiento contra trabajadores en la Secretar\u00eda de Salud Jalisco","author":"grieta","date":"15 abril, 2020","format":false,"excerpt":"Imagen: Ilustrativa Aseguran que decenas de trabajadores ha sufrido amenazas e intimidaci\u00f3n por autoridades de las regiones sanitaria Isaura L\u00f3pez \/ El Occidenttal El Sindicato de Trabajadores del Sistema Nacional en Salud (STNS), Secci\u00f3n 22, denuncia acoso y hostigamiento laboral por autoridades de la Secretar\u00eda de Salud Jalisco (SSJ) hacia\u2026","rel":"","context":"En &quot;CINTILLO&quot;","block_context":{"text":"CINTILLO","link":"http:\/\/www.grieta.org.mx\/index.php\/category\/cintillo\/"},"img":{"alt_text":"","src":"https:\/\/i0.wp.com\/www.grieta.org.mx\/wp-content\/uploads\/2020\/04\/75612302_3bW6v7fZjns3p4DLZbTZkpqit3eT1RmOqheefkmXUGE.jpg?resize=350%2C200","width":350,"height":200,"srcset":"https:\/\/i0.wp.com\/www.grieta.org.mx\/wp-content\/uploads\/2020\/04\/75612302_3bW6v7fZjns3p4DLZbTZkpqit3eT1RmOqheefkmXUGE.jpg?resize=350%2C200 1x, https:\/\/i0.wp.com\/www.grieta.org.mx\/wp-content\/uploads\/2020\/04\/75612302_3bW6v7fZjns3p4DLZbTZkpqit3eT1RmOqheefkmXUGE.jpg?resize=525%2C300 1.5x, https:\/\/i0.wp.com\/www.grieta.org.mx\/wp-content\/uploads\/2020\/04\/75612302_3bW6v7fZjns3p4DLZbTZkpqit3eT1RmOqheefkmXUGE.jpg?resize=700%2C400 2x"},"classes":[]},{"id":33777,"url":"http:\/\/www.grieta.org.mx\/index.php\/2019\/05\/21\/trabajadores-de-zapopan-inician-planton-por-despido-injustificado-jalisco\/","url_meta":{"origin":40646,"position":1},"title":"Trabajadores de Zapopan inician plant\u00f3n por despido injustificado (Jalisco)","author":"grieta","date":"21 mayo, 2019","format":false,"excerpt":"As\u00ed como por nulo incremento salarial, hostigamiento y extorsi\u00f3n laboral; las quejas ya fueron presentadas ante la Comisi\u00f3n Estatal de Derechos Humanos (CEDH) Isaura L\u00f3pez Trabajadores de Zapopan afiliados a la Federaci\u00f3n de Trabajadores de Jalisco (Fedetjal) inician plant\u00f3n definitivo frente al Ayuntamiento ante despido injustificado, nulo incremento salarial, hostigamiento\u2026","rel":"","context":"En &quot;CINTILLO&quot;","block_context":{"text":"CINTILLO","link":"http:\/\/www.grieta.org.mx\/index.php\/category\/cintillo\/"},"img":{"alt_text":"","src":"https:\/\/i0.wp.com\/www.grieta.org.mx\/wp-content\/uploads\/2019\/05\/Trabajadores-de-Zapopan.jpg?resize=350%2C200","width":350,"height":200,"srcset":"https:\/\/i0.wp.com\/www.grieta.org.mx\/wp-content\/uploads\/2019\/05\/Trabajadores-de-Zapopan.jpg?resize=350%2C200 1x, https:\/\/i0.wp.com\/www.grieta.org.mx\/wp-content\/uploads\/2019\/05\/Trabajadores-de-Zapopan.jpg?resize=525%2C300 1.5x, https:\/\/i0.wp.com\/www.grieta.org.mx\/wp-content\/uploads\/2019\/05\/Trabajadores-de-Zapopan.jpg?resize=700%2C400 2x"},"classes":[]},{"id":49692,"url":"http:\/\/www.grieta.org.mx\/index.php\/2020\/05\/20\/exigen-garantias-de-salud-para-trabajadores-de-reclusorios-en-jalisco\/","url_meta":{"origin":40646,"position":2},"title":"Exigen garant\u00edas de salud para trabajadores de reclusorios en Jalisco","author":"grieta","date":"20 mayo, 2020","format":false,"excerpt":"Foto. Pablo Toledo Integrantes del Sindicato Democr\u00e1tico del Sistema Penitenciario del Estado de Jalisco denunciaron tambi\u00e9n la falta de pagos de bonos, discriminaci\u00f3n laboral y la falta de protocolos sanitarios Pablo Toledo \/ UDGTV Guadalajara, Jalisco. Integrantes del Sindicato Democr\u00e1tico del Sistema Penitenciario del Estado de Jalisco entregaron un pliego\u2026","rel":"","context":"En &quot;CINTILLO&quot;","block_context":{"text":"CINTILLO","link":"http:\/\/www.grieta.org.mx\/index.php\/category\/cintillo\/"},"img":{"alt_text":"","src":"https:\/\/i0.wp.com\/www.grieta.org.mx\/wp-content\/uploads\/2020\/05\/reclusorios-de-Jalisco-Pablo-Toledo-696x385.jpeg?resize=350%2C200","width":350,"height":200,"srcset":"https:\/\/i0.wp.com\/www.grieta.org.mx\/wp-content\/uploads\/2020\/05\/reclusorios-de-Jalisco-Pablo-Toledo-696x385.jpeg?resize=350%2C200 1x, https:\/\/i0.wp.com\/www.grieta.org.mx\/wp-content\/uploads\/2020\/05\/reclusorios-de-Jalisco-Pablo-Toledo-696x385.jpeg?resize=525%2C300 1.5x"},"classes":[]},{"id":34359,"url":"http:\/\/www.grieta.org.mx\/index.php\/2019\/05\/28\/trabajadores-del-issste-se-manifiestan-ante-despido-de-personal-de-turissste-jalisco\/","url_meta":{"origin":40646,"position":3},"title":"Trabajadores del ISSSTE se manifiestan ante despido de personal de TURISSSTE (Jalisco)","author":"grieta","date":"28 mayo, 2019","format":false,"excerpt":"El secretario General de SITISSSTE, Enrique Vera Sioria, denunci\u00f3 que a nivel nacional se est\u00e1n llevando a cabo los despidos iniciando con la agencia tur\u00edstica Isaura L\u00f3pez \/\u00a0 El Occidental Ante despidos del personal de Turismo del Instituto de Seguridad y Servicios Sociales de los Trabajadores del Estado (TURISSSTE) a\u2026","rel":"","context":"En &quot;CINTILLO&quot;","block_context":{"text":"CINTILLO","link":"http:\/\/www.grieta.org.mx\/index.php\/category\/cintillo\/"},"img":{"alt_text":"","src":"https:\/\/i0.wp.com\/www.grieta.org.mx\/wp-content\/uploads\/2018\/03\/14524434_1106112876131411_958039263622046936_o.jpg?resize=350%2C200","width":350,"height":200,"srcset":"https:\/\/i0.wp.com\/www.grieta.org.mx\/wp-content\/uploads\/2018\/03\/14524434_1106112876131411_958039263622046936_o.jpg?resize=350%2C200 1x, https:\/\/i0.wp.com\/www.grieta.org.mx\/wp-content\/uploads\/2018\/03\/14524434_1106112876131411_958039263622046936_o.jpg?resize=525%2C300 1.5x, https:\/\/i0.wp.com\/www.grieta.org.mx\/wp-content\/uploads\/2018\/03\/14524434_1106112876131411_958039263622046936_o.jpg?resize=700%2C400 2x"},"classes":[]},{"id":51875,"url":"http:\/\/www.grieta.org.mx\/index.php\/2020\/07\/16\/hincados-y-con-la-mano-empunada-labora-bajo-protesta-el-personal-eventual-de-salud-jalisco\/","url_meta":{"origin":40646,"position":4},"title":"Hincados y con la mano empu\u00f1ada, labora bajo protesta el personal eventual de Salud (Jalisco)","author":"grieta","date":"16 julio, 2020","format":false,"excerpt":"Foto: El Occidental Denuncian que las condiciones de trabajo son desfavorables, adem\u00e1s de la emergencia sanitaria Isaura L\u00f3pez \/ El Occidenta Personal eventual de salud del Hospital General de Occidente (HGO), de la Secretar\u00eda de Salud Jalisco (SSJ) trabaja bajo protesta, denuncian que enfrentan, adem\u00e1s de la emergencia sanitaria por\u2026","rel":"","context":"En &quot;CINTILLO&quot;","block_context":{"text":"CINTILLO","link":"http:\/\/www.grieta.org.mx\/index.php\/category\/cintillo\/"},"img":{"alt_text":"","src":"https:\/\/i0.wp.com\/www.grieta.org.mx\/wp-content\/uploads\/2020\/07\/protesta1.png?resize=350%2C200","width":350,"height":200,"srcset":"https:\/\/i0.wp.com\/www.grieta.org.mx\/wp-content\/uploads\/2020\/07\/protesta1.png?resize=350%2C200 1x, https:\/\/i0.wp.com\/www.grieta.org.mx\/wp-content\/uploads\/2020\/07\/protesta1.png?resize=525%2C300 1.5x"},"classes":[]},{"id":44282,"url":"http:\/\/www.grieta.org.mx\/index.php\/2020\/02\/14\/actos-de-discriminacion-hostigamiento-y-falta-de-insumos-denuncian-trabajadores-del-imss-jalisco\/","url_meta":{"origin":40646,"position":5},"title":"Actos de discriminaci\u00f3n, hostigamiento y falta de insumos denuncian trabajadores del IMSS Jalisco","author":"grieta","date":"14 febrero, 2020","format":false,"excerpt":"Foto: Isaura L\u00f3pez Isaura L\u00f3pez \/ El Occidental Por d\u00e9cadas, integrantes del Sindicato Nacional Libre de los Trabajadores del Seguro Social (SNLTSS), cap\u00edtulo Jalisco denuncian que han ido perdiendo sus derechos, jornadas laborales, el r\u00e9gimen de jubilaci\u00f3n y pensiones en riesgo. Adem\u00e1s, reprueban que han padecido discriminaci\u00f3n, hostigamiento y falta\u2026","rel":"","context":"En &quot;CINTILLO&quot;","block_context":{"text":"CINTILLO","link":"http:\/\/www.grieta.org.mx\/index.php\/category\/cintillo\/"},"img":{"alt_text":"","src":"https:\/\/i0.wp.com\/www.grieta.org.mx\/wp-content\/uploads\/2020\/02\/WhatsApp-Image-2020-02-14-at-10.28.19.jpeg?resize=350%2C200","width":350,"height":200,"srcset":"https:\/\/i0.wp.com\/www.grieta.org.mx\/wp-content\/uploads\/2020\/02\/WhatsApp-Image-2020-02-14-at-10.28.19.jpeg?resize=350%2C200 1x, https:\/\/i0.wp.com\/www.grieta.org.mx\/wp-content\/uploads\/2020\/02\/WhatsApp-Image-2020-02-14-at-10.28.19.jpeg?resize=525%2C300 1.5x, https:\/\/i0.wp.com\/www.grieta.org.mx\/wp-content\/uploads\/2020\/02\/WhatsApp-Image-2020-02-14-at-10.28.19.jpeg?resize=700%2C400 2x"},"classes":[]}],"_links":{"self":[{"href":"http:\/\/www.grieta.org.mx\/index.php\/wp-json\/wp\/v2\/posts\/40646","targetHints":{"allow":["GET"]}}],"collection":[{"href":"http:\/\/www.grieta.org.mx\/index.php\/wp-json\/wp\/v2\/posts"}],"about":[{"href":"http:\/\/www.grieta.org.mx\/index.php\/wp-json\/wp\/v2\/types\/post"}],"author":[{"embeddable":true,"href":"http:\/\/www.grieta.org.mx\/index.php\/wp-json\/wp\/v2\/users\/2"}],"replies":[{"embeddable":true,"href":"http:\/\/www.grieta.org.mx\/index.php\/wp-json\/wp\/v2\/comments?post=40646"}],"version-history":[{"count":1,"href":"http:\/\/www.grieta.org.mx\/index.php\/wp-json\/wp\/v2\/posts\/40646\/revisions"}],"predecessor-version":[{"id":40648,"href":"http:\/\/www.grieta.org.mx\/index.php\/wp-json\/wp\/v2\/posts\/40646\/revisions\/40648"}],"wp:featuredmedia":[{"embeddable":true,"href":"http:\/\/www.grieta.org.mx\/index.php\/wp-json\/wp\/v2\/media\/40647"}],"wp:attachment":[{"href":"http:\/\/www.grieta.org.mx\/index.php\/wp-json\/wp\/v2\/media?parent=40646"}],"wp:term":[{"taxonomy":"category","embeddable":true,"href":"http:\/\/www.grieta.org.mx\/index.php\/wp-json\/wp\/v2\/categories?post=40646"},{"taxonomy":"post_tag","embeddable":true,"href":"http:\/\/www.grieta.org.mx\/index.php\/wp-json\/wp\/v2\/tags?post=40646"}],"curies":[{"name":"wp","href":"https:\/\/api.w.org\/{rel}","templated":true}]}}