{"id":40640,"date":"2019-10-18T18:40:55","date_gmt":"2019-10-18T23:40:55","guid":{"rendered":"http:\/\/www.grieta.org.mx\/?p=40640"},"modified":"2019-10-28T18:46:51","modified_gmt":"2019-10-29T00:46:51","slug":"pensionados-y-jubilados-de-jalisco-en-desacuerdo-con-actual-manejo-del-ipejal","status":"publish","type":"post","link":"http:\/\/www.grieta.org.mx\/index.php\/2019\/10\/18\/pensionados-y-jubilados-de-jalisco-en-desacuerdo-con-actual-manejo-del-ipejal\/","title":{"rendered":"Pensionados y jubilados de Jalisco en desacuerdo con actual manejo del IPEJAL"},"content":{"rendered":"<p><img loading=\"lazy\" decoding=\"async\" data-attachment-id=\"40641\" data-permalink=\"http:\/\/www.grieta.org.mx\/index.php\/2019\/10\/18\/pensionados-y-jubilados-de-jalisco-en-desacuerdo-con-actual-manejo-del-ipejal\/edificios-ipejal-ignacio-perez-vega-696x522\/\" data-orig-file=\"http:\/\/www.grieta.org.mx\/wp-content\/uploads\/2019\/10\/Edificios-IPEJAL-Ignacio-P\u00e9rez-Vega-696x522.jpg\" data-orig-size=\"696,522\" data-comments-opened=\"0\" data-image-meta=\"{&quot;aperture&quot;:&quot;0&quot;,&quot;credit&quot;:&quot;&quot;,&quot;camera&quot;:&quot;&quot;,&quot;caption&quot;:&quot;&quot;,&quot;created_timestamp&quot;:&quot;0&quot;,&quot;copyright&quot;:&quot;&quot;,&quot;focal_length&quot;:&quot;0&quot;,&quot;iso&quot;:&quot;0&quot;,&quot;shutter_speed&quot;:&quot;0&quot;,&quot;title&quot;:&quot;&quot;,&quot;orientation&quot;:&quot;0&quot;}\" data-image-title=\"Edificios-IPEJAL-Ignacio-P\u00e9rez-Vega-696&amp;#215;522\" data-image-description=\"\" data-image-caption=\"\" data-medium-file=\"http:\/\/www.grieta.org.mx\/wp-content\/uploads\/2019\/10\/Edificios-IPEJAL-Ignacio-P\u00e9rez-Vega-696x522-300x225.jpg\" data-large-file=\"http:\/\/www.grieta.org.mx\/wp-content\/uploads\/2019\/10\/Edificios-IPEJAL-Ignacio-P\u00e9rez-Vega-696x522.jpg\" class=\"aligncenter wp-image-40641\" src=\"http:\/\/www.grieta.org.mx\/wp-content\/uploads\/2019\/10\/Edificios-IPEJAL-Ignacio-P\u00e9rez-Vega-696x522.jpg\" alt=\"\" width=\"800\" height=\"600\" srcset=\"http:\/\/www.grieta.org.mx\/wp-content\/uploads\/2019\/10\/Edificios-IPEJAL-Ignacio-P\u00e9rez-Vega-696x522.jpg 696w, http:\/\/www.grieta.org.mx\/wp-content\/uploads\/2019\/10\/Edificios-IPEJAL-Ignacio-P\u00e9rez-Vega-696x522-300x225.jpg 300w, http:\/\/www.grieta.org.mx\/wp-content\/uploads\/2019\/10\/Edificios-IPEJAL-Ignacio-P\u00e9rez-Vega-696x522-667x500.jpg 667w\" sizes=\"auto, (max-width: 800px) 100vw, 800px\" \/><\/p>\n<p>Foto: Ignacio P\u00e9rez<\/p>\n<p><em>Jos\u00e9 Luis Tinoco, explic\u00f3 que dos de las personas que &#8220;abonaron al desfalco millonario de Pensiones&#8221; forman parte del Consejo de Transparencia y Rendici\u00f3n de Cuentas<\/em><\/p>\n<p>Rafael\u00a0 Hern\u00e1ndez \/ UDGTV<\/p>\n<p><strong>Guadalajara, Jalisco. <\/strong>Pensionados y jubilados del estado de Jalisco denunciaron corrupci\u00f3n dentro del Instituto de Pensiones (IPEJAL).<\/p>\n<p>Jos\u00e9 Luis Tinoco, uno de los representantes de los pensionados, indic\u00f3 que<strong>\u00a0est\u00e1n en total desacuerdo con la forma en que se maneja, al momento, la instituci\u00f3n<\/strong>; explic\u00f3 que dos de las personas que\u00a0<em>\u201cabonaron al desfalco millonario de Pensiones\u201d<\/em>\u00a0forman parte del Consejo de Transparencia y Rendici\u00f3n de Cuentas, es decir, quienes vigilan que no haya corrupci\u00f3n ni desv\u00edos de recursos.<\/p>\n<p>Tinoco agreg\u00f3 que, actualmente los<strong>\u00a0pr\u00e9stamos a los pensionados son cada vez m\u00e1s caros<\/strong>\u00a0y con m\u00e1s requisitos, es decir, que los intereses son muy elevados y en general, sus prestaciones se han visto seriamente disminuidas.<\/p>\n<p>Los pensionados se se reunieron con diputados en el Congreso del Estado en aras de una reforma a la ley de pensiones que les permita una reestructuraci\u00f3n del organismo a fin de hacer eficientes los recursos de los mismos bur\u00f3cratas y una depuraci\u00f3n del instituto.<\/p>\n<p><a href=\"http:\/\/udgtv.com\/noticias\/pensionados-jubilados-jalisco-desacuerdo-actual-manejo-ipejal\/\">http:\/\/udgtv.com\/noticias\/pensionados-jubilados-jalisco-desacuerdo-actual-manejo-ipejal\/<\/a><\/p>\n","protected":false},"excerpt":{"rendered":"<p>Foto: Ignacio P\u00e9rez Jos\u00e9 Luis Tinoco, explic\u00f3 que dos de las personas que &#8220;abonaron al desfalco millonario de Pensiones&#8221; forman parte del Consejo de Transparencia y Rendici\u00f3n de Cuentas Rafael\u00a0 &hellip; <a href=\"http:\/\/www.grieta.org.mx\/index.php\/2019\/10\/18\/pensionados-y-jubilados-de-jalisco-en-desacuerdo-con-actual-manejo-del-ipejal\/\" class=\"more-link\">Leer m\u00e1s<\/a><\/p>\n","protected":false},"author":2,"featured_media":40641,"comment_status":"closed","ping_status":"closed","sticky":false,"template":"","format":"standard","meta":{"ngg_post_thumbnail":0,"_jetpack_newsletter_access":"","_jetpack_dont_email_post_to_subs":false,"_jetpack_newsletter_tier_id":0,"_jetpack_memberships_contains_paywalled_content":false,"_jetpack_memberships_contains_paid_content":false,"footnotes":""},"categories":[80,1722,20,2],"tags":[1912,1082,841,203,894],"class_list":["post-40640","post","type-post","status-publish","format-standard","has-post-thumbnail","hentry","category-cintillo","category-conflictos-laborales-de-trabajadores-del-estado-en-jalisco","category-jalisco","category-noticias-nacionales","tag-burocratas-jubilados-sin-pago","tag-falta-de-pagos","tag-movilizaciones-jubilados","tag-pensionados","tag-pensiones","entry"],"jetpack_featured_media_url":"http:\/\/www.grieta.org.mx\/wp-content\/uploads\/2019\/10\/Edificios-IPEJAL-Ignacio-P\u00e9rez-Vega-696x522.jpg","jetpack_sharing_enabled":true,"jetpack_shortlink":"https:\/\/wp.me\/p7ZJR4-azu","jetpack_likes_enabled":false,"jetpack-related-posts":[{"id":46506,"url":"http:\/\/www.grieta.org.mx\/index.php\/2020\/03\/09\/exige-renuncia-del-director-de-ipejal-jalisco\/","url_meta":{"origin":40640,"position":0},"title":"Exige renuncia del director de Ipejal (Jalisco)","author":"grieta","date":"9 marzo, 2020","format":false,"excerpt":"Foto: Archivo Redacci\u00f3n \/ El Diario NTR Esta informaci\u00f3n es originalmente trabajada por una mujer, quien hoy est\u00e1 en paro. Por diversas irregularidades y la carencia de medicamentos, el Colectivo de Jubilados y Pensionados de Jalisco exigi\u00f3 la renuncia del titular del Instituto de Pensiones del Estado (Ipejal), Iv\u00e1n Arg\u00fcelles.\u2026","rel":"","context":"En &quot;CINTILLO&quot;","block_context":{"text":"CINTILLO","link":"http:\/\/www.grieta.org.mx\/index.php\/category\/cintillo\/"},"img":{"alt_text":"","src":"https:\/\/i0.wp.com\/www.grieta.org.mx\/wp-content\/uploads\/2020\/03\/2020-03-09_01-03-51___6849.jpg?resize=350%2C200","width":350,"height":200,"srcset":"https:\/\/i0.wp.com\/www.grieta.org.mx\/wp-content\/uploads\/2020\/03\/2020-03-09_01-03-51___6849.jpg?resize=350%2C200 1x, https:\/\/i0.wp.com\/www.grieta.org.mx\/wp-content\/uploads\/2020\/03\/2020-03-09_01-03-51___6849.jpg?resize=525%2C300 1.5x, https:\/\/i0.wp.com\/www.grieta.org.mx\/wp-content\/uploads\/2020\/03\/2020-03-09_01-03-51___6849.jpg?resize=700%2C400 2x"},"classes":[]},{"id":45303,"url":"http:\/\/www.grieta.org.mx\/index.php\/2020\/02\/25\/protestan-pensionados-ante-ipejal-por-falta-de-medicamentos-jalisco\/","url_meta":{"origin":40640,"position":1},"title":"Protestan pensionados ante IPEJAL por falta de medicamentos (Jalisco)","author":"grieta","date":"25 febrero, 2020","format":false,"excerpt":"Foto: Rafael Hern\u00e1ndez Rafael Harn\u00e1ndez \/ UDGTV Con la exigencia de la renuncia inmediata del director del Instituto de Pensiones del Estado de Jalisco (IPEJAL), Iv\u00e1n Arg\u00fcelles, y de todos los directivos de este organismo,\u00a0alrededor de 200 pensionados protestaron en las afueras del edificio principal. Jos\u00e9 Luis Tinoco Mangas, representante\u2026","rel":"","context":"En &quot;CINTILLO&quot;","block_context":{"text":"CINTILLO","link":"http:\/\/www.grieta.org.mx\/index.php\/category\/cintillo\/"},"img":{"alt_text":"","src":"https:\/\/i0.wp.com\/www.grieta.org.mx\/wp-content\/uploads\/2020\/02\/WhatsApp-Image-2020-02-25-at-11.46.24-696x522.jpeg?resize=350%2C200","width":350,"height":200,"srcset":"https:\/\/i0.wp.com\/www.grieta.org.mx\/wp-content\/uploads\/2020\/02\/WhatsApp-Image-2020-02-25-at-11.46.24-696x522.jpeg?resize=350%2C200 1x, https:\/\/i0.wp.com\/www.grieta.org.mx\/wp-content\/uploads\/2020\/02\/WhatsApp-Image-2020-02-25-at-11.46.24-696x522.jpeg?resize=525%2C300 1.5x"},"classes":[]},{"id":36644,"url":"http:\/\/www.grieta.org.mx\/index.php\/2019\/07\/16\/exigen-pensionados-sanciones-a-quienes-provocaron-quebranto-de-finanzas-de-ipejal-jalisco\/","url_meta":{"origin":40640,"position":2},"title":"Exigen pensionados sanciones a quienes provocaron quebranto de finanzas de Ipejal (Jalisco)","author":"grieta","date":"16 julio, 2019","format":false,"excerpt":"Foto: V\u00edctor Ram\u00edrez Integrante de diversas asociaciones agrupadas en el Colectivo Pro Defensa del Patrimonio del Ipejal bloquearon desde muy temprano la avenida Federalismo V\u00edctor Ram\u00edrez \/ El Occidental Con la exigencia de que se sanciones y castigue a todos aquellos que intervinieron en el quebranto y desfalco de las\u2026","rel":"","context":"En &quot;CINTILLO&quot;","block_context":{"text":"CINTILLO","link":"http:\/\/www.grieta.org.mx\/index.php\/category\/cintillo\/"},"img":{"alt_text":"","src":"https:\/\/i0.wp.com\/www.grieta.org.mx\/wp-content\/uploads\/2019\/07\/636a60d1-8857-4a62-b0cb-aee7cd538638.jpg?resize=350%2C200","width":350,"height":200,"srcset":"https:\/\/i0.wp.com\/www.grieta.org.mx\/wp-content\/uploads\/2019\/07\/636a60d1-8857-4a62-b0cb-aee7cd538638.jpg?resize=350%2C200 1x, https:\/\/i0.wp.com\/www.grieta.org.mx\/wp-content\/uploads\/2019\/07\/636a60d1-8857-4a62-b0cb-aee7cd538638.jpg?resize=525%2C300 1.5x, https:\/\/i0.wp.com\/www.grieta.org.mx\/wp-content\/uploads\/2019\/07\/636a60d1-8857-4a62-b0cb-aee7cd538638.jpg?resize=700%2C400 2x"},"classes":[]},{"id":45297,"url":"http:\/\/www.grieta.org.mx\/index.php\/2020\/02\/22\/pide-seccion-47-del-snte-solucion-inmediata-a-desabasto-de-medicamentos-en-ipejal-jalisco\/","url_meta":{"origin":40640,"position":3},"title":"Pide Secci\u00f3n 47 del SNTE soluci\u00f3n inmediata a desabasto de medicamentos en Ipejal (Jalisco)","author":"grieta","date":"22 febrero, 2020","format":false,"excerpt":"Foto: Ilustrativa Explic\u00f3 que existe un desabasto de m\u00e1s del 90% de medicamentos del cuadro b\u00e1sico, incluidos los especializados, oncol\u00f3gicos, cardiovasculares entre otros V\u00edctor Ram\u00edrez \/ El Occodental Una soluci\u00f3n inmediata al desabasto de medicamentos exige el dirigente de la secci\u00f3n 47 del Sindicato Nacional de Trabajadores de la Educaci\u00f3n\u2026","rel":"","context":"En &quot;CINTILLO&quot;","block_context":{"text":"CINTILLO","link":"http:\/\/www.grieta.org.mx\/index.php\/category\/cintillo\/"},"img":{"alt_text":"","src":"https:\/\/i0.wp.com\/www.grieta.org.mx\/wp-content\/uploads\/2020\/02\/4552411.jpg?resize=350%2C200","width":350,"height":200,"srcset":"https:\/\/i0.wp.com\/www.grieta.org.mx\/wp-content\/uploads\/2020\/02\/4552411.jpg?resize=350%2C200 1x, https:\/\/i0.wp.com\/www.grieta.org.mx\/wp-content\/uploads\/2020\/02\/4552411.jpg?resize=525%2C300 1.5x, https:\/\/i0.wp.com\/www.grieta.org.mx\/wp-content\/uploads\/2020\/02\/4552411.jpg?resize=700%2C400 2x"},"classes":[]},{"id":34739,"url":"http:\/\/www.grieta.org.mx\/index.php\/2019\/05\/02\/ipejal-un-blanco-de-protesta-jalisco\/","url_meta":{"origin":40640,"position":4},"title":"Ipejal, un blanco de protesta (Jalisco)","author":"grieta","date":"2 mayo, 2019","format":false,"excerpt":"Ignacio P\u00e9rez Vega \/ La Cr\u00f3nica Jalisco Una gran parte de los m\u00e1s de 100 mil afiliados al Instituto de Pensiones del Estado de Jalisco (Ipejal), insisten en que se apliquen sanciones a quienes cometieron actos de corrupci\u00f3n, en el manejo del fondo de pensiones, del que dependen 36 mil\u2026","rel":"","context":"En &quot;CINTILLO&quot;","block_context":{"text":"CINTILLO","link":"http:\/\/www.grieta.org.mx\/index.php\/category\/cintillo\/"},"img":{"alt_text":"","src":"https:\/\/i0.wp.com\/www.grieta.org.mx\/wp-content\/uploads\/2019\/06\/2019-05-02_12-05-30___1784.jpg?resize=350%2C200","width":350,"height":200,"srcset":"https:\/\/i0.wp.com\/www.grieta.org.mx\/wp-content\/uploads\/2019\/06\/2019-05-02_12-05-30___1784.jpg?resize=350%2C200 1x, https:\/\/i0.wp.com\/www.grieta.org.mx\/wp-content\/uploads\/2019\/06\/2019-05-02_12-05-30___1784.jpg?resize=525%2C300 1.5x"},"classes":[]},{"id":46503,"url":"http:\/\/www.grieta.org.mx\/index.php\/2020\/03\/10\/padecen-en-ipejal-retraso-en-cirugias-y-falta-de-medicinas-jalisco\/","url_meta":{"origin":40640,"position":5},"title":"Padecen en Ipejal retraso en cirug\u00edas y falta de medicinas (Jalisco)","author":"grieta","date":"10 marzo, 2020","format":false,"excerpt":"Foto: Archivo El Informador Aunque en los \u00faltimos a\u00f1os aumentaron los presupuestos para los servicios m\u00e9dicos de los pensionados, esto no deriv\u00f3 en un mayor n\u00famero de atenciones en los hospitales Redacci\u00f3n \/ El Informador Mientras el n\u00famero de jubilados est\u00e1 en incremento en el Instituto de Pensiones del Estado\u2026","rel":"","context":"En &quot;CINTILLO&quot;","block_context":{"text":"CINTILLO","link":"http:\/\/www.grieta.org.mx\/index.php\/category\/cintillo\/"},"img":{"alt_text":"","src":"https:\/\/i0.wp.com\/www.grieta.org.mx\/wp-content\/uploads\/2020\/03\/4-2.jpg?resize=350%2C200","width":350,"height":200,"srcset":"https:\/\/i0.wp.com\/www.grieta.org.mx\/wp-content\/uploads\/2020\/03\/4-2.jpg?resize=350%2C200 1x, https:\/\/i0.wp.com\/www.grieta.org.mx\/wp-content\/uploads\/2020\/03\/4-2.jpg?resize=525%2C300 1.5x"},"classes":[]}],"_links":{"self":[{"href":"http:\/\/www.grieta.org.mx\/index.php\/wp-json\/wp\/v2\/posts\/40640","targetHints":{"allow":["GET"]}}],"collection":[{"href":"http:\/\/www.grieta.org.mx\/index.php\/wp-json\/wp\/v2\/posts"}],"about":[{"href":"http:\/\/www.grieta.org.mx\/index.php\/wp-json\/wp\/v2\/types\/post"}],"author":[{"embeddable":true,"href":"http:\/\/www.grieta.org.mx\/index.php\/wp-json\/wp\/v2\/users\/2"}],"replies":[{"embeddable":true,"href":"http:\/\/www.grieta.org.mx\/index.php\/wp-json\/wp\/v2\/comments?post=40640"}],"version-history":[{"count":1,"href":"http:\/\/www.grieta.org.mx\/index.php\/wp-json\/wp\/v2\/posts\/40640\/revisions"}],"predecessor-version":[{"id":40642,"href":"http:\/\/www.grieta.org.mx\/index.php\/wp-json\/wp\/v2\/posts\/40640\/revisions\/40642"}],"wp:featuredmedia":[{"embeddable":true,"href":"http:\/\/www.grieta.org.mx\/index.php\/wp-json\/wp\/v2\/media\/40641"}],"wp:attachment":[{"href":"http:\/\/www.grieta.org.mx\/index.php\/wp-json\/wp\/v2\/media?parent=40640"}],"wp:term":[{"taxonomy":"category","embeddable":true,"href":"http:\/\/www.grieta.org.mx\/index.php\/wp-json\/wp\/v2\/categories?post=40640"},{"taxonomy":"post_tag","embeddable":true,"href":"http:\/\/www.grieta.org.mx\/index.php\/wp-json\/wp\/v2\/tags?post=40640"}],"curies":[{"name":"wp","href":"https:\/\/api.w.org\/{rel}","templated":true}]}}