{"id":40579,"date":"2019-10-24T10:59:33","date_gmt":"2019-10-24T15:59:33","guid":{"rendered":"http:\/\/www.grieta.org.mx\/?p=40579"},"modified":"2019-10-28T11:06:34","modified_gmt":"2019-10-28T17:06:34","slug":"van-diputados-contra-autonomia-de-la-uaa-aguascalientes","status":"publish","type":"post","link":"http:\/\/www.grieta.org.mx\/index.php\/2019\/10\/24\/van-diputados-contra-autonomia-de-la-uaa-aguascalientes\/","title":{"rendered":"Van diputados contra autonom\u00eda de la UAA (Aguascalientes)"},"content":{"rendered":"<blockquote><p>Presentan iniciativa para controlar decisiones y manejo de recursos de la casa de estudios<\/p><\/blockquote>\n<p><img loading=\"lazy\" decoding=\"async\" data-attachment-id=\"40580\" data-permalink=\"http:\/\/www.grieta.org.mx\/index.php\/2019\/10\/24\/van-diputados-contra-autonomia-de-la-uaa-aguascalientes\/universidad-autonoma-de-aguascalientes-calcetines\/\" data-orig-file=\"http:\/\/www.grieta.org.mx\/wp-content\/uploads\/2019\/10\/Universidad-Aut\u00f3noma-de-Aguascalientes-calcetines.jpg\" data-orig-size=\"768,479\" data-comments-opened=\"0\" data-image-meta=\"{&quot;aperture&quot;:&quot;0&quot;,&quot;credit&quot;:&quot;&quot;,&quot;camera&quot;:&quot;&quot;,&quot;caption&quot;:&quot;&quot;,&quot;created_timestamp&quot;:&quot;0&quot;,&quot;copyright&quot;:&quot;&quot;,&quot;focal_length&quot;:&quot;0&quot;,&quot;iso&quot;:&quot;0&quot;,&quot;shutter_speed&quot;:&quot;0&quot;,&quot;title&quot;:&quot;&quot;,&quot;orientation&quot;:&quot;0&quot;}\" data-image-title=\"Universidad Aut\u00f3noma de Aguascalientes calcetines\" data-image-description=\"\" data-image-caption=\"\" data-medium-file=\"http:\/\/www.grieta.org.mx\/wp-content\/uploads\/2019\/10\/Universidad-Aut\u00f3noma-de-Aguascalientes-calcetines-300x187.jpg\" data-large-file=\"http:\/\/www.grieta.org.mx\/wp-content\/uploads\/2019\/10\/Universidad-Aut\u00f3noma-de-Aguascalientes-calcetines.jpg\" src=\"http:\/\/www.grieta.org.mx\/wp-content\/uploads\/2019\/10\/Universidad-Aut\u00f3noma-de-Aguascalientes-calcetines.jpg\" alt=\"\" width=\"768\" height=\"479\" class=\"aligncenter size-full wp-image-40580\" srcset=\"http:\/\/www.grieta.org.mx\/wp-content\/uploads\/2019\/10\/Universidad-Aut\u00f3noma-de-Aguascalientes-calcetines.jpg 768w, http:\/\/www.grieta.org.mx\/wp-content\/uploads\/2019\/10\/Universidad-Aut\u00f3noma-de-Aguascalientes-calcetines-300x187.jpg 300w\" sizes=\"auto, (max-width: 768px) 100vw, 768px\" \/><\/p>\n<p>Mario Luis Ramos Rocha\/El Sol del Centro<br \/>\n24 octubre<\/p>\n<p>Diputados locales pretender terminar de tajo con la autonom\u00eda de la Universidad Aut\u00f3noma de Aguascalientes, al realizar cambios a la conformaci\u00f3n de su Junta de Gobierno y crear un \u00f3rgano de control cuyos integrantes ser\u00edan nombrados por el Poder Legislativo.<\/p>\n<p>A trav\u00e9s de una iniciativa de reformas a la Ley Org\u00e1nica de la UAA, el presidente de la Junta de Coordinaci\u00f3n Pol\u00edtica del Congreso del Estado (Jucopo), Juan Guillermo Alan\u00eds de Le\u00f3n, pretende desaparecer la Contralor\u00eda Universitaria, que depende actualmente de la Junta de Gobierno y sustituirla por un \u00d3rgano de Control que se denominar\u00eda Contralor\u00eda Universitaria, cuyo titular ser\u00eda electo y removido por el Congreso del estado.<\/p>\n<p>La iniciativa fue interpuesta de manera directa ante la Secretar\u00eda General del Congreso, de tal forma que el pleno legislativo no tuviera conocimiento en primera instancia de la misma.<\/p>\n<p>El documento, que pas\u00f3 al an\u00e1lisis en comisiones, pretende que dicho \u00d3rgano de Control interponga a su juicio procedimientos de responsabilidad administrativa, de manera indistinta ante la autoridad universitaria o por la Ley de Responsabilidades Administrativas del estado de Aguascalientes.<\/p>\n<p>Tambi\u00e9n se dota de facultades a sus integrantes para llevar puntualmente el registro de la situaci\u00f3n patrimonial de los integrantes del Consejo Universitario y otros que sean determinados como sujetos se\u00f1alados.<\/p>\n<p>La propuesta pretende modificar el Art\u00edculo 8 de la referida ley, que se\u00f1ala en la actualidad que la Junta de Gobierno estar\u00e1 integrada por nueve miembros y limitar a que s\u00f3lo tres de ellos puedan ser maestros en activo de la propia Universidad Aut\u00f3noma.<\/p>\n<p><img loading=\"lazy\" decoding=\"async\" data-attachment-id=\"40581\" data-permalink=\"http:\/\/www.grieta.org.mx\/index.php\/2019\/10\/24\/van-diputados-contra-autonomia-de-la-uaa-aguascalientes\/universidad-autonoma-de-aguascalientes-letras\/\" data-orig-file=\"http:\/\/www.grieta.org.mx\/wp-content\/uploads\/2019\/10\/Universidad-Aut\u00f3noma-de-Aguascalientes-letras.jpg\" data-orig-size=\"720,480\" data-comments-opened=\"0\" data-image-meta=\"{&quot;aperture&quot;:&quot;0&quot;,&quot;credit&quot;:&quot;&quot;,&quot;camera&quot;:&quot;&quot;,&quot;caption&quot;:&quot;&quot;,&quot;created_timestamp&quot;:&quot;0&quot;,&quot;copyright&quot;:&quot;&quot;,&quot;focal_length&quot;:&quot;0&quot;,&quot;iso&quot;:&quot;0&quot;,&quot;shutter_speed&quot;:&quot;0&quot;,&quot;title&quot;:&quot;&quot;,&quot;orientation&quot;:&quot;0&quot;}\" data-image-title=\"Universidad Aut\u00f3noma de Aguascalientes letras\" data-image-description=\"\" data-image-caption=\"\" data-medium-file=\"http:\/\/www.grieta.org.mx\/wp-content\/uploads\/2019\/10\/Universidad-Aut\u00f3noma-de-Aguascalientes-letras-300x200.jpg\" data-large-file=\"http:\/\/www.grieta.org.mx\/wp-content\/uploads\/2019\/10\/Universidad-Aut\u00f3noma-de-Aguascalientes-letras.jpg\" src=\"http:\/\/www.grieta.org.mx\/wp-content\/uploads\/2019\/10\/Universidad-Aut\u00f3noma-de-Aguascalientes-letras.jpg\" alt=\"\" width=\"720\" height=\"480\" class=\"aligncenter size-full wp-image-40581\" srcset=\"http:\/\/www.grieta.org.mx\/wp-content\/uploads\/2019\/10\/Universidad-Aut\u00f3noma-de-Aguascalientes-letras.jpg 720w, http:\/\/www.grieta.org.mx\/wp-content\/uploads\/2019\/10\/Universidad-Aut\u00f3noma-de-Aguascalientes-letras-300x200.jpg 300w\" sizes=\"auto, (max-width: 720px) 100vw, 720px\" \/><\/p>\n<p>Se abre la puerta para que empresarios reconocidos o ciudadanos que hayan demostrado inter\u00e9s evidente por la Instituci\u00f3n y gocen de respeto general como personas honorables se integren al \u00f3rgano de gobierno universitario.<\/p>\n<p>De igual manera, se modifica el Art\u00edculo 16 para obligar al Rector a que establezca las unidades org\u00e1nicas de apoyo de primer nivel que deber\u00e1n auxiliarlo, sin que sus titulares pertenezcan a la UAA.<\/p>\n<p>Finalmente, se obliga al Rector para que, durante la renovaci\u00f3n de la Junta de Gobierno, se den de baja anticipada a los seis \u00faltimos miembros elegidos y sean renovados por aquellas personas que cumplan los nuevos requisitos.<\/p>\n<p>Dadas las condiciones en que fue presentada, la iniciativa fue turnada de manera directa al trabajo en comisiones, donde deber\u00e1 ser analizada y, en su caso, aprobada o rechazada.<\/p>\n<p>RUTA<\/p>\n<p>Para ser aprobada, la propuesta debe pasar por las respectivas comisiones y ser analizada por el pleno, donde se convertir\u00eda en ley con el voto de 14 diputados<\/p>\n<p><a href=\"https:\/\/www.elsoldelcentro.com.mx\/local\/van-diputados-contra-autonomia-de-la-uaa-4369844.html\" rel=\"noopener noreferrer\" target=\"_blank\">https:\/\/www.elsoldelcentro.com.mx\/local\/van-diputados-contra-autonomia-de-la-uaa-4369844.html<\/a><\/p>\n","protected":false},"excerpt":{"rendered":"<p>Presentan iniciativa para controlar decisiones y manejo de recursos de la casa de estudios Mario Luis Ramos Rocha\/El Sol del Centro 24 octubre Diputados locales pretender terminar de tajo con &hellip; <a href=\"http:\/\/www.grieta.org.mx\/index.php\/2019\/10\/24\/van-diputados-contra-autonomia-de-la-uaa-aguascalientes\/\" class=\"more-link\">Leer m\u00e1s<\/a><\/p>\n","protected":false},"author":2,"featured_media":40580,"comment_status":"closed","ping_status":"closed","sticky":false,"template":"","format":"standard","meta":{"ngg_post_thumbnail":0,"_jetpack_newsletter_access":"","_jetpack_dont_email_post_to_subs":false,"_jetpack_newsletter_tier_id":0,"_jetpack_memberships_contains_paywalled_content":false,"_jetpack_memberships_contains_paid_content":false,"footnotes":""},"categories":[4,80,916,2926,2,83],"tags":[2566],"class_list":["post-40579","post","type-post","status-publish","format-standard","has-post-thumbnail","hentry","category-aguascalientes","category-cintillo","category-privatizacion-del-la-educacion-publica","category-crisis-de-la-educacion-publica-en-aguascalientes","category-noticias-nacionales","category-temas-nacionales","tag-crisis-en-el-sistema-educativo","entry"],"jetpack_featured_media_url":"http:\/\/www.grieta.org.mx\/wp-content\/uploads\/2019\/10\/Universidad-Aut\u00f3noma-de-Aguascalientes-calcetines.jpg","jetpack_sharing_enabled":true,"jetpack_shortlink":"https:\/\/wp.me\/p7ZJR4-ayv","jetpack_likes_enabled":false,"jetpack-related-posts":[{"id":54804,"url":"http:\/\/www.grieta.org.mx\/index.php\/2020\/09\/22\/588-escuelas-de-tiempo-completo-en-aguascalientes-podrian-quedarse-sin-presupuesto\/","url_meta":{"origin":40579,"position":0},"title":"588 ESCUELAS DE TIEMPO COMPLETO EN AGUASCALIENTES PODR\u00cdAN QUEDARSE SIN PRESUPUESTO","author":"grieta","date":"22 septiembre, 2020","format":false,"excerpt":"Gabriel Soriano\/La Jornada Aguascalientes 22 septiembre 2020 Afectar\u00eda gravemente a las familias donde los padres tienen largas jornadas de trabajo Estudiantes se quedar\u00e1n sin acceso a materias extracurriculares y una alimentaci\u00f3n adecuada Posible eliminaci\u00f3n del programa de Escuelas de Tiempo Completo afectar\u00e1 gravemente a los padres que tienen largas jornadas\u2026","rel":"","context":"En &quot;Aguascalientes&quot;","block_context":{"text":"Aguascalientes","link":"http:\/\/www.grieta.org.mx\/index.php\/category\/noticias-nacionales\/aguascalientes\/"},"img":{"alt_text":"","src":"https:\/\/i0.wp.com\/www.grieta.org.mx\/wp-content\/uploads\/2020\/11\/escuelas-tiempo-completo.jpg?resize=350%2C200","width":350,"height":200},"classes":[]},{"id":40542,"url":"http:\/\/www.grieta.org.mx\/index.php\/2019\/10\/25\/son-espacios-violentos-secundarias-y-bachilleratos-de-aguascalientes\/","url_meta":{"origin":40579,"position":1},"title":"Son espacios violentos secundarias y bachilleratos de Aguascalientes","author":"grieta","date":"25 octubre, 2019","format":false,"excerpt":"Sandra Mac\u00edas\/Newsweek Aguascalientes 25 octubre 2019 Las secundarias en Aguascalientes son espacios violentos, lo reconocen padres de familia, maestros y los propios alumnos mientras que contin\u00faa la difusi\u00f3n de peleas de estudiantes apoyados incluso, por madres de familia videograbadas tambi\u00e9n. El propio Observatorio de Violencia Social y de G\u00e9nero ha\u2026","rel":"","context":"En &quot;Aguascalientes&quot;","block_context":{"text":"Aguascalientes","link":"http:\/\/www.grieta.org.mx\/index.php\/category\/noticias-nacionales\/aguascalientes\/"},"img":{"alt_text":"","src":"https:\/\/i0.wp.com\/www.grieta.org.mx\/wp-content\/uploads\/2019\/10\/PIXABAY-PIZARRON-750x530.jpg?resize=350%2C200","width":350,"height":200,"srcset":"https:\/\/i0.wp.com\/www.grieta.org.mx\/wp-content\/uploads\/2019\/10\/PIXABAY-PIZARRON-750x530.jpg?resize=350%2C200 1x, https:\/\/i0.wp.com\/www.grieta.org.mx\/wp-content\/uploads\/2019\/10\/PIXABAY-PIZARRON-750x530.jpg?resize=525%2C300 1.5x, https:\/\/i0.wp.com\/www.grieta.org.mx\/wp-content\/uploads\/2019\/10\/PIXABAY-PIZARRON-750x530.jpg?resize=700%2C400 2x"},"classes":[]},{"id":50380,"url":"http:\/\/www.grieta.org.mx\/index.php\/2020\/06\/04\/van-ongs-por-inconstitucionalidad-de-nueva-ley-de-educacion-de-aguascalientes\/","url_meta":{"origin":40579,"position":2},"title":"Van ONG\u00b4s por inconstitucionalidad de nueva Ley de Educaci\u00f3n de Aguascalientes","author":"grieta","date":"4 junio, 2020","format":false,"excerpt":"Alejandro Romo\/Newsweek Aguascalientes 4 junio 2020 Por unanimidad de todos los diputados locales y alejada de los reflectores medi\u00e1ticos, fue aprobada una nueva Ley de Educaci\u00f3n del Estado de Aguascalientes, en la que se destaca la aprobaci\u00f3n del \u201cpin parental\u201d, con lo que los padres de familia pueden tener la\u2026","rel":"","context":"En &quot;Aguascalientes&quot;","block_context":{"text":"Aguascalientes","link":"http:\/\/www.grieta.org.mx\/index.php\/category\/noticias-nacionales\/aguascalientes\/"},"img":{"alt_text":"","src":"https:\/\/i0.wp.com\/www.grieta.org.mx\/wp-content\/uploads\/2020\/06\/clases-escuela.jpg?resize=350%2C200","width":350,"height":200,"srcset":"https:\/\/i0.wp.com\/www.grieta.org.mx\/wp-content\/uploads\/2020\/06\/clases-escuela.jpg?resize=350%2C200 1x, https:\/\/i0.wp.com\/www.grieta.org.mx\/wp-content\/uploads\/2020\/06\/clases-escuela.jpg?resize=525%2C300 1.5x"},"classes":[]},{"id":65172,"url":"http:\/\/www.grieta.org.mx\/index.php\/2022\/09\/09\/continuan-manifestaciones-de-docentes-de-11-dgetis-de-aguascalientes\/","url_meta":{"origin":40579,"position":3},"title":"CONTIN\u00daAN MANIFESTACIONES DE DOCENTES DE 11 DGETIS DE AGUASCALIENTES","author":"grieta","date":"9 septiembre, 2022","format":false,"excerpt":"Claudia Rodr\u00edguez Loera\/La Jornada Aguascalientes 9 septiembre 2022 Docentes trabajan bajo protesta para exigir su basificaci\u00f3n Se\u00f1alan varias arbitrariedades contra sus derechos laborales A partir de esta semana, docentes de 11 planteles adscritos a la Direcci\u00f3n General de Educaci\u00f3n Tecnol\u00f3gica Industrial y de Servicios (DGETI) del estado de Aguascalientes iniciaron\u2026","rel":"","context":"En &quot;Aguascalientes&quot;","block_context":{"text":"Aguascalientes","link":"http:\/\/www.grieta.org.mx\/index.php\/category\/noticias-nacionales\/aguascalientes\/"},"img":{"alt_text":"","src":"https:\/\/i0.wp.com\/www.grieta.org.mx\/wp-content\/uploads\/2022\/09\/10563567815_93d1e9f772_k-1024x678-1.webp?resize=350%2C200","width":350,"height":200,"srcset":"https:\/\/i0.wp.com\/www.grieta.org.mx\/wp-content\/uploads\/2022\/09\/10563567815_93d1e9f772_k-1024x678-1.webp?resize=350%2C200 1x, https:\/\/i0.wp.com\/www.grieta.org.mx\/wp-content\/uploads\/2022\/09\/10563567815_93d1e9f772_k-1024x678-1.webp?resize=525%2C300 1.5x, https:\/\/i0.wp.com\/www.grieta.org.mx\/wp-content\/uploads\/2022\/09\/10563567815_93d1e9f772_k-1024x678-1.webp?resize=700%2C400 2x"},"classes":[]},{"id":32381,"url":"http:\/\/www.grieta.org.mx\/index.php\/2019\/04\/12\/exigen-investigar-a-los-28-docentes-acusados-de-acoso-aguascalientes\/","url_meta":{"origin":40579,"position":4},"title":"Exigen investigar a los 28 docentes acusados de acoso (Aguascalientes)","author":"grieta","date":"12 abril, 2019","format":false,"excerpt":"Redacci\u00f3n\/Hidroc\u00e1lido digital Aguascalientes, Ags.-Alumnas de la Universidad Aut\u00f3noma de Aguascalientes (UAA) se manifestaron en las instalaciones de esta instituci\u00f3n para exigir a las autoridades universitarias que investigue a 28 docentes acusados de acoso y hostigamiento sexual. La ma\u00f1ana de este viernes un grupo de estudiantes de la M\u00e1xima Casa de\u2026","rel":"","context":"En &quot;Aguascalientes&quot;","block_context":{"text":"Aguascalientes","link":"http:\/\/www.grieta.org.mx\/index.php\/category\/noticias-nacionales\/aguascalientes\/"},"img":{"alt_text":"","src":"https:\/\/i0.wp.com\/www.grieta.org.mx\/wp-content\/uploads\/2019\/04\/aguas.jpg?resize=350%2C200","width":350,"height":200},"classes":[]},{"id":32383,"url":"http:\/\/www.grieta.org.mx\/index.php\/2019\/03\/30\/uaa-destaca-por-denuncias-de-acoso-sexual-en-el-pais-metooacademicos-aguacalientes\/","url_meta":{"origin":40579,"position":5},"title":"UAA destaca por denuncias de acoso sexual en el pa\u00eds: #MeTooAcad\u00e9micos (Aguacalientes)","author":"grieta","date":"30 marzo, 2019","format":false,"excerpt":"Redacci\u00f3n\/Proceso AGUASCALIENTES, Ags. (apro).- Un estudio realizado por quienes conforman la plataforma #MeTooAcad\u00e9micos en redes sociales, posiciona a la Universidad Aut\u00f3noma de Aguascalientes (UAA) como una de las instituciones con mayor n\u00famero de denuncias por acoso y violencia de g\u00e9nero en el pa\u00eds. A trav\u00e9s de denuncias an\u00f3nimas, m\u00e1s de\u2026","rel":"","context":"En &quot;Aguascalientes&quot;","block_context":{"text":"Aguascalientes","link":"http:\/\/www.grieta.org.mx\/index.php\/category\/noticias-nacionales\/aguascalientes\/"},"img":{"alt_text":"","src":"https:\/\/i0.wp.com\/www.grieta.org.mx\/wp-content\/uploads\/2019\/04\/metoo-1078x808.jpg?resize=350%2C200","width":350,"height":200,"srcset":"https:\/\/i0.wp.com\/www.grieta.org.mx\/wp-content\/uploads\/2019\/04\/metoo-1078x808.jpg?resize=350%2C200 1x, https:\/\/i0.wp.com\/www.grieta.org.mx\/wp-content\/uploads\/2019\/04\/metoo-1078x808.jpg?resize=525%2C300 1.5x, https:\/\/i0.wp.com\/www.grieta.org.mx\/wp-content\/uploads\/2019\/04\/metoo-1078x808.jpg?resize=700%2C400 2x, https:\/\/i0.wp.com\/www.grieta.org.mx\/wp-content\/uploads\/2019\/04\/metoo-1078x808.jpg?resize=1050%2C600 3x"},"classes":[]}],"_links":{"self":[{"href":"http:\/\/www.grieta.org.mx\/index.php\/wp-json\/wp\/v2\/posts\/40579","targetHints":{"allow":["GET"]}}],"collection":[{"href":"http:\/\/www.grieta.org.mx\/index.php\/wp-json\/wp\/v2\/posts"}],"about":[{"href":"http:\/\/www.grieta.org.mx\/index.php\/wp-json\/wp\/v2\/types\/post"}],"author":[{"embeddable":true,"href":"http:\/\/www.grieta.org.mx\/index.php\/wp-json\/wp\/v2\/users\/2"}],"replies":[{"embeddable":true,"href":"http:\/\/www.grieta.org.mx\/index.php\/wp-json\/wp\/v2\/comments?post=40579"}],"version-history":[{"count":1,"href":"http:\/\/www.grieta.org.mx\/index.php\/wp-json\/wp\/v2\/posts\/40579\/revisions"}],"predecessor-version":[{"id":40582,"href":"http:\/\/www.grieta.org.mx\/index.php\/wp-json\/wp\/v2\/posts\/40579\/revisions\/40582"}],"wp:featuredmedia":[{"embeddable":true,"href":"http:\/\/www.grieta.org.mx\/index.php\/wp-json\/wp\/v2\/media\/40580"}],"wp:attachment":[{"href":"http:\/\/www.grieta.org.mx\/index.php\/wp-json\/wp\/v2\/media?parent=40579"}],"wp:term":[{"taxonomy":"category","embeddable":true,"href":"http:\/\/www.grieta.org.mx\/index.php\/wp-json\/wp\/v2\/categories?post=40579"},{"taxonomy":"post_tag","embeddable":true,"href":"http:\/\/www.grieta.org.mx\/index.php\/wp-json\/wp\/v2\/tags?post=40579"}],"curies":[{"name":"wp","href":"https:\/\/api.w.org\/{rel}","templated":true}]}}