{"id":4050,"date":"2016-03-17T19:57:16","date_gmt":"2016-03-17T19:57:16","guid":{"rendered":"http:\/\/50.22.11.12\/~grietaor\/?p=4050"},"modified":"2016-03-19T20:12:20","modified_gmt":"2016-03-19T20:12:20","slug":"coahuilenses-fueron-desplazados-durante-lucha-contra-delincuencia","status":"publish","type":"post","link":"http:\/\/www.grieta.org.mx\/index.php\/2016\/03\/17\/coahuilenses-fueron-desplazados-durante-lucha-contra-delincuencia\/","title":{"rendered":"Coahuilenses fueron desplazados durante lucha contra delincuencia"},"content":{"rendered":"<figure id=\"attachment_4051\" aria-describedby=\"caption-attachment-4051\" style=\"width: 680px\" class=\"wp-caption aligncenter\"><img loading=\"lazy\" decoding=\"async\" data-attachment-id=\"4051\" data-permalink=\"http:\/\/www.grieta.org.mx\/index.php\/2016\/03\/17\/coahuilenses-fueron-desplazados-durante-lucha-contra-delincuencia\/desplazados-coahuila\/\" data-orig-file=\"http:\/\/www.grieta.org.mx\/wp-content\/uploads\/2016\/03\/desplazados-coahuila.jpeg\" data-orig-size=\"720,480\" data-comments-opened=\"0\" data-image-meta=\"{&quot;aperture&quot;:&quot;0&quot;,&quot;credit&quot;:&quot;&quot;,&quot;camera&quot;:&quot;&quot;,&quot;caption&quot;:&quot;&quot;,&quot;created_timestamp&quot;:&quot;0&quot;,&quot;copyright&quot;:&quot;&quot;,&quot;focal_length&quot;:&quot;0&quot;,&quot;iso&quot;:&quot;0&quot;,&quot;shutter_speed&quot;:&quot;0&quot;,&quot;title&quot;:&quot;&quot;,&quot;orientation&quot;:&quot;0&quot;}\" data-image-title=\"Desplazados Coahuila\" data-image-description=\"\" data-image-caption=\"&lt;p&gt;A trav\u00e9s de su desplazamiento interno, adem\u00e1s se logr\u00f3 registrar 8 mil 800 nuevos desplazados a octubre de 2015. (Archivo)&lt;\/p&gt;\n\" data-medium-file=\"http:\/\/www.grieta.org.mx\/wp-content\/uploads\/2016\/03\/desplazados-coahuila-300x200.jpeg\" data-large-file=\"http:\/\/www.grieta.org.mx\/wp-content\/uploads\/2016\/03\/desplazados-coahuila.jpeg\" class=\"wp-image-4051\" src=\"http:\/\/grieta.org.mx\/wp-content\/uploads\/2016\/03\/desplazados-coahuila-300x200.jpeg\" alt=\"A trav\u00e9s de su desplazamiento interno, adem\u00e1s se logr\u00f3 registrar 8 mil 800 nuevos desplazados a octubre de 2015. (Archivo)\" width=\"680\" height=\"453\" srcset=\"http:\/\/www.grieta.org.mx\/wp-content\/uploads\/2016\/03\/desplazados-coahuila-300x200.jpeg 300w, http:\/\/www.grieta.org.mx\/wp-content\/uploads\/2016\/03\/desplazados-coahuila.jpeg 720w\" sizes=\"auto, (max-width: 680px) 100vw, 680px\" \/><figcaption id=\"caption-attachment-4051\" class=\"wp-caption-text\">A trav\u00e9s de su desplazamiento interno, adem\u00e1s se logr\u00f3 registrar 8 mil 800 nuevos desplazados a octubre de 2015. (Archivo)<\/figcaption><\/figure>\n<blockquote><p>Durante los \u00faltimos a\u00f1os Coahuila y Durango se encontraron entre los 14 estados que sufrieron mayor n\u00famero de desplazamiento de ciudadanos, quienes decidieron dejar sus hogares durante la &#8220;lucha&#8221; de las autoridades de seguridad contra delincuencia organizada.<\/p><\/blockquote>\n<p>El informe denominado Situaci\u00f3n de los Derechos Humanos en M\u00e9xico, publicado por el organismo M\u00e9xico Unido Contra la Delincuencia, revel\u00f3 que la Comisi\u00f3n Interamericana de los Derechos Humanos (CIDH) recibi\u00f3 informaci\u00f3n de desplazamientos internos en 14 de los 32 estados de M\u00e9xico.<\/p>\n<p>Explic\u00f3 que en estos estados hab\u00edan tenido lugar 141 eventos de desplazamiento masivo de 10 o m\u00e1s familias, particularmente en el periodo comprendido entre enero 2009 y febrero de 2015.<\/p>\n<p>Este desplazamiento masivo se concentr\u00f3 principalmente en los estados de Baja California, Chiapas, Chihuahua, Coahuila, Durango, Estado de M\u00e9xico, Guerrero, Michoac\u00e1n, Morelos, Nuevo Le\u00f3n, Oaxaca, Sinaloa, Tamaulipas y Veracruz.<\/p>\n<p>A trav\u00e9s de su desplazamiento interno, adem\u00e1s se logr\u00f3 registrar 8 mil 800 nuevos desplazados a octubre de 2015.<\/p>\n<p>El Centro de Monitoreo de Desplazados internos ha sostenido que la expansi\u00f3n de la violencia criminal, en particular las actividades de los grupos delictivos y las operaciones militares a gran escala implementadas para combatirlo, han sido las principales causas de desplazamiento en M\u00e9xico.<\/p>\n<p>Ante la falta de cifras oficiales, las estad\u00edsticas del IDMC indican que para finales de 2014 M\u00e9xico registr\u00f3 una cifra de al menos 281 mil 400 desplazados internos.<\/p>\n<p>Se\u00f1al\u00f3 que organizaciones de la sociedad civil indicaron que esta cifra podr\u00eda ser mucho mayor, no obstante, el hecho de que las autoridades no reconozcan la existencia del desplazamiento interno y de que haya permanecido sin cuantificarse ha favorecido su invisibilidad.<\/p>\n<p>La sociedad civil indic\u00f3 a la Comisi\u00f3n Interamericana que el desplazamiento interno afect\u00f3 de forma desproporcionada a adultos mayores, mujeres, ni\u00f1os e ind\u00edgenas particularmente a aquellos de escasos recursos, quienes se encontraron en condiciones de extrema vulnerabilidad debido a la falta de protecci\u00f3n por parte de las instituciones de los tres niveles de gobierno.<\/p>\n<p><a href=\"https:\/\/www.siglo.mx\/coahuila\/noticia\/91017.coahuilenses-fueron-desplazados-durante-lucha-contra-delincuencia.html\" target=\"_blank\">https:\/\/www.siglo.mx\/coahuila\/noticia\/91017.coahuilenses-fueron-desplazados-durante-lucha-contra-delincuencia.html<\/a><\/p>\n","protected":false},"excerpt":{"rendered":"<p>Durante los \u00faltimos a\u00f1os Coahuila y Durango se encontraron entre los 14 estados que sufrieron mayor n\u00famero de desplazamiento de ciudadanos, quienes decidieron dejar sus hogares durante la &#8220;lucha&#8221; de &hellip; <a href=\"http:\/\/www.grieta.org.mx\/index.php\/2016\/03\/17\/coahuilenses-fueron-desplazados-durante-lucha-contra-delincuencia\/\" class=\"more-link\">Leer m\u00e1s<\/a><\/p>\n","protected":false},"author":2,"featured_media":21928,"comment_status":"closed","ping_status":"open","sticky":false,"template":"","format":"standard","meta":{"ngg_post_thumbnail":0,"_jetpack_newsletter_access":"","_jetpack_dont_email_post_to_subs":false,"_jetpack_newsletter_tier_id":0,"_jetpack_memberships_contains_paywalled_content":false,"_jetpack_memberships_contains_paid_content":false,"footnotes":""},"categories":[80,250,173],"tags":[232],"class_list":["post-4050","post","type-post","status-publish","format-standard","has-post-thumbnail","hentry","category-cintillo","category-coahuila","category-durango","tag-desplazados","entry"],"jetpack_featured_media_url":"http:\/\/www.grieta.org.mx\/wp-content\/uploads\/2018\/03\/14524434_1106112876131411_958039263622046936_o.jpg","jetpack_sharing_enabled":true,"jetpack_shortlink":"https:\/\/wp.me\/p7ZJR4-13k","jetpack_likes_enabled":false,"jetpack-related-posts":[{"id":6585,"url":"http:\/\/www.grieta.org.mx\/index.php\/2016\/03\/17\/desplazados-por-la-violencia-en-coahuila\/","url_meta":{"origin":4050,"position":0},"title":"Desplazados por la violencia en Coahuila","author":"grieta","date":"17 marzo, 2016","format":false,"excerpt":"17\/03\/16. Coahuilenses fueron desplazados durante lucha contra delincuencia El Siglo Coahuila","rel":"","context":"En &quot;Coahuila&quot;","block_context":{"text":"Coahuila","link":"http:\/\/www.grieta.org.mx\/index.php\/category\/noticias-nacionales\/coahuila\/"},"img":{"alt_text":"","src":"https:\/\/i0.wp.com\/www.grieta.org.mx\/wp-content\/uploads\/2018\/03\/14524434_1106112876131411_958039263622046936_o.jpg?resize=350%2C200","width":350,"height":200,"srcset":"https:\/\/i0.wp.com\/www.grieta.org.mx\/wp-content\/uploads\/2018\/03\/14524434_1106112876131411_958039263622046936_o.jpg?resize=350%2C200 1x, https:\/\/i0.wp.com\/www.grieta.org.mx\/wp-content\/uploads\/2018\/03\/14524434_1106112876131411_958039263622046936_o.jpg?resize=525%2C300 1.5x, https:\/\/i0.wp.com\/www.grieta.org.mx\/wp-content\/uploads\/2018\/03\/14524434_1106112876131411_958039263622046936_o.jpg?resize=700%2C400 2x"},"classes":[]},{"id":18376,"url":"http:\/\/www.grieta.org.mx\/index.php\/2016\/07\/29\/violencia-expulsa-de-sus-estados-a-mas-de-281-mil-sinaloa\/","url_meta":{"origin":4050,"position":1},"title":"Violencia expulsa de sus estados a m\u00e1s de 281 mil","author":"grieta","date":"29 julio, 2016","format":false,"excerpt":"Victor Ch\u00e1vez, Ciudad de M\u00e9xico. CIUDAD DE M\u00c9XICO.- La corrupci\u00f3n, complicidad e incapacidad de los gobiernos para combatir la violencia del crimen organizado, ha provocado la expulsi\u00f3n y desplazamiento de alrededor de 281 mil 400 personas de sus entidades, reportados tan s\u00f3lo en los \u00faltimos 4 a\u00f1os, alerta una investigaci\u00f3n\u2026","rel":"","context":"En &quot;CINTILLO&quot;","block_context":{"text":"CINTILLO","link":"http:\/\/www.grieta.org.mx\/index.php\/category\/cintillo\/"},"img":{"alt_text":"","src":"https:\/\/i0.wp.com\/www.grieta.org.mx\/wp-content\/uploads\/2018\/03\/14524434_1106112876131411_958039263622046936_o.jpg?resize=350%2C200","width":350,"height":200,"srcset":"https:\/\/i0.wp.com\/www.grieta.org.mx\/wp-content\/uploads\/2018\/03\/14524434_1106112876131411_958039263622046936_o.jpg?resize=350%2C200 1x, https:\/\/i0.wp.com\/www.grieta.org.mx\/wp-content\/uploads\/2018\/03\/14524434_1106112876131411_958039263622046936_o.jpg?resize=525%2C300 1.5x, https:\/\/i0.wp.com\/www.grieta.org.mx\/wp-content\/uploads\/2018\/03\/14524434_1106112876131411_958039263622046936_o.jpg?resize=700%2C400 2x"},"classes":[]},{"id":29427,"url":"http:\/\/www.grieta.org.mx\/index.php\/2019\/02\/21\/violencia-en-mexico-causa-mas-de-87-millones-de-desplazados-internos\/","url_meta":{"origin":4050,"position":2},"title":"Violencia en M\u00e9xico causa m\u00e1s de 8,7 millones de desplazados internos","author":"grieta","date":"21 febrero, 2019","format":false,"excerpt":"Spuntnik CIUDAD DE M\u00c9XICO (Sputnik) \u2014 M\u00e1s de 8,7 millones de personas dejaron sus hogares y se desplazaron internamente en busca de protecci\u00f3n ante la violencia entre 2011 y 2017, seg\u00fan dos informes presentados por la Comisi\u00f3n Mexicana de Defensa y Promoci\u00f3n de los Derechos Humanos (CMDPDH). Los datos de\u2026","rel":"","context":"En &quot;CINTILLO&quot;","block_context":{"text":"CINTILLO","link":"http:\/\/www.grieta.org.mx\/index.php\/category\/cintillo\/"},"img":{"alt_text":"","src":"https:\/\/i0.wp.com\/www.grieta.org.mx\/wp-content\/uploads\/2019\/02\/1066442509.jpg?resize=350%2C200","width":350,"height":200,"srcset":"https:\/\/i0.wp.com\/www.grieta.org.mx\/wp-content\/uploads\/2019\/02\/1066442509.jpg?resize=350%2C200 1x, https:\/\/i0.wp.com\/www.grieta.org.mx\/wp-content\/uploads\/2019\/02\/1066442509.jpg?resize=525%2C300 1.5x, https:\/\/i0.wp.com\/www.grieta.org.mx\/wp-content\/uploads\/2019\/02\/1066442509.jpg?resize=700%2C400 2x"},"classes":[]},{"id":63516,"url":"http:\/\/www.grieta.org.mx\/index.php\/2022\/01\/15\/los-desplazados-invisibles-para-el-gobierno\/","url_meta":{"origin":4050,"position":3},"title":"Los desplazados, invisibles para el gobierno","author":"Admin","date":"15 enero, 2022","format":false,"excerpt":"Por Gloria Leticia D\u00edaz \/ Proceso Originaria de la sierra de Guerrero, Teodomira Rosales se ha convertido en un emblema para las personas desplazadas de esa entidad. De 2010 a la fecha ha cambiado de residencia tres veces, amedrentada por quienes se oponen a su lucha. Hace tres semanas ella\u2026","rel":"","context":"En &quot;CINTILLO&quot;","block_context":{"text":"CINTILLO","link":"http:\/\/www.grieta.org.mx\/index.php\/category\/cintillo\/"},"img":{"alt_text":"","src":"https:\/\/i0.wp.com\/www.grieta.org.mx\/wp-content\/uploads\/2022\/02\/f800x450-148909_200355_5050.jpg?resize=350%2C200","width":350,"height":200,"srcset":"https:\/\/i0.wp.com\/www.grieta.org.mx\/wp-content\/uploads\/2022\/02\/f800x450-148909_200355_5050.jpg?resize=350%2C200 1x, https:\/\/i0.wp.com\/www.grieta.org.mx\/wp-content\/uploads\/2022\/02\/f800x450-148909_200355_5050.jpg?resize=525%2C300 1.5x, https:\/\/i0.wp.com\/www.grieta.org.mx\/wp-content\/uploads\/2022\/02\/f800x450-148909_200355_5050.jpg?resize=700%2C400 2x"},"classes":[]},{"id":3628,"url":"http:\/\/www.grieta.org.mx\/index.php\/2016\/01\/18\/habitantes-de-tamazula-huyen-de-sus-comunidades-por-miedo-a-operativos-de-la-marina\/","url_meta":{"origin":4050,"position":4},"title":"Habitantes de Tamazula huyen de sus comunidades por miedo a operativos de la Marina","author":"grieta","date":"18 enero, 2016","format":false,"excerpt":"18\/01\/16. As\u00ed, la caza de \u201cEl Chapo\u201d no suena tan heroica Sin Embargo 28\/10\/15. Mantienen apoyo a los desplazados El Siglo de Torre\u00f3n 24\/10\/15. Un menor, detenido por operativo en Tamazula El Siglo de Durango 22\/10\/15. S\u00ed hay quejas por violaci\u00f3n de derechos humanos en Tamazula: R\u00edos Estavillo L\u00ednea Directa\u2026","rel":"","context":"En &quot;Desaparecidos&quot;","block_context":{"text":"Desaparecidos","link":"http:\/\/www.grieta.org.mx\/index.php\/category\/temas-nacionales\/desaparecidos\/"},"img":{"alt_text":"","src":"https:\/\/i0.wp.com\/www.grieta.org.mx\/wp-content\/uploads\/2018\/03\/14524434_1106112876131411_958039263622046936_o.jpg?resize=350%2C200","width":350,"height":200,"srcset":"https:\/\/i0.wp.com\/www.grieta.org.mx\/wp-content\/uploads\/2018\/03\/14524434_1106112876131411_958039263622046936_o.jpg?resize=350%2C200 1x, https:\/\/i0.wp.com\/www.grieta.org.mx\/wp-content\/uploads\/2018\/03\/14524434_1106112876131411_958039263622046936_o.jpg?resize=525%2C300 1.5x, https:\/\/i0.wp.com\/www.grieta.org.mx\/wp-content\/uploads\/2018\/03\/14524434_1106112876131411_958039263622046936_o.jpg?resize=700%2C400 2x"},"classes":[]},{"id":23426,"url":"http:\/\/www.grieta.org.mx\/index.php\/2017\/08\/29\/veracruz-en-el-mapa-nacional-de-los-desplazados-por-conflictos-de-violencia\/","url_meta":{"origin":4050,"position":5},"title":"Veracruz, en el mapa nacional de los desplazados por conflictos de violencia","author":"grieta","date":"29 agosto, 2017","format":false,"excerpt":"Redacci\u00f3n \/ horaceromx Debido a conflictos de violencia, 311 mil mexicanos han sido obligados a desplazarse. En el mapa nacional de los desplazados por problemas relacionados con la violencia figuran entidades como Michoac\u00e1n, Guerrero, Sinaloa, Chihuahua y Veracruz, de acuerdo con cifras del Centro de Monitoreo de Desplazamiento Interno (IDMC,\u2026","rel":"","context":"En &quot;CINTILLO&quot;","block_context":{"text":"CINTILLO","link":"http:\/\/www.grieta.org.mx\/index.php\/category\/cintillo\/"},"img":{"alt_text":"","src":"https:\/\/i0.wp.com\/www.grieta.org.mx\/wp-content\/uploads\/2018\/06\/direct.jpeg?resize=350%2C200","width":350,"height":200},"classes":[]}],"_links":{"self":[{"href":"http:\/\/www.grieta.org.mx\/index.php\/wp-json\/wp\/v2\/posts\/4050","targetHints":{"allow":["GET"]}}],"collection":[{"href":"http:\/\/www.grieta.org.mx\/index.php\/wp-json\/wp\/v2\/posts"}],"about":[{"href":"http:\/\/www.grieta.org.mx\/index.php\/wp-json\/wp\/v2\/types\/post"}],"author":[{"embeddable":true,"href":"http:\/\/www.grieta.org.mx\/index.php\/wp-json\/wp\/v2\/users\/2"}],"replies":[{"embeddable":true,"href":"http:\/\/www.grieta.org.mx\/index.php\/wp-json\/wp\/v2\/comments?post=4050"}],"version-history":[{"count":1,"href":"http:\/\/www.grieta.org.mx\/index.php\/wp-json\/wp\/v2\/posts\/4050\/revisions"}],"predecessor-version":[{"id":4052,"href":"http:\/\/www.grieta.org.mx\/index.php\/wp-json\/wp\/v2\/posts\/4050\/revisions\/4052"}],"wp:featuredmedia":[{"embeddable":true,"href":"http:\/\/www.grieta.org.mx\/index.php\/wp-json\/wp\/v2\/media\/21928"}],"wp:attachment":[{"href":"http:\/\/www.grieta.org.mx\/index.php\/wp-json\/wp\/v2\/media?parent=4050"}],"wp:term":[{"taxonomy":"category","embeddable":true,"href":"http:\/\/www.grieta.org.mx\/index.php\/wp-json\/wp\/v2\/categories?post=4050"},{"taxonomy":"post_tag","embeddable":true,"href":"http:\/\/www.grieta.org.mx\/index.php\/wp-json\/wp\/v2\/tags?post=4050"}],"curies":[{"name":"wp","href":"https:\/\/api.w.org\/{rel}","templated":true}]}}