{"id":40465,"date":"2019-10-25T11:02:16","date_gmt":"2019-10-25T16:02:16","guid":{"rendered":"http:\/\/www.grieta.org.mx\/?p=40465"},"modified":"2019-10-26T11:08:39","modified_gmt":"2019-10-26T16:08:39","slug":"a-un-ano-del-asesinato-del-defensor-raramuri-julian-carrillo-su-familia-sigue-desplazada-chihuahua","status":"publish","type":"post","link":"http:\/\/www.grieta.org.mx\/index.php\/2019\/10\/25\/a-un-ano-del-asesinato-del-defensor-raramuri-julian-carrillo-su-familia-sigue-desplazada-chihuahua\/","title":{"rendered":"A un a\u00f1o del asesinato del defensor rar\u00e1muri Juli\u00e1n Carrillo, su familia sigue desplazada (Chihuahua)"},"content":{"rendered":"<p>Alberto Pradilla\/Animal Pol\u00edtico<\/p>\n<p><img loading=\"lazy\" decoding=\"async\" data-attachment-id=\"40466\" data-permalink=\"http:\/\/www.grieta.org.mx\/index.php\/2019\/10\/25\/a-un-ano-del-asesinato-del-defensor-raramuri-julian-carrillo-su-familia-sigue-desplazada-chihuahua\/8-1024x683\/\" data-orig-file=\"http:\/\/www.grieta.org.mx\/wp-content\/uploads\/2019\/10\/8-1024x683-1.jpg\" data-orig-size=\"1100,580\" data-comments-opened=\"0\" data-image-meta=\"{&quot;aperture&quot;:&quot;0&quot;,&quot;credit&quot;:&quot;&quot;,&quot;camera&quot;:&quot;&quot;,&quot;caption&quot;:&quot;&quot;,&quot;created_timestamp&quot;:&quot;0&quot;,&quot;copyright&quot;:&quot;&quot;,&quot;focal_length&quot;:&quot;0&quot;,&quot;iso&quot;:&quot;0&quot;,&quot;shutter_speed&quot;:&quot;0&quot;,&quot;title&quot;:&quot;&quot;,&quot;orientation&quot;:&quot;0&quot;}\" data-image-title=\"8-1024&amp;#215;683\" data-image-description=\"\" data-image-caption=\"\" data-medium-file=\"http:\/\/www.grieta.org.mx\/wp-content\/uploads\/2019\/10\/8-1024x683-1-300x158.jpg\" data-large-file=\"http:\/\/www.grieta.org.mx\/wp-content\/uploads\/2019\/10\/8-1024x683-1-1024x540.jpg\" class=\"aligncenter size-full wp-image-40466\" src=\"http:\/\/www.grieta.org.mx\/wp-content\/uploads\/2019\/10\/8-1024x683-1.jpg\" alt=\"\" width=\"1100\" height=\"580\" srcset=\"http:\/\/www.grieta.org.mx\/wp-content\/uploads\/2019\/10\/8-1024x683-1.jpg 1100w, http:\/\/www.grieta.org.mx\/wp-content\/uploads\/2019\/10\/8-1024x683-1-300x158.jpg 300w, http:\/\/www.grieta.org.mx\/wp-content\/uploads\/2019\/10\/8-1024x683-1-768x405.jpg 768w, http:\/\/www.grieta.org.mx\/wp-content\/uploads\/2019\/10\/8-1024x683-1-1024x540.jpg 1024w, http:\/\/www.grieta.org.mx\/wp-content\/uploads\/2019\/10\/8-1024x683-1-948x500.jpg 948w\" sizes=\"auto, (max-width: 1100px) 100vw, 1100px\" \/><\/p>\n<p>Juli\u00e1n Carrillo, de 54 a\u00f1os, defensor rar\u00e1muri de la comunidad Coloradas de la Virgen, Chihuahua, fue asesinado hace exactamente un a\u00f1o.<\/p>\n<p>Su muerte fue la \u00faltima de una serie de homicidios en los que se ensa\u00f1aron con su familia.<\/p>\n<p>El 5 de febrero de 2016, su hijo V\u00edctor Carrillo fue asesinado; el 1 de julio de 2016 su sobrino, Guadalupe Carrillo Polanco; el 1 de julio de 2017 Alberto Qui\u00f1ones Carrillo, otro sobrino, y el 1 de julio de 2018 su yerno, Francisco Chaparro Carrillo.<\/p>\n<p>Todas muertes violentas vinculadas con la defensa del territorio.<\/p>\n<p>Juli\u00e1n Carrillo era, desde hac\u00eda a\u00f1os, uno de los principales activistas contra la tala ilegal y la miner\u00eda en la sierra Tarahumara, en Chihuahua.<\/p>\n<p>Un a\u00f1o despu\u00e9s del asesinato, su familia est\u00e1 desplazada. No pueden regresar a su comunidad ya que temen que los ataques se repitan.<\/p>\n<p>\u201cLa Fiscal\u00eda no ha otorgado garant\u00edas a la familia para que pueda regresar a su rancho. Por el contexto de violencia tras el asesinato de Juli\u00e1n, fueron sacados en refugio, pero no hay garant\u00edas, por lo que siguen desplazados\u201d, dice Ernesto Palencia, abogado del colectivo Alianza Sierra Madre que acompa\u00f1a a la comunidad en Chihuahua.<\/p>\n<p>En total son 16 personas, entre la viuda de Carrillo, sus hijos, nueras y nietos. Ninguno de ellos quiso hablar para esta nota. Alegan que tienen miedo. Cinco asesinatos en cuatro a\u00f1os es como para aterrorizar a cualquier familia.<\/p>\n<p>El 26 de enero, la Fiscal\u00eda General del Estado (FGE) identific\u00f3 y detuvo a dos personas como presuntos autores materiales: Jos\u00e9 Feliciano R.M. y P.C.C., menor de edad. Ambos est\u00e1n integrados en la causa penal 28\/2018 y permanecen en la c\u00e1rcel desde entonces. Seg\u00fan explic\u00f3 Palencia, la audiencia oral no ha tenido lugar todav\u00eda debido a que los abogados defensores presentaron amparos que han atrasado el proceso.<\/p>\n<p>A\u00fan con los presuntos autores materiales encarcelados, la familia Carrillo se siente intranquila. Faltan, seg\u00fan denuncia Palencia, los \u201cautores intelectuales\u201d.<\/p>\n<p><a href=\"https:\/\/www.animalpolitico.com\/2019\/10\/asesinato-defensor-raramuri-julian-carrillo\/\">https:\/\/www.animalpolitico.com\/2019\/10\/asesinato-defensor-raramuri-julian-carrillo\/<\/a><\/p>\n","protected":false},"excerpt":{"rendered":"<p>Alberto Pradilla\/Animal Pol\u00edtico Juli\u00e1n Carrillo, de 54 a\u00f1os, defensor rar\u00e1muri de la comunidad Coloradas de la Virgen, Chihuahua, fue asesinado hace exactamente un a\u00f1o. Su muerte fue la \u00faltima de &hellip; <a href=\"http:\/\/www.grieta.org.mx\/index.php\/2019\/10\/25\/a-un-ano-del-asesinato-del-defensor-raramuri-julian-carrillo-su-familia-sigue-desplazada-chihuahua\/\" class=\"more-link\">Leer m\u00e1s<\/a><\/p>\n","protected":false},"author":2,"featured_media":40466,"comment_status":"closed","ping_status":"closed","sticky":false,"template":"","format":"standard","meta":{"ngg_post_thumbnail":0,"_jetpack_newsletter_access":"","_jetpack_dont_email_post_to_subs":false,"_jetpack_newsletter_tier_id":0,"_jetpack_memberships_contains_paywalled_content":false,"_jetpack_memberships_contains_paid_content":false,"footnotes":""},"categories":[12,80,1029,2655,2662,2,2211],"tags":[232,184,1719],"class_list":["post-40465","post","type-post","status-publish","format-standard","has-post-thumbnail","hentry","category-chihuahua","category-cintillo","category-conflictos-y-resistencias-del-pueblo-raramuri","category-desplazados-por-violencia-en-chihuahua","category-lucha-y-resistencia-de-los-pueblos-originarios-de-chihuahua","category-noticias-nacionales","category-tala-ilegal-en-la-tarahumara","tag-desplazados","tag-despojo","tag-violencia-contra-indigenas","entry"],"jetpack_featured_media_url":"http:\/\/www.grieta.org.mx\/wp-content\/uploads\/2019\/10\/8-1024x683-1.jpg","jetpack_sharing_enabled":true,"jetpack_shortlink":"https:\/\/wp.me\/p7ZJR4-awF","jetpack_likes_enabled":false,"jetpack-related-posts":[{"id":27359,"url":"http:\/\/www.grieta.org.mx\/index.php\/2018\/10\/25\/asesinan-a-defensor-raramuri-en-la-sierra-de-chihuahua\/","url_meta":{"origin":40465,"position":0},"title":"Asesinan a defensor rar\u00e1muri en la sierra de Chihuahua","author":"grieta","date":"25 octubre, 2018","format":false,"excerpt":"Tomada de Amnist\u00eda Internacional. REDACCI\u00d3N\/EL Diario de Chihuahua Chihuahua.- Durante la noche de este mi\u00e9rcoles, Juli\u00e1n Carrillo, defensor rar\u00e1muri de tierra y territorio del municipio Coloradas de la Virgen, Chihuahua, fue asesinado por un grupo de hombres armados. En entrevista para Animal Pol\u00edtico, Erika Guevara Rosas, directora para las Am\u00e9ricas\u2026","rel":"","context":"En &quot;Chihuahua&quot;","block_context":{"text":"Chihuahua","link":"http:\/\/www.grieta.org.mx\/index.php\/category\/noticias-nacionales\/chihuahua\/"},"img":{"alt_text":"","src":"https:\/\/i0.wp.com\/www.grieta.org.mx\/wp-content\/uploads\/2018\/10\/JULIAN-CARRILLO-RAR%C3%81MURI.jpg?resize=350%2C200","width":350,"height":200,"srcset":"https:\/\/i0.wp.com\/www.grieta.org.mx\/wp-content\/uploads\/2018\/10\/JULIAN-CARRILLO-RAR%C3%81MURI.jpg?resize=350%2C200 1x, https:\/\/i0.wp.com\/www.grieta.org.mx\/wp-content\/uploads\/2018\/10\/JULIAN-CARRILLO-RAR%C3%81MURI.jpg?resize=525%2C300 1.5x, https:\/\/i0.wp.com\/www.grieta.org.mx\/wp-content\/uploads\/2018\/10\/JULIAN-CARRILLO-RAR%C3%81MURI.jpg?resize=700%2C400 2x"},"classes":[]},{"id":40732,"url":"http:\/\/www.grieta.org.mx\/index.php\/2019\/10\/26\/plasman-en-mural-los-rostros-de-tres-defensores-indigenas-del-medio-ambiente-en-chihuahua\/","url_meta":{"origin":40465,"position":1},"title":"Plasman en mural los rostros de tres defensores ind\u00edgenas del medio ambiente en Chihuahua","author":"grieta","date":"26 octubre, 2019","format":false,"excerpt":"Patricia Mayorga\/Proceso CIUDAD DE M\u00c9XICO (apro).- Los rostros de Juli\u00e1n Carrillo Mart\u00ednez, Isidro Baldenegro L\u00f3pez y Juan Ontiveros Ramos, defensores ind\u00edgenas del medio ambiente, fueron plasmados en un mural en las instalaciones de la organizaci\u00f3n Alianza Sierra Madre, en la capital de Chihuahua. Los muralistas Antonio Leal Bejarano \u2018Terremoto\u2019 y\u2026","rel":"","context":"En &quot;Chihuahua&quot;","block_context":{"text":"Chihuahua","link":"http:\/\/www.grieta.org.mx\/index.php\/category\/noticias-nacionales\/chihuahua\/"},"img":{"alt_text":"","src":"https:\/\/i0.wp.com\/www.grieta.org.mx\/wp-content\/uploads\/2019\/10\/Alianza-Sierra-Madre-OK-870x522.jpg?resize=350%2C200","width":350,"height":200,"srcset":"https:\/\/i0.wp.com\/www.grieta.org.mx\/wp-content\/uploads\/2019\/10\/Alianza-Sierra-Madre-OK-870x522.jpg?resize=350%2C200 1x, https:\/\/i0.wp.com\/www.grieta.org.mx\/wp-content\/uploads\/2019\/10\/Alianza-Sierra-Madre-OK-870x522.jpg?resize=525%2C300 1.5x, https:\/\/i0.wp.com\/www.grieta.org.mx\/wp-content\/uploads\/2019\/10\/Alianza-Sierra-Madre-OK-870x522.jpg?resize=700%2C400 2x"},"classes":[]},{"id":33690,"url":"http:\/\/www.grieta.org.mx\/index.php\/2018\/10\/25\/asesinan-a-defensor-raramuri-en-chihuahua-en-dos-anos-mataron-a-5-de-sus-familiares\/","url_meta":{"origin":40465,"position":2},"title":"Asesinan a defensor rar\u00e1muri en Chihuahua; en dos a\u00f1os mataron a 5 de sus familiares","author":"grieta","date":"25 octubre, 2018","format":false,"excerpt":"Desde 2007 Juli\u00e1n Carrillo luchaba contra la explotaci\u00f3n de recursos naturales en los territorios ancestrales de la zona; en 2016 comenzaron las amenazas y los ataques. Mataron a dos de sus sobrinos, a su hijo y a su yerno. Amnist\u00eda Internacional exige justicia. Redacci\u00f3n\/ ANIMAL POL\u00cdTICO Durante la noche de\u2026","rel":"","context":"En &quot;Chihuahua&quot;","block_context":{"text":"Chihuahua","link":"http:\/\/www.grieta.org.mx\/index.php\/category\/noticias-nacionales\/chihuahua\/"},"img":{"alt_text":"","src":"https:\/\/i0.wp.com\/www.grieta.org.mx\/wp-content\/uploads\/2019\/05\/Raramuris_Semana_Santa-15-e1540496349621.jpg?resize=350%2C200","width":350,"height":200,"srcset":"https:\/\/i0.wp.com\/www.grieta.org.mx\/wp-content\/uploads\/2019\/05\/Raramuris_Semana_Santa-15-e1540496349621.jpg?resize=350%2C200 1x, https:\/\/i0.wp.com\/www.grieta.org.mx\/wp-content\/uploads\/2019\/05\/Raramuris_Semana_Santa-15-e1540496349621.jpg?resize=525%2C300 1.5x, https:\/\/i0.wp.com\/www.grieta.org.mx\/wp-content\/uploads\/2019\/05\/Raramuris_Semana_Santa-15-e1540496349621.jpg?resize=700%2C400 2x, https:\/\/i0.wp.com\/www.grieta.org.mx\/wp-content\/uploads\/2019\/05\/Raramuris_Semana_Santa-15-e1540496349621.jpg?resize=1050%2C600 3x, https:\/\/i0.wp.com\/www.grieta.org.mx\/wp-content\/uploads\/2019\/05\/Raramuris_Semana_Santa-15-e1540496349621.jpg?resize=1400%2C800 4x"},"classes":[]},{"id":27593,"url":"http:\/\/www.grieta.org.mx\/index.php\/2018\/11\/10\/historia-de-resistencia-y-lucha-del-lider-raramuri-asesinado-en-chihuahua\/","url_meta":{"origin":40465,"position":3},"title":"Historia de resistencia y lucha del l\u00edder rar\u00e1muri asesinado en Chihuahua","author":"grieta","date":"10 noviembre, 2018","format":false,"excerpt":"Patricia Mayorga\/ PROCESO CIUDAD DE M\u00c9XICO (apro).- V\u00edctor Juli\u00e1n Mart\u00ednez, l\u00edder social ind\u00edgena asesinado ayer en Coloradas de la Virgen del municipio de Guadalupe y Calvo, es un \u00edcono de la lucha por el territorio ubicado en una de las zonas m\u00e1s peligrosas de la regi\u00f3n y del pa\u00eds: el\u2026","rel":"","context":"En &quot;Chihuahua&quot;","block_context":{"text":"Chihuahua","link":"http:\/\/www.grieta.org.mx\/index.php\/category\/noticias-nacionales\/chihuahua\/"},"img":{"alt_text":"","src":"https:\/\/i0.wp.com\/www.grieta.org.mx\/wp-content\/uploads\/2018\/11\/victor-1078x750.jpg?resize=350%2C200","width":350,"height":200,"srcset":"https:\/\/i0.wp.com\/www.grieta.org.mx\/wp-content\/uploads\/2018\/11\/victor-1078x750.jpg?resize=350%2C200 1x, https:\/\/i0.wp.com\/www.grieta.org.mx\/wp-content\/uploads\/2018\/11\/victor-1078x750.jpg?resize=525%2C300 1.5x, https:\/\/i0.wp.com\/www.grieta.org.mx\/wp-content\/uploads\/2018\/11\/victor-1078x750.jpg?resize=700%2C400 2x, https:\/\/i0.wp.com\/www.grieta.org.mx\/wp-content\/uploads\/2018\/11\/victor-1078x750.jpg?resize=1050%2C600 3x"},"classes":[]},{"id":33698,"url":"http:\/\/www.grieta.org.mx\/index.php\/2019\/05\/17\/mexico-asesinan-a-madre-e-hijo-defensores-de-tierra-y-territorio-de-la-sierra-tarahumara-y-familiares-de-lider-julian-carrillo-martinez-asesinado-en-2018\/","url_meta":{"origin":40465,"position":4},"title":"M\u00e9xico: Asesinan a madre e hijo, defensores de tierra y territorio de la Sierra Tarahumara y familiares de l\u00edder Juli\u00e1n Carrillo Mart\u00ednez asesinado en 2018","author":"grieta","date":"17 mayo, 2019","format":false,"excerpt":"BUSINESS-HUMANRIGHT\/ LA JORNADA \u201cMatan a madre e hijo, defensores de bosques en Chihuahua\u201d, 4 de mayo de 2019 \u2026Asesinos a sueldo ultimaron a Otilia Mart\u00ednez Cruz\u2026y a su hijo Gregorio Chaparro Cruz, de 20, en el municipio de Guadalupe y Calvo, en los l\u00edmites de Chihuahua y Sinaloa. Las v\u00edctimas\u2026","rel":"","context":"En &quot;Chihuahua&quot;","block_context":{"text":"Chihuahua","link":"http:\/\/www.grieta.org.mx\/index.php\/category\/noticias-nacionales\/chihuahua\/"},"img":{"alt_text":"","src":"https:\/\/i0.wp.com\/www.grieta.org.mx\/wp-content\/uploads\/2018\/03\/14524434_1106112876131411_958039263622046936_o.jpg?resize=350%2C200","width":350,"height":200,"srcset":"https:\/\/i0.wp.com\/www.grieta.org.mx\/wp-content\/uploads\/2018\/03\/14524434_1106112876131411_958039263622046936_o.jpg?resize=350%2C200 1x, https:\/\/i0.wp.com\/www.grieta.org.mx\/wp-content\/uploads\/2018\/03\/14524434_1106112876131411_958039263622046936_o.jpg?resize=525%2C300 1.5x, https:\/\/i0.wp.com\/www.grieta.org.mx\/wp-content\/uploads\/2018\/03\/14524434_1106112876131411_958039263622046936_o.jpg?resize=700%2C400 2x"},"classes":[]},{"id":57171,"url":"http:\/\/www.grieta.org.mx\/index.php\/2021\/02\/10\/el-asesinato-de-julian-carrillo-un-patron-de-agresiones-contra-la-comunidad-raramuri-chihuahua\/","url_meta":{"origin":40465,"position":5},"title":"El asesinato de Juli\u00e1n Carrillo, un patr\u00f3n de agresiones contra la comunidad rar\u00e1muri (Chihuahua)","author":"grieta","date":"10 febrero, 2021","format":false,"excerpt":"Integrantes de la Fiscal\u00eda de derechos humanos en Chihuahua testificaron ante el tribunal por los homicidios del activista Juli\u00e1n Carrillo y su hijo, y advirtieron que esos cr\u00edmenes son parte de agresiones constantes a la comunidad que defiende su territorio de la tala ilegal Texto y foto: Jaime Armend\u00e1riz \/\u2026","rel":"","context":"En &quot;Chihuahua&quot;","block_context":{"text":"Chihuahua","link":"http:\/\/www.grieta.org.mx\/index.php\/category\/noticias-nacionales\/chihuahua\/"},"img":{"alt_text":"","src":"https:\/\/i0.wp.com\/www.grieta.org.mx\/wp-content\/uploads\/2021\/02\/homicidio_Julian_carrillo_Raichali.jpg?resize=350%2C200","width":350,"height":200,"srcset":"https:\/\/i0.wp.com\/www.grieta.org.mx\/wp-content\/uploads\/2021\/02\/homicidio_Julian_carrillo_Raichali.jpg?resize=350%2C200 1x, https:\/\/i0.wp.com\/www.grieta.org.mx\/wp-content\/uploads\/2021\/02\/homicidio_Julian_carrillo_Raichali.jpg?resize=525%2C300 1.5x, https:\/\/i0.wp.com\/www.grieta.org.mx\/wp-content\/uploads\/2021\/02\/homicidio_Julian_carrillo_Raichali.jpg?resize=700%2C400 2x"},"classes":[]}],"_links":{"self":[{"href":"http:\/\/www.grieta.org.mx\/index.php\/wp-json\/wp\/v2\/posts\/40465","targetHints":{"allow":["GET"]}}],"collection":[{"href":"http:\/\/www.grieta.org.mx\/index.php\/wp-json\/wp\/v2\/posts"}],"about":[{"href":"http:\/\/www.grieta.org.mx\/index.php\/wp-json\/wp\/v2\/types\/post"}],"author":[{"embeddable":true,"href":"http:\/\/www.grieta.org.mx\/index.php\/wp-json\/wp\/v2\/users\/2"}],"replies":[{"embeddable":true,"href":"http:\/\/www.grieta.org.mx\/index.php\/wp-json\/wp\/v2\/comments?post=40465"}],"version-history":[{"count":1,"href":"http:\/\/www.grieta.org.mx\/index.php\/wp-json\/wp\/v2\/posts\/40465\/revisions"}],"predecessor-version":[{"id":40467,"href":"http:\/\/www.grieta.org.mx\/index.php\/wp-json\/wp\/v2\/posts\/40465\/revisions\/40467"}],"wp:featuredmedia":[{"embeddable":true,"href":"http:\/\/www.grieta.org.mx\/index.php\/wp-json\/wp\/v2\/media\/40466"}],"wp:attachment":[{"href":"http:\/\/www.grieta.org.mx\/index.php\/wp-json\/wp\/v2\/media?parent=40465"}],"wp:term":[{"taxonomy":"category","embeddable":true,"href":"http:\/\/www.grieta.org.mx\/index.php\/wp-json\/wp\/v2\/categories?post=40465"},{"taxonomy":"post_tag","embeddable":true,"href":"http:\/\/www.grieta.org.mx\/index.php\/wp-json\/wp\/v2\/tags?post=40465"}],"curies":[{"name":"wp","href":"https:\/\/api.w.org\/{rel}","templated":true}]}}