{"id":40410,"date":"2019-10-15T18:47:22","date_gmt":"2019-10-15T23:47:22","guid":{"rendered":"http:\/\/www.grieta.org.mx\/?p=40410"},"modified":"2019-10-24T18:53:29","modified_gmt":"2019-10-24T23:53:29","slug":"liberan-a-11-activistas-opositores-a-la-tala-de-arboles-para-ampliar-avenida-en-san-miguel-de-allende","status":"publish","type":"post","link":"http:\/\/www.grieta.org.mx\/index.php\/2019\/10\/15\/liberan-a-11-activistas-opositores-a-la-tala-de-arboles-para-ampliar-avenida-en-san-miguel-de-allende\/","title":{"rendered":"Liberan a 11 activistas opositores a la tala de \u00e1rboles para ampliar avenida en San Miguel de Allende"},"content":{"rendered":"<blockquote><p>SAN MIGUEL DE ALLENDE, Gto. (apro). \u2013 Tras una negociaci\u00f3n con autoridades, 11 de los 12 activistas detenidos por polic\u00edas municipales por oponerse al retiro de \u00e1rboles para ampliar la Calzada Guadalupe en este municipio fueron liberados.<\/p><\/blockquote>\n<p>La ampliaci\u00f3n es una obra de la administraci\u00f3n municipal encabezada por el ex diputado federal panista Luis Alberto Villareal Garc\u00eda.<\/p>\n<p>En un operativo encabezado por el titular de la dependencia, Jorge Ignacio Luna, polic\u00edas municipales arrestaron a 12 activistas del movimiento denominado #41arboles.<\/p>\n<p>La periodista Ana Luz Sol\u00eds, que cubr\u00eda el desalojo, fue jaloneada por dos elementos de seguridad p\u00fablica, para impedir la cobertura noticiosa.<\/p>\n<p>Por medio de un comunicado en la p\u00e1gina oficial del movimiento, se inform\u00f3 que 11 de los detenidos fueron liberados despu\u00e9s de una negociaci\u00f3n entre los familiares y las autoridades.<\/p>\n<p>La condici\u00f3n para su liberaci\u00f3n fue que no regresaran a manifestarse y en caso de faltar al acuerdo ser\u00edan detenidos por 72 horas y sometidos a proceso penal.<\/p>\n<p>\u201cEstamos sumamente preocupados por Omar, nuestro compa\u00f1ero sigue detenido debido a que las autoridades se opusieron a darle libertad.<\/p>\n<p>Gracias a la negociaci\u00f3n de los familiares e integrantes del movimiento preocupados por las 12 personas que fueron arrestadas, 11 lograron salir\u201d, consigna el desplegado oficial del movimiento.<\/p>\n<p>Por su parte el gobierno municipal consign\u00f3 que los dos extranjeros detenidos fueron puestos a disposici\u00f3n de la autoridad migratoria.<\/p>\n<p>\u201cEn el caso de las dos personas extranjeras detenidas (una colombiana y un alem\u00e1n), su situaci\u00f3n legal qued\u00f3 en manos del Instituto Nacional de Migraci\u00f3n, entidad que ser\u00e1 responsable de determinar lo conducente\u201d.<\/p>\n<p>En el sitio de la obra, activistas se mantienen vigilando las obras, sin interponerse, tambi\u00e9n polic\u00edas municipales con binomios caninos resguardan la seguridad del movimiento de trasplante de los \u00e1rboles de las especies, ficus, jacarandas, laureles de la india y casta\u00f1os<\/p>\n<p>De acuerdo a publicaciones en redes sociales, trabajadores de la empresa Egeos Ambiental, han estado trasplantando los \u00e1rboles sin la t\u00e9cnica adecuada, cortando las ra\u00edces a machetazos.<\/p>\n<p>La empresa cobrar\u00e1 8 mil pesos por el trasplante y traslado de cada uno de los 8 \u00e1rboles.<\/p>\n<p><a href=\"https:\/\/www.proceso.com.mx\/603183\/liberan-a-11-activistas-opositores-a-tala-de-arboles-para-ampliar-avenida-en-san-miguel-de-allende\">https:\/\/www.proceso.com.mx\/603183\/liberan-a-11-activistas-opositores-a-tala-de-arboles-para-ampliar-avenida-en-san-miguel-de-allende<\/a><\/p>\n","protected":false},"excerpt":{"rendered":"<p>SAN MIGUEL DE ALLENDE, Gto. (apro). \u2013 Tras una negociaci\u00f3n con autoridades, 11 de los 12 activistas detenidos por polic\u00edas municipales por oponerse al retiro de \u00e1rboles para ampliar la &hellip; <a href=\"http:\/\/www.grieta.org.mx\/index.php\/2019\/10\/15\/liberan-a-11-activistas-opositores-a-la-tala-de-arboles-para-ampliar-avenida-en-san-miguel-de-allende\/\" class=\"more-link\">Leer m\u00e1s<\/a><\/p>\n","protected":false},"author":2,"featured_media":21928,"comment_status":"closed","ping_status":"closed","sticky":false,"template":"","format":"standard","meta":{"ngg_post_thumbnail":0,"_jetpack_newsletter_access":"","_jetpack_dont_email_post_to_subs":false,"_jetpack_newsletter_tier_id":0,"_jetpack_memberships_contains_paywalled_content":false,"_jetpack_memberships_contains_paid_content":false,"footnotes":""},"categories":[80,2746,17,2690,2910,2337],"tags":[2562,1178,1090],"class_list":["post-40410","post","type-post","status-publish","format-standard","has-post-thumbnail","hentry","category-cintillo","category-destruccion-de-la-naturaleza-en-guanajuato","category-guanajuato","category-resistencias","category-resistencias-en-guanajuato","category-violencia-de-las-fuerzas-represivas-en-guanajuato","tag-destruccion-ambiental","tag-destruccion-de-la-naturaleza","tag-represion-de-la-protesta-social","entry"],"jetpack_featured_media_url":"http:\/\/www.grieta.org.mx\/wp-content\/uploads\/2018\/03\/14524434_1106112876131411_958039263622046936_o.jpg","jetpack_sharing_enabled":true,"jetpack_shortlink":"https:\/\/wp.me\/p7ZJR4-avM","jetpack_likes_enabled":false,"jetpack-related-posts":[{"id":40403,"url":"http:\/\/www.grieta.org.mx\/index.php\/2019\/10\/14\/defensores-de-los-arboles-en-san-miguel-de-allende-guanajuato-son-detenidos-con-violencia-denuncian\/","url_meta":{"origin":40410,"position":0},"title":"Defensores de los \u00e1rboles en San Miguel de Allende, Guanajuato, son detenidos con violencia, denuncian","author":"grieta","date":"14 octubre, 2019","format":false,"excerpt":"Por Redacci\u00f3n \/ Sin Embargo, 14 de octubre de 2019 Activistas del colectivo \u201cSalvemos 41 \u00e1rboles\u201d manten\u00edan una manifestaci\u00f3n pac\u00edfica desde el pasado 8 de octubre en la cual abrazaron los \u00e1rboles de la avenida Guadalupe en San Miguel de Allende, Guanajuato, con el fin de evitar de que fueran\u2026","rel":"","context":"En &quot;CINTILLO&quot;","block_context":{"text":"CINTILLO","link":"http:\/\/www.grieta.org.mx\/index.php\/category\/cintillo\/"},"img":{"alt_text":"","src":"https:\/\/i0.wp.com\/www.grieta.org.mx\/wp-content\/uploads\/2019\/10\/captura-de-pantalla-2019-10-14-a-las-10-50-20.png?resize=350%2C200","width":350,"height":200,"srcset":"https:\/\/i0.wp.com\/www.grieta.org.mx\/wp-content\/uploads\/2019\/10\/captura-de-pantalla-2019-10-14-a-las-10-50-20.png?resize=350%2C200 1x, https:\/\/i0.wp.com\/www.grieta.org.mx\/wp-content\/uploads\/2019\/10\/captura-de-pantalla-2019-10-14-a-las-10-50-20.png?resize=525%2C300 1.5x, https:\/\/i0.wp.com\/www.grieta.org.mx\/wp-content\/uploads\/2019\/10\/captura-de-pantalla-2019-10-14-a-las-10-50-20.png?resize=700%2C400 2x, https:\/\/i0.wp.com\/www.grieta.org.mx\/wp-content\/uploads\/2019\/10\/captura-de-pantalla-2019-10-14-a-las-10-50-20.png?resize=1050%2C600 3x"},"classes":[]},{"id":43219,"url":"http:\/\/www.grieta.org.mx\/index.php\/2019\/12\/03\/activistas-de-dolores-hidalgo-presentaran-ante-toxi-tour-estudios-hidricos-y-ambientales\/","url_meta":{"origin":40410,"position":1},"title":"Activistas de Dolores Hidalgo presentaran ante Toxi-Tour estudios hidricos y ambientales.","author":"grieta","date":"3 diciembre, 2019","format":false,"excerpt":"La caravana internacional Toxi- Tour formada por asociaciones civiles internacionales, asi como Eurodiputados y politicos de Estados Unidos, recibir\u00e1n los estudios actuales de la crisis hidrica, y la mina en el Cerro del Gallo Roberto Guti\u00e9rrez Torres \/ Zona Franca, 03 de diciembre de 2019 Dolores Hidalgo, Gto. El dia\u2026","rel":"","context":"En &quot;CINTILLO&quot;","block_context":{"text":"CINTILLO","link":"http:\/\/www.grieta.org.mx\/index.php\/category\/cintillo\/"},"img":{"alt_text":"","src":"https:\/\/i0.wp.com\/www.grieta.org.mx\/wp-content\/uploads\/2020\/01\/a1.jpg?resize=350%2C200","width":350,"height":200,"srcset":"https:\/\/i0.wp.com\/www.grieta.org.mx\/wp-content\/uploads\/2020\/01\/a1.jpg?resize=350%2C200 1x, https:\/\/i0.wp.com\/www.grieta.org.mx\/wp-content\/uploads\/2020\/01\/a1.jpg?resize=525%2C300 1.5x"},"classes":[]},{"id":37311,"url":"http:\/\/www.grieta.org.mx\/index.php\/2019\/07\/17\/la-cuenca-de-la-independencia-amenazada-por-proyecto-minero-guanajuato\/","url_meta":{"origin":40410,"position":2},"title":"La Cuenca de la Independencia amenazada por proyecto minero (Guanajuato)","author":"grieta","date":"17 julio, 2019","format":false,"excerpt":"Se contaminar\u00eda el acu\u00edfero que surte a municipios como Dolores Hidalgo y San Miguel de Allende. \u00a0 Redacci\u00f3n La Coperacha Ciudad de M\u00e9xico \/\/ 17 de julio de 2019 a Coalici\u00f3n en Defensa de la Cuenca de la Independencia y el colectivo Guardianes de la Cuenca, advirtieron que el proyecto\u2026","rel":"","context":"En &quot;CINTILLO&quot;","block_context":{"text":"CINTILLO","link":"http:\/\/www.grieta.org.mx\/index.php\/category\/cintillo\/"},"img":{"alt_text":"","src":"https:\/\/i0.wp.com\/www.grieta.org.mx\/wp-content\/uploads\/2019\/08\/cuenca-independencia-amenazada-proyecto-minero.jpg?resize=350%2C200","width":350,"height":200,"srcset":"https:\/\/i0.wp.com\/www.grieta.org.mx\/wp-content\/uploads\/2019\/08\/cuenca-independencia-amenazada-proyecto-minero.jpg?resize=350%2C200 1x, https:\/\/i0.wp.com\/www.grieta.org.mx\/wp-content\/uploads\/2019\/08\/cuenca-independencia-amenazada-proyecto-minero.jpg?resize=525%2C300 1.5x, https:\/\/i0.wp.com\/www.grieta.org.mx\/wp-content\/uploads\/2019\/08\/cuenca-independencia-amenazada-proyecto-minero.jpg?resize=700%2C400 2x, https:\/\/i0.wp.com\/www.grieta.org.mx\/wp-content\/uploads\/2019\/08\/cuenca-independencia-amenazada-proyecto-minero.jpg?resize=1050%2C600 3x"},"classes":[]},{"id":41521,"url":"http:\/\/www.grieta.org.mx\/index.php\/2019\/11\/24\/advierten-crisis-hidrica-en-dolores-hidalgo-si-se-explota-mina-en-el-cerro-del-gallo-guanajuato\/","url_meta":{"origin":40410,"position":3},"title":"Advierten crisis h\u00eddrica en Dolores Hidalgo si se explota mina en el Cerro del Gallo (Guanajuato","author":"grieta","date":"24 noviembre, 2019","format":false,"excerpt":"En el conversatorio \u201cAgua y miner\u00eda\u201d realizado la tarde de este s\u00e1bado en el Museo Bicentenario, se habl\u00f3 sobre el problema existente del agua en la Cuenca de la Independencia, as\u00ed como aun la gran afectaci\u00f3n que sufrir\u00edan los pobladores si se llega a implementar la explotaci\u00f3n de la mina\u2026","rel":"","context":"En &quot;CINTILLO&quot;","block_context":{"text":"CINTILLO","link":"http:\/\/www.grieta.org.mx\/index.php\/category\/cintillo\/"},"img":{"alt_text":"","src":"https:\/\/i0.wp.com\/www.grieta.org.mx\/wp-content\/uploads\/2019\/11\/cerritodelgallo2-focus-0-0-983-557.jpg?resize=350%2C200","width":350,"height":200,"srcset":"https:\/\/i0.wp.com\/www.grieta.org.mx\/wp-content\/uploads\/2019\/11\/cerritodelgallo2-focus-0-0-983-557.jpg?resize=350%2C200 1x, https:\/\/i0.wp.com\/www.grieta.org.mx\/wp-content\/uploads\/2019\/11\/cerritodelgallo2-focus-0-0-983-557.jpg?resize=525%2C300 1.5x, https:\/\/i0.wp.com\/www.grieta.org.mx\/wp-content\/uploads\/2019\/11\/cerritodelgallo2-focus-0-0-983-557.jpg?resize=700%2C400 2x"},"classes":[]},{"id":41088,"url":"http:\/\/www.grieta.org.mx\/index.php\/2019\/10\/25\/sanmiguelenses-se-suman-a-lucha-contra-proyecto-minero-preparan-panel-de-expertos-guanajuato\/","url_meta":{"origin":40410,"position":4},"title":"Sanmiguelenses se suman a lucha contra proyecto minero, preparan panel de expertos (Guanajuato)","author":"grieta","date":"25 octubre, 2019","format":false,"excerpt":"En este evento estar\u00e1n representantes de diversas organizaciones civiles, difundiendo los efectos nocivos que traer\u00e1 el proyecto minero canadiense de Argonaut Gold Por Roberto Guti\u00e9rrez Torres \/ Zona Franca, 25 de octubre de 2019 San Miguel Allende Gto. Activistas, ciudadanos y diversas organizaciones civiles de esta ciudad, se sumaran a\u2026","rel":"","context":"En &quot;CINTILLO&quot;","block_context":{"text":"CINTILLO","link":"http:\/\/www.grieta.org.mx\/index.php\/category\/cintillo\/"},"img":{"alt_text":"","src":"https:\/\/i0.wp.com\/www.grieta.org.mx\/wp-content\/uploads\/2019\/11\/pa4.jpg?resize=350%2C200","width":350,"height":200,"srcset":"https:\/\/i0.wp.com\/www.grieta.org.mx\/wp-content\/uploads\/2019\/11\/pa4.jpg?resize=350%2C200 1x, https:\/\/i0.wp.com\/www.grieta.org.mx\/wp-content\/uploads\/2019\/11\/pa4.jpg?resize=525%2C300 1.5x, https:\/\/i0.wp.com\/www.grieta.org.mx\/wp-content\/uploads\/2019\/11\/pa4.jpg?resize=700%2C400 2x"},"classes":[]},{"id":52689,"url":"http:\/\/www.grieta.org.mx\/index.php\/2020\/07\/22\/manifestacion-virtual-no-a-la-mina-en-dolores-hidalgo-guanajuato\/","url_meta":{"origin":40410,"position":5},"title":"Manifestaci\u00f3n Virtual \u201cNo a la Mina\u201d En Dolores Hidalgo  (Guanajuato)","author":"grieta","date":"22 julio, 2020","format":false,"excerpt":"En conmemoraci\u00f3n del \u201cDia Mundial Contra la Miner\u00eda a Cielo Abierto\u201d, activistas se manifestaron virtualmente para reiterar su inconformidad por la pretensi\u00f3n de explotaci\u00f3n que tiene la minera canadiense Argonaut Gold, sobre la mina en el Cerro Del Gallo, en la comunidad de San Ant\u00f3n de las minas, en Dolores\u2026","rel":"","context":"En &quot;CINTILLO&quot;","block_context":{"text":"CINTILLO","link":"http:\/\/www.grieta.org.mx\/index.php\/category\/cintillo\/"},"img":{"alt_text":"","src":"https:\/\/i0.wp.com\/www.grieta.org.mx\/wp-content\/uploads\/2020\/08\/0p.jpg?resize=350%2C200","width":350,"height":200,"srcset":"https:\/\/i0.wp.com\/www.grieta.org.mx\/wp-content\/uploads\/2020\/08\/0p.jpg?resize=350%2C200 1x, https:\/\/i0.wp.com\/www.grieta.org.mx\/wp-content\/uploads\/2020\/08\/0p.jpg?resize=525%2C300 1.5x, https:\/\/i0.wp.com\/www.grieta.org.mx\/wp-content\/uploads\/2020\/08\/0p.jpg?resize=700%2C400 2x, https:\/\/i0.wp.com\/www.grieta.org.mx\/wp-content\/uploads\/2020\/08\/0p.jpg?resize=1050%2C600 3x"},"classes":[]}],"_links":{"self":[{"href":"http:\/\/www.grieta.org.mx\/index.php\/wp-json\/wp\/v2\/posts\/40410","targetHints":{"allow":["GET"]}}],"collection":[{"href":"http:\/\/www.grieta.org.mx\/index.php\/wp-json\/wp\/v2\/posts"}],"about":[{"href":"http:\/\/www.grieta.org.mx\/index.php\/wp-json\/wp\/v2\/types\/post"}],"author":[{"embeddable":true,"href":"http:\/\/www.grieta.org.mx\/index.php\/wp-json\/wp\/v2\/users\/2"}],"replies":[{"embeddable":true,"href":"http:\/\/www.grieta.org.mx\/index.php\/wp-json\/wp\/v2\/comments?post=40410"}],"version-history":[{"count":1,"href":"http:\/\/www.grieta.org.mx\/index.php\/wp-json\/wp\/v2\/posts\/40410\/revisions"}],"predecessor-version":[{"id":40411,"href":"http:\/\/www.grieta.org.mx\/index.php\/wp-json\/wp\/v2\/posts\/40410\/revisions\/40411"}],"wp:featuredmedia":[{"embeddable":true,"href":"http:\/\/www.grieta.org.mx\/index.php\/wp-json\/wp\/v2\/media\/21928"}],"wp:attachment":[{"href":"http:\/\/www.grieta.org.mx\/index.php\/wp-json\/wp\/v2\/media?parent=40410"}],"wp:term":[{"taxonomy":"category","embeddable":true,"href":"http:\/\/www.grieta.org.mx\/index.php\/wp-json\/wp\/v2\/categories?post=40410"},{"taxonomy":"post_tag","embeddable":true,"href":"http:\/\/www.grieta.org.mx\/index.php\/wp-json\/wp\/v2\/tags?post=40410"}],"curies":[{"name":"wp","href":"https:\/\/api.w.org\/{rel}","templated":true}]}}