{"id":4038,"date":"2015-09-18T06:22:06","date_gmt":"2015-09-18T06:22:06","guid":{"rendered":"http:\/\/50.22.11.12\/~grietaor\/?p=4038"},"modified":"2018-07-05T12:31:27","modified_gmt":"2018-07-05T17:31:27","slug":"protestas-por-despido-injustificado-de-empleados-en-aamsa","status":"publish","type":"post","link":"http:\/\/www.grieta.org.mx\/index.php\/2015\/09\/18\/protestas-por-despido-injustificado-de-empleados-en-aamsa\/","title":{"rendered":"Protestas por despido injustificado de empleados en AAMSA"},"content":{"rendered":"<p>Nuevo Casas Grandes, Chihuahua.- Represal\u00edas de integrantes del Sindicato de la planta maquiladora Autopartes y Arneses de M\u00e9xico S.A. (AAMSA) en Nuevo Casas Grandes termina en el despido injustificado de decenas de trabajadores quienes el viernes por la noche se manifestaron frente a las instalaciones del que era su centro de trabajo.<\/p>\n<p>Se inform\u00f3 que desde el jueves comenz\u00f3 el despido de personal bajo el argumento de que habr\u00eda reestructuraci\u00f3n en la empresa, despidiendo a personas que ten\u00eda laborando ya 22 a\u00f1os, mismos que solo estaban pugnando por no trabajar 12 horas como lo exige el l\u00edder de la CTM Abraham \u00c1lvarez, quien dicen, acude a las l\u00edneas y sin m\u00e1s ni menos les da a conocer que su jornada laboral ser\u00e1 de doce horas y que no puede dar explicaciones al respecto.<\/p>\n<p>Otras de las peticiones que pretend\u00edan hacer valer los trabajadores es que la CTM no estuviera dentro del sindicato, que solo se conformara un comit\u00e9 integrado por los mismos trabajadores.<\/p>\n<p>Tambi\u00e9n se estaba pidiendo al sindicato diera cuentas de los 4 pesos semanales que les quitan del salario a los mil 800 empleados que son cerca 30 mil pesos mensuales, de los cuales no se ve ning\u00fan beneficio al trabajador.<\/p>\n<p>Ante esta situaci\u00f3n fueron mil 50 empleados de esa planta maquiladora quienes firmaron para que al menos estas tres peticiones antes mencionadas se hicieran valer lo cual no result\u00f3, ya que de manera inesperada comenz\u00f3 el despido del personal.<\/p>\n<p>Fue el viernes por la noche cuando un grupo de ahora ex empleados se dio cita frente a las instalaciones de la planta maquiladora con el prop\u00f3sito de solicitar a los integrantes del sindicato dieran la cara, as\u00ed mismo hacer la invitaci\u00f3n a los dem\u00e1s compa\u00f1eros para que se unieran a la protesta y no solo el hacer valer sus derechos sino dejar de ser objeto de abusos.<\/p>\n<p><a href=\"http:\/\/www.akronoticias.com\/2015\/09\/9818-46383.htm\">www.akronoticias.com\/2015\/09\/9818-46383.htm<\/a><\/p>\n","protected":false},"excerpt":{"rendered":"<p>Nuevo Casas Grandes, Chihuahua.- Represal\u00edas de integrantes del Sindicato de la planta maquiladora Autopartes y Arneses de M\u00e9xico S.A. (AAMSA) en Nuevo Casas Grandes termina en el despido injustificado de &hellip; <a href=\"http:\/\/www.grieta.org.mx\/index.php\/2015\/09\/18\/protestas-por-despido-injustificado-de-empleados-en-aamsa\/\" class=\"more-link\">Leer m\u00e1s<\/a><\/p>\n","protected":false},"author":2,"featured_media":21928,"comment_status":"closed","ping_status":"open","sticky":false,"template":"","format":"standard","meta":{"ngg_post_thumbnail":0,"_jetpack_newsletter_access":"","_jetpack_dont_email_post_to_subs":false,"_jetpack_newsletter_tier_id":0,"_jetpack_memberships_contains_paywalled_content":false,"_jetpack_memberships_contains_paid_content":false,"footnotes":""},"categories":[12,122,80,1398,910,2,83],"tags":[113,326],"class_list":{"0":"post-4038","1":"post","2":"type-post","3":"status-publish","4":"format-standard","5":"has-post-thumbnail","6":"hentry","7":"category-chihuahua","9":"category-cintillo","10":"category-conflictos-laborales-en-chihuahua","11":"category-explotacion-y-precariedad-laboral","12":"category-noticias-nacionales","13":"category-temas-nacionales","14":"tag-conflictos-laborales","15":"tag-maquila","16":"entry"},"jetpack_featured_media_url":"http:\/\/www.grieta.org.mx\/wp-content\/uploads\/2018\/03\/14524434_1106112876131411_958039263622046936_o.jpg","jetpack_sharing_enabled":true,"jetpack_shortlink":"https:\/\/wp.me\/p7ZJR4-138","jetpack_likes_enabled":false,"jetpack-related-posts":[{"id":17965,"url":"http:\/\/www.grieta.org.mx\/index.php\/2016\/09\/11\/protestan-profesores-de-telebachilleratos-por-falta-de-pagos-en-chihuahua\/","url_meta":{"origin":4038,"position":0},"title":"Conflictos laborales en la industria maquiladora de Chihuahua","author":"grieta","date":"11 septiembre, 2016","format":false,"excerpt":"10\/09\/16. Convocan a obreros a grito \u201cMaquilero\u201d vs campa\u00f1a medi\u00e1tica de empresas, Ciudad Ju\u00e1rezEl Pueblo 06\/09\/16. Preparan obreros verbena contra compa\u00f1a de Index, Ciudad Ju\u00e1rezEl Mexicano 30\/08\/16. Cruza fronteras lucha maquilera contra explotaci\u00f3n laboral, ChihuahuaEl Pueblo 20\/08\/16. Salario maquilador en d\u00f3lares baja 13%, ChihuahuaEl Diario 05\/08\/16. Revela abogada Prieto los\u2026","rel":"","context":"En &quot;Chihuahua&quot;","block_context":{"text":"Chihuahua","link":"http:\/\/www.grieta.org.mx\/index.php\/category\/noticias-nacionales\/chihuahua\/"},"img":{"alt_text":"","src":"https:\/\/i0.wp.com\/www.grieta.org.mx\/wp-content\/uploads\/2018\/03\/14524434_1106112876131411_958039263622046936_o.jpg?resize=350%2C200","width":350,"height":200,"srcset":"https:\/\/i0.wp.com\/www.grieta.org.mx\/wp-content\/uploads\/2018\/03\/14524434_1106112876131411_958039263622046936_o.jpg?resize=350%2C200 1x, https:\/\/i0.wp.com\/www.grieta.org.mx\/wp-content\/uploads\/2018\/03\/14524434_1106112876131411_958039263622046936_o.jpg?resize=525%2C300 1.5x, https:\/\/i0.wp.com\/www.grieta.org.mx\/wp-content\/uploads\/2018\/03\/14524434_1106112876131411_958039263622046936_o.jpg?resize=700%2C400 2x"},"classes":[]},{"id":4032,"url":"http:\/\/www.grieta.org.mx\/index.php\/2015\/09\/23\/frenan-huelga-en-maquiladora-aamsa-de-ncg\/","url_meta":{"origin":4038,"position":1},"title":"Frenan huelga en maquiladora AAMSA de NCG (Chihuahua)","author":"grieta","date":"23 septiembre, 2015","format":false,"excerpt":"23 septiembre, 2015 Nuevo Casas Grandes, Chihuahua.- Ante las diversas manifestaciones que se han presentado en la planta maquiladora Autopartes y Arneses de M\u00e9xico S A, que anunciaban el estallido de una huelga, directivos de la empresa en menci\u00f3n, acudieron desde la ciudad de Monterrey para negociar con los manifestantes,\u2026","rel":"","context":"En &quot;Chihuahua&quot;","block_context":{"text":"Chihuahua","link":"http:\/\/www.grieta.org.mx\/index.php\/category\/noticias-nacionales\/chihuahua\/"},"img":{"alt_text":"","src":"https:\/\/i0.wp.com\/www.grieta.org.mx\/wp-content\/uploads\/2018\/03\/14524434_1106112876131411_958039263622046936_o.jpg?resize=350%2C200","width":350,"height":200,"srcset":"https:\/\/i0.wp.com\/www.grieta.org.mx\/wp-content\/uploads\/2018\/03\/14524434_1106112876131411_958039263622046936_o.jpg?resize=350%2C200 1x, https:\/\/i0.wp.com\/www.grieta.org.mx\/wp-content\/uploads\/2018\/03\/14524434_1106112876131411_958039263622046936_o.jpg?resize=525%2C300 1.5x, https:\/\/i0.wp.com\/www.grieta.org.mx\/wp-content\/uploads\/2018\/03\/14524434_1106112876131411_958039263622046936_o.jpg?resize=700%2C400 2x"},"classes":[]},{"id":4035,"url":"http:\/\/www.grieta.org.mx\/index.php\/2015\/09\/21\/piden-en-aamsa-que-la-ctm-quede-fuera-del-sindicato\/","url_meta":{"origin":4038,"position":2},"title":"Piden en AAMSA que la CTM quede fuera del sindicato","author":"grieta","date":"21 septiembre, 2015","format":false,"excerpt":"Nuevo Casas Grandes, Chihuahua.- Se manifiestan trabajadores y ex trabajadores de la planta maquiladora Autopartes y Arneses de M\u00e9xico S.A. (AAMSA) en Nuevo Casas Grandes para solicitar que la CTM este fuera del sindicato y que sean los mismos obreros quienes hagan la elecci\u00f3n de quien estar\u00e1 al frente del\u2026","rel":"","context":"En &quot;Chihuahua&quot;","block_context":{"text":"Chihuahua","link":"http:\/\/www.grieta.org.mx\/index.php\/category\/noticias-nacionales\/chihuahua\/"},"img":{"alt_text":"","src":"https:\/\/i0.wp.com\/www.grieta.org.mx\/wp-content\/uploads\/2018\/03\/14524434_1106112876131411_958039263622046936_o.jpg?resize=350%2C200","width":350,"height":200,"srcset":"https:\/\/i0.wp.com\/www.grieta.org.mx\/wp-content\/uploads\/2018\/03\/14524434_1106112876131411_958039263622046936_o.jpg?resize=350%2C200 1x, https:\/\/i0.wp.com\/www.grieta.org.mx\/wp-content\/uploads\/2018\/03\/14524434_1106112876131411_958039263622046936_o.jpg?resize=525%2C300 1.5x, https:\/\/i0.wp.com\/www.grieta.org.mx\/wp-content\/uploads\/2018\/03\/14524434_1106112876131411_958039263622046936_o.jpg?resize=700%2C400 2x"},"classes":[]},{"id":70908,"url":"http:\/\/www.grieta.org.mx\/index.php\/2025\/01\/23\/bloquean-trabajadores-acceso-al-muelle-de-cruceros-en-mahahual-por-un-despido-injustificado-quintana-roo\/","url_meta":{"origin":4038,"position":3},"title":"Bloquean trabajadores acceso al muelle de cruceros en Mahahual, por un despido injustificado (Quintana Roo)","author":"grieta","date":"23 enero, 2025","format":false,"excerpt":"Noticaribe MAHAHUAL, MX.- Trabajadores del restaurante Royal Caribbean Group iniciaron esta ma\u00f1ana un bloqueo en el acceso al muelle de cruceros de Mahahual, en protesta por el despido injustificado de una de sus compa\u00f1eras. El bloqueo comenz\u00f3 a eso de las 8 de la ma\u00f1ana, ocasionando que un crucero, varios\u2026","rel":"","context":"En &quot;CINTILLO&quot;","block_context":{"text":"CINTILLO","link":"http:\/\/www.grieta.org.mx\/index.php\/category\/cintillo\/"},"img":{"alt_text":"","src":"https:\/\/i0.wp.com\/www.grieta.org.mx\/wp-content\/uploads\/2025\/01\/Mahahual-e1738107694660.jpg?resize=350%2C200","width":350,"height":200,"srcset":"https:\/\/i0.wp.com\/www.grieta.org.mx\/wp-content\/uploads\/2025\/01\/Mahahual-e1738107694660.jpg?resize=350%2C200 1x, https:\/\/i0.wp.com\/www.grieta.org.mx\/wp-content\/uploads\/2025\/01\/Mahahual-e1738107694660.jpg?resize=525%2C300 1.5x, https:\/\/i0.wp.com\/www.grieta.org.mx\/wp-content\/uploads\/2025\/01\/Mahahual-e1738107694660.jpg?resize=700%2C400 2x"},"classes":[]},{"id":4015,"url":"http:\/\/www.grieta.org.mx\/index.php\/2015\/11\/25\/se-manifiestan-empleados-de-mead-johnson-delicias-por-acoso-laboral\/","url_meta":{"origin":4038,"position":4},"title":"Se manifiestan empleados de Mead Johnson Delicias por acoso laboral","author":"grieta","date":"25 noviembre, 2015","format":false,"excerpt":"Ju\u00e1rez Noticias Delicias Chih.- Luego de anunciar que alrededor de 500 empleados de la empresa Mead Johnson realizar\u00edan un paro laboral para llamar la atenci\u00f3n a los directivos de la empresa y autoridades laborales por el hostigamiento de los mismos, en contubernio con l\u00edderes sindicales, este d\u00eda, se dieron cita\u2026","rel":"","context":"En &quot;Chihuahua&quot;","block_context":{"text":"Chihuahua","link":"http:\/\/www.grieta.org.mx\/index.php\/category\/noticias-nacionales\/chihuahua\/"},"img":{"alt_text":"","src":"https:\/\/i0.wp.com\/www.grieta.org.mx\/wp-content\/uploads\/2018\/03\/14524434_1106112876131411_958039263622046936_o.jpg?resize=350%2C200","width":350,"height":200,"srcset":"https:\/\/i0.wp.com\/www.grieta.org.mx\/wp-content\/uploads\/2018\/03\/14524434_1106112876131411_958039263622046936_o.jpg?resize=350%2C200 1x, https:\/\/i0.wp.com\/www.grieta.org.mx\/wp-content\/uploads\/2018\/03\/14524434_1106112876131411_958039263622046936_o.jpg?resize=525%2C300 1.5x, https:\/\/i0.wp.com\/www.grieta.org.mx\/wp-content\/uploads\/2018\/03\/14524434_1106112876131411_958039263622046936_o.jpg?resize=700%2C400 2x"},"classes":[]},{"id":9322,"url":"http:\/\/www.grieta.org.mx\/index.php\/2016\/03\/31\/policias-municipales-protestan-contra-despido-injustificado\/","url_meta":{"origin":4038,"position":5},"title":"Polic\u00edas municipales protestan contra despido injustificado","author":"grieta","date":"31 marzo, 2016","format":false,"excerpt":"Diana Manzo, Oaxaca. SAN BLAS ATEMPA, OAX., (#p\u00e1gina3.mx).- Siete elementos de la polic\u00eda municipal de esta localidad protestaron frente a las instalaciones del inmueble que ocupa el palacio municipal para denunciar despido injustificado. Elementos policiacos informaron que al llegar el lunes a la Comandancia, el director de Seguridad P\u00fablica municipal,\u2026","rel":"","context":"En &quot;CINTILLO&quot;","block_context":{"text":"CINTILLO","link":"http:\/\/www.grieta.org.mx\/index.php\/category\/cintillo\/"},"img":{"alt_text":"","src":"https:\/\/i0.wp.com\/www.grieta.org.mx\/wp-content\/uploads\/2018\/03\/14524434_1106112876131411_958039263622046936_o.jpg?resize=350%2C200","width":350,"height":200,"srcset":"https:\/\/i0.wp.com\/www.grieta.org.mx\/wp-content\/uploads\/2018\/03\/14524434_1106112876131411_958039263622046936_o.jpg?resize=350%2C200 1x, https:\/\/i0.wp.com\/www.grieta.org.mx\/wp-content\/uploads\/2018\/03\/14524434_1106112876131411_958039263622046936_o.jpg?resize=525%2C300 1.5x, https:\/\/i0.wp.com\/www.grieta.org.mx\/wp-content\/uploads\/2018\/03\/14524434_1106112876131411_958039263622046936_o.jpg?resize=700%2C400 2x"},"classes":[]}],"_links":{"self":[{"href":"http:\/\/www.grieta.org.mx\/index.php\/wp-json\/wp\/v2\/posts\/4038","targetHints":{"allow":["GET"]}}],"collection":[{"href":"http:\/\/www.grieta.org.mx\/index.php\/wp-json\/wp\/v2\/posts"}],"about":[{"href":"http:\/\/www.grieta.org.mx\/index.php\/wp-json\/wp\/v2\/types\/post"}],"author":[{"embeddable":true,"href":"http:\/\/www.grieta.org.mx\/index.php\/wp-json\/wp\/v2\/users\/2"}],"replies":[{"embeddable":true,"href":"http:\/\/www.grieta.org.mx\/index.php\/wp-json\/wp\/v2\/comments?post=4038"}],"version-history":[{"count":1,"href":"http:\/\/www.grieta.org.mx\/index.php\/wp-json\/wp\/v2\/posts\/4038\/revisions"}],"predecessor-version":[{"id":4039,"href":"http:\/\/www.grieta.org.mx\/index.php\/wp-json\/wp\/v2\/posts\/4038\/revisions\/4039"}],"wp:featuredmedia":[{"embeddable":true,"href":"http:\/\/www.grieta.org.mx\/index.php\/wp-json\/wp\/v2\/media\/21928"}],"wp:attachment":[{"href":"http:\/\/www.grieta.org.mx\/index.php\/wp-json\/wp\/v2\/media?parent=4038"}],"wp:term":[{"taxonomy":"category","embeddable":true,"href":"http:\/\/www.grieta.org.mx\/index.php\/wp-json\/wp\/v2\/categories?post=4038"},{"taxonomy":"post_tag","embeddable":true,"href":"http:\/\/www.grieta.org.mx\/index.php\/wp-json\/wp\/v2\/tags?post=4038"}],"curies":[{"name":"wp","href":"https:\/\/api.w.org\/{rel}","templated":true}]}}