{"id":40309,"date":"2019-10-18T14:20:04","date_gmt":"2019-10-18T19:20:04","guid":{"rendered":"http:\/\/www.grieta.org.mx\/?p=40309"},"modified":"2019-10-18T14:20:04","modified_gmt":"2019-10-18T19:20:04","slug":"advierten-de-20-despidos-injustificados-en-lo-que-va-del-ano-en-gm-de-silao","status":"publish","type":"post","link":"http:\/\/www.grieta.org.mx\/index.php\/2019\/10\/18\/advierten-de-20-despidos-injustificados-en-lo-que-va-del-ano-en-gm-de-silao\/","title":{"rendered":"Advierten de 20 despidos injustificados en lo que va del a\u00f1o en GM de Silao"},"content":{"rendered":"<blockquote><p><strong>Uno de los empleados asegura que varios de sus compa\u00f1eros fueron despedidos bajo amenaza. Asegura que existen irregularidades hasta dentro del mismo sindicato<\/strong><\/p><\/blockquote>\n<figure id=\"attachment_40310\" aria-describedby=\"caption-attachment-40310\" style=\"width: 800px\" class=\"wp-caption aligncenter\"><img loading=\"lazy\" decoding=\"async\" data-attachment-id=\"40310\" data-permalink=\"http:\/\/www.grieta.org.mx\/index.php\/2019\/10\/18\/advierten-de-20-despidos-injustificados-en-lo-que-va-del-ano-en-gm-de-silao\/general-motors\/\" data-orig-file=\"http:\/\/www.grieta.org.mx\/wp-content\/uploads\/2019\/10\/General-motors.jpg\" data-orig-size=\"1200,620\" data-comments-opened=\"0\" data-image-meta=\"{&quot;aperture&quot;:&quot;0&quot;,&quot;credit&quot;:&quot;&quot;,&quot;camera&quot;:&quot;&quot;,&quot;caption&quot;:&quot;&quot;,&quot;created_timestamp&quot;:&quot;0&quot;,&quot;copyright&quot;:&quot;&quot;,&quot;focal_length&quot;:&quot;0&quot;,&quot;iso&quot;:&quot;0&quot;,&quot;shutter_speed&quot;:&quot;0&quot;,&quot;title&quot;:&quot;&quot;,&quot;orientation&quot;:&quot;0&quot;}\" data-image-title=\"General-motors\" data-image-description=\"\" data-image-caption=\"&lt;p&gt;Foto: Karla Silva&lt;\/p&gt;\n\" data-medium-file=\"http:\/\/www.grieta.org.mx\/wp-content\/uploads\/2019\/10\/General-motors-300x155.jpg\" data-large-file=\"http:\/\/www.grieta.org.mx\/wp-content\/uploads\/2019\/10\/General-motors-1024x529.jpg\" class=\"wp-image-40310\" src=\"http:\/\/www.grieta.org.mx\/wp-content\/uploads\/2019\/10\/General-motors-1024x529.jpg\" alt=\"\" width=\"800\" height=\"413\" srcset=\"http:\/\/www.grieta.org.mx\/wp-content\/uploads\/2019\/10\/General-motors-1024x529.jpg 1024w, http:\/\/www.grieta.org.mx\/wp-content\/uploads\/2019\/10\/General-motors-300x155.jpg 300w, http:\/\/www.grieta.org.mx\/wp-content\/uploads\/2019\/10\/General-motors-768x397.jpg 768w, http:\/\/www.grieta.org.mx\/wp-content\/uploads\/2019\/10\/General-motors-968x500.jpg 968w, http:\/\/www.grieta.org.mx\/wp-content\/uploads\/2019\/10\/General-motors.jpg 1200w\" sizes=\"auto, (max-width: 800px) 100vw, 800px\" \/><figcaption id=\"caption-attachment-40310\" class=\"wp-caption-text\">Foto: Karla Silva<\/figcaption><\/figure>\n<p>Karla Silva \/Peri\u00f3dico Correo, 24 de septiembre de 2019<\/p>\n<p>Silao.- De acuerdo con informaci\u00f3n de los empleados de la Planta Silao de la General Motors, en lo que va del a\u00f1o se han registrado alrededor de 20 despidos que consideran como injustificados y una represalia al respaldo de la huelga en Estados Unidos, y la intenci\u00f3n de retirar el sindicato laboral.<\/p>\n<p>Dolores Israel Cervantes C\u00f3rdova es uno de los afectados con estas determinaciones de la empresa armadora. La noche del 28 de agosto fue sacado de las instalaciones bajo el argumento de que hab\u00eda reprobado el examen de antidopaje, lo que asegura, es falso.<\/p>\n<p>El exempleado confirm\u00f3 que este fin de semana fueron cinco los despidos, varios de ellos bajo amenaza, pero en lo que va del a\u00f1o suman aproximadamente 20: \u201cSeguimos en la batalla todav\u00eda; muchos compa\u00f1eros han estado uniendo, bajo presi\u00f3n y amenazas los hicieron firmar renuncia voluntaria. Hay compa\u00f1eros que ten\u00edan de 20 a 25 a\u00f1os de antig\u00fcedad y ellos (GM) quieren callarnos para que la gente empiece a tener miedo\u201d.<\/p>\n<p>Ante las irregularidades que se est\u00e1n cometiendo en contra de los obreros por no aceptar jornadas laborales exhaustivas y solicitar cambios sindicales, se sienten decepcionados: \u201cEs frustrante en primera, que no te den cuentas (el sindicato), en segunda, que te est\u00e9n amenazando para aumentar la producci\u00f3n (\u2026) ni al ba\u00f1o los est\u00e1n dejando ir, pr\u00e1cticamente (\u2026) los est\u00e1n hostigando para que ellos renuncien voluntariamente\u201d.<\/p>\n<p>Por esta situaci\u00f3n contin\u00faan en la lucha para exigir que se respeten sus derechos laborales, acciones en las que son respaldados por la Confederaci\u00f3n Aut\u00f3noma de Trabajadores y Empleados de M\u00e9xico (CATEM).<\/p>\n<p><a href=\"https:\/\/periodicocorreo.com.mx\/advierten-de-20-despidos-injustificados-en-lo-que-va-del-ano-en-gm-de-silao\/\">https:\/\/periodicocorreo.com.mx\/advierten-de-20-despidos-injustificados-en-lo-que-va-del-ano-en-gm-de-silao\/<\/a><\/p>\n","protected":false},"excerpt":{"rendered":"<p>Uno de los empleados asegura que varios de sus compa\u00f1eros fueron despedidos bajo amenaza. Asegura que existen irregularidades hasta dentro del mismo sindicato Karla Silva \/Peri\u00f3dico Correo, 24 de septiembre &hellip; <a href=\"http:\/\/www.grieta.org.mx\/index.php\/2019\/10\/18\/advierten-de-20-despidos-injustificados-en-lo-que-va-del-ano-en-gm-de-silao\/\" class=\"more-link\">Leer m\u00e1s<\/a><\/p>\n","protected":false},"author":2,"featured_media":40310,"comment_status":"closed","ping_status":"closed","sticky":false,"template":"","format":"standard","meta":{"ngg_post_thumbnail":0,"_jetpack_newsletter_access":"","_jetpack_dont_email_post_to_subs":false,"_jetpack_newsletter_tier_id":0,"_jetpack_memberships_contains_paywalled_content":false,"_jetpack_memberships_contains_paid_content":false,"footnotes":""},"categories":[80,910,1258,17,2910],"tags":[113,2841],"class_list":["post-40309","post","type-post","status-publish","format-standard","has-post-thumbnail","hentry","category-cintillo","category-explotacion-y-precariedad-laboral","category-explotacion-y-precariedad-laboral-en-guanajuato","category-guanajuato","category-resistencias-en-guanajuato","tag-conflictos-laborales","tag-explotacion-y-precariedad-laboral","entry"],"jetpack_featured_media_url":"http:\/\/www.grieta.org.mx\/wp-content\/uploads\/2019\/10\/General-motors.jpg","jetpack_sharing_enabled":true,"jetpack_shortlink":"https:\/\/wp.me\/p7ZJR4-au9","jetpack_likes_enabled":false,"jetpack-related-posts":[{"id":63507,"url":"http:\/\/www.grieta.org.mx\/index.php\/2022\/02\/24\/despidos-masivos-en-mazda-salamanca-organizan-sindicato-independiente-igual-a-gm-guanajuato\/","url_meta":{"origin":40309,"position":0},"title":"Despidos masivos en Mazda Salamanca; organizan sindicato independiente igual a GM (Guanajuato)","author":"grieta","date":"24 febrero, 2022","format":false,"excerpt":"Los trabajadores dijeron que Mazda Salamanca ha realizado despidos de hasta 80 personas en un solo d\u00eda. Por Luciano V\u00e1zquez febrero 24, 2022 | El Financiero Guanajuato, Gto.- Trabajadores de la planta Mazda de Salamanca Guanajuato denunciaron que la empresa est\u00e1 realizando despidos masivos, por lo cual han iniciado el\u2026","rel":"","context":"En &quot;CINTILLO&quot;","block_context":{"text":"CINTILLO","link":"http:\/\/www.grieta.org.mx\/index.php\/category\/cintillo\/"},"img":{"alt_text":"","src":"https:\/\/i0.wp.com\/www.grieta.org.mx\/wp-content\/uploads\/2022\/02\/KDZA4HOJSVGOBJ2L3PXVLFV55Y.jpg?resize=350%2C200","width":350,"height":200,"srcset":"https:\/\/i0.wp.com\/www.grieta.org.mx\/wp-content\/uploads\/2022\/02\/KDZA4HOJSVGOBJ2L3PXVLFV55Y.jpg?resize=350%2C200 1x, https:\/\/i0.wp.com\/www.grieta.org.mx\/wp-content\/uploads\/2022\/02\/KDZA4HOJSVGOBJ2L3PXVLFV55Y.jpg?resize=525%2C300 1.5x, https:\/\/i0.wp.com\/www.grieta.org.mx\/wp-content\/uploads\/2022\/02\/KDZA4HOJSVGOBJ2L3PXVLFV55Y.jpg?resize=700%2C400 2x"},"classes":[]},{"id":64087,"url":"http:\/\/www.grieta.org.mx\/index.php\/2022\/04\/20\/sinttia-nuevo-sindicato-de-general-motors-en-silao-emplazara-a-huelga\/","url_meta":{"origin":40309,"position":1},"title":"SINTTIA, nuevo sindicato de General Motors en Silao emplazar\u00e1 a Huelga","author":"grieta","date":"20 abril, 2022","format":false,"excerpt":"Con informaci\u00f3n de El Debate, 20 de abril de 2022 Le\u00f3n, Guanajuato.- La relaci\u00f3n entre General Motors en Silao, Guanajuato y el Sindicato Independiente Nacional de Trabajadores y Trabajadoras de la Industria Automotriz (SINTTIA) sigue dando de qu\u00e9 hablar, ambas organizaciones sostuvieron hoy una reuni\u00f3n frente a un juez para\u2026","rel":"","context":"En &quot;CINTILLO&quot;","block_context":{"text":"CINTILLO","link":"http:\/\/www.grieta.org.mx\/index.php\/category\/cintillo\/"},"img":{"alt_text":"","src":"https:\/\/i0.wp.com\/www.grieta.org.mx\/wp-content\/uploads\/2022\/04\/https-_www.debate.com_.mx___export_1650472510148_sites_debate_img_2022_04_20_gm.jpg_346753400.jpg?resize=350%2C200","width":350,"height":200},"classes":[]},{"id":63876,"url":"http:\/\/www.grieta.org.mx\/index.php\/2022\/03\/02\/irapuato-salamanca-estado-municipios-nacional-e-internacional-a-donde-ir-punto-y-aparte-radio-punto-y-aparte-radio-irapuato-salamanca-estado-municipios-nacion\/","url_meta":{"origin":40309,"position":2},"title":"Llama Sindicalismo Independiente a empleados de Mazda Salamanca a no validar Contrato Colectivo (Guanajuato)","author":"grieta","date":"2 marzo, 2022","format":false,"excerpt":"Punto y aparte. Radio, 02 de marzo de 2022 Silao, Gto.(02\/03\/2022).-Por considerar que el proceso est\u00e1 plagado de irregularidades y enga\u00f1os, la Casa Obrera del Baj\u00edo, que impuls\u00f3 la salida de la CTM de la General Motors, Silao, rechaz\u00f3 la jornada de elecci\u00f3n para la renovaci\u00f3n de la dirigencia sindical\u2026","rel":"","context":"En &quot;Conflictos laborales en Guanajuato&quot;","block_context":{"text":"Conflictos laborales en Guanajuato","link":"http:\/\/www.grieta.org.mx\/index.php\/category\/noticias-nacionales\/guanajuato\/conflictos-laborales-en-guanajuato\/"},"img":{"alt_text":"","src":"https:\/\/i0.wp.com\/www.grieta.org.mx\/wp-content\/uploads\/2022\/04\/Captura-de-Pantalla-2022-03-02-a-las-20.50.31.png?resize=350%2C200","width":350,"height":200,"srcset":"https:\/\/i0.wp.com\/www.grieta.org.mx\/wp-content\/uploads\/2022\/04\/Captura-de-Pantalla-2022-03-02-a-las-20.50.31.png?resize=350%2C200 1x, https:\/\/i0.wp.com\/www.grieta.org.mx\/wp-content\/uploads\/2022\/04\/Captura-de-Pantalla-2022-03-02-a-las-20.50.31.png?resize=525%2C300 1.5x, https:\/\/i0.wp.com\/www.grieta.org.mx\/wp-content\/uploads\/2022\/04\/Captura-de-Pantalla-2022-03-02-a-las-20.50.31.png?resize=700%2C400 2x"},"classes":[]},{"id":64092,"url":"http:\/\/www.grieta.org.mx\/index.php\/2022\/04\/26\/el-nuevo-sindicato-independiente-de-gm-en-mexico-busca-un-aumento-salarial-del-19-2-la-automotriz-respondio-con-una-contraoferta-del-3-5-guanajuato\/","url_meta":{"origin":40309,"position":3},"title":"El nuevo sindicato independiente de GM en M\u00e9xico busca un aumento salarial del 19.2%; la automotriz respondi\u00f3 con una contraoferta del 3.5% (Guanajuato)","author":"grieta","date":"26 abril, 2022","format":false,"excerpt":"Aleyda \u00c1ngel, Xataka M\u00e9xico, 26 Abril 2022 En febrero pasado, los trabajadores de la planta de General Motors en Silao, Guanajuato, votaron por un nuevo sindicato. Con un 76% de los votos, el Sindicato Independiente Nacional de Trabajadores y Trabajadoras de la Industria Automotriz (SINTTIA) gan\u00f3 esas elecciones, derrotando a\u2026","rel":"","context":"En &quot;CINTILLO&quot;","block_context":{"text":"CINTILLO","link":"http:\/\/www.grieta.org.mx\/index.php\/category\/cintillo\/"},"img":{"alt_text":"","src":"https:\/\/i0.wp.com\/www.grieta.org.mx\/wp-content\/uploads\/2022\/04\/1366_2000.jpeg?resize=350%2C200","width":350,"height":200,"srcset":"https:\/\/i0.wp.com\/www.grieta.org.mx\/wp-content\/uploads\/2022\/04\/1366_2000.jpeg?resize=350%2C200 1x, https:\/\/i0.wp.com\/www.grieta.org.mx\/wp-content\/uploads\/2022\/04\/1366_2000.jpeg?resize=525%2C300 1.5x, https:\/\/i0.wp.com\/www.grieta.org.mx\/wp-content\/uploads\/2022\/04\/1366_2000.jpeg?resize=700%2C400 2x, https:\/\/i0.wp.com\/www.grieta.org.mx\/wp-content\/uploads\/2022\/04\/1366_2000.jpeg?resize=1050%2C600 3x"},"classes":[]},{"id":63510,"url":"http:\/\/www.grieta.org.mx\/index.php\/2022\/02\/24\/acusan-represalias-en-mazda-salamanca-tras-despido-de-280-trabajadores-guanajuato\/","url_meta":{"origin":40309,"position":4},"title":"Acusan represalias en Mazda Salamanca tras despido de 280 trabajadores (Guanajuato","author":"grieta","date":"24 febrero, 2022","format":false,"excerpt":"Por: Redacci\u00f3n\/El Pulso Laboral, 24 de febrero de 2022 Otro conflicto laboral de grandes proporciones toca la puerta en el Baj\u00edo mexicano, ahora protagonizado por trabajadores de la empresa Mazda planta Salamanca, quienes acusan 280 despidos injustificados. El Movimiento Industrial Automotriz Independiente (MIAI) aglutina a un grupo de trabajadores de\u2026","rel":"","context":"En &quot;CINTILLO&quot;","block_context":{"text":"CINTILLO","link":"http:\/\/www.grieta.org.mx\/index.php\/category\/cintillo\/"},"img":{"alt_text":"","src":"https:\/\/i0.wp.com\/www.grieta.org.mx\/wp-content\/uploads\/2022\/02\/284UO_MAZDA.jpg?resize=350%2C200","width":350,"height":200,"srcset":"https:\/\/i0.wp.com\/www.grieta.org.mx\/wp-content\/uploads\/2022\/02\/284UO_MAZDA.jpg?resize=350%2C200 1x, https:\/\/i0.wp.com\/www.grieta.org.mx\/wp-content\/uploads\/2022\/02\/284UO_MAZDA.jpg?resize=525%2C300 1.5x, https:\/\/i0.wp.com\/www.grieta.org.mx\/wp-content\/uploads\/2022\/02\/284UO_MAZDA.jpg?resize=700%2C400 2x, https:\/\/i0.wp.com\/www.grieta.org.mx\/wp-content\/uploads\/2022\/02\/284UO_MAZDA.jpg?resize=1050%2C600 3x"},"classes":[]},{"id":40183,"url":"http:\/\/www.grieta.org.mx\/index.php\/2019\/10\/11\/trabajadores-de-gm-en-silao-denuncian-despidos-por-buscar-crear-sindicato-y-respaldar-la-huelga-en-e\/","url_meta":{"origin":40309,"position":5},"title":"Trabajadores de GM en Silao denuncian despidos por buscar crear sindicato y respaldar la huelga en E","author":"grieta","date":"11 octubre, 2019","format":false,"excerpt":"Ver\u00f3nica Espinosa \/ Proceso, 11 de octubre de 2019 SILAO, Gto. (apro).- El paro t\u00e9cnico en la armadora de General Motors (GM) en Silao y la huelga en los Estados Unidos puso al descubierto un c\u00famulo de inconformidades que personal de la empresa expresa en contra de la dirigencia del\u2026","rel":"","context":"En &quot;CINTILLO&quot;","block_context":{"text":"CINTILLO","link":"http:\/\/www.grieta.org.mx\/index.php\/category\/cintillo\/"},"img":{"alt_text":"","src":"https:\/\/i0.wp.com\/www.grieta.org.mx\/wp-content\/uploads\/2019\/10\/Gto111-870x522.jpg?resize=350%2C200","width":350,"height":200,"srcset":"https:\/\/i0.wp.com\/www.grieta.org.mx\/wp-content\/uploads\/2019\/10\/Gto111-870x522.jpg?resize=350%2C200 1x, https:\/\/i0.wp.com\/www.grieta.org.mx\/wp-content\/uploads\/2019\/10\/Gto111-870x522.jpg?resize=525%2C300 1.5x, https:\/\/i0.wp.com\/www.grieta.org.mx\/wp-content\/uploads\/2019\/10\/Gto111-870x522.jpg?resize=700%2C400 2x"},"classes":[]}],"_links":{"self":[{"href":"http:\/\/www.grieta.org.mx\/index.php\/wp-json\/wp\/v2\/posts\/40309","targetHints":{"allow":["GET"]}}],"collection":[{"href":"http:\/\/www.grieta.org.mx\/index.php\/wp-json\/wp\/v2\/posts"}],"about":[{"href":"http:\/\/www.grieta.org.mx\/index.php\/wp-json\/wp\/v2\/types\/post"}],"author":[{"embeddable":true,"href":"http:\/\/www.grieta.org.mx\/index.php\/wp-json\/wp\/v2\/users\/2"}],"replies":[{"embeddable":true,"href":"http:\/\/www.grieta.org.mx\/index.php\/wp-json\/wp\/v2\/comments?post=40309"}],"version-history":[{"count":1,"href":"http:\/\/www.grieta.org.mx\/index.php\/wp-json\/wp\/v2\/posts\/40309\/revisions"}],"predecessor-version":[{"id":40311,"href":"http:\/\/www.grieta.org.mx\/index.php\/wp-json\/wp\/v2\/posts\/40309\/revisions\/40311"}],"wp:featuredmedia":[{"embeddable":true,"href":"http:\/\/www.grieta.org.mx\/index.php\/wp-json\/wp\/v2\/media\/40310"}],"wp:attachment":[{"href":"http:\/\/www.grieta.org.mx\/index.php\/wp-json\/wp\/v2\/media?parent=40309"}],"wp:term":[{"taxonomy":"category","embeddable":true,"href":"http:\/\/www.grieta.org.mx\/index.php\/wp-json\/wp\/v2\/categories?post=40309"},{"taxonomy":"post_tag","embeddable":true,"href":"http:\/\/www.grieta.org.mx\/index.php\/wp-json\/wp\/v2\/tags?post=40309"}],"curies":[{"name":"wp","href":"https:\/\/api.w.org\/{rel}","templated":true}]}}