{"id":4024,"date":"2015-11-14T05:46:48","date_gmt":"2015-11-14T05:46:48","guid":{"rendered":"http:\/\/50.22.11.12\/~grietaor\/?p=4024"},"modified":"2018-07-05T12:37:27","modified_gmt":"2018-07-05T17:37:27","slug":"te-vamos-a-poner-en-lista-negra-y-te-vas-a-morir-de-hambre-empresas-extranjeras-a-trabajadores-en-cd-juarez","status":"publish","type":"post","link":"http:\/\/www.grieta.org.mx\/index.php\/2015\/11\/14\/te-vamos-a-poner-en-lista-negra-y-te-vas-a-morir-de-hambre-empresas-extranjeras-a-trabajadores-en-cd-juarez\/","title":{"rendered":"\u201cTe vamos a poner en lista negra y te vas a morir de hambre\u201d: empresas extranjeras a trabajadores en Cd. Ju\u00e1rez"},"content":{"rendered":"<p>Revoluci\u00f3n TresPuntoCero<br \/>\nEmma Mart\u00ednez<\/p>\n<p>\u201cTe vas a quedar sin trabajo\u201d, \u201cte vamos a poner en una lista negra y en ninguna maquila te van aceptar si t\u00fa contribuyes con alimentos v\u00edveres o cualquier otro tipo de ayuda para los trabajadores que se manifiestan\u201d, \u201cvas hacer despedido igual que ellos, si te quieres ir a vivir all\u00e1 afuera ay\u00fadalos y mu\u00e9rete de hambre t\u00fa tambi\u00e9n\u201d.<\/p>\n<p>Han sido algunas de las amenazas de los encargados de las maquiladoras hacia los trabajadores, que desde este a\u00f1o han comenzado poco a poco, un movimiento obrero por la lucha de sus derechos laborales, un acontecimiento que no se hab\u00eda visualizado en poco m\u00e1s de 20 a\u00f1os en Ciudad Ju\u00e1rez.<\/p>\n<p>En aquel municipio del norte del pa\u00eds, uno de los m\u00e1s golpeados por la pobreza, la violencia y la \u2018esclavitud\u2019 moderna, a decir por la sociedad que radica en la regi\u00f3n, existen poco m\u00e1s de 250 mil trabajadores que se han empleado en las maquiladoras, en su mayor\u00eda de origen extranjero, que han llegado a un pa\u00eds que mantiene sus puertas abiertas a las vejaciones que estas puedan mantener contra un pueblo necesitado de empleos, aunque estos sean en las peores condiciones.<\/p>\n<p>En junio pasado gran parte de estos trabajadores se concentraron en contingentes, que desde las afueras de cada una de las empresas para las que laboran, emplazaron a huelgas y paros laborales, producto del sometimiento en el que se encuentran, con bajos salarios, nula protecci\u00f3n a su integridad f\u00edsica y \u201csalarios miserables\u201d, ha decir por ellos.<\/p>\n<p>\u201cCon un grupo de 50 trabajadores que se levantaron en contra del trato que les daba la empresa Eaton, de capital irland\u00e9s, se dio inicio a un nuevo movimiento obrero, el primero de este siglo, en las maquiladoras de Ciudad Ju\u00e1rez. Su problema era grave, para ahorrar energ\u00eda el\u00e9ctrica la compa\u00f1\u00eda determin\u00f3 apagar los aires acondicionados que se encuentran en la zona laboral de cientos de personas, lo hicieron de una a cuatro de la tarde, que es el horario de tarifa alta de CFE.<\/p>\n<p>Estos trabajadores se estaban deshidratando, con techos de lamina, adem\u00e1s de padecer una terrible contaminaci\u00f3n al interior, porque ah\u00ed producen transformadores el\u00e9ctricos, que son ba\u00f1ados con un vinil y luego entran a unos grandes hornos, al salir el humo que produc\u00eda el material a grandes temperaturas, era absorbido por los trabajadores, esto por grandes periodos de tiempo y sin protecci\u00f3n alguna en rostro, cuerpo y pies\u201d, explica la abogada Susana Prieto Terrazas, quien ha encabezado y dado acompa\u00f1amiento a distintos movimientos de obreros pertenecientes a las maquilas de Ciudad Ju\u00e1rez.<\/p>\n<p>La abogada explica que despu\u00e9s de 20 a\u00f1os de no pronunciase, las afectaciones han sido distintas, principalmente la anulaci\u00f3n del derecho de los trabajadores a organizarse para emplazar a huelga, el cual ha estado solapado por sindicatos relacionados con el PRI, ya sea CTM o CROC por mencionar algunos. \u201cSe realiza una revisi\u00f3n del contrato colectivo de trabajo y estos sindicatos emplazan a huelga y piden mejoras para los trabajadores, pero las empresas hacen sumas y se dan cuenta que de acceder estar\u00edan gastando m\u00e1s de 10 millones de pesos, entonces prefieren darles 500 mil pesos a los l\u00edderes sindicales, para que sean ellos quienes calmen el movimiento\u201d.<\/p>\n<p>Lo anterior da como resultado que a los trabajadores solamente obtengan un aumento de cinco pesos, cuando ellos pagan esos mismos cinco pesos, pero semanalmente, al sindicato que no promueve mejoras laborales.<\/p>\n<p>El anterior es el caso de Lear Corporation, que tiene poco m\u00e1s de 20 mil empleados, \u201cesos trabajadores pagan m\u00e1s de lo que tienen al sindicato de la CTM, por ello iniciaron con un movimiento que diera como resultado la creaci\u00f3n de sindicatos independientes, estos trabajadores a quienes represento, reclamaban mejores condiciones de trabajo y salarios, luego de 17 d\u00edas de haberse manifestado en las afueras de la planta, bajo las inclemencias del tiempo, la empresa decidi\u00f3 pagarlas una liquidaci\u00f3n, no hubo reinstalaci\u00f3n, mientras tanto a los empleados que continuaron dentro, sin interrumpir sus actividades, fueron manipulados por psic\u00f3logos y especialistas en recursos humanos, que contrata la empresa para sembrar miedo y hostigamiento, advirti\u00e9ndoles que si se sumaban a los que se encontraban afuera, tambi\u00e9n perder\u00edan su empleo\u201d, asegura Terrazas.<\/p>\n<p>La abogada asegura que la frase constante es \u201csi nosotros vemos que los ayudas te despediremos\u201d, sin embargo, pese a la manipulaci\u00f3n de adentro, \u201cel dolor y sufrimiento de los trabajadores afuera, hizo que se formara una solidaridad en los que continuaban laborando en las maquilas, as\u00ed es como se logr\u00f3 un aumento salarial\u201d, declara la activista, adem\u00e1s en cuanto al primer movimiento, logr\u00f3 que se colocaran extractores para que se llevaran el contaminante, que encendieran los aires acondicionados de una a cuatro de la tarde y que hubiera evaluaciones que derivaran en aumentos salariales.<\/p>\n<p>Recientemente un grupo de 125 trabajadores cre\u00f3 un nuevo movimiento, que despu\u00e9s de varios d\u00edas padeciendo las inclemencias del fr\u00edo y el hambre, obtuvieron un aumento salarial, pero adem\u00e1s los bonos de puntualidad y asistencia, que eran de 25 pesos, llegaron a los 50 pesos, cuando hac\u00eda 10 a\u00f1os que no los elevaban. Aunque dichos beneficios solamente fueron para los trabajadores que no dejaron de laborar, ya que los 125 que lucharon por estos cambios fueron despedidos e indemnizados.<\/p>\n<p>\u201cEstos movimientos tienen su base en la desesperaci\u00f3n por no poder sobrevivir, ni sostener dignamente a sus familias con los salarios que perciben y que vienen siendo el resultado desde la crisis del 2008, donde el salario de 85 pesos diarios solamente ascendi\u00f3 a 100 pesos. A la par de esto, en Ciudad Ju\u00e1rez las empresas quieren un trabajador \u2018perfecto\u2019, es decir alguien sin hijos, sin pareja, que no enferme, que no falte porque la muerte de un familiar, que no necesite ning\u00fan tipo de permiso, que est\u00e9 robotizado, a las maquiladoras no le sirve la gente que tiene que llevar a sus hijos menores al seguro social, por eso si falta ya no es candidato a que le aumenten el salario, con una sola inasistencia al a\u00f1o pierde los derechos\u201d, afirma Terrazas.<\/p>\n<p>El m\u00e1s reciente caso es el de la empresa Lexmark, quien en estos momentos tiene a 65 trabajadores en paro; ah\u00ed dentro fabrican t\u00f3ners de computadoras, pero no existe para ellos condiciones de seguridad, ya que estos empleados son quienes desarman los componentes de esos objetos, los cuales son da\u00f1inos para la salud, debido a los venenos que llevan dentro, mismos que explotan en los rostros y cuerpo de ellos, lo que hace que est\u00e9n altamente propensos a desarrollar c\u00e1ncer.<\/p>\n<p>Los trabajadores nunca han sido provistos de un traje especial, ni mascarillas y guantes, tampoco zapatos de seguridad, al mismo tiempo inhalan estas sustancias constantemente, \u201ces por ello que la planta se levanta y por qu\u00e9 le ofrecen un salario miserable, pero es el mismo tanto para los que ya llevan poco m\u00e1s de 10 a\u00f1os laborando ah\u00ed, como para los nuevos, lo cual consideran no es justo, porque se debe evaluar experiencia y antig\u00fcedad en la empresa.<\/p>\n<p>Bajo estas circunstancias, sin duda en Ciudad Ju\u00e1rez, las maquiladoras son trincheras donde los trabajadores mueren de hambre y silencio, donde hay personas acalladas bajo la amenaza que si se organizan por un sindicato independiente o por la lucha de sus derechos ser\u00e1n despedidos y replegados. Porque se les impide luchar hasta por su derecho a descansar, es decir a tener vacaciones\u201d, comenta Terrazas.<\/p>\n<p>Eaton tambi\u00e9n ha sido una empresa que ha negado a sus trabajadores las vacaciones, octubre pasado fue la fecha en que les avis\u00f3 que eran los empleados quienes les deb\u00edan a la maquiladora tiempo de trabajo, por lo tantos sus d\u00edas libres estaban suspendidos. La explicaci\u00f3n fue sencilla, por cada d\u00eda que falt\u00f3 un trabajador (ya sea por enfermedad u otro impedimento), la maquila se lo cont\u00f3 como un d\u00eda de vacaciones, esto desde 2010 a la fecha.<\/p>\n<p>Estas son las luchas obreras de los trabajadores de las maquilas del norte. \u201cSiempre los empresarios y sus encargados se burlan de los empleados q entran en paro y les dicen a ver qui\u00e9n se cansa primero, si ustedes que est\u00e1n en el fr\u00edo o nosotros que estamos dentro, ustedes que est\u00e1n con hambre y a la intemperie, esto seguir\u00e1 as\u00ed de no lograrse la creaci\u00f3n de un sindicato de trabajadores independiente, porque las empresas s\u00ed est\u00e1n organizadas para seguir jodiendo a los jodidos, el pa\u00eds entero debe darse cuenta que el Norte tambi\u00e9n est\u00e1 sufriendo\u201d, se\u00f1ala la abogada.<\/p>\n<p><a href=\"http:\/\/revoluciontrespuntocero.com\/te-vamos-a-poner-en-lista-negra-y-te-vas-a-morir-de-hambre-empresas-extranjeras-a-trabajadores-en-cd-juarez\/\">revoluciontrespuntocero.com\/te-vamos-a-poner-en-lista-negra-y-te-vas-a-morir-de-hambre-empresas-extranjeras-a-trabajadores-en-cd-juarez\/<\/a><\/p>\n","protected":false},"excerpt":{"rendered":"<p>Revoluci\u00f3n TresPuntoCero Emma Mart\u00ednez \u201cTe vas a quedar sin trabajo\u201d, \u201cte vamos a poner en una lista negra y en ninguna maquila te van aceptar si t\u00fa contribuyes con alimentos &hellip; <a href=\"http:\/\/www.grieta.org.mx\/index.php\/2015\/11\/14\/te-vamos-a-poner-en-lista-negra-y-te-vas-a-morir-de-hambre-empresas-extranjeras-a-trabajadores-en-cd-juarez\/\" class=\"more-link\">Leer m\u00e1s<\/a><\/p>\n","protected":false},"author":2,"featured_media":21928,"comment_status":"closed","ping_status":"open","sticky":false,"template":"","format":"standard","meta":{"ngg_post_thumbnail":0,"_jetpack_newsletter_access":"","_jetpack_dont_email_post_to_subs":false,"_jetpack_newsletter_tier_id":0,"_jetpack_memberships_contains_paywalled_content":false,"_jetpack_memberships_contains_paid_content":false,"footnotes":""},"categories":[122,12,80,1398,910,2,83],"tags":[113,196],"class_list":{"0":"post-4024","1":"post","2":"type-post","3":"status-publish","4":"format-standard","5":"has-post-thumbnail","6":"hentry","7":"category-chihuahua","9":"category-cintillo","10":"category-conflictos-laborales-en-chihuahua","11":"category-explotacion-y-precariedad-laboral","12":"category-noticias-nacionales","13":"category-temas-nacionales","14":"tag-conflictos-laborales","15":"tag-maquilas","16":"entry"},"jetpack_featured_media_url":"http:\/\/www.grieta.org.mx\/wp-content\/uploads\/2018\/03\/14524434_1106112876131411_958039263622046936_o.jpg","jetpack_sharing_enabled":true,"jetpack_shortlink":"https:\/\/wp.me\/p7ZJR4-12U","jetpack_likes_enabled":false,"jetpack-related-posts":[{"id":17965,"url":"http:\/\/www.grieta.org.mx\/index.php\/2016\/09\/11\/protestan-profesores-de-telebachilleratos-por-falta-de-pagos-en-chihuahua\/","url_meta":{"origin":4024,"position":0},"title":"Conflictos laborales en la industria maquiladora de Chihuahua","author":"grieta","date":"11 septiembre, 2016","format":false,"excerpt":"10\/09\/16. Convocan a obreros a grito \u201cMaquilero\u201d vs campa\u00f1a medi\u00e1tica de empresas, Ciudad Ju\u00e1rezEl Pueblo 06\/09\/16. Preparan obreros verbena contra compa\u00f1a de Index, Ciudad Ju\u00e1rezEl Mexicano 30\/08\/16. Cruza fronteras lucha maquilera contra explotaci\u00f3n laboral, ChihuahuaEl Pueblo 20\/08\/16. Salario maquilador en d\u00f3lares baja 13%, ChihuahuaEl Diario 05\/08\/16. Revela abogada Prieto los\u2026","rel":"","context":"En &quot;Chihuahua&quot;","block_context":{"text":"Chihuahua","link":"http:\/\/www.grieta.org.mx\/index.php\/category\/noticias-nacionales\/chihuahua\/"},"img":{"alt_text":"","src":"https:\/\/i0.wp.com\/www.grieta.org.mx\/wp-content\/uploads\/2018\/03\/14524434_1106112876131411_958039263622046936_o.jpg?resize=350%2C200","width":350,"height":200,"srcset":"https:\/\/i0.wp.com\/www.grieta.org.mx\/wp-content\/uploads\/2018\/03\/14524434_1106112876131411_958039263622046936_o.jpg?resize=350%2C200 1x, https:\/\/i0.wp.com\/www.grieta.org.mx\/wp-content\/uploads\/2018\/03\/14524434_1106112876131411_958039263622046936_o.jpg?resize=525%2C300 1.5x, https:\/\/i0.wp.com\/www.grieta.org.mx\/wp-content\/uploads\/2018\/03\/14524434_1106112876131411_958039263622046936_o.jpg?resize=700%2C400 2x"},"classes":[]},{"id":25986,"url":"http:\/\/www.grieta.org.mx\/index.php\/2018\/08\/31\/protestan-trabajadores-en-el-aeropuerto-chihuahua\/","url_meta":{"origin":4024,"position":1},"title":"Protestan trabajadores en el aeropuerto (Chihuahua)","author":"grieta","date":"31 agosto, 2018","format":false,"excerpt":"EL DIARIO DE CHIHUAHUA Chihuahua.- Empleados de la empresa OMA se manifestaron en el aeropuerto Roberto Fierro por la falta de pago desde el a\u00f1o pasado. Los trabajadores manifestaron que les adeudan los pagos de mayo y noviembre del a\u00f1o pasado, pese a que entregaron en tiempo y forma su\u2026","rel":"","context":"En &quot;Chihuahua&quot;","block_context":{"text":"Chihuahua","link":"http:\/\/www.grieta.org.mx\/index.php\/category\/noticias-nacionales\/chihuahua\/"},"img":{"alt_text":"","src":"https:\/\/i0.wp.com\/www.grieta.org.mx\/wp-content\/uploads\/2018\/08\/aero-trab.jpg?resize=350%2C200","width":350,"height":200,"srcset":"https:\/\/i0.wp.com\/www.grieta.org.mx\/wp-content\/uploads\/2018\/08\/aero-trab.jpg?resize=350%2C200 1x, https:\/\/i0.wp.com\/www.grieta.org.mx\/wp-content\/uploads\/2018\/08\/aero-trab.jpg?resize=525%2C300 1.5x, https:\/\/i0.wp.com\/www.grieta.org.mx\/wp-content\/uploads\/2018\/08\/aero-trab.jpg?resize=700%2C400 2x"},"classes":[]},{"id":49705,"url":"http:\/\/www.grieta.org.mx\/index.php\/2020\/05\/19\/trabajadores-de-maquiladoras-en-la-frontera-norte-protestan-ante-reinicio-de-actividades-baja-california-chihuahua-tamaulipas\/","url_meta":{"origin":4024,"position":2},"title":"TRABAJADORES DE MAQUILADORAS EN LA FRONTERA NORTE PROTESTAN ANTE REINICIO DE ACTIVIDADES (Baja California, Chihuahua, Tamaulipas)","author":"grieta","date":"19 mayo, 2020","format":false,"excerpt":"Lucy Sanabria\/Sopitas.com 19 mayo 2020 Foto: Cuatoscuro El gobierno se alista para la \u201cnueva normalidad\u201d, el regreso a las actividades econ\u00f3micas. Sin embargo, \u00bfc\u00f3mo se har\u00e1 la reapertura si en algunas zonas hay un mont\u00f3n de problemas en cuanto a los protocolos de la Emergencia Sanitaria y se han registrado\u2026","rel":"","context":"En &quot;Baja California&quot;","block_context":{"text":"Baja California","link":"http:\/\/www.grieta.org.mx\/index.php\/category\/noticias-nacionales\/baja-california\/"},"img":{"alt_text":"","src":"https:\/\/i0.wp.com\/www.grieta.org.mx\/wp-content\/uploads\/2020\/05\/protestas-maquiladoras-tijuana-baja-california-coronavirus-1110x581.jpeg?resize=350%2C200","width":350,"height":200,"srcset":"https:\/\/i0.wp.com\/www.grieta.org.mx\/wp-content\/uploads\/2020\/05\/protestas-maquiladoras-tijuana-baja-california-coronavirus-1110x581.jpeg?resize=350%2C200 1x, https:\/\/i0.wp.com\/www.grieta.org.mx\/wp-content\/uploads\/2020\/05\/protestas-maquiladoras-tijuana-baja-california-coronavirus-1110x581.jpeg?resize=525%2C300 1.5x, https:\/\/i0.wp.com\/www.grieta.org.mx\/wp-content\/uploads\/2020\/05\/protestas-maquiladoras-tijuana-baja-california-coronavirus-1110x581.jpeg?resize=700%2C400 2x, https:\/\/i0.wp.com\/www.grieta.org.mx\/wp-content\/uploads\/2020\/05\/protestas-maquiladoras-tijuana-baja-california-coronavirus-1110x581.jpeg?resize=1050%2C600 3x"},"classes":[]},{"id":4015,"url":"http:\/\/www.grieta.org.mx\/index.php\/2015\/11\/25\/se-manifiestan-empleados-de-mead-johnson-delicias-por-acoso-laboral\/","url_meta":{"origin":4024,"position":3},"title":"Se manifiestan empleados de Mead Johnson Delicias por acoso laboral","author":"grieta","date":"25 noviembre, 2015","format":false,"excerpt":"Ju\u00e1rez Noticias Delicias Chih.- Luego de anunciar que alrededor de 500 empleados de la empresa Mead Johnson realizar\u00edan un paro laboral para llamar la atenci\u00f3n a los directivos de la empresa y autoridades laborales por el hostigamiento de los mismos, en contubernio con l\u00edderes sindicales, este d\u00eda, se dieron cita\u2026","rel":"","context":"En &quot;chihuahua&quot;","block_context":{"text":"chihuahua","link":"http:\/\/www.grieta.org.mx\/index.php\/category\/chihuahua\/"},"img":{"alt_text":"","src":"https:\/\/i0.wp.com\/www.grieta.org.mx\/wp-content\/uploads\/2018\/03\/14524434_1106112876131411_958039263622046936_o.jpg?resize=350%2C200","width":350,"height":200,"srcset":"https:\/\/i0.wp.com\/www.grieta.org.mx\/wp-content\/uploads\/2018\/03\/14524434_1106112876131411_958039263622046936_o.jpg?resize=350%2C200 1x, https:\/\/i0.wp.com\/www.grieta.org.mx\/wp-content\/uploads\/2018\/03\/14524434_1106112876131411_958039263622046936_o.jpg?resize=525%2C300 1.5x, https:\/\/i0.wp.com\/www.grieta.org.mx\/wp-content\/uploads\/2018\/03\/14524434_1106112876131411_958039263622046936_o.jpg?resize=700%2C400 2x"},"classes":[]},{"id":4012,"url":"http:\/\/www.grieta.org.mx\/index.php\/2015\/11\/20\/sostienen-plantones-en-maquiladoras-de-chihuahua\/","url_meta":{"origin":4024,"position":4},"title":"Sostienen plantones en maquiladoras de Chihuahua","author":"grieta","date":"20 noviembre, 2015","format":false,"excerpt":"Carlos Ram\u00edrez\/EL MEXICANO Ciudad Ju\u00e1rez,Chihuahua.-En pie de lucha contin\u00faan empleados huelguistas de las empresas maquiladoras Eaton, Lexmark y ADC Commscope, luego que los directivos de esas compa\u00f1\u00edas no les han resuelto nada en torno a sus exigencias; mientras que los inconformes de Foxconn levantaron su plant\u00f3n que mantuvieron a lo\u2026","rel":"","context":"En &quot;chihuahua&quot;","block_context":{"text":"chihuahua","link":"http:\/\/www.grieta.org.mx\/index.php\/category\/chihuahua\/"},"img":{"alt_text":"","src":"https:\/\/i0.wp.com\/www.grieta.org.mx\/wp-content\/uploads\/2018\/03\/14524434_1106112876131411_958039263622046936_o.jpg?resize=350%2C200","width":350,"height":200,"srcset":"https:\/\/i0.wp.com\/www.grieta.org.mx\/wp-content\/uploads\/2018\/03\/14524434_1106112876131411_958039263622046936_o.jpg?resize=350%2C200 1x, https:\/\/i0.wp.com\/www.grieta.org.mx\/wp-content\/uploads\/2018\/03\/14524434_1106112876131411_958039263622046936_o.jpg?resize=525%2C300 1.5x, https:\/\/i0.wp.com\/www.grieta.org.mx\/wp-content\/uploads\/2018\/03\/14524434_1106112876131411_958039263622046936_o.jpg?resize=700%2C400 2x"},"classes":[]},{"id":4018,"url":"http:\/\/www.grieta.org.mx\/index.php\/2016\/03\/19\/huelga-en-4-maquiladoras-de-ciudad-juarez-es-por-sueldos-miserables\/","url_meta":{"origin":4024,"position":5},"title":"Huelga en 4 maquiladoras de Ciudad Ju\u00e1rez es por sueldos miserables","author":"grieta","date":"19 marzo, 2016","format":false,"excerpt":"Carlos Ram\u00edrez\/EL MEXICANO Ciudad Ju\u00e1rez,Chihuahua.-La abogada Susana Prieto Terrazas insiste en se\u00f1alar los contubernios y corrupci\u00f3n de empresarios maquiladores con el gobierno con el prop\u00f3sito de afectar a los trabajadores, que reciben sueldos m\u00edseros y p\u00e9simas condiciones laborales, por eso es que contin\u00faan en huelga cuatro empresas manufactureras, dos de\u2026","rel":"","context":"En &quot;chihuahua&quot;","block_context":{"text":"chihuahua","link":"http:\/\/www.grieta.org.mx\/index.php\/category\/chihuahua\/"},"img":{"alt_text":"","src":"https:\/\/i0.wp.com\/www.grieta.org.mx\/wp-content\/uploads\/2018\/03\/14524434_1106112876131411_958039263622046936_o.jpg?resize=350%2C200","width":350,"height":200,"srcset":"https:\/\/i0.wp.com\/www.grieta.org.mx\/wp-content\/uploads\/2018\/03\/14524434_1106112876131411_958039263622046936_o.jpg?resize=350%2C200 1x, https:\/\/i0.wp.com\/www.grieta.org.mx\/wp-content\/uploads\/2018\/03\/14524434_1106112876131411_958039263622046936_o.jpg?resize=525%2C300 1.5x, https:\/\/i0.wp.com\/www.grieta.org.mx\/wp-content\/uploads\/2018\/03\/14524434_1106112876131411_958039263622046936_o.jpg?resize=700%2C400 2x"},"classes":[]}],"_links":{"self":[{"href":"http:\/\/www.grieta.org.mx\/index.php\/wp-json\/wp\/v2\/posts\/4024","targetHints":{"allow":["GET"]}}],"collection":[{"href":"http:\/\/www.grieta.org.mx\/index.php\/wp-json\/wp\/v2\/posts"}],"about":[{"href":"http:\/\/www.grieta.org.mx\/index.php\/wp-json\/wp\/v2\/types\/post"}],"author":[{"embeddable":true,"href":"http:\/\/www.grieta.org.mx\/index.php\/wp-json\/wp\/v2\/users\/2"}],"replies":[{"embeddable":true,"href":"http:\/\/www.grieta.org.mx\/index.php\/wp-json\/wp\/v2\/comments?post=4024"}],"version-history":[{"count":1,"href":"http:\/\/www.grieta.org.mx\/index.php\/wp-json\/wp\/v2\/posts\/4024\/revisions"}],"predecessor-version":[{"id":24178,"href":"http:\/\/www.grieta.org.mx\/index.php\/wp-json\/wp\/v2\/posts\/4024\/revisions\/24178"}],"wp:featuredmedia":[{"embeddable":true,"href":"http:\/\/www.grieta.org.mx\/index.php\/wp-json\/wp\/v2\/media\/21928"}],"wp:attachment":[{"href":"http:\/\/www.grieta.org.mx\/index.php\/wp-json\/wp\/v2\/media?parent=4024"}],"wp:term":[{"taxonomy":"category","embeddable":true,"href":"http:\/\/www.grieta.org.mx\/index.php\/wp-json\/wp\/v2\/categories?post=4024"},{"taxonomy":"post_tag","embeddable":true,"href":"http:\/\/www.grieta.org.mx\/index.php\/wp-json\/wp\/v2\/tags?post=4024"}],"curies":[{"name":"wp","href":"https:\/\/api.w.org\/{rel}","templated":true}]}}