{"id":4018,"date":"2016-03-19T04:35:13","date_gmt":"2016-03-19T04:35:13","guid":{"rendered":"http:\/\/50.22.11.12\/~grietaor\/?p=4018"},"modified":"2018-07-05T12:39:12","modified_gmt":"2018-07-05T17:39:12","slug":"huelga-en-4-maquiladoras-de-ciudad-juarez-es-por-sueldos-miserables","status":"publish","type":"post","link":"http:\/\/www.grieta.org.mx\/index.php\/2016\/03\/19\/huelga-en-4-maquiladoras-de-ciudad-juarez-es-por-sueldos-miserables\/","title":{"rendered":"Huelga en 4 maquiladoras de Ciudad Ju\u00e1rez es por sueldos miserables"},"content":{"rendered":"<p>Carlos Ram\u00edrez\/EL MEXICANO<\/p>\n<p>Ciudad Ju\u00e1rez,Chihuahua.-La abogada Susana Prieto Terrazas insiste en se\u00f1alar los contubernios y corrupci\u00f3n de empresarios maquiladores con el gobierno con el prop\u00f3sito de afectar a los trabajadores, que reciben sueldos m\u00edseros y p\u00e9simas condiciones laborales, por eso es que contin\u00faan en huelga cuatro empresas manufactureras, dos de ellas representadas por Prieto Terrazas.<\/p>\n<p>Lament\u00f3 que los directivos de las empresas maquiladoras se han hecho de grandes fortunas luego de recibir bonos econ\u00f3micos que merecen los obreros, en supuesto contubernio con funcionarios de gobierno.<\/p>\n<p>Se\u00f1al\u00f3 que existe una problem\u00e1tica terrible en la maquila, que tiene a los obreros con salarios indignos, en relaci\u00f3n con la sobreexplotaci\u00f3n de que son objeto, hostigamiento laboral, malos tratos, acoso sexual, robo de vacaciones, entre otras actitudes negativas, as\u00ed como la lucha por la mejora de sus condiciones de trabajo, es muy problem\u00e1tica y sacrificada, debido a las amenazas de que son objeto los obreros, de llegar a incorporarse, por ejemplo a los movimientos para la constituci\u00f3n y registro de sindicatos independientes, indic\u00f3.<\/p>\n<p>Dentro de su poco conocimiento de las leyes laborales, los empleados de maquila se repliegan, conform\u00e1ndose, como siempre, para no salir al fr\u00edo, para no mortificarse con la lucha, o por un terror que le tienen a los empleados de recursos humanos; refiere que en ocasiones la ignorancia del obrero, lo hace presa f\u00e1cil del hostigamiento y represi\u00f3n, m\u00e1xime cuando por su baja escolaridad, son monitoreados en la lista negra de las maquilas, para que no vuelvan a conseguir trabajo en otra parte, y con el acceso que el gobierno confiri\u00f3 a la industria para que verifiquen computacionalmente, con una clave, si los trabajadores despedidos tienen entabladas demandas en contra de sus verdugos.<\/p>\n<p>Advirti\u00f3 que los obreros est\u00e1n llegando a su l\u00edmite al no percibir dinero suficiente para sostener a sus familias, se ve la represi\u00f3n de los movimientos en su esplendor, dijo.<\/p>\n<p>Han llevado a cabo reuniones los \u201cdetentadores\u201d de las empresas y sus t\u00edteres, los pol\u00edticos del estado, para decidir, no c\u00f3mo mejorar la problem\u00e1tica de los obreros, \u201ceso les importa madre!\u201d, sino como aplastar a los representantes legales de aqu\u00e9llos, refiri\u00f3.<\/p>\n<p>Califica a unos y otros, directivos de maquila y funcionarios de gobierno, como \u201cestos mal perros\u201d, dicen ahora, que la lucha ser\u00e1 contra los abogados de los trabajadores, que cerrar\u00e1n la cartera; Bien, que la cierren, pero antes, que dejen todo lo que les han robado y les siguen robando, tanto a los trabajadores, como a los propios gringos. Agrega que los gerentes aztecas regresen las \u201cmochadas\u201d que les exigen semanal y mensualmente a los concesionarios y proveedores de la maquila, que abran la caja de pandora, \u201clos dizque moralistas\u201d.<\/p>\n<p>Exigi\u00f3 que cese la explotaci\u00f3n, los robos, los hostigamientos, los abusos. Que les entreguen a los trabajadores de Eaton Bussman, el dinero de los intereses bancarios que les robaron del fondo de ahorro y sus ahorros voluntarios.<\/p>\n<p>Insiste en que vengan los gringos a investigar a d\u00f3nde fueron a para los intereses de m\u00e1s de 15 millones de pesos en el \u00faltimo a\u00f1o, y que al 9 por ciento anual, que es el inter\u00e9s legal anual, les gener\u00f3 una utilidad de un mill\u00f3n trescientos cincuenta mil pesos que no han regresado a los obreros.<\/p>\n<p>Advirti\u00f3 que continuar\u00e1n en pie de lucha, no se dejar\u00e1n, exclam\u00f3.<\/p>\n<p>Se\u00f1al\u00f3 que a pesar de que vayan contra los abogados defensores, la lucha seguir\u00e1; en otros pa\u00edses no interviene de tal manera para afectar los intereses de los trabajadores.<\/p>\n<p>Convoc\u00f3 a los ciudadanos a que se sume a la lucha por un salario digno en Ciudad Ju\u00e1rez. No permitamos que el gobierno y el sector empresarial, representado por quienes ni siquiera son los due\u00f1os de la maquilas, que intimidan a los obreros locales.<\/p>\n<p>Hizo un \u00faltimo llamado, \u201cjuarense, ac\u00e9rcate, los trabajadores nos necesitan m\u00e1s que nunca, deja tu ego\u00edsmo, ayuda a los m\u00e1s desprotegidos\u201d.<\/p>\n<p><a href=\"http:\/\/www.oem.com.mx\/elmexicano\/notas\/n4004529.htm\">www.oem.com.mx\/elmexicano\/notas\/n4004529.htm<\/a><\/p>\n","protected":false},"excerpt":{"rendered":"<p>Carlos Ram\u00edrez\/EL MEXICANO Ciudad Ju\u00e1rez,Chihuahua.-La abogada Susana Prieto Terrazas insiste en se\u00f1alar los contubernios y corrupci\u00f3n de empresarios maquiladores con el gobierno con el prop\u00f3sito de afectar a los trabajadores, &hellip; <a href=\"http:\/\/www.grieta.org.mx\/index.php\/2016\/03\/19\/huelga-en-4-maquiladoras-de-ciudad-juarez-es-por-sueldos-miserables\/\" class=\"more-link\">Leer m\u00e1s<\/a><\/p>\n","protected":false},"author":2,"featured_media":21928,"comment_status":"closed","ping_status":"open","sticky":false,"template":"","format":"standard","meta":{"ngg_post_thumbnail":0,"_jetpack_newsletter_access":"","_jetpack_dont_email_post_to_subs":false,"_jetpack_newsletter_tier_id":0,"_jetpack_memberships_contains_paywalled_content":false,"_jetpack_memberships_contains_paid_content":false,"footnotes":""},"categories":[122,12,80,1398,910,2,83],"tags":[113,196],"class_list":{"0":"post-4018","1":"post","2":"type-post","3":"status-publish","4":"format-standard","5":"has-post-thumbnail","6":"hentry","7":"category-chihuahua","9":"category-cintillo","10":"category-conflictos-laborales-en-chihuahua","11":"category-explotacion-y-precariedad-laboral","12":"category-noticias-nacionales","13":"category-temas-nacionales","14":"tag-conflictos-laborales","15":"tag-maquilas","16":"entry"},"jetpack_featured_media_url":"http:\/\/www.grieta.org.mx\/wp-content\/uploads\/2018\/03\/14524434_1106112876131411_958039263622046936_o.jpg","jetpack_sharing_enabled":true,"jetpack_shortlink":"https:\/\/wp.me\/p7ZJR4-12O","jetpack_likes_enabled":false,"jetpack-related-posts":[{"id":17965,"url":"http:\/\/www.grieta.org.mx\/index.php\/2016\/09\/11\/protestan-profesores-de-telebachilleratos-por-falta-de-pagos-en-chihuahua\/","url_meta":{"origin":4018,"position":0},"title":"Conflictos laborales en la industria maquiladora de Chihuahua","author":"grieta","date":"11 septiembre, 2016","format":false,"excerpt":"10\/09\/16. Convocan a obreros a grito \u201cMaquilero\u201d vs campa\u00f1a medi\u00e1tica de empresas, Ciudad Ju\u00e1rezEl Pueblo 06\/09\/16. Preparan obreros verbena contra compa\u00f1a de Index, Ciudad Ju\u00e1rezEl Mexicano 30\/08\/16. Cruza fronteras lucha maquilera contra explotaci\u00f3n laboral, ChihuahuaEl Pueblo 20\/08\/16. Salario maquilador en d\u00f3lares baja 13%, ChihuahuaEl Diario 05\/08\/16. Revela abogada Prieto los\u2026","rel":"","context":"En &quot;Chihuahua&quot;","block_context":{"text":"Chihuahua","link":"http:\/\/www.grieta.org.mx\/index.php\/category\/noticias-nacionales\/chihuahua\/"},"img":{"alt_text":"","src":"https:\/\/i0.wp.com\/www.grieta.org.mx\/wp-content\/uploads\/2018\/03\/14524434_1106112876131411_958039263622046936_o.jpg?resize=350%2C200","width":350,"height":200,"srcset":"https:\/\/i0.wp.com\/www.grieta.org.mx\/wp-content\/uploads\/2018\/03\/14524434_1106112876131411_958039263622046936_o.jpg?resize=350%2C200 1x, https:\/\/i0.wp.com\/www.grieta.org.mx\/wp-content\/uploads\/2018\/03\/14524434_1106112876131411_958039263622046936_o.jpg?resize=525%2C300 1.5x, https:\/\/i0.wp.com\/www.grieta.org.mx\/wp-content\/uploads\/2018\/03\/14524434_1106112876131411_958039263622046936_o.jpg?resize=700%2C400 2x"},"classes":[]},{"id":49705,"url":"http:\/\/www.grieta.org.mx\/index.php\/2020\/05\/19\/trabajadores-de-maquiladoras-en-la-frontera-norte-protestan-ante-reinicio-de-actividades-baja-california-chihuahua-tamaulipas\/","url_meta":{"origin":4018,"position":1},"title":"TRABAJADORES DE MAQUILADORAS EN LA FRONTERA NORTE PROTESTAN ANTE REINICIO DE ACTIVIDADES (Baja California, Chihuahua, Tamaulipas)","author":"grieta","date":"19 mayo, 2020","format":false,"excerpt":"Lucy Sanabria\/Sopitas.com 19 mayo 2020 Foto: Cuatoscuro El gobierno se alista para la \u201cnueva normalidad\u201d, el regreso a las actividades econ\u00f3micas. Sin embargo, \u00bfc\u00f3mo se har\u00e1 la reapertura si en algunas zonas hay un mont\u00f3n de problemas en cuanto a los protocolos de la Emergencia Sanitaria y se han registrado\u2026","rel":"","context":"En &quot;Baja California&quot;","block_context":{"text":"Baja California","link":"http:\/\/www.grieta.org.mx\/index.php\/category\/noticias-nacionales\/baja-california\/"},"img":{"alt_text":"","src":"https:\/\/i0.wp.com\/www.grieta.org.mx\/wp-content\/uploads\/2020\/05\/protestas-maquiladoras-tijuana-baja-california-coronavirus-1110x581.jpeg?resize=350%2C200","width":350,"height":200,"srcset":"https:\/\/i0.wp.com\/www.grieta.org.mx\/wp-content\/uploads\/2020\/05\/protestas-maquiladoras-tijuana-baja-california-coronavirus-1110x581.jpeg?resize=350%2C200 1x, https:\/\/i0.wp.com\/www.grieta.org.mx\/wp-content\/uploads\/2020\/05\/protestas-maquiladoras-tijuana-baja-california-coronavirus-1110x581.jpeg?resize=525%2C300 1.5x, https:\/\/i0.wp.com\/www.grieta.org.mx\/wp-content\/uploads\/2020\/05\/protestas-maquiladoras-tijuana-baja-california-coronavirus-1110x581.jpeg?resize=700%2C400 2x, https:\/\/i0.wp.com\/www.grieta.org.mx\/wp-content\/uploads\/2020\/05\/protestas-maquiladoras-tijuana-baja-california-coronavirus-1110x581.jpeg?resize=1050%2C600 3x"},"classes":[]},{"id":4012,"url":"http:\/\/www.grieta.org.mx\/index.php\/2015\/11\/20\/sostienen-plantones-en-maquiladoras-de-chihuahua\/","url_meta":{"origin":4018,"position":2},"title":"Sostienen plantones en maquiladoras de Chihuahua","author":"grieta","date":"20 noviembre, 2015","format":false,"excerpt":"Carlos Ram\u00edrez\/EL MEXICANO Ciudad Ju\u00e1rez,Chihuahua.-En pie de lucha contin\u00faan empleados huelguistas de las empresas maquiladoras Eaton, Lexmark y ADC Commscope, luego que los directivos de esas compa\u00f1\u00edas no les han resuelto nada en torno a sus exigencias; mientras que los inconformes de Foxconn levantaron su plant\u00f3n que mantuvieron a lo\u2026","rel":"","context":"En &quot;chihuahua&quot;","block_context":{"text":"chihuahua","link":"http:\/\/www.grieta.org.mx\/index.php\/category\/chihuahua\/"},"img":{"alt_text":"","src":"https:\/\/i0.wp.com\/www.grieta.org.mx\/wp-content\/uploads\/2018\/03\/14524434_1106112876131411_958039263622046936_o.jpg?resize=350%2C200","width":350,"height":200,"srcset":"https:\/\/i0.wp.com\/www.grieta.org.mx\/wp-content\/uploads\/2018\/03\/14524434_1106112876131411_958039263622046936_o.jpg?resize=350%2C200 1x, https:\/\/i0.wp.com\/www.grieta.org.mx\/wp-content\/uploads\/2018\/03\/14524434_1106112876131411_958039263622046936_o.jpg?resize=525%2C300 1.5x, https:\/\/i0.wp.com\/www.grieta.org.mx\/wp-content\/uploads\/2018\/03\/14524434_1106112876131411_958039263622046936_o.jpg?resize=700%2C400 2x"},"classes":[]},{"id":4006,"url":"http:\/\/www.grieta.org.mx\/index.php\/2015\/12\/09\/denunciaran-a-activistas-que-motivaron-protesta-en-maquiladoras-de-ciudad-juarez\/","url_meta":{"origin":4018,"position":3},"title":"Denunciar\u00e1n a activistas que motivaron protesta en maquiladoras de Ciudad Ju\u00e1rez","author":"grieta","date":"9 diciembre, 2015","format":false,"excerpt":"Omar Garc\u00eda\/EL MEXICANO Ciudad Ju\u00e1rez,Chihuahua.-En el segundo d\u00eda consecutivo de protestas en la maquiladora Lexmark, la Secretar\u00eda del Trabajo y Previsi\u00f3n Social anunci\u00f3 que prepara una propuesta de soluci\u00f3n y anticip\u00f3 que los directivos de esa empresa est\u00e1n analizando la posibilidad de interponer una demanda penal por la intromisi\u00f3n de\u2026","rel":"","context":"En &quot;chihuahua&quot;","block_context":{"text":"chihuahua","link":"http:\/\/www.grieta.org.mx\/index.php\/category\/chihuahua\/"},"img":{"alt_text":"","src":"https:\/\/i0.wp.com\/www.grieta.org.mx\/wp-content\/uploads\/2018\/03\/14524434_1106112876131411_958039263622046936_o.jpg?resize=350%2C200","width":350,"height":200,"srcset":"https:\/\/i0.wp.com\/www.grieta.org.mx\/wp-content\/uploads\/2018\/03\/14524434_1106112876131411_958039263622046936_o.jpg?resize=350%2C200 1x, https:\/\/i0.wp.com\/www.grieta.org.mx\/wp-content\/uploads\/2018\/03\/14524434_1106112876131411_958039263622046936_o.jpg?resize=525%2C300 1.5x, https:\/\/i0.wp.com\/www.grieta.org.mx\/wp-content\/uploads\/2018\/03\/14524434_1106112876131411_958039263622046936_o.jpg?resize=700%2C400 2x"},"classes":[]},{"id":4027,"url":"http:\/\/www.grieta.org.mx\/index.php\/2015\/11\/13\/autoridades-laborales-complices-de-maquiladoras-en-ciudad-juarez\/","url_meta":{"origin":4018,"position":4},"title":"Autoridades laborales, c\u00f3mplices de maquiladoras en Ciudad Ju\u00e1rez","author":"grieta","date":"13 noviembre, 2015","format":false,"excerpt":"Rub\u00e9n Villalpando La Jornada Ciudad Ju\u00e1rez, Chih. Alrededor de 400 obreros de las maquiladoras ADC y Foxconn, en los parques Industrial Berm\u00fadez e Intermex, respectivamente, marcharon a la Junta Local de Conciliaci\u00f3n y Arbitraje (JLCA) para demandar a las autoridades laborales que dejen de ser c\u00f3mplices de los propietarios de\u2026","rel":"","context":"En &quot;chihuahua&quot;","block_context":{"text":"chihuahua","link":"http:\/\/www.grieta.org.mx\/index.php\/category\/chihuahua\/"},"img":{"alt_text":"","src":"https:\/\/i0.wp.com\/www.grieta.org.mx\/wp-content\/uploads\/2018\/03\/14524434_1106112876131411_958039263622046936_o.jpg?resize=350%2C200","width":350,"height":200,"srcset":"https:\/\/i0.wp.com\/www.grieta.org.mx\/wp-content\/uploads\/2018\/03\/14524434_1106112876131411_958039263622046936_o.jpg?resize=350%2C200 1x, https:\/\/i0.wp.com\/www.grieta.org.mx\/wp-content\/uploads\/2018\/03\/14524434_1106112876131411_958039263622046936_o.jpg?resize=525%2C300 1.5x, https:\/\/i0.wp.com\/www.grieta.org.mx\/wp-content\/uploads\/2018\/03\/14524434_1106112876131411_958039263622046936_o.jpg?resize=700%2C400 2x"},"classes":[]},{"id":19496,"url":"http:\/\/www.grieta.org.mx\/index.php\/2016\/08\/05\/revela-abogada-prieto-los-medios-vendidos-esconden-y-tergiversan-notas-sobre-problemas-laborales-en-juarez\/","url_meta":{"origin":4018,"position":5},"title":"Revela abogada Prieto los medios &#8216;vendidos&#8217; esconden y tergiversan notas sobre problemas laborales en Ju\u00e1rez","author":"grieta","date":"5 agosto, 2016","format":false,"excerpt":"Omar Garc\u00eda \/ El MEXICANO Ciudad Ju\u00e1rez, Chihuahua.-La abogada y activista social de los trabajadores de la empresa Johnson Controls, Susana Prieto acus\u00f3 a medios de comunicaci\u00f3n de tergiversar y esconder los problemas laborales de Ciudad Ju\u00e1rez y enumer\u00f3 a las empresas El Diario de Ju\u00e1rez, Canal 44, Peri\u00f3dico Norte\u2026","rel":"","context":"En &quot;chihuahua&quot;","block_context":{"text":"chihuahua","link":"http:\/\/www.grieta.org.mx\/index.php\/category\/chihuahua\/"},"img":{"alt_text":"","src":"https:\/\/i0.wp.com\/www.grieta.org.mx\/wp-content\/uploads\/2018\/03\/14524434_1106112876131411_958039263622046936_o.jpg?resize=350%2C200","width":350,"height":200,"srcset":"https:\/\/i0.wp.com\/www.grieta.org.mx\/wp-content\/uploads\/2018\/03\/14524434_1106112876131411_958039263622046936_o.jpg?resize=350%2C200 1x, https:\/\/i0.wp.com\/www.grieta.org.mx\/wp-content\/uploads\/2018\/03\/14524434_1106112876131411_958039263622046936_o.jpg?resize=525%2C300 1.5x, https:\/\/i0.wp.com\/www.grieta.org.mx\/wp-content\/uploads\/2018\/03\/14524434_1106112876131411_958039263622046936_o.jpg?resize=700%2C400 2x"},"classes":[]}],"_links":{"self":[{"href":"http:\/\/www.grieta.org.mx\/index.php\/wp-json\/wp\/v2\/posts\/4018","targetHints":{"allow":["GET"]}}],"collection":[{"href":"http:\/\/www.grieta.org.mx\/index.php\/wp-json\/wp\/v2\/posts"}],"about":[{"href":"http:\/\/www.grieta.org.mx\/index.php\/wp-json\/wp\/v2\/types\/post"}],"author":[{"embeddable":true,"href":"http:\/\/www.grieta.org.mx\/index.php\/wp-json\/wp\/v2\/users\/2"}],"replies":[{"embeddable":true,"href":"http:\/\/www.grieta.org.mx\/index.php\/wp-json\/wp\/v2\/comments?post=4018"}],"version-history":[{"count":1,"href":"http:\/\/www.grieta.org.mx\/index.php\/wp-json\/wp\/v2\/posts\/4018\/revisions"}],"predecessor-version":[{"id":24179,"href":"http:\/\/www.grieta.org.mx\/index.php\/wp-json\/wp\/v2\/posts\/4018\/revisions\/24179"}],"wp:featuredmedia":[{"embeddable":true,"href":"http:\/\/www.grieta.org.mx\/index.php\/wp-json\/wp\/v2\/media\/21928"}],"wp:attachment":[{"href":"http:\/\/www.grieta.org.mx\/index.php\/wp-json\/wp\/v2\/media?parent=4018"}],"wp:term":[{"taxonomy":"category","embeddable":true,"href":"http:\/\/www.grieta.org.mx\/index.php\/wp-json\/wp\/v2\/categories?post=4018"},{"taxonomy":"post_tag","embeddable":true,"href":"http:\/\/www.grieta.org.mx\/index.php\/wp-json\/wp\/v2\/tags?post=4018"}],"curies":[{"name":"wp","href":"https:\/\/api.w.org\/{rel}","templated":true}]}}