{"id":4015,"date":"2015-11-25T04:28:37","date_gmt":"2015-11-25T04:28:37","guid":{"rendered":"http:\/\/50.22.11.12\/~grietaor\/?p=4015"},"modified":"2018-07-05T12:41:04","modified_gmt":"2018-07-05T17:41:04","slug":"se-manifiestan-empleados-de-mead-johnson-delicias-por-acoso-laboral","status":"publish","type":"post","link":"http:\/\/www.grieta.org.mx\/index.php\/2015\/11\/25\/se-manifiestan-empleados-de-mead-johnson-delicias-por-acoso-laboral\/","title":{"rendered":"Se manifiestan empleados de Mead Johnson Delicias por acoso laboral"},"content":{"rendered":"<p>Ju\u00e1rez Noticias<\/p>\n<p>Delicias Chih.- Luego de anunciar que alrededor de 500 empleados de la empresa Mead Johnson realizar\u00edan un paro laboral para llamar la atenci\u00f3n a los directivos de la empresa y autoridades laborales por el hostigamiento de los mismos, en contubernio con l\u00edderes sindicales, este d\u00eda, se dieron cita 200 de ellos desde las cinco de la ma\u00f1ana para llevar a cabo dicha acci\u00f3n.<\/p>\n<p>Con mantas, cartelones y pintas en los carros, los empleados exigieron que cesara el hostigamiento laboral y el encubrimiento a favor de los l\u00edderes sindicales, entre ellos, L\u00e1zaro C\u00e1rdenas, quien adem\u00e1s se encuentra en plena audiencia de vinculaci\u00f3n a proceso por el delito de hostigamiento sexual, el secretario general del sindicato, Oscar D\u00edaz, secretario del trabajo y Hugo Gonz\u00e1lez, tesorero del mismo sindicato.<\/p>\n<p>Los trabajadores expresaron que debido a que sus l\u00edderes sindicales est\u00e1n vendidos con la empresa, se les obliga a cargas excesivas de trabajo, se lastima a las trabajadoras con hostigamiento sexual, adem\u00e1s de que sus prestaciones laborales han disminuido.<\/p>\n<p>Al respecto, el abogado Ulises Arreola, inform\u00f3 que los trabajadores hicieron una asamblea previa, donde decidieron realizar una manifestaci\u00f3n pac\u00edfica en inconformidad por la represi\u00f3n laboral de la que son v\u00edctimas, adem\u00e1s de que les quitaron sus bonos de productividad, los descansan injustificadamente y no han recibido por tres a\u00f1os el reparto de utilidades que les corresponde por ley.<\/p>\n<p>Expres\u00f3 \u201cQue quede claro, jam\u00e1s hemos tratado de da\u00f1ar a la empresa; jam\u00e1s hemos tratado de afectar la productividad; pero s\u00ed que quede claro que no vamos a permitir que estas personas sigan amedrentando a los trabajadores\u201d<\/p>\n<p>Finalmente, dio a conocer que si la empresa decidiera despedir a los 200 manifestantes que laboran ah\u00ed, ser\u00e1 la misma cantidad de demandas que reciba por despido injustificado.<\/p>\n<p><a class=\"autohyperlink\" title=\"http:\/\/www.juareznoticias.com\/se-manifiestan-empleados-de-mead-johnson-delicias-por-acoso-laboral\/\" href=\"http:\/\/www.juareznoticias.com\/se-manifiestan-empleados-de-mead-johnson-delicias-por-acoso-laboral\/\" target=\"_blank\" rel=\"noopener\">www.juareznoticias.com\/se-manifiestan-empleados-de-mead-johnson-delicias-por-acoso-laboral\/<\/a><\/p>\n","protected":false},"excerpt":{"rendered":"<p>Ju\u00e1rez Noticias Delicias Chih.- Luego de anunciar que alrededor de 500 empleados de la empresa Mead Johnson realizar\u00edan un paro laboral para llamar la atenci\u00f3n a los directivos de la &hellip; <a href=\"http:\/\/www.grieta.org.mx\/index.php\/2015\/11\/25\/se-manifiestan-empleados-de-mead-johnson-delicias-por-acoso-laboral\/\" class=\"more-link\">Leer m\u00e1s<\/a><\/p>\n","protected":false},"author":2,"featured_media":21928,"comment_status":"closed","ping_status":"open","sticky":false,"template":"","format":"standard","meta":{"ngg_post_thumbnail":0,"_jetpack_newsletter_access":"","_jetpack_dont_email_post_to_subs":false,"_jetpack_newsletter_tier_id":0,"_jetpack_memberships_contains_paywalled_content":false,"_jetpack_memberships_contains_paid_content":false,"footnotes":""},"categories":[122,12,80,1398,910,2,83],"tags":[113,196],"class_list":{"0":"post-4015","1":"post","2":"type-post","3":"status-publish","4":"format-standard","5":"has-post-thumbnail","6":"hentry","7":"category-chihuahua","9":"category-cintillo","10":"category-conflictos-laborales-en-chihuahua","11":"category-explotacion-y-precariedad-laboral","12":"category-noticias-nacionales","13":"category-temas-nacionales","14":"tag-conflictos-laborales","15":"tag-maquilas","16":"entry"},"jetpack_featured_media_url":"http:\/\/www.grieta.org.mx\/wp-content\/uploads\/2018\/03\/14524434_1106112876131411_958039263622046936_o.jpg","jetpack_sharing_enabled":true,"jetpack_shortlink":"https:\/\/wp.me\/p7ZJR4-12L","jetpack_likes_enabled":false,"jetpack-related-posts":[{"id":16416,"url":"http:\/\/www.grieta.org.mx\/index.php\/2016\/07\/10\/obreros-de-maquilas-en-juarez-marchan-y-bloquean-puente-fronterizo\/","url_meta":{"origin":4015,"position":0},"title":"Obreros de maquilas en Ju\u00e1rez marchan y bloquean puente fronterizo","author":"grieta","date":"10 julio, 2016","format":false,"excerpt":"Patricia Mayorga\/PROCESO Alrededor de mil obreros de la industria maquiladora de Ciudad Ju\u00e1rez, exigieron hoy en una marcha y bloqueo del Puente Internacional Paso del Norte, el incremento al salario, alto al acoso laboral, libertad sindical y el cumplimiento de pago de horas extras. Los empleados de la empresas Eaton,\u2026","rel":"","context":"En &quot;chihuahua&quot;","block_context":{"text":"chihuahua","link":"http:\/\/www.grieta.org.mx\/index.php\/category\/chihuahua\/"},"img":{"alt_text":"","src":"https:\/\/i0.wp.com\/www.grieta.org.mx\/wp-content\/uploads\/2018\/03\/14524434_1106112876131411_958039263622046936_o.jpg?resize=350%2C200","width":350,"height":200,"srcset":"https:\/\/i0.wp.com\/www.grieta.org.mx\/wp-content\/uploads\/2018\/03\/14524434_1106112876131411_958039263622046936_o.jpg?resize=350%2C200 1x, https:\/\/i0.wp.com\/www.grieta.org.mx\/wp-content\/uploads\/2018\/03\/14524434_1106112876131411_958039263622046936_o.jpg?resize=525%2C300 1.5x, https:\/\/i0.wp.com\/www.grieta.org.mx\/wp-content\/uploads\/2018\/03\/14524434_1106112876131411_958039263622046936_o.jpg?resize=700%2C400 2x"},"classes":[]},{"id":17965,"url":"http:\/\/www.grieta.org.mx\/index.php\/2016\/09\/11\/protestan-profesores-de-telebachilleratos-por-falta-de-pagos-en-chihuahua\/","url_meta":{"origin":4015,"position":1},"title":"Conflictos laborales en la industria maquiladora de Chihuahua","author":"grieta","date":"11 septiembre, 2016","format":false,"excerpt":"10\/09\/16. Convocan a obreros a grito \u201cMaquilero\u201d vs campa\u00f1a medi\u00e1tica de empresas, Ciudad Ju\u00e1rezEl Pueblo 06\/09\/16. Preparan obreros verbena contra compa\u00f1a de Index, Ciudad Ju\u00e1rezEl Mexicano 30\/08\/16. Cruza fronteras lucha maquilera contra explotaci\u00f3n laboral, ChihuahuaEl Pueblo 20\/08\/16. Salario maquilador en d\u00f3lares baja 13%, ChihuahuaEl Diario 05\/08\/16. Revela abogada Prieto los\u2026","rel":"","context":"En &quot;Chihuahua&quot;","block_context":{"text":"Chihuahua","link":"http:\/\/www.grieta.org.mx\/index.php\/category\/noticias-nacionales\/chihuahua\/"},"img":{"alt_text":"","src":"https:\/\/i0.wp.com\/www.grieta.org.mx\/wp-content\/uploads\/2018\/03\/14524434_1106112876131411_958039263622046936_o.jpg?resize=350%2C200","width":350,"height":200,"srcset":"https:\/\/i0.wp.com\/www.grieta.org.mx\/wp-content\/uploads\/2018\/03\/14524434_1106112876131411_958039263622046936_o.jpg?resize=350%2C200 1x, https:\/\/i0.wp.com\/www.grieta.org.mx\/wp-content\/uploads\/2018\/03\/14524434_1106112876131411_958039263622046936_o.jpg?resize=525%2C300 1.5x, https:\/\/i0.wp.com\/www.grieta.org.mx\/wp-content\/uploads\/2018\/03\/14524434_1106112876131411_958039263622046936_o.jpg?resize=700%2C400 2x"},"classes":[]},{"id":25986,"url":"http:\/\/www.grieta.org.mx\/index.php\/2018\/08\/31\/protestan-trabajadores-en-el-aeropuerto-chihuahua\/","url_meta":{"origin":4015,"position":2},"title":"Protestan trabajadores en el aeropuerto (Chihuahua)","author":"grieta","date":"31 agosto, 2018","format":false,"excerpt":"EL DIARIO DE CHIHUAHUA Chihuahua.- Empleados de la empresa OMA se manifestaron en el aeropuerto Roberto Fierro por la falta de pago desde el a\u00f1o pasado. Los trabajadores manifestaron que les adeudan los pagos de mayo y noviembre del a\u00f1o pasado, pese a que entregaron en tiempo y forma su\u2026","rel":"","context":"En &quot;Chihuahua&quot;","block_context":{"text":"Chihuahua","link":"http:\/\/www.grieta.org.mx\/index.php\/category\/noticias-nacionales\/chihuahua\/"},"img":{"alt_text":"","src":"https:\/\/i0.wp.com\/www.grieta.org.mx\/wp-content\/uploads\/2018\/08\/aero-trab.jpg?resize=350%2C200","width":350,"height":200,"srcset":"https:\/\/i0.wp.com\/www.grieta.org.mx\/wp-content\/uploads\/2018\/08\/aero-trab.jpg?resize=350%2C200 1x, https:\/\/i0.wp.com\/www.grieta.org.mx\/wp-content\/uploads\/2018\/08\/aero-trab.jpg?resize=525%2C300 1.5x, https:\/\/i0.wp.com\/www.grieta.org.mx\/wp-content\/uploads\/2018\/08\/aero-trab.jpg?resize=700%2C400 2x"},"classes":[]},{"id":3322,"url":"http:\/\/www.grieta.org.mx\/index.php\/2015\/12\/15\/lexmark-habria-despedido-a-120-empleados-por-pedir-aumento-y-crear-sindicato\/","url_meta":{"origin":4015,"position":3},"title":"Lexmark habr\u00eda despedido a 120 empleados por pedir aumento y crear sindicato","author":"grieta","date":"15 diciembre, 2015","format":false,"excerpt":"Redacci\u00f3n\/El FINANCIERO La firma de impresi\u00f3n y software Lexmark habr\u00eda despedido al menos a 120 empleados de su planta ubicada en Ciudad Ju\u00e1rez, Chihuahua, presuntamente por solicitar un aumento salarial de 6 pesos y formar un sindicato. De acuerdo con medios locales, los empleados se inconformaron al neg\u00e1rseles el aumento\u2026","rel":"","context":"En &quot;chihuahua&quot;","block_context":{"text":"chihuahua","link":"http:\/\/www.grieta.org.mx\/index.php\/category\/chihuahua\/"},"img":{"alt_text":"","src":"https:\/\/i0.wp.com\/www.grieta.org.mx\/wp-content\/uploads\/2018\/03\/14524434_1106112876131411_958039263622046936_o.jpg?resize=350%2C200","width":350,"height":200,"srcset":"https:\/\/i0.wp.com\/www.grieta.org.mx\/wp-content\/uploads\/2018\/03\/14524434_1106112876131411_958039263622046936_o.jpg?resize=350%2C200 1x, https:\/\/i0.wp.com\/www.grieta.org.mx\/wp-content\/uploads\/2018\/03\/14524434_1106112876131411_958039263622046936_o.jpg?resize=525%2C300 1.5x, https:\/\/i0.wp.com\/www.grieta.org.mx\/wp-content\/uploads\/2018\/03\/14524434_1106112876131411_958039263622046936_o.jpg?resize=700%2C400 2x"},"classes":[]},{"id":20723,"url":"http:\/\/www.grieta.org.mx\/index.php\/2016\/08\/30\/cruza-fronteras-lucha-maquilera-contra-explotacion-laboral-chihuahua\/","url_meta":{"origin":4015,"position":4},"title":"Cruza fronteras lucha maquilera contra explotaci\u00f3n laboral, Chihuahua","author":"grieta","date":"30 agosto, 2016","format":false,"excerpt":"Gustavo Ramos\/EL PUEBLO El movimiento de obreros de la industria maquiladora que estall\u00f3 en ciudad Ju\u00e1rez a finales del 2015 contra violaciones y abusos laborales por parte de empresas de la industria manufacturera, sus directivos y por la defensa de los derechos laborales y colectivos ha cruzado el estado, pues\u2026","rel":"","context":"En &quot;Chihuahua&quot;","block_context":{"text":"Chihuahua","link":"http:\/\/www.grieta.org.mx\/index.php\/category\/noticias-nacionales\/chihuahua\/"},"img":{"alt_text":"","src":"https:\/\/i0.wp.com\/www.grieta.org.mx\/wp-content\/uploads\/2018\/03\/14524434_1106112876131411_958039263622046936_o.jpg?resize=350%2C200","width":350,"height":200,"srcset":"https:\/\/i0.wp.com\/www.grieta.org.mx\/wp-content\/uploads\/2018\/03\/14524434_1106112876131411_958039263622046936_o.jpg?resize=350%2C200 1x, https:\/\/i0.wp.com\/www.grieta.org.mx\/wp-content\/uploads\/2018\/03\/14524434_1106112876131411_958039263622046936_o.jpg?resize=525%2C300 1.5x, https:\/\/i0.wp.com\/www.grieta.org.mx\/wp-content\/uploads\/2018\/03\/14524434_1106112876131411_958039263622046936_o.jpg?resize=700%2C400 2x"},"classes":[]},{"id":4038,"url":"http:\/\/www.grieta.org.mx\/index.php\/2015\/09\/18\/protestas-por-despido-injustificado-de-empleados-en-aamsa\/","url_meta":{"origin":4015,"position":5},"title":"Protestas por despido injustificado de empleados en AAMSA","author":"grieta","date":"18 septiembre, 2015","format":false,"excerpt":"Nuevo Casas Grandes, Chihuahua.- Represal\u00edas de integrantes del Sindicato de la planta maquiladora Autopartes y Arneses de M\u00e9xico S.A. (AAMSA) en Nuevo Casas Grandes termina en el despido injustificado de decenas de trabajadores quienes el viernes por la noche se manifestaron frente a las instalaciones del que era su centro\u2026","rel":"","context":"En &quot;chihuahua&quot;","block_context":{"text":"chihuahua","link":"http:\/\/www.grieta.org.mx\/index.php\/category\/chihuahua\/"},"img":{"alt_text":"","src":"https:\/\/i0.wp.com\/www.grieta.org.mx\/wp-content\/uploads\/2018\/03\/14524434_1106112876131411_958039263622046936_o.jpg?resize=350%2C200","width":350,"height":200,"srcset":"https:\/\/i0.wp.com\/www.grieta.org.mx\/wp-content\/uploads\/2018\/03\/14524434_1106112876131411_958039263622046936_o.jpg?resize=350%2C200 1x, https:\/\/i0.wp.com\/www.grieta.org.mx\/wp-content\/uploads\/2018\/03\/14524434_1106112876131411_958039263622046936_o.jpg?resize=525%2C300 1.5x, https:\/\/i0.wp.com\/www.grieta.org.mx\/wp-content\/uploads\/2018\/03\/14524434_1106112876131411_958039263622046936_o.jpg?resize=700%2C400 2x"},"classes":[]}],"_links":{"self":[{"href":"http:\/\/www.grieta.org.mx\/index.php\/wp-json\/wp\/v2\/posts\/4015","targetHints":{"allow":["GET"]}}],"collection":[{"href":"http:\/\/www.grieta.org.mx\/index.php\/wp-json\/wp\/v2\/posts"}],"about":[{"href":"http:\/\/www.grieta.org.mx\/index.php\/wp-json\/wp\/v2\/types\/post"}],"author":[{"embeddable":true,"href":"http:\/\/www.grieta.org.mx\/index.php\/wp-json\/wp\/v2\/users\/2"}],"replies":[{"embeddable":true,"href":"http:\/\/www.grieta.org.mx\/index.php\/wp-json\/wp\/v2\/comments?post=4015"}],"version-history":[{"count":1,"href":"http:\/\/www.grieta.org.mx\/index.php\/wp-json\/wp\/v2\/posts\/4015\/revisions"}],"predecessor-version":[{"id":24180,"href":"http:\/\/www.grieta.org.mx\/index.php\/wp-json\/wp\/v2\/posts\/4015\/revisions\/24180"}],"wp:featuredmedia":[{"embeddable":true,"href":"http:\/\/www.grieta.org.mx\/index.php\/wp-json\/wp\/v2\/media\/21928"}],"wp:attachment":[{"href":"http:\/\/www.grieta.org.mx\/index.php\/wp-json\/wp\/v2\/media?parent=4015"}],"wp:term":[{"taxonomy":"category","embeddable":true,"href":"http:\/\/www.grieta.org.mx\/index.php\/wp-json\/wp\/v2\/categories?post=4015"},{"taxonomy":"post_tag","embeddable":true,"href":"http:\/\/www.grieta.org.mx\/index.php\/wp-json\/wp\/v2\/tags?post=4015"}],"curies":[{"name":"wp","href":"https:\/\/api.w.org\/{rel}","templated":true}]}}