{"id":4012,"date":"2015-11-20T04:25:46","date_gmt":"2015-11-20T04:25:46","guid":{"rendered":"http:\/\/50.22.11.12\/~grietaor\/?p=4012"},"modified":"2018-07-05T12:42:22","modified_gmt":"2018-07-05T17:42:22","slug":"sostienen-plantones-en-maquiladoras-de-chihuahua","status":"publish","type":"post","link":"http:\/\/www.grieta.org.mx\/index.php\/2015\/11\/20\/sostienen-plantones-en-maquiladoras-de-chihuahua\/","title":{"rendered":"Sostienen plantones en maquiladoras de Chihuahua"},"content":{"rendered":"<p>Carlos Ram\u00edrez\/EL MEXICANO<\/p>\n<p>Ciudad Ju\u00e1rez,Chihuahua.-En pie de lucha contin\u00faan empleados huelguistas de las empresas maquiladoras Eaton, Lexmark y ADC Commscope, luego que los directivos de esas compa\u00f1\u00edas no les han resuelto nada en torno a sus exigencias; mientras que los inconformes de Foxconn levantaron su plant\u00f3n que mantuvieron a lo largo de 23 d\u00edas.<\/p>\n<p>Varios d\u00edas siguen en la incertidumbre, la desaz\u00f3n y preocupaci\u00f3n para los empleados que mantienen plantones en el exterior de las maquiladoras antes mencionadas, luego que sus patrones han hecho caso omiso a sus peticiones y exigencias, coincidieron en se\u00f1alar Miguel \u00c1ngel Ram\u00edrez Lu\u00e9vano, de Lexmark, Ver\u00f3nica Rodr\u00edguez de Commscope y Vicente Herrera de Eaton, los cuales han aguantado estoicamente junto con sus compa\u00f1eros la embestida de abusos, hostigamientos e incluso denuncias penales que pesan en su contra por parte de sus empleadores, tras aparentemente bloquear u obstruir el libre paso de los trailers que prestan sus servicios a esas maquilas.<\/p>\n<p>Dijeron que no dejar\u00e1n que se pisoteen sus derechos humanos, debido a que han sido maltratados al interior e incluso al exterior de esas plantas por parte de subalternos o jefes inmediatos, azuzados por directivos de las empresas.<\/p>\n<p>El viernes pasado, trabajadores en huelga de la maquiladora Foxconn dejaron el plant\u00f3n que hab\u00edan colocado unas tres semanas atr\u00e1s.<\/p>\n<p><a href=\"http:\/\/www.oem.com.mx\/elmexicano\/notas\/n4015981.htm\">www.oem.com.mx\/elmexicano\/notas\/n4015981.htm<\/a><\/p>\n","protected":false},"excerpt":{"rendered":"<p>Carlos Ram\u00edrez\/EL MEXICANO Ciudad Ju\u00e1rez,Chihuahua.-En pie de lucha contin\u00faan empleados huelguistas de las empresas maquiladoras Eaton, Lexmark y ADC Commscope, luego que los directivos de esas compa\u00f1\u00edas no les han &hellip; <a href=\"http:\/\/www.grieta.org.mx\/index.php\/2015\/11\/20\/sostienen-plantones-en-maquiladoras-de-chihuahua\/\" class=\"more-link\">Leer m\u00e1s<\/a><\/p>\n","protected":false},"author":2,"featured_media":21928,"comment_status":"closed","ping_status":"open","sticky":false,"template":"","format":"standard","meta":{"ngg_post_thumbnail":0,"_jetpack_newsletter_access":"","_jetpack_dont_email_post_to_subs":false,"_jetpack_newsletter_tier_id":0,"_jetpack_memberships_contains_paywalled_content":false,"_jetpack_memberships_contains_paid_content":false,"footnotes":""},"categories":[12,122,80,1398,910,2,83],"tags":[113,196],"class_list":{"0":"post-4012","1":"post","2":"type-post","3":"status-publish","4":"format-standard","5":"has-post-thumbnail","6":"hentry","7":"category-chihuahua","9":"category-cintillo","10":"category-conflictos-laborales-en-chihuahua","11":"category-explotacion-y-precariedad-laboral","12":"category-noticias-nacionales","13":"category-temas-nacionales","14":"tag-conflictos-laborales","15":"tag-maquilas","16":"entry"},"jetpack_featured_media_url":"http:\/\/www.grieta.org.mx\/wp-content\/uploads\/2018\/03\/14524434_1106112876131411_958039263622046936_o.jpg","jetpack_sharing_enabled":true,"jetpack_shortlink":"https:\/\/wp.me\/p7ZJR4-12I","jetpack_likes_enabled":false,"jetpack-related-posts":[{"id":17965,"url":"http:\/\/www.grieta.org.mx\/index.php\/2016\/09\/11\/protestan-profesores-de-telebachilleratos-por-falta-de-pagos-en-chihuahua\/","url_meta":{"origin":4012,"position":0},"title":"Conflictos laborales en la industria maquiladora de Chihuahua","author":"grieta","date":"11 septiembre, 2016","format":false,"excerpt":"10\/09\/16. Convocan a obreros a grito \u201cMaquilero\u201d vs campa\u00f1a medi\u00e1tica de empresas, Ciudad Ju\u00e1rezEl Pueblo 06\/09\/16. Preparan obreros verbena contra compa\u00f1a de Index, Ciudad Ju\u00e1rezEl Mexicano 30\/08\/16. Cruza fronteras lucha maquilera contra explotaci\u00f3n laboral, ChihuahuaEl Pueblo 20\/08\/16. Salario maquilador en d\u00f3lares baja 13%, ChihuahuaEl Diario 05\/08\/16. Revela abogada Prieto los\u2026","rel":"","context":"En &quot;Chihuahua&quot;","block_context":{"text":"Chihuahua","link":"http:\/\/www.grieta.org.mx\/index.php\/category\/noticias-nacionales\/chihuahua\/"},"img":{"alt_text":"","src":"https:\/\/i0.wp.com\/www.grieta.org.mx\/wp-content\/uploads\/2018\/03\/14524434_1106112876131411_958039263622046936_o.jpg?resize=350%2C200","width":350,"height":200,"srcset":"https:\/\/i0.wp.com\/www.grieta.org.mx\/wp-content\/uploads\/2018\/03\/14524434_1106112876131411_958039263622046936_o.jpg?resize=350%2C200 1x, https:\/\/i0.wp.com\/www.grieta.org.mx\/wp-content\/uploads\/2018\/03\/14524434_1106112876131411_958039263622046936_o.jpg?resize=525%2C300 1.5x, https:\/\/i0.wp.com\/www.grieta.org.mx\/wp-content\/uploads\/2018\/03\/14524434_1106112876131411_958039263622046936_o.jpg?resize=700%2C400 2x"},"classes":[]},{"id":3322,"url":"http:\/\/www.grieta.org.mx\/index.php\/2015\/12\/15\/lexmark-habria-despedido-a-120-empleados-por-pedir-aumento-y-crear-sindicato\/","url_meta":{"origin":4012,"position":1},"title":"Lexmark habr\u00eda despedido a 120 empleados por pedir aumento y crear sindicato","author":"grieta","date":"15 diciembre, 2015","format":false,"excerpt":"Redacci\u00f3n\/El FINANCIERO La firma de impresi\u00f3n y software Lexmark habr\u00eda despedido al menos a 120 empleados de su planta ubicada en Ciudad Ju\u00e1rez, Chihuahua, presuntamente por solicitar un aumento salarial de 6 pesos y formar un sindicato. De acuerdo con medios locales, los empleados se inconformaron al neg\u00e1rseles el aumento\u2026","rel":"","context":"En &quot;Chihuahua&quot;","block_context":{"text":"Chihuahua","link":"http:\/\/www.grieta.org.mx\/index.php\/category\/noticias-nacionales\/chihuahua\/"},"img":{"alt_text":"","src":"https:\/\/i0.wp.com\/www.grieta.org.mx\/wp-content\/uploads\/2018\/03\/14524434_1106112876131411_958039263622046936_o.jpg?resize=350%2C200","width":350,"height":200,"srcset":"https:\/\/i0.wp.com\/www.grieta.org.mx\/wp-content\/uploads\/2018\/03\/14524434_1106112876131411_958039263622046936_o.jpg?resize=350%2C200 1x, https:\/\/i0.wp.com\/www.grieta.org.mx\/wp-content\/uploads\/2018\/03\/14524434_1106112876131411_958039263622046936_o.jpg?resize=525%2C300 1.5x, https:\/\/i0.wp.com\/www.grieta.org.mx\/wp-content\/uploads\/2018\/03\/14524434_1106112876131411_958039263622046936_o.jpg?resize=700%2C400 2x"},"classes":[]},{"id":49705,"url":"http:\/\/www.grieta.org.mx\/index.php\/2020\/05\/19\/trabajadores-de-maquiladoras-en-la-frontera-norte-protestan-ante-reinicio-de-actividades-baja-california-chihuahua-tamaulipas\/","url_meta":{"origin":4012,"position":2},"title":"TRABAJADORES DE MAQUILADORAS EN LA FRONTERA NORTE PROTESTAN ANTE REINICIO DE ACTIVIDADES (Baja California, Chihuahua, Tamaulipas)","author":"grieta","date":"19 mayo, 2020","format":false,"excerpt":"Lucy Sanabria\/Sopitas.com 19 mayo 2020 Foto: Cuatoscuro El gobierno se alista para la \u201cnueva normalidad\u201d, el regreso a las actividades econ\u00f3micas. Sin embargo, \u00bfc\u00f3mo se har\u00e1 la reapertura si en algunas zonas hay un mont\u00f3n de problemas en cuanto a los protocolos de la Emergencia Sanitaria y se han registrado\u2026","rel":"","context":"En &quot;Baja California&quot;","block_context":{"text":"Baja California","link":"http:\/\/www.grieta.org.mx\/index.php\/category\/noticias-nacionales\/baja-california\/"},"img":{"alt_text":"","src":"https:\/\/i0.wp.com\/www.grieta.org.mx\/wp-content\/uploads\/2020\/05\/protestas-maquiladoras-tijuana-baja-california-coronavirus-1110x581.jpeg?resize=350%2C200","width":350,"height":200,"srcset":"https:\/\/i0.wp.com\/www.grieta.org.mx\/wp-content\/uploads\/2020\/05\/protestas-maquiladoras-tijuana-baja-california-coronavirus-1110x581.jpeg?resize=350%2C200 1x, https:\/\/i0.wp.com\/www.grieta.org.mx\/wp-content\/uploads\/2020\/05\/protestas-maquiladoras-tijuana-baja-california-coronavirus-1110x581.jpeg?resize=525%2C300 1.5x, https:\/\/i0.wp.com\/www.grieta.org.mx\/wp-content\/uploads\/2020\/05\/protestas-maquiladoras-tijuana-baja-california-coronavirus-1110x581.jpeg?resize=700%2C400 2x, https:\/\/i0.wp.com\/www.grieta.org.mx\/wp-content\/uploads\/2020\/05\/protestas-maquiladoras-tijuana-baja-california-coronavirus-1110x581.jpeg?resize=1050%2C600 3x"},"classes":[]},{"id":4006,"url":"http:\/\/www.grieta.org.mx\/index.php\/2015\/12\/09\/denunciaran-a-activistas-que-motivaron-protesta-en-maquiladoras-de-ciudad-juarez\/","url_meta":{"origin":4012,"position":3},"title":"Denunciar\u00e1n a activistas que motivaron protesta en maquiladoras de Ciudad Ju\u00e1rez","author":"grieta","date":"9 diciembre, 2015","format":false,"excerpt":"Omar Garc\u00eda\/EL MEXICANO Ciudad Ju\u00e1rez,Chihuahua.-En el segundo d\u00eda consecutivo de protestas en la maquiladora Lexmark, la Secretar\u00eda del Trabajo y Previsi\u00f3n Social anunci\u00f3 que prepara una propuesta de soluci\u00f3n y anticip\u00f3 que los directivos de esa empresa est\u00e1n analizando la posibilidad de interponer una demanda penal por la intromisi\u00f3n de\u2026","rel":"","context":"En &quot;Chihuahua&quot;","block_context":{"text":"Chihuahua","link":"http:\/\/www.grieta.org.mx\/index.php\/category\/noticias-nacionales\/chihuahua\/"},"img":{"alt_text":"","src":"https:\/\/i0.wp.com\/www.grieta.org.mx\/wp-content\/uploads\/2018\/03\/14524434_1106112876131411_958039263622046936_o.jpg?resize=350%2C200","width":350,"height":200,"srcset":"https:\/\/i0.wp.com\/www.grieta.org.mx\/wp-content\/uploads\/2018\/03\/14524434_1106112876131411_958039263622046936_o.jpg?resize=350%2C200 1x, https:\/\/i0.wp.com\/www.grieta.org.mx\/wp-content\/uploads\/2018\/03\/14524434_1106112876131411_958039263622046936_o.jpg?resize=525%2C300 1.5x, https:\/\/i0.wp.com\/www.grieta.org.mx\/wp-content\/uploads\/2018\/03\/14524434_1106112876131411_958039263622046936_o.jpg?resize=700%2C400 2x"},"classes":[]},{"id":4027,"url":"http:\/\/www.grieta.org.mx\/index.php\/2015\/11\/13\/autoridades-laborales-complices-de-maquiladoras-en-ciudad-juarez\/","url_meta":{"origin":4012,"position":4},"title":"Autoridades laborales, c\u00f3mplices de maquiladoras en Ciudad Ju\u00e1rez","author":"grieta","date":"13 noviembre, 2015","format":false,"excerpt":"Rub\u00e9n Villalpando La Jornada Ciudad Ju\u00e1rez, Chih. Alrededor de 400 obreros de las maquiladoras ADC y Foxconn, en los parques Industrial Berm\u00fadez e Intermex, respectivamente, marcharon a la Junta Local de Conciliaci\u00f3n y Arbitraje (JLCA) para demandar a las autoridades laborales que dejen de ser c\u00f3mplices de los propietarios de\u2026","rel":"","context":"En &quot;chihuahua&quot;","block_context":{"text":"chihuahua","link":"http:\/\/www.grieta.org.mx\/index.php\/category\/chihuahua\/"},"img":{"alt_text":"","src":"https:\/\/i0.wp.com\/www.grieta.org.mx\/wp-content\/uploads\/2018\/03\/14524434_1106112876131411_958039263622046936_o.jpg?resize=350%2C200","width":350,"height":200,"srcset":"https:\/\/i0.wp.com\/www.grieta.org.mx\/wp-content\/uploads\/2018\/03\/14524434_1106112876131411_958039263622046936_o.jpg?resize=350%2C200 1x, https:\/\/i0.wp.com\/www.grieta.org.mx\/wp-content\/uploads\/2018\/03\/14524434_1106112876131411_958039263622046936_o.jpg?resize=525%2C300 1.5x, https:\/\/i0.wp.com\/www.grieta.org.mx\/wp-content\/uploads\/2018\/03\/14524434_1106112876131411_958039263622046936_o.jpg?resize=700%2C400 2x"},"classes":[]},{"id":3319,"url":"http:\/\/www.grieta.org.mx\/index.php\/2015\/12\/15\/obreros-exhiben-la-explotacion-laboral-de-maquiladoras-en-chihuahua\/","url_meta":{"origin":4012,"position":5},"title":"Obreros exhiben la explotaci\u00f3n laboral de maquiladoras en Chihuahua","author":"grieta","date":"15 diciembre, 2015","format":false,"excerpt":"Patricia Mayorga\/PROCESO CHIHUAHUA, Chih. (apro).- Un grupo de trabajadores de maquiladoras desnud\u00f3 la situaci\u00f3n en la que trabajan miles de personas en la industria manufacturera: con bajos salarios, amenazas, hostigamiento\u2026 y s\u00f3lo por exigir mejores condiciones de empleo. El caso m\u00e1s emblem\u00e1tico es el de la empresa americana Lexmark, cuyos\u2026","rel":"","context":"En &quot;Chihuahua&quot;","block_context":{"text":"Chihuahua","link":"http:\/\/www.grieta.org.mx\/index.php\/category\/noticias-nacionales\/chihuahua\/"},"img":{"alt_text":"","src":"https:\/\/i0.wp.com\/www.grieta.org.mx\/wp-content\/uploads\/2015\/12\/Maquila.jpg?resize=350%2C200","width":350,"height":200,"srcset":"https:\/\/i0.wp.com\/www.grieta.org.mx\/wp-content\/uploads\/2015\/12\/Maquila.jpg?resize=350%2C200 1x, https:\/\/i0.wp.com\/www.grieta.org.mx\/wp-content\/uploads\/2015\/12\/Maquila.jpg?resize=525%2C300 1.5x"},"classes":[]}],"_links":{"self":[{"href":"http:\/\/www.grieta.org.mx\/index.php\/wp-json\/wp\/v2\/posts\/4012","targetHints":{"allow":["GET"]}}],"collection":[{"href":"http:\/\/www.grieta.org.mx\/index.php\/wp-json\/wp\/v2\/posts"}],"about":[{"href":"http:\/\/www.grieta.org.mx\/index.php\/wp-json\/wp\/v2\/types\/post"}],"author":[{"embeddable":true,"href":"http:\/\/www.grieta.org.mx\/index.php\/wp-json\/wp\/v2\/users\/2"}],"replies":[{"embeddable":true,"href":"http:\/\/www.grieta.org.mx\/index.php\/wp-json\/wp\/v2\/comments?post=4012"}],"version-history":[{"count":1,"href":"http:\/\/www.grieta.org.mx\/index.php\/wp-json\/wp\/v2\/posts\/4012\/revisions"}],"predecessor-version":[{"id":24182,"href":"http:\/\/www.grieta.org.mx\/index.php\/wp-json\/wp\/v2\/posts\/4012\/revisions\/24182"}],"wp:featuredmedia":[{"embeddable":true,"href":"http:\/\/www.grieta.org.mx\/index.php\/wp-json\/wp\/v2\/media\/21928"}],"wp:attachment":[{"href":"http:\/\/www.grieta.org.mx\/index.php\/wp-json\/wp\/v2\/media?parent=4012"}],"wp:term":[{"taxonomy":"category","embeddable":true,"href":"http:\/\/www.grieta.org.mx\/index.php\/wp-json\/wp\/v2\/categories?post=4012"},{"taxonomy":"post_tag","embeddable":true,"href":"http:\/\/www.grieta.org.mx\/index.php\/wp-json\/wp\/v2\/tags?post=4012"}],"curies":[{"name":"wp","href":"https:\/\/api.w.org\/{rel}","templated":true}]}}