{"id":4009,"date":"2015-12-09T04:23:56","date_gmt":"2015-12-09T04:23:56","guid":{"rendered":"http:\/\/50.22.11.12\/~grietaor\/?p=4009"},"modified":"2016-03-19T04:24:56","modified_gmt":"2016-03-19T04:24:56","slug":"paro-en-maquiladora-de-lexmark-en-juarez","status":"publish","type":"post","link":"http:\/\/www.grieta.org.mx\/index.php\/2015\/12\/09\/paro-en-maquiladora-de-lexmark-en-juarez\/","title":{"rendered":"Paro en maquiladora de Lexmark en Ju\u00e1rez"},"content":{"rendered":"<p>Rub\u00e9n Villalpando<br \/>\nLa Jornada<br \/>\nCiudad Ju\u00e1rez, Chih.<\/p>\n<p>Unos 700 obreros de la planta maquiladora de Lexmark pararon labores la noche del lunes en demanda de mejores salarios y para protestar por las malas condiciones de trabajo.<\/p>\n<p>Desde hace aproximadamente tres meses, empleados organizados presentaron un pliego petitorio a la empresa, con copia a la Secretar\u00eda del Trabajo y Previsi\u00f3n Social estatal, en el que tambi\u00e9n solicitan el registro de un sindicato independiente, as\u00ed como frenar el acoso laboral y sexual contra las empleadas, dijo una obrera de Lexmark.<\/p>\n<p>El lunes por la noche, antes del paro, los trabajadores marcharon dentro de la planta exigiendo a gritos mejores salarios, prestaciones y respeto. En respuesta, los directivos ordenaron evacuar el edificio.<\/p>\n<p>La abogada Susana Prieto, representante de los obreros, dijo que ninguna de las demandas de los trabajadores ha tenido respuesta y cada d\u00eda se agregan m\u00e1s empleados a la lucha por la mejora salarial y de condiciones de trabajo, que son deprimentes. Los sueldos no les alcanzan para sus gastos m\u00ednimos.<\/p>\n<p>Record\u00f3 que desde hace unas semanas, y en repetidas ocasiones, los trabajadores se manifestaron frente a la empresa \u2013en la esquina de bulevar Independencia y Acacias\u2013 para reiterar su petici\u00f3n de igual trabajo, igual salario, pues empleados hasta con 10 a\u00f1os de antig\u00fcedad ganan menos que los nuevos.<\/p>\n<p>Asegur\u00f3 que Lexmark no proporciona equipo adecuado y los empleados est\u00e1n expuestos a contaminaci\u00f3n con t\u00f3ner y qu\u00edmicos usados en la elaboraci\u00f3n de tintas para m\u00e1quinas impresoras, que son altamente contaminantes y causan da\u00f1o a la salud.<\/p>\n<p>Los inconformes no descartaron que se les despida por exigir su derecho a organizarse en un sindicato fuera del control de la Confederaci\u00f3n de Trabajadores de M\u00e9xico y la Confederaci\u00f3n Revolucionaria de Obreros y Campesinos, de filiaci\u00f3n pri\u00edsta.<\/p>\n<p>De igual manera, pidieron a Lexmark que ofrezca transporte a los obreros que se quedan a laborar horas extras, reducci\u00f3n de las metas de producci\u00f3n, notificaci\u00f3n escrita de vacaciones, que la planta pague servicio de cafeter\u00eda y medidas para proteger su salud.<\/p>\n<p>En otras maquiladoras que tuvieron conflictos similares, entre ellas ADC, Foxconn y Eaton, los trabajadores lograron que la Junta Local de Conciliaci\u00f3n y Arbitraje interviniera.<\/p>\n<p><a class=\"autohyperlink\" title=\"http:\/\/www.jornada.unam.mx\/2015\/12\/09\/estados\/038n1est\" href=\"http:\/\/www.jornada.unam.mx\/2015\/12\/09\/estados\/038n1est\" target=\"_blank\">www.jornada.unam.mx\/2015\/12\/09\/estados\/038n1est<\/a><\/p>\n","protected":false},"excerpt":{"rendered":"<p>Rub\u00e9n Villalpando La Jornada Ciudad Ju\u00e1rez, Chih. Unos 700 obreros de la planta maquiladora de Lexmark pararon labores la noche del lunes en demanda de mejores salarios y para protestar &hellip; <a href=\"http:\/\/www.grieta.org.mx\/index.php\/2015\/12\/09\/paro-en-maquiladora-de-lexmark-en-juarez\/\" class=\"more-link\">Leer m\u00e1s<\/a><\/p>\n","protected":false},"author":2,"featured_media":21928,"comment_status":"closed","ping_status":"open","sticky":false,"template":"","format":"standard","meta":{"ngg_post_thumbnail":0,"_jetpack_newsletter_access":"","_jetpack_dont_email_post_to_subs":false,"_jetpack_newsletter_tier_id":0,"_jetpack_memberships_contains_paywalled_content":false,"_jetpack_memberships_contains_paid_content":false,"footnotes":""},"categories":[122,80],"tags":[113,196],"class_list":["post-4009","post","type-post","status-publish","format-standard","has-post-thumbnail","hentry","category-chihuahua","category-cintillo","tag-conflictos-laborales","tag-maquilas","entry"],"jetpack_featured_media_url":"http:\/\/www.grieta.org.mx\/wp-content\/uploads\/2018\/03\/14524434_1106112876131411_958039263622046936_o.jpg","jetpack_sharing_enabled":true,"jetpack_shortlink":"https:\/\/wp.me\/p7ZJR4-12F","jetpack_likes_enabled":false,"jetpack-related-posts":[{"id":17965,"url":"http:\/\/www.grieta.org.mx\/index.php\/2016\/09\/11\/protestan-profesores-de-telebachilleratos-por-falta-de-pagos-en-chihuahua\/","url_meta":{"origin":4009,"position":0},"title":"Conflictos laborales en la industria maquiladora de Chihuahua","author":"grieta","date":"11 septiembre, 2016","format":false,"excerpt":"10\/09\/16. Convocan a obreros a grito \u201cMaquilero\u201d vs campa\u00f1a medi\u00e1tica de empresas, Ciudad Ju\u00e1rezEl Pueblo 06\/09\/16. Preparan obreros verbena contra compa\u00f1a de Index, Ciudad Ju\u00e1rezEl Mexicano 30\/08\/16. Cruza fronteras lucha maquilera contra explotaci\u00f3n laboral, ChihuahuaEl Pueblo 20\/08\/16. Salario maquilador en d\u00f3lares baja 13%, ChihuahuaEl Diario 05\/08\/16. Revela abogada Prieto los\u2026","rel":"","context":"En &quot;Chihuahua&quot;","block_context":{"text":"Chihuahua","link":"http:\/\/www.grieta.org.mx\/index.php\/category\/noticias-nacionales\/chihuahua\/"},"img":{"alt_text":"","src":"https:\/\/i0.wp.com\/www.grieta.org.mx\/wp-content\/uploads\/2018\/03\/14524434_1106112876131411_958039263622046936_o.jpg?resize=350%2C200","width":350,"height":200,"srcset":"https:\/\/i0.wp.com\/www.grieta.org.mx\/wp-content\/uploads\/2018\/03\/14524434_1106112876131411_958039263622046936_o.jpg?resize=350%2C200 1x, https:\/\/i0.wp.com\/www.grieta.org.mx\/wp-content\/uploads\/2018\/03\/14524434_1106112876131411_958039263622046936_o.jpg?resize=525%2C300 1.5x, https:\/\/i0.wp.com\/www.grieta.org.mx\/wp-content\/uploads\/2018\/03\/14524434_1106112876131411_958039263622046936_o.jpg?resize=700%2C400 2x"},"classes":[]},{"id":4006,"url":"http:\/\/www.grieta.org.mx\/index.php\/2015\/12\/09\/denunciaran-a-activistas-que-motivaron-protesta-en-maquiladoras-de-ciudad-juarez\/","url_meta":{"origin":4009,"position":1},"title":"Denunciar\u00e1n a activistas que motivaron protesta en maquiladoras de Ciudad Ju\u00e1rez","author":"grieta","date":"9 diciembre, 2015","format":false,"excerpt":"Omar Garc\u00eda\/EL MEXICANO Ciudad Ju\u00e1rez,Chihuahua.-En el segundo d\u00eda consecutivo de protestas en la maquiladora Lexmark, la Secretar\u00eda del Trabajo y Previsi\u00f3n Social anunci\u00f3 que prepara una propuesta de soluci\u00f3n y anticip\u00f3 que los directivos de esa empresa est\u00e1n analizando la posibilidad de interponer una demanda penal por la intromisi\u00f3n de\u2026","rel":"","context":"En &quot;Chihuahua&quot;","block_context":{"text":"Chihuahua","link":"http:\/\/www.grieta.org.mx\/index.php\/category\/noticias-nacionales\/chihuahua\/"},"img":{"alt_text":"","src":"https:\/\/i0.wp.com\/www.grieta.org.mx\/wp-content\/uploads\/2018\/03\/14524434_1106112876131411_958039263622046936_o.jpg?resize=350%2C200","width":350,"height":200,"srcset":"https:\/\/i0.wp.com\/www.grieta.org.mx\/wp-content\/uploads\/2018\/03\/14524434_1106112876131411_958039263622046936_o.jpg?resize=350%2C200 1x, https:\/\/i0.wp.com\/www.grieta.org.mx\/wp-content\/uploads\/2018\/03\/14524434_1106112876131411_958039263622046936_o.jpg?resize=525%2C300 1.5x, https:\/\/i0.wp.com\/www.grieta.org.mx\/wp-content\/uploads\/2018\/03\/14524434_1106112876131411_958039263622046936_o.jpg?resize=700%2C400 2x"},"classes":[]},{"id":4021,"url":"http:\/\/www.grieta.org.mx\/index.php\/2015\/11\/17\/bloquean-maquiladora-en-ciudad-juarez-exigen-mejor-salario\/","url_meta":{"origin":4009,"position":2},"title":"Bloquean maquiladora en Ciudad Ju\u00e1rez; exigen mejor salario","author":"grieta","date":"17 noviembre, 2015","format":false,"excerpt":"La Jornada Rub\u00e9n Villalpando Trabajadores de la maquiladora estadunidense Hansuh bloquearon la noche del viernes y ma\u00f1ana del s\u00e1bado los accesos de la f\u00e1brica para exigir mejores salarios, prestaciones y que cese el acoso laboral, pues lo que ganan no les alcanza para vivir. Al lugar arribaron agentes policiacos, quienes\u2026","rel":"","context":"En &quot;chihuahua&quot;","block_context":{"text":"chihuahua","link":"http:\/\/www.grieta.org.mx\/index.php\/category\/chihuahua\/"},"img":{"alt_text":"","src":"https:\/\/i0.wp.com\/www.grieta.org.mx\/wp-content\/uploads\/2018\/03\/14524434_1106112876131411_958039263622046936_o.jpg?resize=350%2C200","width":350,"height":200,"srcset":"https:\/\/i0.wp.com\/www.grieta.org.mx\/wp-content\/uploads\/2018\/03\/14524434_1106112876131411_958039263622046936_o.jpg?resize=350%2C200 1x, https:\/\/i0.wp.com\/www.grieta.org.mx\/wp-content\/uploads\/2018\/03\/14524434_1106112876131411_958039263622046936_o.jpg?resize=525%2C300 1.5x, https:\/\/i0.wp.com\/www.grieta.org.mx\/wp-content\/uploads\/2018\/03\/14524434_1106112876131411_958039263622046936_o.jpg?resize=700%2C400 2x"},"classes":[]},{"id":3329,"url":"http:\/\/www.grieta.org.mx\/index.php\/2015\/12\/10\/prohibe-lexmark-entrada-a-18-obreros-en-rebeldia-en-ciudad-juarez\/","url_meta":{"origin":4009,"position":3},"title":"Proh\u00edbe Lexmark entrada a 18 obreros en rebeld\u00eda en Ciudad Ju\u00e1rez","author":"grieta","date":"10 diciembre, 2015","format":false,"excerpt":"Redacci\u00f3n\/EL MEXICANO Ciudad Ju\u00e1rez,Chihuahua.-Un grupo de al menos 40 personas contin\u00faa con el plant\u00f3n afuera de las instalaciones de la empresa Lexmark, en la exigencia del aumento de salarios para los trabajadores. Tras el paro laboral registrado el martes por la tarde, durante la ma\u00f1ana de ayer, al menos un\u2026","rel":"","context":"En &quot;Chihuahua&quot;","block_context":{"text":"Chihuahua","link":"http:\/\/www.grieta.org.mx\/index.php\/category\/noticias-nacionales\/chihuahua\/"},"img":{"alt_text":"","src":"https:\/\/i0.wp.com\/www.grieta.org.mx\/wp-content\/uploads\/2018\/03\/14524434_1106112876131411_958039263622046936_o.jpg?resize=350%2C200","width":350,"height":200,"srcset":"https:\/\/i0.wp.com\/www.grieta.org.mx\/wp-content\/uploads\/2018\/03\/14524434_1106112876131411_958039263622046936_o.jpg?resize=350%2C200 1x, https:\/\/i0.wp.com\/www.grieta.org.mx\/wp-content\/uploads\/2018\/03\/14524434_1106112876131411_958039263622046936_o.jpg?resize=525%2C300 1.5x, https:\/\/i0.wp.com\/www.grieta.org.mx\/wp-content\/uploads\/2018\/03\/14524434_1106112876131411_958039263622046936_o.jpg?resize=700%2C400 2x"},"classes":[]},{"id":4002,"url":"http:\/\/www.grieta.org.mx\/index.php\/2015\/12\/11\/cronica-del-tercer-paro-laboral-en-la-maquila-lexmark-de-ciudad-juarez\/","url_meta":{"origin":4009,"position":4},"title":"Cr\u00f3nica del tercer paro laboral en la maquila LEXMARK de Ciudad Ju\u00e1rez","author":"grieta","date":"11 diciembre, 2015","format":false,"excerpt":"Julian Contreras\/LA IZQUIERDA DIARIO El mi\u00e9rcoles 9 de diciembre, las y los trabajadores del primer turno de la maquiladora Lexmark se toparon con un enorme dispositivo de seguridad encaminado a identificar e impedir el paso a la planta de las y los trabajadores m\u00e1s activos durante los paros laborales de\u2026","rel":"","context":"En &quot;Chihuahua&quot;","block_context":{"text":"Chihuahua","link":"http:\/\/www.grieta.org.mx\/index.php\/category\/noticias-nacionales\/chihuahua\/"},"img":{"alt_text":"","src":"https:\/\/i0.wp.com\/www.grieta.org.mx\/wp-content\/uploads\/2018\/03\/14524434_1106112876131411_958039263622046936_o.jpg?resize=350%2C200","width":350,"height":200,"srcset":"https:\/\/i0.wp.com\/www.grieta.org.mx\/wp-content\/uploads\/2018\/03\/14524434_1106112876131411_958039263622046936_o.jpg?resize=350%2C200 1x, https:\/\/i0.wp.com\/www.grieta.org.mx\/wp-content\/uploads\/2018\/03\/14524434_1106112876131411_958039263622046936_o.jpg?resize=525%2C300 1.5x, https:\/\/i0.wp.com\/www.grieta.org.mx\/wp-content\/uploads\/2018\/03\/14524434_1106112876131411_958039263622046936_o.jpg?resize=700%2C400 2x"},"classes":[]},{"id":2199,"url":"http:\/\/www.grieta.org.mx\/index.php\/2016\/01\/14\/trabajadores-de-lexmark-protestan-en-el-df-obreros-de-las-maquilas-son-esclavos-del-siglo-xxi-y-el-gobierno-lo-permite\/","url_meta":{"origin":4009,"position":5},"title":"Trabajadores de Lexmark protestan en el DF: \u201cobreros de las maquilas son esclavos del siglo XXI y el gobierno lo permite\u201d","author":"grieta","date":"14 enero, 2016","format":false,"excerpt":"Revoluci\u00f3nTresPuntoCero Edgar Rosas Luego de ser despedidos por reclamar respeto a sus derechos y exigir la constituci\u00f3n de un sindicato independiente, trabajadores de Lexmark provenientes de Ciudad Ju\u00e1rez, Chihuahua, realizaron este mi\u00e9rcoles 13 de enero una serie de protestas en la Ciudad de M\u00e9xico con el objetivo de visibilizar la\u2026","rel":"","context":"En &quot;chihuahua&quot;","block_context":{"text":"chihuahua","link":"http:\/\/www.grieta.org.mx\/index.php\/category\/chihuahua\/"},"img":{"alt_text":"","src":"https:\/\/i0.wp.com\/www.grieta.org.mx\/wp-content\/uploads\/2018\/03\/14524434_1106112876131411_958039263622046936_o.jpg?resize=350%2C200","width":350,"height":200,"srcset":"https:\/\/i0.wp.com\/www.grieta.org.mx\/wp-content\/uploads\/2018\/03\/14524434_1106112876131411_958039263622046936_o.jpg?resize=350%2C200 1x, https:\/\/i0.wp.com\/www.grieta.org.mx\/wp-content\/uploads\/2018\/03\/14524434_1106112876131411_958039263622046936_o.jpg?resize=525%2C300 1.5x, https:\/\/i0.wp.com\/www.grieta.org.mx\/wp-content\/uploads\/2018\/03\/14524434_1106112876131411_958039263622046936_o.jpg?resize=700%2C400 2x"},"classes":[]}],"_links":{"self":[{"href":"http:\/\/www.grieta.org.mx\/index.php\/wp-json\/wp\/v2\/posts\/4009","targetHints":{"allow":["GET"]}}],"collection":[{"href":"http:\/\/www.grieta.org.mx\/index.php\/wp-json\/wp\/v2\/posts"}],"about":[{"href":"http:\/\/www.grieta.org.mx\/index.php\/wp-json\/wp\/v2\/types\/post"}],"author":[{"embeddable":true,"href":"http:\/\/www.grieta.org.mx\/index.php\/wp-json\/wp\/v2\/users\/2"}],"replies":[{"embeddable":true,"href":"http:\/\/www.grieta.org.mx\/index.php\/wp-json\/wp\/v2\/comments?post=4009"}],"version-history":[{"count":1,"href":"http:\/\/www.grieta.org.mx\/index.php\/wp-json\/wp\/v2\/posts\/4009\/revisions"}],"predecessor-version":[{"id":4010,"href":"http:\/\/www.grieta.org.mx\/index.php\/wp-json\/wp\/v2\/posts\/4009\/revisions\/4010"}],"wp:featuredmedia":[{"embeddable":true,"href":"http:\/\/www.grieta.org.mx\/index.php\/wp-json\/wp\/v2\/media\/21928"}],"wp:attachment":[{"href":"http:\/\/www.grieta.org.mx\/index.php\/wp-json\/wp\/v2\/media?parent=4009"}],"wp:term":[{"taxonomy":"category","embeddable":true,"href":"http:\/\/www.grieta.org.mx\/index.php\/wp-json\/wp\/v2\/categories?post=4009"},{"taxonomy":"post_tag","embeddable":true,"href":"http:\/\/www.grieta.org.mx\/index.php\/wp-json\/wp\/v2\/tags?post=4009"}],"curies":[{"name":"wp","href":"https:\/\/api.w.org\/{rel}","templated":true}]}}