{"id":40089,"date":"2019-10-08T22:32:55","date_gmt":"2019-10-09T03:32:55","guid":{"rendered":"http:\/\/www.grieta.org.mx\/?p=40089"},"modified":"2019-10-09T22:40:44","modified_gmt":"2019-10-10T03:40:44","slug":"minera-penasquito-entre-el-negocio-y-la-vida-de-las-comunidades-de-mazapil-zacatecas","status":"publish","type":"post","link":"http:\/\/www.grieta.org.mx\/index.php\/2019\/10\/08\/minera-penasquito-entre-el-negocio-y-la-vida-de-las-comunidades-de-mazapil-zacatecas\/","title":{"rendered":"Minera Pe\u00f1asquito, entre el negocio y la vida de las comunidades de Mazapil (Zacatecas)"},"content":{"rendered":"<p>Sergio El\u00edas Uribe Sierra y Grecia Eugenia Rodr\u00edguez Navarro \/ Revista Contral\u00ednea, 08 de octubre de 2019<\/p>\n<p>El apuntalamiento del sistema econ\u00f3mico capitalista en la miner\u00eda y las pol\u00edticas de dominaci\u00f3n neoliberales han hecho del municipio de Mazapil, en el estado de Zacatecas, una de las caras m\u00e1s visibles del modelo extractivo minero en M\u00e9xico. La creciente demanda de materias primas por los pa\u00edses centrales y las econom\u00edas emergentes, as\u00ed como el incremento del precio de los minerales, entre los que destaca el oro, al ser visto como un refugio para los grandes inversionistas ha significado un crecimiento en la centralizaci\u00f3n de tierras en forma de concesiones y, a la vez, un boom para la extracci\u00f3n de este metal. Durante el periodo 2000-2006 el precio del oro creci\u00f3 117 por ciento su valor, lo cual gener\u00f3 que a partir de 2009 se elevara significativamente el volumen extra\u00eddo, alcanzando un aumento de 366 veces en los \u00faltimos 27 a\u00f1os, pasando de 41.5 a 15 mil 229.4 kilogramos. Por su parte, la plata aument\u00f3 el volumen de extracci\u00f3n 30 veces y el cobre 13 veces en el mismo periodo. Estos datos tambi\u00e9n reflejan el perfeccionamiento de las t\u00e9cnicas de extracci\u00f3n a trav\u00e9s de la tecnolog\u00eda, que requiere cada vez m\u00e1s insumos para ser sostenida.<\/p>\n<figure id=\"attachment_40090\" aria-describedby=\"caption-attachment-40090\" style=\"width: 800px\" class=\"wp-caption aligncenter\"><img loading=\"lazy\" decoding=\"async\" data-attachment-id=\"40090\" data-permalink=\"http:\/\/www.grieta.org.mx\/index.php\/2019\/10\/08\/minera-penasquito-entre-el-negocio-y-la-vida-de-las-comunidades-de-mazapil-zacatecas\/1-misael-valtierra-cuartoscuro\/\" data-orig-file=\"http:\/\/www.grieta.org.mx\/wp-content\/uploads\/2019\/10\/1-Misael-Valtierra-Cuartoscuro.jpg\" data-orig-size=\"600,360\" data-comments-opened=\"0\" data-image-meta=\"{&quot;aperture&quot;:&quot;0&quot;,&quot;credit&quot;:&quot;&quot;,&quot;camera&quot;:&quot;&quot;,&quot;caption&quot;:&quot;&quot;,&quot;created_timestamp&quot;:&quot;0&quot;,&quot;copyright&quot;:&quot;&quot;,&quot;focal_length&quot;:&quot;0&quot;,&quot;iso&quot;:&quot;0&quot;,&quot;shutter_speed&quot;:&quot;0&quot;,&quot;title&quot;:&quot;&quot;,&quot;orientation&quot;:&quot;1&quot;}\" data-image-title=\"1-Misael-Valtierra-Cuartoscuro\" data-image-description=\"\" data-image-caption=\"&lt;p&gt;Foto: Misael Valtierra, Cuartoscuro&lt;\/p&gt;\n\" data-medium-file=\"http:\/\/www.grieta.org.mx\/wp-content\/uploads\/2019\/10\/1-Misael-Valtierra-Cuartoscuro-300x180.jpg\" data-large-file=\"http:\/\/www.grieta.org.mx\/wp-content\/uploads\/2019\/10\/1-Misael-Valtierra-Cuartoscuro.jpg\" class=\"wp-image-40090\" src=\"http:\/\/www.grieta.org.mx\/wp-content\/uploads\/2019\/10\/1-Misael-Valtierra-Cuartoscuro.jpg\" alt=\"\" width=\"800\" height=\"480\" srcset=\"http:\/\/www.grieta.org.mx\/wp-content\/uploads\/2019\/10\/1-Misael-Valtierra-Cuartoscuro.jpg 600w, http:\/\/www.grieta.org.mx\/wp-content\/uploads\/2019\/10\/1-Misael-Valtierra-Cuartoscuro-300x180.jpg 300w\" sizes=\"auto, (max-width: 800px) 100vw, 800px\" \/><figcaption id=\"caption-attachment-40090\" class=\"wp-caption-text\">Foto: Misael Valtierra, Cuartoscuro<\/figcaption><\/figure>\n<p>La llegada de la empresa canadiense Goldcorp, ahora Newmont-Goldcorp, a Mazapil, y la adquisici\u00f3n del yacimiento Pe\u00f1asquito para operarlo bajo la t\u00e9cnica de tajo a cielo abierto en 2006, se anunci\u00f3 como el inicio de un auge econ\u00f3mico importante para la regi\u00f3n que traer\u00eda progreso y desarrollo. Pero a 13 a\u00f1os de su llegada, la realidad no corresponde con lo prometido. El ejemplo de la farsa del \u201cdesarrollo minero\u201d se observa al analizar los siguientes datos: en 2010, por cada 1 mil d\u00f3lares de minerales vendidos Goldcorp obten\u00eda de ganancias aproximadamente 998.82 d\u00f3lares y las comunidades s\u00f3lo recib\u00edan 18 centavos de d\u00f3lar (Garibay, 2010); por otro lado, en 2016, mientras que Mazapil aport\u00f3 el 8.7 por ciento del valor total de la extracci\u00f3n minera a nivel nacional (Secretar\u00eda de Econom\u00eda, 2017), era reconocido como el cuarto municipio con mayor poblaci\u00f3n en situaci\u00f3n de pobreza extrema con el 12.9 por ciento, adem\u00e1s, contaba con el 63 por ciento de la poblaci\u00f3n en condici\u00f3n de pobreza (Cobeval, 2015). Es una paradoja: grandes ganancias para la empresa y gran pobreza para el poblado (Uribe y Rodr\u00edguez, 2019).<\/p>\n<p>Como se puede observar, no hay simetr\u00eda entre las ganancias de la empresa Newmont-Goldcorp y los impactos, tanto sociales, culturales, econ\u00f3micos, ambientales y a la salud que ha ocasionado su operaci\u00f3n en la regi\u00f3n. Otro tema de suma relevancia, es el despojo de tierras para la actividad minera, ya que, entre el 2006 y el 2010, la empresa despoj\u00f3 con enga\u00f1os, chantajes y coerci\u00f3n m\u00e1s de 7 mil 971 hect\u00e1reas de tierra de los ejidos de Mazapil, Cedros, Cerro Gordo y El Vergel, generando el desplazamiento forzado de la comunidad de Pe\u00f1asquito, adem\u00e1s de poner en riesgo latente el desplazamiento de las comunidades de Mesas, Charcos y Palmas Grandes. A la par, el agotamiento del agua comenz\u00f3 a sentirse r\u00e1pidamente, en mayo de 2010 se constat\u00f3 que todas las norias relacionadas a la mina Pe\u00f1asquito se secaron (Garibay, et. al., 2014). Algo m\u00e1s alarmante a\u00fan es que Goldcorp minti\u00f3 a sus accionistas sobre las concesiones de agua y todo apunta a que la Comisi\u00f3n Nacional del Agua (Conagua) fue c\u00f3mplice de la empresa al poner a remate el acu\u00edfero, haciendo informes t\u00e9cnicos con sendas alteraciones que favorecen a la trasnacional (Garibay, et. al., 2014), lo cual, deja ver un claro entramado de corrupci\u00f3n.<\/p>\n<p>En estos a\u00f1os, tambi\u00e9n se ha hecho visible la devastaci\u00f3n ambiental y la transformaci\u00f3n del paisaje que ha generado la miner\u00eda a cielo abierto, misma que comenz\u00f3 a visibilizarse y sentirse velozmente, debido a que tan s\u00f3lo en el periodo de 2012-2017 la minera ha consumido 84 mil toneladas de cianuro y ha removido 396 millones de toneladas de materia rocosa para la extracci\u00f3n de oro. Lo cual ha repercutido en la contaminaci\u00f3n del suelo y el aire por la transmisi\u00f3n de polvo con contenido t\u00f3xico, derivado de metales pesados y el uso de cianuro para el beneficio del mineral. Esto ha significado el surgimiento de distintas enfermedades dermatol\u00f3gicas y cr\u00f3nico-degenerativas como el c\u00e1ncer. Los casos de los ni\u00f1os y ni\u00f1as de Charcos son los m\u00e1s representativos. Tambi\u00e9n se ha generado la muerte de ganado y la p\u00e9rdida de cosechas.<\/p>\n<p>La relaci\u00f3n desigual con la minera Pe\u00f1asquito ha desatado un conflicto eco-territorial de convivencia y bienes pecuniarios que se sobrepone a un conflicto laboral e intersindical entre ejidatarios, campesinos avecindados, transportistas y la empresa Newmont-Goldcorp. El saldo de los conflictos a lo largo de los a\u00f1os ha sido el aumento de la violencia en la regi\u00f3n, la divisi\u00f3n comunitaria, el desplazamiento forzado, varios homicidios, criminalizaci\u00f3n a l\u00edderes y la presencia de un grupo armado.<\/p>\n<p>La operaci\u00f3n de Newmont-Goldcorp ha desencadenado una disputa por el control del trabajo y la vida humana, animal y vegetal del territorio, pero no hay mejor calidad de vida sino m\u00e1s conflictos mineros (Uribe, 2019). La esencia de estas tensiones muestra una contradicci\u00f3n de origen entre quienes manifiestan una mirada cr\u00edtica sobre la forma de actuar de la minera y una postura que defiende la tierra, el agua y el territorio, pero, al mismo tiempo, aceptan que la empresa pueda seguir operando el yacimiento siempre y cuando cumpla el marco legal nacional e internacional que integra el principio economicista \u201cel que contamina paga\u201d, poniendo en peligro el futuro de toda la regi\u00f3n.<\/p>\n<p>La articulaci\u00f3n y correlaci\u00f3n de fuerza entre los diversos actores involucrados en el caso Pe\u00f1asquito se vislumbra cada vez con mayor complejidad, lo cual genera cuestionamientos sobre lo que verdaderamente est\u00e1 en juego para quienes se han organizado y pelean contra la trasnacional. Recordemos que despu\u00e9s de las primeras remuneraciones econ\u00f3micas, muchos ejidatarios lograron adquirir camiones e integrarse al trabajo con la minera para el acarreo de material, eso ha generado un cambio cualitativo en los conflictos, pues se pone en la mesa la tensi\u00f3n no s\u00f3lo por la negociaci\u00f3n de las retribuciones requeridas por la explotaci\u00f3n territorial entre la empresa y los ejidatarios, sino una disputa entre sindicatos transportistas por el control de los contratos de acarreo de material.<\/p>\n<p>Aunque en las constantes demandas de los afectados se exige el resarcimiento del da\u00f1o por el agotamiento de los mantos fre\u00e1ticos en la comunidad de Cedros y de una auditor\u00eda ambiental, estos argumentos parecen secundarios frente a la exigencia de recuperar los contratos de acarreo para las asociaciones transportistas en pugna. Pese a que se ha corroborado que la empresa ha operado en la ilegalidad tras detectar diversas irregularidades para obtener los permisos de ocupaci\u00f3n temporal de tierras como negar la participaci\u00f3n de miembros opositores al comisariado, realizar asambleas sin la informaci\u00f3n necesaria, con anomal\u00edas en la determinaci\u00f3n del acceso al voto y en los propios escrutinios, con dudas sobre las firmas, en algunos casos no se presentaron actas de no verificativo, entre otros aspectos. Los afectados por la mina Pe\u00f1asquito apuestan por la negociaci\u00f3n permanente antes que exigir el cierre de la mina, la rendici\u00f3n de cuentas y el resarcimiento de los da\u00f1os ambientales, as\u00ed como un proceso de reconstrucci\u00f3n del tejido social.<\/p>\n<p>Es en este complejo marco que se juega el negocio y la vida de los ejidos y comunidades influenciados por el megaproyecto minero \u201cPe\u00f1asquito\u201d en la regi\u00f3n de Mazapil, Zacatecas.<\/p>\n<figure id=\"attachment_40091\" aria-describedby=\"caption-attachment-40091\" style=\"width: 800px\" class=\"wp-caption aligncenter\"><img loading=\"lazy\" decoding=\"async\" data-attachment-id=\"40091\" data-permalink=\"http:\/\/www.grieta.org.mx\/index.php\/2019\/10\/08\/minera-penasquito-entre-el-negocio-y-la-vida-de-las-comunidades-de-mazapil-zacatecas\/op2\/\" data-orig-file=\"http:\/\/www.grieta.org.mx\/wp-content\/uploads\/2019\/10\/OP2.jpg\" data-orig-size=\"600,360\" data-comments-opened=\"0\" data-image-meta=\"{&quot;aperture&quot;:&quot;0&quot;,&quot;credit&quot;:&quot;&quot;,&quot;camera&quot;:&quot;&quot;,&quot;caption&quot;:&quot;&quot;,&quot;created_timestamp&quot;:&quot;0&quot;,&quot;copyright&quot;:&quot;&quot;,&quot;focal_length&quot;:&quot;0&quot;,&quot;iso&quot;:&quot;0&quot;,&quot;shutter_speed&quot;:&quot;0&quot;,&quot;title&quot;:&quot;&quot;,&quot;orientation&quot;:&quot;1&quot;}\" data-image-title=\"OP2\" data-image-description=\"\" data-image-caption=\"&lt;p&gt;Foto: Google Earth, 2000&lt;\/p&gt;\n\" data-medium-file=\"http:\/\/www.grieta.org.mx\/wp-content\/uploads\/2019\/10\/OP2-300x180.jpg\" data-large-file=\"http:\/\/www.grieta.org.mx\/wp-content\/uploads\/2019\/10\/OP2.jpg\" class=\"wp-image-40091\" src=\"http:\/\/www.grieta.org.mx\/wp-content\/uploads\/2019\/10\/OP2.jpg\" alt=\"\" width=\"800\" height=\"480\" srcset=\"http:\/\/www.grieta.org.mx\/wp-content\/uploads\/2019\/10\/OP2.jpg 600w, http:\/\/www.grieta.org.mx\/wp-content\/uploads\/2019\/10\/OP2-300x180.jpg 300w\" sizes=\"auto, (max-width: 800px) 100vw, 800px\" \/><figcaption id=\"caption-attachment-40091\" class=\"wp-caption-text\">Foto: Google Earth, 2000<\/figcaption><\/figure>\n<p>&nbsp;<\/p>\n<p>&nbsp;<\/p>\n<figure id=\"attachment_40092\" aria-describedby=\"caption-attachment-40092\" style=\"width: 800px\" class=\"wp-caption aligncenter\"><img loading=\"lazy\" decoding=\"async\" data-attachment-id=\"40092\" data-permalink=\"http:\/\/www.grieta.org.mx\/index.php\/2019\/10\/08\/minera-penasquito-entre-el-negocio-y-la-vida-de-las-comunidades-de-mazapil-zacatecas\/op1\/\" data-orig-file=\"http:\/\/www.grieta.org.mx\/wp-content\/uploads\/2019\/10\/OP1.jpg\" data-orig-size=\"600,360\" data-comments-opened=\"0\" data-image-meta=\"{&quot;aperture&quot;:&quot;0&quot;,&quot;credit&quot;:&quot;&quot;,&quot;camera&quot;:&quot;&quot;,&quot;caption&quot;:&quot;&quot;,&quot;created_timestamp&quot;:&quot;0&quot;,&quot;copyright&quot;:&quot;&quot;,&quot;focal_length&quot;:&quot;0&quot;,&quot;iso&quot;:&quot;0&quot;,&quot;shutter_speed&quot;:&quot;0&quot;,&quot;title&quot;:&quot;&quot;,&quot;orientation&quot;:&quot;1&quot;}\" data-image-title=\"OP1\" data-image-description=\"\" data-image-caption=\"&lt;p&gt;Foto: Google Earth, 2019&lt;\/p&gt;\n\" data-medium-file=\"http:\/\/www.grieta.org.mx\/wp-content\/uploads\/2019\/10\/OP1-300x180.jpg\" data-large-file=\"http:\/\/www.grieta.org.mx\/wp-content\/uploads\/2019\/10\/OP1.jpg\" class=\"wp-image-40092\" src=\"http:\/\/www.grieta.org.mx\/wp-content\/uploads\/2019\/10\/OP1.jpg\" alt=\"\" width=\"800\" height=\"480\" srcset=\"http:\/\/www.grieta.org.mx\/wp-content\/uploads\/2019\/10\/OP1.jpg 600w, http:\/\/www.grieta.org.mx\/wp-content\/uploads\/2019\/10\/OP1-300x180.jpg 300w\" sizes=\"auto, (max-width: 800px) 100vw, 800px\" \/><figcaption id=\"caption-attachment-40092\" class=\"wp-caption-text\">Foto: Google Earth, 2019<\/figcaption><\/figure>\n<p>&nbsp;<\/p>\n<p><a href=\"https:\/\/www.contralinea.com.mx\/archivo-revista\/2019\/10\/08\/minera-penasquito-entre-el-negocio-y-la-vida-de-las-comunidades-de-mazapil\/\">https:\/\/www.contralinea.com.mx\/archivo-revista\/2019\/10\/08\/minera-penasquito-entre-el-negocio-y-la-vida-de-las-comunidades-de-mazapil\/<\/a><\/p>\n","protected":false},"excerpt":{"rendered":"<p>Sergio El\u00edas Uribe Sierra y Grecia Eugenia Rodr\u00edguez Navarro \/ Revista Contral\u00ednea, 08 de octubre de 2019 El apuntalamiento del sistema econ\u00f3mico capitalista en la miner\u00eda y las pol\u00edticas de &hellip; <a href=\"http:\/\/www.grieta.org.mx\/index.php\/2019\/10\/08\/minera-penasquito-entre-el-negocio-y-la-vida-de-las-comunidades-de-mazapil-zacatecas\/\" class=\"more-link\">Leer m\u00e1s<\/a><\/p>\n","protected":false},"author":2,"featured_media":40090,"comment_status":"closed","ping_status":"closed","sticky":false,"template":"","format":"standard","meta":{"ngg_post_thumbnail":0,"_jetpack_newsletter_access":"","_jetpack_dont_email_post_to_subs":false,"_jetpack_newsletter_tier_id":0,"_jetpack_memberships_contains_paywalled_content":false,"_jetpack_memberships_contains_paid_content":false,"footnotes":""},"categories":[80,1973,1505,1535,1974,76],"tags":[2216,91,394,1558,1178,2846,764],"class_list":["post-40089","post","type-post","status-publish","format-standard","has-post-thumbnail","hentry","category-cintillo","category-conflictos-mineros-en-zacatecas","category-danos-ambientales-y-a-la-salud-por-mineria-en-zacatecas","category-desabasto-de-agua-en-zacatecas","category-despojo-en-el-municipio-de-mazapil","category-zacatecas","tag-conflictos-por-mineria","tag-contaminacion-ambiental","tag-contaminacion-por-mineria","tag-desabasto-de-agua","tag-destruccion-de-la-naturaleza","tag-lucha-contra-la-mineria","tag-privatizacion-del-agua","entry"],"jetpack_featured_media_url":"http:\/\/www.grieta.org.mx\/wp-content\/uploads\/2019\/10\/1-Misael-Valtierra-Cuartoscuro.jpg","jetpack_sharing_enabled":true,"jetpack_shortlink":"https:\/\/wp.me\/p7ZJR4-aqB","jetpack_likes_enabled":false,"jetpack-related-posts":[{"id":37494,"url":"http:\/\/www.grieta.org.mx\/index.php\/2019\/08\/05\/piden-investigar-y-sancionar-a-minera-penasquitos-por-danos-en-zacatecas\/","url_meta":{"origin":40089,"position":0},"title":"Piden investigar y sancionar a minera Pe\u00f1asquitos por da\u00f1os en Zacatecas","author":"grieta","date":"5 agosto, 2019","format":false,"excerpt":"El Estado est\u00e1 incurriendo las actividades de contaminaci\u00f3n ambiental y el despojo de las tierras de los ejidatarios afectados, afirman Manrique Gandaria | El Sol de M\u00e9xico, 5 de agosto de 2019 La organizaci\u00f3n de derechos humanos Red Solidaria D\u00e9cada contra la Impunidad y la Coordinadora Plan de Ayala, pudieron\u2026","rel":"","context":"En &quot;CINTILLO&quot;","block_context":{"text":"CINTILLO","link":"http:\/\/www.grieta.org.mx\/index.php\/category\/cintillo\/"},"img":{"alt_text":"","src":"https:\/\/i0.wp.com\/www.grieta.org.mx\/wp-content\/uploads\/2018\/03\/14524434_1106112876131411_958039263622046936_o.jpg?resize=350%2C200","width":350,"height":200,"srcset":"https:\/\/i0.wp.com\/www.grieta.org.mx\/wp-content\/uploads\/2018\/03\/14524434_1106112876131411_958039263622046936_o.jpg?resize=350%2C200 1x, https:\/\/i0.wp.com\/www.grieta.org.mx\/wp-content\/uploads\/2018\/03\/14524434_1106112876131411_958039263622046936_o.jpg?resize=525%2C300 1.5x, https:\/\/i0.wp.com\/www.grieta.org.mx\/wp-content\/uploads\/2018\/03\/14524434_1106112876131411_958039263622046936_o.jpg?resize=700%2C400 2x"},"classes":[]},{"id":56058,"url":"http:\/\/www.grieta.org.mx\/index.php\/2020\/12\/26\/acusan-contubernio-de-municipio-con-empresa-minera-zacatecas\/","url_meta":{"origin":40089,"position":1},"title":"Acusan contubernio de Municipio con empresa minera (Zacatecas)","author":"grieta","date":"26 diciembre, 2020","format":false,"excerpt":"MIRIAM SERRANO \/ NTRZACATECAS.COM, 26 de diciembre de 2020 MAZAPIL. Roberto de la Rosa D\u00e1vila, l\u00edder comunitario de Salaverna, denunci\u00f3 que existe contubernio entre el presidente municipal, Gregorio Mac\u00edas Z\u00fa\u00f1iga, y directivos de la empresa minera Frisco-Tayahua, de Carlos Slim, al violar los derechos humanos de los habitantes del municipio.\u2026","rel":"","context":"En &quot;CINTILLO&quot;","block_context":{"text":"CINTILLO","link":"http:\/\/www.grieta.org.mx\/index.php\/category\/cintillo\/"},"img":{"alt_text":"","src":"https:\/\/i0.wp.com\/www.grieta.org.mx\/wp-content\/uploads\/2020\/12\/mazapil-1.jpg?resize=350%2C200","width":350,"height":200,"srcset":"https:\/\/i0.wp.com\/www.grieta.org.mx\/wp-content\/uploads\/2020\/12\/mazapil-1.jpg?resize=350%2C200 1x, https:\/\/i0.wp.com\/www.grieta.org.mx\/wp-content\/uploads\/2020\/12\/mazapil-1.jpg?resize=525%2C300 1.5x, https:\/\/i0.wp.com\/www.grieta.org.mx\/wp-content\/uploads\/2020\/12\/mazapil-1.jpg?resize=700%2C400 2x"},"classes":[]},{"id":63198,"url":"http:\/\/www.grieta.org.mx\/index.php\/2022\/01\/02\/defiende-ocmal-a-lideres-de-salaverna-zacatecas\/","url_meta":{"origin":40089,"position":2},"title":"Defiende OCMAL a l\u00edderes de Salaverna (Zacatecas)","author":"grieta","date":"2 enero, 2022","format":false,"excerpt":"domingo, 2 de enero de 2022 KAREN CALDER\u00d3N | NTRZACATECAS.COM La Red del Observatorio de Conflictos Mineros de Am\u00e9rica Latina (OCMAL), a trav\u00e9s de un comunicado, solicit\u00f3 al presidente de la Rep\u00fablica Mexicana, Andr\u00e9s Manuel L\u00f3pez Obrador, y al gobernador del estado, David Monreal \u00c1vila, poner un alto a la\u2026","rel":"","context":"En &quot;CINTILLO&quot;","block_context":{"text":"CINTILLO","link":"http:\/\/www.grieta.org.mx\/index.php\/category\/cintillo\/"},"img":{"alt_text":"","src":"https:\/\/i0.wp.com\/www.grieta.org.mx\/wp-content\/uploads\/2018\/03\/14524434_1106112876131411_958039263622046936_o.jpg?resize=350%2C200","width":350,"height":200,"srcset":"https:\/\/i0.wp.com\/www.grieta.org.mx\/wp-content\/uploads\/2018\/03\/14524434_1106112876131411_958039263622046936_o.jpg?resize=350%2C200 1x, https:\/\/i0.wp.com\/www.grieta.org.mx\/wp-content\/uploads\/2018\/03\/14524434_1106112876131411_958039263622046936_o.jpg?resize=525%2C300 1.5x, https:\/\/i0.wp.com\/www.grieta.org.mx\/wp-content\/uploads\/2018\/03\/14524434_1106112876131411_958039263622046936_o.jpg?resize=700%2C400 2x"},"classes":[]},{"id":33280,"url":"http:\/\/www.grieta.org.mx\/index.php\/2019\/05\/03\/ejidatarios-de-cedros-mazapil-denuncian-danos-por-plomo-culpan-a-penasquito\/","url_meta":{"origin":40089,"position":3},"title":"Ejidatarios de Cedros, Mazapil denuncian da\u00f1os por plomo; culpan a Pe\u00f1asquito","author":"grieta","date":"3 mayo, 2019","format":false,"excerpt":"Juan Castro\/El Sol de Zacatecas Zacatecas, Zac.- Ejidatarios de la comunidad de Cedros, perteneciente al municipio de Mazapil, expresaron que el d\u00eda 18 de abril, en una primera etapa, hicieron estudios m\u00e9dicos a 108 habitantes, lo que dio como resultado que 104 salieron con metales pesados en el organismo, como\u2026","rel":"","context":"En &quot;CINTILLO&quot;","block_context":{"text":"CINTILLO","link":"http:\/\/www.grieta.org.mx\/index.php\/category\/cintillo\/"},"img":{"alt_text":"","src":"https:\/\/i0.wp.com\/www.grieta.org.mx\/wp-content\/uploads\/2019\/05\/z1.jpg?resize=350%2C200","width":350,"height":200,"srcset":"https:\/\/i0.wp.com\/www.grieta.org.mx\/wp-content\/uploads\/2019\/05\/z1.jpg?resize=350%2C200 1x, https:\/\/i0.wp.com\/www.grieta.org.mx\/wp-content\/uploads\/2019\/05\/z1.jpg?resize=525%2C300 1.5x, https:\/\/i0.wp.com\/www.grieta.org.mx\/wp-content\/uploads\/2019\/05\/z1.jpg?resize=700%2C400 2x"},"classes":[]},{"id":36358,"url":"http:\/\/www.grieta.org.mx\/index.php\/2019\/05\/01\/acaba-mina-de-plata-con-agua-en-zacatecas\/","url_meta":{"origin":40089,"position":4},"title":"Acaba mina de plata con agua en Zacatecas","author":"grieta","date":"1 mayo, 2019","format":false,"excerpt":"El l\u00edder del Frente Popular de Lucha asegur\u00f3 que han devastado la actividad productiva de la regi\u00f3n Carlos Lara | El sol de M\u00e9xico, 19 de mayo de 20199 Cat\u00e1strofe y destrucci\u00f3n es lo que ha provocado la operaci\u00f3n de la Mina Pe\u00f1asquito en Zacatecas; el Frente Popular de Lucha\u2026","rel":"","context":"En &quot;Conflictos mineros en Zacatecas&quot;","block_context":{"text":"Conflictos mineros en Zacatecas","link":"http:\/\/www.grieta.org.mx\/index.php\/category\/noticias-nacionales\/zacatecas\/explotacion-y-precariedad-laboral-zacatecas\/conflictos-mineros-en-zacatecas\/"},"img":{"alt_text":"","src":"https:\/\/i0.wp.com\/www.grieta.org.mx\/wp-content\/uploads\/2019\/07\/mina.jpg?resize=350%2C200","width":350,"height":200,"srcset":"https:\/\/i0.wp.com\/www.grieta.org.mx\/wp-content\/uploads\/2019\/07\/mina.jpg?resize=350%2C200 1x, https:\/\/i0.wp.com\/www.grieta.org.mx\/wp-content\/uploads\/2019\/07\/mina.jpg?resize=525%2C300 1.5x, https:\/\/i0.wp.com\/www.grieta.org.mx\/wp-content\/uploads\/2019\/07\/mina.jpg?resize=700%2C400 2x"},"classes":[]},{"id":38512,"url":"http:\/\/www.grieta.org.mx\/index.php\/2019\/08\/23\/falso-que-haya-avances-en-negociaciones-con-penasquito-fcam-zacatecas\/","url_meta":{"origin":40089,"position":5},"title":"Falso que haya avances en negociaciones con Pe\u00f1asquito: FCAM (Zacatecas)","author":"grieta","date":"23 agosto, 2019","format":false,"excerpt":"Staff, NTR Zacatecas, 23 de agosto de 2019 Ciudad de M\u00e9xico.- Como principal cabeza en las mesas de negociaci\u00f3n que se llevan a cabo en la Secretar\u00eda de Gobernaci\u00f3n (Segob), entre ejidatarios, transportistas y la trasnacional Newmont-Goldcorp, Felipe Pinedo Hern\u00e1ndez, dirigente del Frente de Comunidades Afectadas por la Miner\u00eda (FCAM),\u2026","rel":"","context":"En &quot;CINTILLO&quot;","block_context":{"text":"CINTILLO","link":"http:\/\/www.grieta.org.mx\/index.php\/category\/cintillo\/"},"img":{"alt_text":"","src":"https:\/\/i0.wp.com\/www.grieta.org.mx\/wp-content\/uploads\/2018\/03\/14524434_1106112876131411_958039263622046936_o.jpg?resize=350%2C200","width":350,"height":200,"srcset":"https:\/\/i0.wp.com\/www.grieta.org.mx\/wp-content\/uploads\/2018\/03\/14524434_1106112876131411_958039263622046936_o.jpg?resize=350%2C200 1x, https:\/\/i0.wp.com\/www.grieta.org.mx\/wp-content\/uploads\/2018\/03\/14524434_1106112876131411_958039263622046936_o.jpg?resize=525%2C300 1.5x, https:\/\/i0.wp.com\/www.grieta.org.mx\/wp-content\/uploads\/2018\/03\/14524434_1106112876131411_958039263622046936_o.jpg?resize=700%2C400 2x"},"classes":[]}],"_links":{"self":[{"href":"http:\/\/www.grieta.org.mx\/index.php\/wp-json\/wp\/v2\/posts\/40089","targetHints":{"allow":["GET"]}}],"collection":[{"href":"http:\/\/www.grieta.org.mx\/index.php\/wp-json\/wp\/v2\/posts"}],"about":[{"href":"http:\/\/www.grieta.org.mx\/index.php\/wp-json\/wp\/v2\/types\/post"}],"author":[{"embeddable":true,"href":"http:\/\/www.grieta.org.mx\/index.php\/wp-json\/wp\/v2\/users\/2"}],"replies":[{"embeddable":true,"href":"http:\/\/www.grieta.org.mx\/index.php\/wp-json\/wp\/v2\/comments?post=40089"}],"version-history":[{"count":1,"href":"http:\/\/www.grieta.org.mx\/index.php\/wp-json\/wp\/v2\/posts\/40089\/revisions"}],"predecessor-version":[{"id":40093,"href":"http:\/\/www.grieta.org.mx\/index.php\/wp-json\/wp\/v2\/posts\/40089\/revisions\/40093"}],"wp:featuredmedia":[{"embeddable":true,"href":"http:\/\/www.grieta.org.mx\/index.php\/wp-json\/wp\/v2\/media\/40090"}],"wp:attachment":[{"href":"http:\/\/www.grieta.org.mx\/index.php\/wp-json\/wp\/v2\/media?parent=40089"}],"wp:term":[{"taxonomy":"category","embeddable":true,"href":"http:\/\/www.grieta.org.mx\/index.php\/wp-json\/wp\/v2\/categories?post=40089"},{"taxonomy":"post_tag","embeddable":true,"href":"http:\/\/www.grieta.org.mx\/index.php\/wp-json\/wp\/v2\/tags?post=40089"}],"curies":[{"name":"wp","href":"https:\/\/api.w.org\/{rel}","templated":true}]}}