{"id":40079,"date":"2019-10-08T11:20:51","date_gmt":"2019-10-08T16:20:51","guid":{"rendered":"http:\/\/www.grieta.org.mx\/?p=40079"},"modified":"2019-10-09T11:26:24","modified_gmt":"2019-10-09T16:26:24","slug":"mineria-y-sustentabilidad-ambiental-son-incompatibles-asegura-investigadora-de-la-unam-zacatecas","status":"publish","type":"post","link":"http:\/\/www.grieta.org.mx\/index.php\/2019\/10\/08\/mineria-y-sustentabilidad-ambiental-son-incompatibles-asegura-investigadora-de-la-unam-zacatecas\/","title":{"rendered":"Miner\u00eda y sustentabilidad ambiental son incompatibles, asegura investigadora de la UNAM (Zacatecas)"},"content":{"rendered":"<blockquote><p>En las comunidades se reportan fuertes impactos negativos por la miner\u00eda, y a pesar de ello, el marco regulatorio no est\u00e1 a la par de la problem\u00e1tica<\/p><\/blockquote>\n<p>&nbsp;<\/p>\n<figure id=\"attachment_40080\" aria-describedby=\"caption-attachment-40080\" style=\"width: 800px\" class=\"wp-caption aligncenter\"><img loading=\"lazy\" decoding=\"async\" data-attachment-id=\"40080\" data-permalink=\"http:\/\/www.grieta.org.mx\/index.php\/2019\/10\/08\/mineria-y-sustentabilidad-ambiental-son-incompatibles-asegura-investigadora-de-la-unam-zacatecas\/coal-1626368_960_720\/\" data-orig-file=\"http:\/\/www.grieta.org.mx\/wp-content\/uploads\/2019\/10\/coal-1626368_960_720.jpg\" data-orig-size=\"678,381\" data-comments-opened=\"0\" data-image-meta=\"{&quot;aperture&quot;:&quot;0&quot;,&quot;credit&quot;:&quot;&quot;,&quot;camera&quot;:&quot;&quot;,&quot;caption&quot;:&quot;&quot;,&quot;created_timestamp&quot;:&quot;1570474961&quot;,&quot;copyright&quot;:&quot;&quot;,&quot;focal_length&quot;:&quot;0&quot;,&quot;iso&quot;:&quot;0&quot;,&quot;shutter_speed&quot;:&quot;0&quot;,&quot;title&quot;:&quot;&quot;,&quot;orientation&quot;:&quot;1&quot;}\" data-image-title=\"coal-1626368_960_720\" data-image-description=\"\" data-image-caption=\"&lt;p&gt;Miner\u00eda y sustentabilidad ambiental son incompatibles, asegura investigadora de la UNAM. Imagen: www.pacozea.com&lt;\/p&gt;\n\" data-medium-file=\"http:\/\/www.grieta.org.mx\/wp-content\/uploads\/2019\/10\/coal-1626368_960_720-300x169.jpg\" data-large-file=\"http:\/\/www.grieta.org.mx\/wp-content\/uploads\/2019\/10\/coal-1626368_960_720.jpg\" class=\"wp-image-40080\" src=\"http:\/\/www.grieta.org.mx\/wp-content\/uploads\/2019\/10\/coal-1626368_960_720.jpg\" alt=\"\" width=\"800\" height=\"450\" srcset=\"http:\/\/www.grieta.org.mx\/wp-content\/uploads\/2019\/10\/coal-1626368_960_720.jpg 678w, http:\/\/www.grieta.org.mx\/wp-content\/uploads\/2019\/10\/coal-1626368_960_720-300x169.jpg 300w\" sizes=\"auto, (max-width: 800px) 100vw, 800px\" \/><figcaption id=\"caption-attachment-40080\" class=\"wp-caption-text\">Miner\u00eda y sustentabilidad ambiental son incompatibles, asegura investigadora de la UNAM. Imagen: www.pacozea.com<\/figcaption><\/figure>\n<p>Zacatecas, 8 de octubre de 2019<br \/>\nCreer que la miner\u00eda es sin\u00f3nimo de progreso y desarrollo es irrisorio; se deben tomar en cuenta sus implicaciones negativas, pues es una actividad incompatible con la sustentabilidad ambiental y soberan\u00eda h\u00eddrica del pa\u00eds, afirm\u00f3 Sol P\u00e9rez Jim\u00e9nez, maestra y candidata a doctora en Geograf\u00eda Ambiental por la UNAM.<\/p>\n<p>En las comunidades se reportan fuertes impactos negativos por la miner\u00eda, y a pesar de ello, el marco regulatorio, incluso de derechos humanos, no est\u00e1 a la par de la problem\u00e1tica.<\/p>\n<p>Por ejemplo, por esta industria hay tala excesiva de vegetaci\u00f3n, p\u00e9rdida de biodiversidad y perturbaci\u00f3n del entorno, que van en detrimento del ambiente; en t\u00e9rminos sociales, se persigue y criminaliza a dirigentes y defensores ambientales, hay desplazamiento forzoso de comunidades y aumenta la desigualdad y violencia, subray\u00f3.<\/p>\n<p>En el \u00e1mbito econ\u00f3mico, hay marginaci\u00f3n y se pierden actividades productivas tradicionales, como la agricultura. Todo ello sin contar las afectaciones a la salud de la poblaci\u00f3n debido a la liberaci\u00f3n de metales pesados.<\/p>\n<p>La universitaria expuso que en M\u00e9xico hay un aumento constante de los proyectos mineros, y en la \u00faltima d\u00e9cada se ha incrementado el n\u00famero de conflictos relacionados con el sector, as\u00ed como el asesinato y persecuci\u00f3n de defensores ambientales, muchos de ellos ind\u00edgenas.<\/p>\n<p>Seg\u00fan datos de la Secretar\u00eda de Econom\u00eda, en 2010 estaban registrados 677 proyectos, y para 2017 ya eran m\u00e1s de mil 500, lo que implica mayor presi\u00f3n para los recursos naturales. \u201cAntes de continuar por ese camino, se deber\u00eda tomar en cuenta que M\u00e9xico atraviesa por la mayor crisis ambiental de su historia. Debemos cuidar los recursos y la soberan\u00eda h\u00eddrica del pa\u00eds, pues en menos de una d\u00e9cada 130 acu\u00edferos pasaron a tener d\u00e9ficit\u201d, alert\u00f3.<\/p>\n<p>En la actualidad \u201cregalamos y contaminamos los recursos o bienes de los que dependen cientos de comunidades ind\u00edgenas, campesinas y urbanas, para el enriquecimiento de los magnates del pa\u00eds\u201d, dijo.<\/p>\n<p>Al respecto, Beatriz Olivera, integrante de Fundar, Centro de An\u00e1lisis e Investigaci\u00f3n, detall\u00f3 que desde 2015 el aporte que hace la miner\u00eda a las finanzas p\u00fablicas de M\u00e9xico es de menos del uno por ciento; en 2018 contribuy\u00f3 con 0.56 por ciento de los ingresos que recaud\u00f3 el Estado.<\/p>\n<p>\u201cSe dice que esta actividad es palanca de desarrollo nacional, pero la industria extractivas genera 0.66 por ciento del empleo asegurado del pa\u00eds; en 2016 fueron s\u00f3lo 120 mil puestos, y buena parte de ellos operan bajo outsourcing\u201d.<\/p>\n<p>En los centros productores de oro, casi 50 por ciento de la poblaci\u00f3n vive en condiciones de pobreza, y al 55 por ciento no le alcanza para adquirir la canasta b\u00e1sica alimentaria; en los centros productores de plata este \u00faltimo porcentaje se eleva a 65 por ciento. En tanto, a la exploraci\u00f3n y explotaci\u00f3n de minerales corresponde s\u00f3lo 0.9 del producto interno bruto.<\/p>\n<p>Rodolfo Garc\u00eda Zamora, director de la Unidad Acad\u00e9mica en Estudios del Desarrollo de la Universidad Aut\u00f3noma de Zacatecas, expuso que ese estado, con la experiencia de cinco siglos, puede constatar que la miner\u00eda no es un motor de desarrollo, sino un factor de destrucci\u00f3n de los territorios y de las comunidades.<\/p>\n<p>\u201cLa miner\u00eda implica mucha riqueza para los poderosos, pero pobreza, explotaci\u00f3n, desigualdad y ecocidio para las comunidades. Afecta radicalmente las econom\u00edas locales y regionales; las grandes corporaciones se convierten en aut\u00e9nticos gobiernos en esos territorios, y los gobernadores en sus lacayos. Ante ese panorama, el marco legal institucionaliza el despojo y los conflictos\u201d, concluy\u00f3.<\/p>\n<p><a href=\"https:\/\/www.pacozea.com\/mineria-y-sustentabilidad-ambiental-son-incompatibles-asegura-investigadora-de-la-unam\">https:\/\/www.pacozea.com\/mineria-y-sustentabilidad-ambiental-son-incompatibles-asegura-investigadora-de-la-unam<\/a><\/p>\n","protected":false},"excerpt":{"rendered":"<p>En las comunidades se reportan fuertes impactos negativos por la miner\u00eda, y a pesar de ello, el marco regulatorio no est\u00e1 a la par de la problem\u00e1tica &nbsp; Zacatecas, 8 &hellip; <a href=\"http:\/\/www.grieta.org.mx\/index.php\/2019\/10\/08\/mineria-y-sustentabilidad-ambiental-son-incompatibles-asegura-investigadora-de-la-unam-zacatecas\/\" class=\"more-link\">Leer m\u00e1s<\/a><\/p>\n","protected":false},"author":2,"featured_media":40080,"comment_status":"closed","ping_status":"closed","sticky":false,"template":"","format":"standard","meta":{"ngg_post_thumbnail":0,"_jetpack_newsletter_access":"","_jetpack_dont_email_post_to_subs":false,"_jetpack_newsletter_tier_id":0,"_jetpack_memberships_contains_paywalled_content":false,"_jetpack_memberships_contains_paid_content":false,"footnotes":""},"categories":[80,1973,1505,76],"tags":[2216,394,1178,2846],"class_list":["post-40079","post","type-post","status-publish","format-standard","has-post-thumbnail","hentry","category-cintillo","category-conflictos-mineros-en-zacatecas","category-danos-ambientales-y-a-la-salud-por-mineria-en-zacatecas","category-zacatecas","tag-conflictos-por-mineria","tag-contaminacion-por-mineria","tag-destruccion-de-la-naturaleza","tag-lucha-contra-la-mineria","entry"],"jetpack_featured_media_url":"http:\/\/www.grieta.org.mx\/wp-content\/uploads\/2019\/10\/coal-1626368_960_720.jpg","jetpack_sharing_enabled":true,"jetpack_shortlink":"https:\/\/wp.me\/p7ZJR4-aqr","jetpack_likes_enabled":false,"jetpack-related-posts":[{"id":38782,"url":"http:\/\/www.grieta.org.mx\/index.php\/2019\/09\/03\/rema-interpone-nuevo-juicio-zacatecas\/","url_meta":{"origin":40079,"position":0},"title":"REMA interpone nuevo juicio (Zacatecas)","author":"grieta","date":"3 septiembre, 2019","format":false,"excerpt":"Silvia Alvarado \/ NTR Zacatecas, 03 de septiembre de 2019 La Red Mexicana de Afectados por la Miner\u00eda (REMA) inform\u00f3 que fue interpuesto ante el Tribunal Unitario Agrario, el segundo juicio de nulidad del acta de asamblea realizada el 14 de octubre de 218 en El Potrero, en el que\u2026","rel":"","context":"En &quot;CINTILLO&quot;","block_context":{"text":"CINTILLO","link":"http:\/\/www.grieta.org.mx\/index.php\/category\/cintillo\/"},"img":{"alt_text":"","src":"https:\/\/i0.wp.com\/www.grieta.org.mx\/wp-content\/uploads\/2019\/09\/rema-1.jpeg?resize=350%2C200","width":350,"height":200,"srcset":"https:\/\/i0.wp.com\/www.grieta.org.mx\/wp-content\/uploads\/2019\/09\/rema-1.jpeg?resize=350%2C200 1x, https:\/\/i0.wp.com\/www.grieta.org.mx\/wp-content\/uploads\/2019\/09\/rema-1.jpeg?resize=525%2C300 1.5x, https:\/\/i0.wp.com\/www.grieta.org.mx\/wp-content\/uploads\/2019\/09\/rema-1.jpeg?resize=700%2C400 2x"},"classes":[]},{"id":37494,"url":"http:\/\/www.grieta.org.mx\/index.php\/2019\/08\/05\/piden-investigar-y-sancionar-a-minera-penasquitos-por-danos-en-zacatecas\/","url_meta":{"origin":40079,"position":1},"title":"Piden investigar y sancionar a minera Pe\u00f1asquitos por da\u00f1os en Zacatecas","author":"grieta","date":"5 agosto, 2019","format":false,"excerpt":"El Estado est\u00e1 incurriendo las actividades de contaminaci\u00f3n ambiental y el despojo de las tierras de los ejidatarios afectados, afirman Manrique Gandaria | El Sol de M\u00e9xico, 5 de agosto de 2019 La organizaci\u00f3n de derechos humanos Red Solidaria D\u00e9cada contra la Impunidad y la Coordinadora Plan de Ayala, pudieron\u2026","rel":"","context":"En &quot;CINTILLO&quot;","block_context":{"text":"CINTILLO","link":"http:\/\/www.grieta.org.mx\/index.php\/category\/cintillo\/"},"img":{"alt_text":"","src":"https:\/\/i0.wp.com\/www.grieta.org.mx\/wp-content\/uploads\/2018\/03\/14524434_1106112876131411_958039263622046936_o.jpg?resize=350%2C200","width":350,"height":200,"srcset":"https:\/\/i0.wp.com\/www.grieta.org.mx\/wp-content\/uploads\/2018\/03\/14524434_1106112876131411_958039263622046936_o.jpg?resize=350%2C200 1x, https:\/\/i0.wp.com\/www.grieta.org.mx\/wp-content\/uploads\/2018\/03\/14524434_1106112876131411_958039263622046936_o.jpg?resize=525%2C300 1.5x, https:\/\/i0.wp.com\/www.grieta.org.mx\/wp-content\/uploads\/2018\/03\/14524434_1106112876131411_958039263622046936_o.jpg?resize=700%2C400 2x"},"classes":[]},{"id":29885,"url":"http:\/\/www.grieta.org.mx\/index.php\/2019\/02\/02\/lidera-mineria-conflictos-sociales-coahuila\/","url_meta":{"origin":40079,"position":2},"title":"Lidera miner\u00eda conflictos sociales (Coahuila)","author":"grieta","date":"2 febrero, 2019","format":false,"excerpt":"Coahuila es uno de los estados con hechos violentos asociados a proyectos mineros Coahuila es uno de los estados con hechos violentos asociados a la miner\u00eda, seg\u00fan el estudio. (ARCHIVO) EL SIGLO DE TORRE\u00d3N\/AGENCIAS En los \u00faltimos 12 a\u00f1os en M\u00e9xico se registraron al menos 879 conflictos sociales y ambientales\u2026","rel":"","context":"En &quot;Chihuahua&quot;","block_context":{"text":"Chihuahua","link":"http:\/\/www.grieta.org.mx\/index.php\/category\/noticias-nacionales\/chihuahua\/"},"img":{"alt_text":"","src":"https:\/\/i0.wp.com\/www.grieta.org.mx\/wp-content\/uploads\/2019\/03\/Minera-Coahuila.jpeg?resize=350%2C200","width":350,"height":200,"srcset":"https:\/\/i0.wp.com\/www.grieta.org.mx\/wp-content\/uploads\/2019\/03\/Minera-Coahuila.jpeg?resize=350%2C200 1x, https:\/\/i0.wp.com\/www.grieta.org.mx\/wp-content\/uploads\/2019\/03\/Minera-Coahuila.jpeg?resize=525%2C300 1.5x, https:\/\/i0.wp.com\/www.grieta.org.mx\/wp-content\/uploads\/2019\/03\/Minera-Coahuila.jpeg?resize=700%2C400 2x, https:\/\/i0.wp.com\/www.grieta.org.mx\/wp-content\/uploads\/2019\/03\/Minera-Coahuila.jpeg?resize=1050%2C600 3x, https:\/\/i0.wp.com\/www.grieta.org.mx\/wp-content\/uploads\/2019\/03\/Minera-Coahuila.jpeg?resize=1400%2C800 4x"},"classes":[]},{"id":43062,"url":"http:\/\/www.grieta.org.mx\/index.php\/2020\/01\/13\/ratifican-ejidatarios-rechazo-a-presa-milpillas-zacatecas\/","url_meta":{"origin":40079,"position":3},"title":"Ratifican ejidatarios rechazo a presa Milpillas (Zacatecas)","author":"grieta","date":"13 enero, 2020","format":false,"excerpt":"MIRIAM SERRANO\/ NTR Zacatecas, 13 de enero de 2020 JIM\u00c9NEZ DEL TE\u00daL.- Luego de que el pasado 4 enero se llev\u00f3 a cabo una asamblea en el Ejido Atotonilco, se inform\u00f3 que ejidatarios de esta localidad y de El Potrero de manera un\u00e1nime ratificaron su rechazo a la autorizaci\u00f3n de\u2026","rel":"","context":"En &quot;CINTILLO&quot;","block_context":{"text":"CINTILLO","link":"http:\/\/www.grieta.org.mx\/index.php\/category\/cintillo\/"},"img":{"alt_text":"","src":"https:\/\/i0.wp.com\/www.grieta.org.mx\/wp-content\/uploads\/2018\/03\/14524434_1106112876131411_958039263622046936_o.jpg?resize=350%2C200","width":350,"height":200,"srcset":"https:\/\/i0.wp.com\/www.grieta.org.mx\/wp-content\/uploads\/2018\/03\/14524434_1106112876131411_958039263622046936_o.jpg?resize=350%2C200 1x, https:\/\/i0.wp.com\/www.grieta.org.mx\/wp-content\/uploads\/2018\/03\/14524434_1106112876131411_958039263622046936_o.jpg?resize=525%2C300 1.5x, https:\/\/i0.wp.com\/www.grieta.org.mx\/wp-content\/uploads\/2018\/03\/14524434_1106112876131411_958039263622046936_o.jpg?resize=700%2C400 2x"},"classes":[]},{"id":29888,"url":"http:\/\/www.grieta.org.mx\/index.php\/2019\/03\/02\/mineria-y-energia-detonan-879-conflictos-en-mexico-los-ligan-al-crimen-empresas-y-gobiernos\/","url_meta":{"origin":40079,"position":4},"title":"Miner\u00eda y energ\u00eda detonan 879 conflictos en M\u00e9xico; los ligan al crimen, empresas y gobiernos","author":"grieta","date":"2 marzo, 2019","format":false,"excerpt":"Redacci\u00f3n\/SIN EMBARGO El informe realizado por Gisela Zaremberg (de Flacso) y Valeria Guarneros-Meza (de la inglesa Montfort University) detalla que en los conflictos derivados por proyectos mineros, las empresas m\u00e1s involucradas son: Grupo M\u00e9xico (con 30 casos registrados); Ternium (con 25); Goldcorp Inc (con 22); Grupo Frisco (con 18); Almaden\u2026","rel":"","context":"En &quot;Chihuahua&quot;","block_context":{"text":"Chihuahua","link":"http:\/\/www.grieta.org.mx\/index.php\/category\/noticias-nacionales\/chihuahua\/"},"img":{"alt_text":"","src":"https:\/\/i0.wp.com\/www.grieta.org.mx\/wp-content\/uploads\/2019\/03\/mapa-mineria.png?resize=350%2C200","width":350,"height":200,"srcset":"https:\/\/i0.wp.com\/www.grieta.org.mx\/wp-content\/uploads\/2019\/03\/mapa-mineria.png?resize=350%2C200 1x, https:\/\/i0.wp.com\/www.grieta.org.mx\/wp-content\/uploads\/2019\/03\/mapa-mineria.png?resize=525%2C300 1.5x, https:\/\/i0.wp.com\/www.grieta.org.mx\/wp-content\/uploads\/2019\/03\/mapa-mineria.png?resize=700%2C400 2x"},"classes":[]},{"id":56371,"url":"http:\/\/www.grieta.org.mx\/index.php\/2020\/11\/24\/rema-celebra-12-anos-de-resistencia-del-pueblo-de-salaverna-contra-la-mineria-zacatecas\/","url_meta":{"origin":40079,"position":5},"title":"Rema celebra 12 a\u00f1os de resistencia del pueblo de Salaverna contra la miner\u00eda (Zacatecas)","author":"grieta","date":"24 noviembre, 2020","format":false,"excerpt":"Autor: Jordana Gonzalez \/Contralinea, 24 de noviembre de 2020 La Red Mexicana de Afectados por la Miner\u00eda (Rema) celebr\u00f3 los 12 a\u00f1os de resistencia del pueblo de Salaverna \u2013en Mazapil, Zacatecas\u2013 contra el proyecto minero de Frisco, propiedad del empresario Carlos Slim. La comunidad contin\u00faa luchando para que la empresa\u2026","rel":"","context":"En &quot;CINTILLO&quot;","block_context":{"text":"CINTILLO","link":"http:\/\/www.grieta.org.mx\/index.php\/category\/cintillo\/"},"img":{"alt_text":"","src":"https:\/\/i0.wp.com\/www.grieta.org.mx\/wp-content\/uploads\/2021\/01\/adolfo-vladimir.jpg?resize=350%2C200","width":350,"height":200,"srcset":"https:\/\/i0.wp.com\/www.grieta.org.mx\/wp-content\/uploads\/2021\/01\/adolfo-vladimir.jpg?resize=350%2C200 1x, https:\/\/i0.wp.com\/www.grieta.org.mx\/wp-content\/uploads\/2021\/01\/adolfo-vladimir.jpg?resize=525%2C300 1.5x"},"classes":[]}],"_links":{"self":[{"href":"http:\/\/www.grieta.org.mx\/index.php\/wp-json\/wp\/v2\/posts\/40079","targetHints":{"allow":["GET"]}}],"collection":[{"href":"http:\/\/www.grieta.org.mx\/index.php\/wp-json\/wp\/v2\/posts"}],"about":[{"href":"http:\/\/www.grieta.org.mx\/index.php\/wp-json\/wp\/v2\/types\/post"}],"author":[{"embeddable":true,"href":"http:\/\/www.grieta.org.mx\/index.php\/wp-json\/wp\/v2\/users\/2"}],"replies":[{"embeddable":true,"href":"http:\/\/www.grieta.org.mx\/index.php\/wp-json\/wp\/v2\/comments?post=40079"}],"version-history":[{"count":1,"href":"http:\/\/www.grieta.org.mx\/index.php\/wp-json\/wp\/v2\/posts\/40079\/revisions"}],"predecessor-version":[{"id":40081,"href":"http:\/\/www.grieta.org.mx\/index.php\/wp-json\/wp\/v2\/posts\/40079\/revisions\/40081"}],"wp:featuredmedia":[{"embeddable":true,"href":"http:\/\/www.grieta.org.mx\/index.php\/wp-json\/wp\/v2\/media\/40080"}],"wp:attachment":[{"href":"http:\/\/www.grieta.org.mx\/index.php\/wp-json\/wp\/v2\/media?parent=40079"}],"wp:term":[{"taxonomy":"category","embeddable":true,"href":"http:\/\/www.grieta.org.mx\/index.php\/wp-json\/wp\/v2\/categories?post=40079"},{"taxonomy":"post_tag","embeddable":true,"href":"http:\/\/www.grieta.org.mx\/index.php\/wp-json\/wp\/v2\/tags?post=40079"}],"curies":[{"name":"wp","href":"https:\/\/api.w.org\/{rel}","templated":true}]}}