{"id":40061,"date":"2019-10-05T13:07:19","date_gmt":"2019-10-05T18:07:19","guid":{"rendered":"http:\/\/www.grieta.org.mx\/?p=40061"},"modified":"2019-10-08T13:14:55","modified_gmt":"2019-10-08T18:14:55","slug":"amenazan-a-familia-de-la-activista-asesinada-zenaida-pulido-michoacan","status":"publish","type":"post","link":"http:\/\/www.grieta.org.mx\/index.php\/2019\/10\/05\/amenazan-a-familia-de-la-activista-asesinada-zenaida-pulido-michoacan\/","title":{"rendered":"Amenazan a familia de la activista asesinada Zenaida Pulido (Michoac\u00e1n)"},"content":{"rendered":"<figure id=\"attachment_40062\" aria-describedby=\"caption-attachment-40062\" style=\"width: 800px\" class=\"wp-caption aligncenter\"><img loading=\"lazy\" decoding=\"async\" data-attachment-id=\"40062\" data-permalink=\"http:\/\/www.grieta.org.mx\/index.php\/2019\/10\/05\/amenazan-a-familia-de-la-activista-asesinada-zenaida-pulido-michoacan\/https-_www-animalpolitico-com_wp-content_uploads_2019_07_zenaida2-e1564057364412\/\" data-orig-file=\"http:\/\/www.grieta.org.mx\/wp-content\/uploads\/2019\/10\/https-_www.animalpolitico.com_wp-content_uploads_2019_07_zenaida2-e1564057364412.jpg\" data-orig-size=\"1039,540\" data-comments-opened=\"0\" data-image-meta=\"{&quot;aperture&quot;:&quot;0&quot;,&quot;credit&quot;:&quot;&quot;,&quot;camera&quot;:&quot;&quot;,&quot;caption&quot;:&quot;&quot;,&quot;created_timestamp&quot;:&quot;0&quot;,&quot;copyright&quot;:&quot;&quot;,&quot;focal_length&quot;:&quot;0&quot;,&quot;iso&quot;:&quot;0&quot;,&quot;shutter_speed&quot;:&quot;0&quot;,&quot;title&quot;:&quot;&quot;,&quot;orientation&quot;:&quot;0&quot;}\" data-image-title=\"https _www.animalpolitico.com_wp-content_uploads_2019_07_zenaida2-e1564057364412\" data-image-description=\"\" data-image-caption=\"&lt;p&gt;Cortes\u00eda Caminando por la justicia&lt;\/p&gt;\n\" data-medium-file=\"http:\/\/www.grieta.org.mx\/wp-content\/uploads\/2019\/10\/https-_www.animalpolitico.com_wp-content_uploads_2019_07_zenaida2-e1564057364412-300x156.jpg\" data-large-file=\"http:\/\/www.grieta.org.mx\/wp-content\/uploads\/2019\/10\/https-_www.animalpolitico.com_wp-content_uploads_2019_07_zenaida2-e1564057364412-1024x532.jpg\" class=\"wp-image-40062\" src=\"http:\/\/www.grieta.org.mx\/wp-content\/uploads\/2019\/10\/https-_www.animalpolitico.com_wp-content_uploads_2019_07_zenaida2-e1564057364412-1024x532.jpg\" alt=\"\" width=\"800\" height=\"416\" srcset=\"http:\/\/www.grieta.org.mx\/wp-content\/uploads\/2019\/10\/https-_www.animalpolitico.com_wp-content_uploads_2019_07_zenaida2-e1564057364412-1024x532.jpg 1024w, http:\/\/www.grieta.org.mx\/wp-content\/uploads\/2019\/10\/https-_www.animalpolitico.com_wp-content_uploads_2019_07_zenaida2-e1564057364412-300x156.jpg 300w, http:\/\/www.grieta.org.mx\/wp-content\/uploads\/2019\/10\/https-_www.animalpolitico.com_wp-content_uploads_2019_07_zenaida2-e1564057364412-768x399.jpg 768w, http:\/\/www.grieta.org.mx\/wp-content\/uploads\/2019\/10\/https-_www.animalpolitico.com_wp-content_uploads_2019_07_zenaida2-e1564057364412-962x500.jpg 962w, http:\/\/www.grieta.org.mx\/wp-content\/uploads\/2019\/10\/https-_www.animalpolitico.com_wp-content_uploads_2019_07_zenaida2-e1564057364412.jpg 1039w\" sizes=\"auto, (max-width: 800px) 100vw, 800px\" \/><figcaption id=\"caption-attachment-40062\" class=\"wp-caption-text\">Foto: Cortes\u00eda Caminando por la justicia; tomada de Animal Pol\u00edtico<\/figcaption><\/figure>\n<p>Alberto Padillo, Animal Pol\u00edtico, 05 de octubre de 2019<\/p>\n<p>\u201cAs\u00ed manejan ellos todo. Matan a un familiar y a los dolientes los tienen que retirar. Ellos de eso viven, robando\u201d. Lucina Pulido tiene 43 a\u00f1os y es hermana de Zenaida Pulido, activista asesinada en Michoac\u00e1n el pasado 19 de julio. Dos meses y medio despu\u00e9s del atentado mortal, la familia Pulido ha sufrido nuevos ataques.<\/p>\n<p>Por un lado, una vivienda y dos bodegas que utilizaban para un negocio de perfumer\u00eda ubicadas en la comunidad de Huahua, municipio de Aquila, fueron saqueadas y usurpadas. Por otro, un potrero ubicado en el Ag\u00fcijote, en el mismo terreno municipal, fue asaltado. Los ladrones se llevaron 140 cabezas de ganado propiedad del patriarca, de 73 a\u00f1os.<\/p>\n<p>Todo esto ocurri\u00f3 a escasos kil\u00f3metros del lugar en el que Zenaida Pulido fue recientemente acribillada. La mujer era activista en la b\u00fasqueda de desaparecidos y buscaba a su primer esposo. Adem\u00e1s, administraba y era due\u00f1a de dos restaurantes en primera l\u00ednea de playa que hab\u00edan sido codiciados por integrantes de grupos criminales.<\/p>\n<p>Michoac\u00e1n es uno de los estados con m\u00e1s impacto de la violencia que asola M\u00e9xico. En 2018 registr\u00f3 2 mil 653 homicidios seg\u00fan datos del Sistema Nacional de Seguridad P\u00fablica (1,623 dolosos, es decir, que ten\u00edan voluntad previa de causar el da\u00f1o, y 1,030 culposos). Este a\u00f1o, con datos cerrados a 20 de septiembre, hubo 1,880 homicidios (1,192 dolosos y 668 culposos), lo que le sit\u00faa como el s\u00e9ptimo estado con mayores \u00edndices de violencia homicida.<\/p>\n<p>\u201cQueremos que alguien, el gobernador, el presidente, tomen cartas en el asunto\u201d, protesta Lucina.<\/p>\n<p>Desde el viernes 27 de septiembre la familia Pulido no pone un pie en su casa de Huahua, municipio de Aquila, en Michoac\u00e1n.<\/p>\n<p>Se trata de su segundo exilio en dos meses y medio.<\/p>\n<p>Tras el ataque que acab\u00f3 con la vida de su hermana, Lucina, sus padres, sus cuatro hermanas y su hermano abandonaron el domicilio familiar en la comunidad de Pichilinguillo, tambi\u00e9n en Aquila. Ahora se encuentran en otro lugar. No quiere especificar d\u00f3nde. Tiene miedo de que los asaltantes les persigan.<\/p>\n<p><em>\u201cNos dicen que si volvemos a nuestro domicilio nos van matar. Y cumplen sus amenazas\u201d, dice. <\/em><\/p>\n<p>Tras el asalto a sus propiedades del 27 de septiembre, la familia Pulido interpuso dos denuncias ante la Fiscal\u00eda General del Estado de Michoac\u00e1n. Aseguran que los perpetradores son antiguos miembros de Los Caballeros Templarios que ahora act\u00faan como organizaci\u00f3n criminal local denominada los Tena. Dicen que est\u00e1n vinculados tambi\u00e9n al asesinato de Zenaida, que fueron identificados y denunciados, pero que ninguna autoridad les tom\u00f3 declaraci\u00f3n ni les arrest\u00f3.<\/p>\n<p>Fuentes de la FGE rehusaron dar declaraciones sobre el caso. Alegaron que las investigaciones sobre el asesinato de Zenaida siguen su curso y que no quer\u00edan exponer a las v\u00edctimas revelando la existencia de nuevas denuncias.<\/p>\n<p><strong>Amenazas de muerte para que abandonen la comunidad<\/strong><\/p>\n<p>Lucina Pulido dice que la persecuci\u00f3n contra su familia comenz\u00f3 en el mes de abril. Seg\u00fan recoge una denuncia presentada ante la PGE, en ese momento llegaron las primeras amenazas de muerte. \u201cLe dijeron a un empleado que nos dijese que si no nos march\u00e1bamos de la comunidad nos matar\u00edan\u201d, dice. Entre abril y mayo tuvo lugar tambi\u00e9n la caravana de b\u00fasqueda de desaparecidos \u201cBuscando Encontraremos\u201d, promovida por el colectivo Familiares Caminando por la Justicia. Encontraron una fosa clandestina con 43 restos \u00f3seos. Este es, a juicio de Lucina, otro de los motivos por lo que acabaron con la vida de su hermana.<\/p>\n<p>Poco despu\u00e9s del asesinato se produjo una disputa entre allegados de Zenaida y la FGR.<\/p>\n<p>Los primeros alegaban que el ataque estuvo motivado por su activismo. Como Evangelina Contreras, que busca a su hija y al pap\u00e1 de esta, relat\u00f3 a Animal Pol\u00edtico los mensajes amenazantes que Zenaida recib\u00eda.<\/p>\n<p>La fiscal\u00eda, sin embargo, asegur\u00f3 que el origen del atentado estaba en la disputa por un predio y provoc\u00f3 el enfado de los colectivos michoacanos al decir que la v\u00edctima era comerciante y no activista.<\/p>\n<p>Lucina incluye todas las variables en su explicaci\u00f3n. Tambi\u00e9n Jerem\u00edas Ju\u00e1rez Dom\u00ednguez, el viudo. \u201cSe quer\u00edan quedar con el terreno de mi esposa en la playa. Y su activismo les hab\u00eda molestado\u201d, dice.<\/p>\n<p>Desde el 27 de septiembre la familia no ha vuelto a pisar su domicilio. Perdieron dos restaurantes en Pichilinguillo tras el asesinato de Zenaida. Acaban de perder una casa y dos bodegas, con todo su contenido. Sabe que hay bienes, como el ganado, que es probable que no recuperen.<\/p>\n<p>Llegados a este punto, lo m\u00e1s l\u00f3gico es que los asaltantes ya lo hayan vendido. Lo que Lucina pide que es que las autoridades intervengan para, al menos, recuperar sus viviendas sin temor a que les peguen un tiro. Su gran lamento: el trabajo de toda una vida, arrebatado de la noche a la ma\u00f1ana.<\/p>\n<p><em>\u201cQueremos que haya justicia, que el gobierno nos proteja\u201d, asegura Lucina.<\/em><\/p>\n<p>Este segundo exilio est\u00e1 vinculado, dice la mujer, al asesinato de su hermana. Denuncia que, a pesar de que identificaron a algunos de los hombres armados presentes en el ataque, solo dos personas fueron arrestadas. Se trata de Ricardo C.P. y Enoc C.M., que est\u00e1n encarcelados desde entonces.<\/p>\n<p><strong>Los atacantes fueron m\u00e1s, pero no han sido detenidos. <\/strong><\/p>\n<p>Lo dice Jerem\u00edas, el viudo de Zenaida, que salv\u00f3 la vida de milagro el 19 de julio. Relata que recibi\u00f3 un balazo en el hombro y pas\u00f3 dos d\u00edas escondido en el monte. Su esposa qued\u00f3 acribillada en el coche. Ambos transitaban, con una tercera persona, por la carretera entre Huaha y Pichilinguillo. Ven\u00edan de buscar al comisariado de la zona para interponer una denuncia por un asunto de tierras cuando fueron interceptados por hombres armados que no les dieron margen m\u00e1s que para que la mujer pronunciase algunas de sus \u00faltimas palabras: \u201c\u00bfqu\u00e9 quieren?\u201d<\/p>\n<p><em>\u201cNos dispararon a la llanta derecha y contra el coche. Pis\u00e9 el acelerador y camin\u00e9 unos ocho kil\u00f3metros. Ah\u00ed lo dej\u00e9 y me fui al monte. Mi esposa ya estaba muerta. Qued\u00f3 en el veh\u00edculo\u201d, dice, en conversaci\u00f3n telef\u00f3nica. Lleva tres meses en un exilio constante. Guanajuato. Nuevo Le\u00f3n. Michoac\u00e1n. <\/em><\/p>\n<p>A Ju\u00e1rez Dom\u00ednguez ya no le van a devolver a su esposa. Pero exige justicia. Al menos, que alguien le escuche. Asegura que prest\u00f3 declaraci\u00f3n en varias ocasiones pero que solo fueron arrestados dos de los responsables del ataque.<\/p>\n<p>En su relato queda expuesto el nivel de impunidad con el que grupos armados operan en Michoac\u00e1n. \u00c9l ha denunciado, aunque tiene miedo. Como toda su familia pol\u00edtica. Otros abandonan sus propiedades en silencio<br \/>\n<em><br \/>\n\u201cPor aqu\u00ed hay much\u00edsima gente con el mismo caso. Todos tenemos miedo, porque si haces una denuncia, al d\u00eda siguiente amaneces muerto\u201d, dice Lucina. <\/em><\/p>\n<p><a href=\"https:\/\/www.animalpolitico.com\/2019\/10\/familia-zenaida-pulido-activista-asesinada-michoacan-amenazas-robo\/\">https:\/\/www.animalpolitico.com\/2019\/10\/familia-zenaida-pulido-activista-asesinada-michoacan-amenazas-robo\/<\/a><\/p>\n","protected":false},"excerpt":{"rendered":"<p>Alberto Padillo, Animal Pol\u00edtico, 05 de octubre de 2019 \u201cAs\u00ed manejan ellos todo. Matan a un familiar y a los dolientes los tienen que retirar. Ellos de eso viven, robando\u201d. &hellip; <a href=\"http:\/\/www.grieta.org.mx\/index.php\/2019\/10\/05\/amenazan-a-familia-de-la-activista-asesinada-zenaida-pulido-michoacan\/\" class=\"more-link\">Leer m\u00e1s<\/a><\/p>\n","protected":false},"author":2,"featured_media":40062,"comment_status":"closed","ping_status":"closed","sticky":false,"template":"","format":"standard","meta":{"ngg_post_thumbnail":0,"_jetpack_newsletter_access":"","_jetpack_dont_email_post_to_subs":false,"_jetpack_newsletter_tier_id":0,"_jetpack_memberships_contains_paywalled_content":false,"_jetpack_memberships_contains_paid_content":false,"footnotes":""},"categories":[80,1201,2147,906,21,998,2247],"tags":[1828,2220,81,1832],"class_list":["post-40061","post","type-post","status-publish","format-standard","has-post-thumbnail","hentry","category-cintillo","category-desaparecidos-en-michoacan","category-desplazados-por-violencia-en-michoacan","category-feminicidios-en-michoacan","category-michoacan","category-tala-ilegal-de-bosques-y-robo-de-maderas-preciosas-en-michoacan","category-violencia-contra-la-mujeres-en-michoacan","tag-busqueda-de-desaparecidos","tag-colectivos-rastreadores-de-desaparecidos","tag-feminicidios","tag-violencia-contra-defensores-del-medio-ambiente","entry"],"jetpack_featured_media_url":"http:\/\/www.grieta.org.mx\/wp-content\/uploads\/2019\/10\/https-_www.animalpolitico.com_wp-content_uploads_2019_07_zenaida2-e1564057364412.jpg","jetpack_sharing_enabled":true,"jetpack_shortlink":"https:\/\/wp.me\/p7ZJR4-aq9","jetpack_likes_enabled":false,"jetpack-related-posts":[{"id":36848,"url":"http:\/\/www.grieta.org.mx\/index.php\/2019\/07\/22\/matan-a-la-activista-zenaida-pulido-en-carretera-de-michoacan\/","url_meta":{"origin":40061,"position":0},"title":"Matan a la activista Zenaida Pulido en carretera de Michoac\u00e1n","author":"grieta","date":"22 julio, 2019","format":false,"excerpt":"Zenaida se convirti\u00f3 en activista luego de la desaparici\u00f3n de un familiar; fue atacada por hombres armados en el tramo carretero Huahua-Pichilinguillo. Por Redacci\u00f3n Animal Pol\u00edtico, 22 de julio de 2019 La activista y familiar de una persona desaparecida, Zenaida Pulido Lombera, fue asesinada el pasado viernes en el estado\u2026","rel":"","context":"En &quot;CINTILLO&quot;","block_context":{"text":"CINTILLO","link":"http:\/\/www.grieta.org.mx\/index.php\/category\/cintillo\/"},"img":{"alt_text":"","src":"https:\/\/i0.wp.com\/www.grieta.org.mx\/wp-content\/uploads\/2019\/07\/zenaida-e1563807457226.jpg?resize=350%2C200","width":350,"height":200,"srcset":"https:\/\/i0.wp.com\/www.grieta.org.mx\/wp-content\/uploads\/2019\/07\/zenaida-e1563807457226.jpg?resize=350%2C200 1x, https:\/\/i0.wp.com\/www.grieta.org.mx\/wp-content\/uploads\/2019\/07\/zenaida-e1563807457226.jpg?resize=525%2C300 1.5x"},"classes":[]},{"id":37919,"url":"http:\/\/www.grieta.org.mx\/index.php\/2019\/07\/22\/familia-de-la-activista-asesinada-en-michoacan-clama-justicia-el-crimen-hace-aqui-lo-que-quiere\/","url_meta":{"origin":40061,"position":1},"title":"Familia de la activista asesinada en Michoac\u00e1n clama justicia: \u201cel crimen hace aqu\u00ed lo que quiere\u201d","author":"grieta","date":"22 julio, 2019","format":false,"excerpt":"Por Sugeyry G\u00e1ndara \/ SinEmbargo 22 de julio de 2019 Uno de los hermanos de la activista inform\u00f3 a SinEmbargo que tras el asesinato, los integrantes de su familia tuvieron que abandonar sus hogares y salir de las localidades por temor, ya que \u201cla ma\u00f1a [crimen organizado] hace aqu\u00ed [en\u2026","rel":"","context":"En &quot;CINTILLO&quot;","block_context":{"text":"CINTILLO","link":"http:\/\/www.grieta.org.mx\/index.php\/category\/cintillo\/"},"img":{"alt_text":"","src":"https:\/\/i0.wp.com\/www.grieta.org.mx\/wp-content\/uploads\/2019\/08\/caravana_de_bu769squeda_michoaca769n-3.jpg?resize=350%2C200","width":350,"height":200,"srcset":"https:\/\/i0.wp.com\/www.grieta.org.mx\/wp-content\/uploads\/2019\/08\/caravana_de_bu769squeda_michoaca769n-3.jpg?resize=350%2C200 1x, https:\/\/i0.wp.com\/www.grieta.org.mx\/wp-content\/uploads\/2019\/08\/caravana_de_bu769squeda_michoaca769n-3.jpg?resize=525%2C300 1.5x, https:\/\/i0.wp.com\/www.grieta.org.mx\/wp-content\/uploads\/2019\/08\/caravana_de_bu769squeda_michoaca769n-3.jpg?resize=700%2C400 2x, https:\/\/i0.wp.com\/www.grieta.org.mx\/wp-content\/uploads\/2019\/08\/caravana_de_bu769squeda_michoaca769n-3.jpg?resize=1050%2C600 3x"},"classes":[]},{"id":39693,"url":"http:\/\/www.grieta.org.mx\/index.php\/2019\/09\/17\/michoacan-esconde-homicidios-y-no-atiende-desapariciones-denuncian-activistas\/","url_meta":{"origin":40061,"position":2},"title":"Michoac\u00e1n esconde homicidios y no atiende desapariciones, denuncian activistas","author":"grieta","date":"17 septiembre, 2019","format":false,"excerpt":"En Michoac\u00e1n se reportan 617 desaparecidos de enero al 24 de junio de 2019, es decir, m\u00e1s de 100 casos al mes Noticieros Televisa, 17 de septiembre de 2019 En Michoac\u00e1n, estado gobernado por Silvano Aureoles, en 2019 han desaparecido 100 personas por mes. Colectivos de familiares de desaparecidos han\u2026","rel":"","context":"En &quot;CINTILLO&quot;","block_context":{"text":"CINTILLO","link":"http:\/\/www.grieta.org.mx\/index.php\/category\/cintillo\/"},"img":{"alt_text":"","src":"https:\/\/i0.wp.com\/www.grieta.org.mx\/wp-content\/uploads\/2019\/09\/michoacan-esconde-homicidios-y-no-atiende-desapariciones-denuncian-activistas.jpg?resize=350%2C200","width":350,"height":200,"srcset":"https:\/\/i0.wp.com\/www.grieta.org.mx\/wp-content\/uploads\/2019\/09\/michoacan-esconde-homicidios-y-no-atiende-desapariciones-denuncian-activistas.jpg?resize=350%2C200 1x, https:\/\/i0.wp.com\/www.grieta.org.mx\/wp-content\/uploads\/2019\/09\/michoacan-esconde-homicidios-y-no-atiende-desapariciones-denuncian-activistas.jpg?resize=525%2C300 1.5x, https:\/\/i0.wp.com\/www.grieta.org.mx\/wp-content\/uploads\/2019\/09\/michoacan-esconde-homicidios-y-no-atiende-desapariciones-denuncian-activistas.jpg?resize=700%2C400 2x"},"classes":[]},{"id":31419,"url":"http:\/\/www.grieta.org.mx\/index.php\/2019\/03\/28\/35-mil-desplazados-en-michoacan-y-guerrero-por-conflictos-armados\/","url_meta":{"origin":40061,"position":3},"title":"35 mil desplazados en Michoac\u00e1n y Guerrero por conflictos armados","author":"grieta","date":"28 marzo, 2019","format":false,"excerpt":"Benjam\u00edn Alvarez \/Contramuro, 28 de marzo, 2019 Circe L\u00f3pez se\u00f1al\u00f3 que mujeres y ni\u00f1os son de las principales v\u00edctimas del crimen organizado y su colusi\u00f3n con las autoridades Morelia, Michoac\u00e1n.- Alrededor de 35 mil desplazados producto de conflictos armados se registran en Michoac\u00e1n y Guerrero, se\u00f1al\u00f3 la activista Lucero Circe\u2026","rel":"","context":"En &quot;CINTILLO&quot;","block_context":{"text":"CINTILLO","link":"http:\/\/www.grieta.org.mx\/index.php\/category\/cintillo\/"},"img":{"alt_text":"","src":"https:\/\/i0.wp.com\/www.grieta.org.mx\/wp-content\/uploads\/2019\/03\/IMG-20190328-WA0110-1000x500.jpg?resize=350%2C200","width":350,"height":200,"srcset":"https:\/\/i0.wp.com\/www.grieta.org.mx\/wp-content\/uploads\/2019\/03\/IMG-20190328-WA0110-1000x500.jpg?resize=350%2C200 1x, https:\/\/i0.wp.com\/www.grieta.org.mx\/wp-content\/uploads\/2019\/03\/IMG-20190328-WA0110-1000x500.jpg?resize=525%2C300 1.5x, https:\/\/i0.wp.com\/www.grieta.org.mx\/wp-content\/uploads\/2019\/03\/IMG-20190328-WA0110-1000x500.jpg?resize=700%2C400 2x"},"classes":[]},{"id":12470,"url":"http:\/\/www.grieta.org.mx\/index.php\/2016\/06\/04\/movilizacion-contra-la-violencia-hacia-las-mujeres-en-michoacan\/","url_meta":{"origin":40061,"position":4},"title":"Movilizaciones contra la violencia hacia las mujeres en Michoac\u00e1n","author":"grieta","date":"4 junio, 2016","format":false,"excerpt":"Protesta contra la violencia de g\u00e9nero en Michoac\u00e1n 04\/06\/16. Protestan contra la violencia de g\u00e9nero en Michoac\u00e1n La Jornada Acciones en el contexto de la Movilizaci\u00f3n nacional contra las violencias machistas en Michoac\u00e1n 24\/04\/16. Alto al feminicidio pide #VivasNosQueremos en mitin Quadratin","rel":"","context":"En &quot;Feminicidios&quot;","block_context":{"text":"Feminicidios","link":"http:\/\/www.grieta.org.mx\/index.php\/category\/temas-nacionales\/feminicidios\/"},"img":{"alt_text":"","src":"https:\/\/i0.wp.com\/www.grieta.org.mx\/wp-content\/uploads\/2018\/03\/14524434_1106112876131411_958039263622046936_o.jpg?resize=350%2C200","width":350,"height":200,"srcset":"https:\/\/i0.wp.com\/www.grieta.org.mx\/wp-content\/uploads\/2018\/03\/14524434_1106112876131411_958039263622046936_o.jpg?resize=350%2C200 1x, https:\/\/i0.wp.com\/www.grieta.org.mx\/wp-content\/uploads\/2018\/03\/14524434_1106112876131411_958039263622046936_o.jpg?resize=525%2C300 1.5x, https:\/\/i0.wp.com\/www.grieta.org.mx\/wp-content\/uploads\/2018\/03\/14524434_1106112876131411_958039263622046936_o.jpg?resize=700%2C400 2x"},"classes":[]},{"id":44426,"url":"http:\/\/www.grieta.org.mx\/index.php\/2020\/02\/15\/marchan-en-michoacan-por-feminicidio-de-ingrid-n\/","url_meta":{"origin":40061,"position":5},"title":"Marchan en Michoac\u00e1n por feminicidio de Ingrid \u201cN\u201d","author":"grieta","date":"15 febrero, 2020","format":false,"excerpt":"Las manifestantes, se\u00f1alaron que la protesta tambi\u00e9n tuvo por objetivo expresar el hartazgo por los 11 homicidios de mujeres que se registran diariamente en el pa\u00eds El Heraldo de M\u00e9xico. Morelia, Michoac\u00e1n, 15 de febrero de 2020. Colectivos de mujeres feministas marcharon este s\u00e1bado en la ciudad de Morelia, para\u2026","rel":"","context":"En &quot;CINTILLO&quot;","block_context":{"text":"CINTILLO","link":"http:\/\/www.grieta.org.mx\/index.php\/category\/cintillo\/"},"img":{"alt_text":"","src":"https:\/\/i0.wp.com\/www.grieta.org.mx\/wp-content\/uploads\/2020\/02\/marcha_ingrid_feminicidio-640x400.jpg?resize=350%2C200","width":350,"height":200,"srcset":"https:\/\/i0.wp.com\/www.grieta.org.mx\/wp-content\/uploads\/2020\/02\/marcha_ingrid_feminicidio-640x400.jpg?resize=350%2C200 1x, https:\/\/i0.wp.com\/www.grieta.org.mx\/wp-content\/uploads\/2020\/02\/marcha_ingrid_feminicidio-640x400.jpg?resize=525%2C300 1.5x"},"classes":[]}],"_links":{"self":[{"href":"http:\/\/www.grieta.org.mx\/index.php\/wp-json\/wp\/v2\/posts\/40061","targetHints":{"allow":["GET"]}}],"collection":[{"href":"http:\/\/www.grieta.org.mx\/index.php\/wp-json\/wp\/v2\/posts"}],"about":[{"href":"http:\/\/www.grieta.org.mx\/index.php\/wp-json\/wp\/v2\/types\/post"}],"author":[{"embeddable":true,"href":"http:\/\/www.grieta.org.mx\/index.php\/wp-json\/wp\/v2\/users\/2"}],"replies":[{"embeddable":true,"href":"http:\/\/www.grieta.org.mx\/index.php\/wp-json\/wp\/v2\/comments?post=40061"}],"version-history":[{"count":1,"href":"http:\/\/www.grieta.org.mx\/index.php\/wp-json\/wp\/v2\/posts\/40061\/revisions"}],"predecessor-version":[{"id":40063,"href":"http:\/\/www.grieta.org.mx\/index.php\/wp-json\/wp\/v2\/posts\/40061\/revisions\/40063"}],"wp:featuredmedia":[{"embeddable":true,"href":"http:\/\/www.grieta.org.mx\/index.php\/wp-json\/wp\/v2\/media\/40062"}],"wp:attachment":[{"href":"http:\/\/www.grieta.org.mx\/index.php\/wp-json\/wp\/v2\/media?parent=40061"}],"wp:term":[{"taxonomy":"category","embeddable":true,"href":"http:\/\/www.grieta.org.mx\/index.php\/wp-json\/wp\/v2\/categories?post=40061"},{"taxonomy":"post_tag","embeddable":true,"href":"http:\/\/www.grieta.org.mx\/index.php\/wp-json\/wp\/v2\/tags?post=40061"}],"curies":[{"name":"wp","href":"https:\/\/api.w.org\/{rel}","templated":true}]}}