{"id":4006,"date":"2015-12-09T04:21:44","date_gmt":"2015-12-09T04:21:44","guid":{"rendered":"http:\/\/50.22.11.12\/~grietaor\/?p=4006"},"modified":"2018-07-05T12:44:21","modified_gmt":"2018-07-05T17:44:21","slug":"denunciaran-a-activistas-que-motivaron-protesta-en-maquiladoras-de-ciudad-juarez","status":"publish","type":"post","link":"http:\/\/www.grieta.org.mx\/index.php\/2015\/12\/09\/denunciaran-a-activistas-que-motivaron-protesta-en-maquiladoras-de-ciudad-juarez\/","title":{"rendered":"Denunciar\u00e1n a activistas que motivaron protesta en maquiladoras de Ciudad Ju\u00e1rez"},"content":{"rendered":"<p>Omar Garc\u00eda\/EL MEXICANO<\/p>\n<p>Ciudad Ju\u00e1rez,Chihuahua.-En el segundo d\u00eda consecutivo de protestas en la maquiladora Lexmark, la Secretar\u00eda del Trabajo y Previsi\u00f3n Social anunci\u00f3 que prepara una propuesta de soluci\u00f3n y anticip\u00f3 que los directivos de esa empresa est\u00e1n analizando la posibilidad de interponer una demanda penal por la intromisi\u00f3n de ocho personas al \u00e1rea de producci\u00f3n para agitar a los obreros lo que se constituye en un delito penal.<\/p>\n<p>La empresa explic\u00f3 al gobierno estatal que la intenci\u00f3n de suspender las actividades el pasado lunes fue para evitar el enfrentamiento entre dos grupos de obreros, unos que pretend\u00edan seguir laborando y otros que se opon\u00edan a hacerlo al ser motivados por las personas que ingresaron subrepticiamente a la planta.<\/p>\n<p>Por segundo d\u00eda consecutivo paran las l\u00edneas de producci\u00f3n trabajadores de la maquiladora Lexmark, en esta ocasi\u00f3n fueron hostigados pues eran video gravados y fotografiados por abogados y directivos de la empresa.<\/p>\n<p>Desde el lunes por la tarde se han estado presentado paros laborales en la maquiladora Lexmark y el d\u00eda de ayer se registr\u00f3 otro donde fueron evacuados los obreros en los camiones especiales.<\/p>\n<p>La representante legal de los afectados, Susana Prieto Terrazas, narr\u00f3 en una entrevista realizada ayer por la noche a este medio de comunicaci\u00f3n, que ante el desconcierto de los funcionaros de la empresa lejos de solucionar los problemas de los trabajadores, siguieron intimid\u00e1ndolos en contra de los mismos, ya que los fotograf\u00edan y los grababan; mencion\u00f3 que ellos ya no tienen miedo.<\/p>\n<p>Tambi\u00e9n, refiri\u00f3 que el paro se present\u00f3 alrededor de las 17:00 horas y los obreros estuvieron en los pasillos todos unidos y de brazos cruzados, gritando y clamando un aumento salarial.<\/p>\n<p>Susana Prieto, declar\u00f3 \u201cno podemos dejarlos solos es un acto heroico, una rebeli\u00f3n en contra del esclavizador moderno\u201d, \u201cobreros, activistas, tibios, conformistas, politiqueros, s\u00famense ya, es la clase m\u00e1s vulnerable y desprotegida, no podemos dejarlos solos, es una obligaci\u00f3n moral\u201d, se\u00f1al\u00f3.<\/p>\n<p>Dijo que los abogados de Lexmark vivieron un momento hist\u00f3rico durante la protesta y argument\u00f3 que esto es consecuencia del hartazgo de la calce obrera, ya que los bajos salarios los provoca a levantarse.<\/p>\n<p>Al final, la abogada Susana Prieto, se\u00f1alo que Lexmark y otras empresas, como Foxconn, est\u00e1n alistando demandas penales contra abogados laboristas que se han sumado a la defensa de los trabajadores e incluso contra los mismos obreros que les han ocasionado perdidas econ\u00f3micas por los paros laborales, esto para intimidarlos.<\/p>\n<p>Advirti\u00f3 que no van cesar las protestas de los obreros, ya que est\u00e1n hartos por las injusticias que viven, el mal trato, las malas condiciones de trabajo y los bajos salarios, adem\u00e1s se\u00f1alo que esta ola de protestas podr\u00eda expandirse a otras f\u00e1bricas de la ciudad.<\/p>\n<p><a class=\"autohyperlink\" title=\"http:\/\/www.oem.com.mx\/elmexicano\/notas\/n4024071.htm\" href=\"http:\/\/www.oem.com.mx\/elmexicano\/notas\/n4024071.htm\" target=\"_blank\" rel=\"noopener\">www.oem.com.mx\/elmexicano\/notas\/n4024071.htm<\/a><\/p>\n","protected":false},"excerpt":{"rendered":"<p>Omar Garc\u00eda\/EL MEXICANO Ciudad Ju\u00e1rez,Chihuahua.-En el segundo d\u00eda consecutivo de protestas en la maquiladora Lexmark, la Secretar\u00eda del Trabajo y Previsi\u00f3n Social anunci\u00f3 que prepara una propuesta de soluci\u00f3n y &hellip; <a href=\"http:\/\/www.grieta.org.mx\/index.php\/2015\/12\/09\/denunciaran-a-activistas-que-motivaron-protesta-en-maquiladoras-de-ciudad-juarez\/\" class=\"more-link\">Leer m\u00e1s<\/a><\/p>\n","protected":false},"author":2,"featured_media":21928,"comment_status":"closed","ping_status":"open","sticky":false,"template":"","format":"standard","meta":{"ngg_post_thumbnail":0,"_jetpack_newsletter_access":"","_jetpack_dont_email_post_to_subs":false,"_jetpack_newsletter_tier_id":0,"_jetpack_memberships_contains_paywalled_content":false,"_jetpack_memberships_contains_paid_content":false,"footnotes":""},"categories":[122,12,80,1398,910,2,83],"tags":[113,196],"class_list":{"0":"post-4006","1":"post","2":"type-post","3":"status-publish","4":"format-standard","5":"has-post-thumbnail","6":"hentry","7":"category-chihuahua","9":"category-cintillo","10":"category-conflictos-laborales-en-chihuahua","11":"category-explotacion-y-precariedad-laboral","12":"category-noticias-nacionales","13":"category-temas-nacionales","14":"tag-conflictos-laborales","15":"tag-maquilas","16":"entry"},"jetpack_featured_media_url":"http:\/\/www.grieta.org.mx\/wp-content\/uploads\/2018\/03\/14524434_1106112876131411_958039263622046936_o.jpg","jetpack_sharing_enabled":true,"jetpack_shortlink":"https:\/\/wp.me\/p7ZJR4-12C","jetpack_likes_enabled":false,"jetpack-related-posts":[{"id":17965,"url":"http:\/\/www.grieta.org.mx\/index.php\/2016\/09\/11\/protestan-profesores-de-telebachilleratos-por-falta-de-pagos-en-chihuahua\/","url_meta":{"origin":4006,"position":0},"title":"Conflictos laborales en la industria maquiladora de Chihuahua","author":"grieta","date":"11 septiembre, 2016","format":false,"excerpt":"10\/09\/16. Convocan a obreros a grito \u201cMaquilero\u201d vs campa\u00f1a medi\u00e1tica de empresas, Ciudad Ju\u00e1rezEl Pueblo 06\/09\/16. Preparan obreros verbena contra compa\u00f1a de Index, Ciudad Ju\u00e1rezEl Mexicano 30\/08\/16. Cruza fronteras lucha maquilera contra explotaci\u00f3n laboral, ChihuahuaEl Pueblo 20\/08\/16. Salario maquilador en d\u00f3lares baja 13%, ChihuahuaEl Diario 05\/08\/16. Revela abogada Prieto los\u2026","rel":"","context":"En &quot;Chihuahua&quot;","block_context":{"text":"Chihuahua","link":"http:\/\/www.grieta.org.mx\/index.php\/category\/noticias-nacionales\/chihuahua\/"},"img":{"alt_text":"","src":"https:\/\/i0.wp.com\/www.grieta.org.mx\/wp-content\/uploads\/2018\/03\/14524434_1106112876131411_958039263622046936_o.jpg?resize=350%2C200","width":350,"height":200,"srcset":"https:\/\/i0.wp.com\/www.grieta.org.mx\/wp-content\/uploads\/2018\/03\/14524434_1106112876131411_958039263622046936_o.jpg?resize=350%2C200 1x, https:\/\/i0.wp.com\/www.grieta.org.mx\/wp-content\/uploads\/2018\/03\/14524434_1106112876131411_958039263622046936_o.jpg?resize=525%2C300 1.5x, https:\/\/i0.wp.com\/www.grieta.org.mx\/wp-content\/uploads\/2018\/03\/14524434_1106112876131411_958039263622046936_o.jpg?resize=700%2C400 2x"},"classes":[]},{"id":3308,"url":"http:\/\/www.grieta.org.mx\/index.php\/2015\/12\/30\/niega-jlca-a-obreros-de-lexmark-sindicato-en-ciudad-juarez\/","url_meta":{"origin":4006,"position":1},"title":"Niega JLCA a obreros de Lexmark sindicato en Ciudad Ju\u00e1rez","author":"grieta","date":"30 diciembre, 2015","format":false,"excerpt":"Juan Ram\u00f3n Rosas\/EL MEXICANO El presidente de la Junta Local de Conciliaci\u00f3n Joaqu\u00edn Barrios, dio a conocer que en d\u00edas pasado se le neg\u00f3 la posibilidad a los empleados de la maquiladora Lexmark de tener un sindicato integrado por ellos mismos, y es que manifest\u00f3 que la petici\u00f3n lleg\u00f3 carente\u2026","rel":"","context":"En &quot;chihuahua&quot;","block_context":{"text":"chihuahua","link":"http:\/\/www.grieta.org.mx\/index.php\/category\/chihuahua\/"},"img":{"alt_text":"","src":"https:\/\/i0.wp.com\/www.grieta.org.mx\/wp-content\/uploads\/2018\/03\/14524434_1106112876131411_958039263622046936_o.jpg?resize=350%2C200","width":350,"height":200,"srcset":"https:\/\/i0.wp.com\/www.grieta.org.mx\/wp-content\/uploads\/2018\/03\/14524434_1106112876131411_958039263622046936_o.jpg?resize=350%2C200 1x, https:\/\/i0.wp.com\/www.grieta.org.mx\/wp-content\/uploads\/2018\/03\/14524434_1106112876131411_958039263622046936_o.jpg?resize=525%2C300 1.5x, https:\/\/i0.wp.com\/www.grieta.org.mx\/wp-content\/uploads\/2018\/03\/14524434_1106112876131411_958039263622046936_o.jpg?resize=700%2C400 2x"},"classes":[]},{"id":16416,"url":"http:\/\/www.grieta.org.mx\/index.php\/2016\/07\/10\/obreros-de-maquilas-en-juarez-marchan-y-bloquean-puente-fronterizo\/","url_meta":{"origin":4006,"position":2},"title":"Obreros de maquilas en Ju\u00e1rez marchan y bloquean puente fronterizo","author":"grieta","date":"10 julio, 2016","format":false,"excerpt":"Patricia Mayorga\/PROCESO Alrededor de mil obreros de la industria maquiladora de Ciudad Ju\u00e1rez, exigieron hoy en una marcha y bloqueo del Puente Internacional Paso del Norte, el incremento al salario, alto al acoso laboral, libertad sindical y el cumplimiento de pago de horas extras. Los empleados de la empresas Eaton,\u2026","rel":"","context":"En &quot;chihuahua&quot;","block_context":{"text":"chihuahua","link":"http:\/\/www.grieta.org.mx\/index.php\/category\/chihuahua\/"},"img":{"alt_text":"","src":"https:\/\/i0.wp.com\/www.grieta.org.mx\/wp-content\/uploads\/2018\/03\/14524434_1106112876131411_958039263622046936_o.jpg?resize=350%2C200","width":350,"height":200,"srcset":"https:\/\/i0.wp.com\/www.grieta.org.mx\/wp-content\/uploads\/2018\/03\/14524434_1106112876131411_958039263622046936_o.jpg?resize=350%2C200 1x, https:\/\/i0.wp.com\/www.grieta.org.mx\/wp-content\/uploads\/2018\/03\/14524434_1106112876131411_958039263622046936_o.jpg?resize=525%2C300 1.5x, https:\/\/i0.wp.com\/www.grieta.org.mx\/wp-content\/uploads\/2018\/03\/14524434_1106112876131411_958039263622046936_o.jpg?resize=700%2C400 2x"},"classes":[]},{"id":21624,"url":"http:\/\/www.grieta.org.mx\/index.php\/2016\/09\/10\/convocan-a-obreros-a-grito-maquilero-vs-campana-mediatica-de-empresas-ciudad-juarez\/","url_meta":{"origin":4006,"position":3},"title":"Convocan a obreros a grito \u201cMaquilero\u201d vs campa\u00f1a medi\u00e1tica de empresas, Ciudad Ju\u00e1rez","author":"grieta","date":"10 septiembre, 2016","format":false,"excerpt":"Gustavo Ramos\/EL PUEBLO A trav\u00e9s de las redes sociales se lanza la convocatoria para que los trabajadores y sus familias se diviertan y festejen la fecha del comienzo de la independencia de M\u00e9xico, con un grito de exigencia laboral. \u201cEs una respuesta a la multimillonaria campa\u00f1a lanzada por las peores\u2026","rel":"","context":"En &quot;Chihuahua&quot;","block_context":{"text":"Chihuahua","link":"http:\/\/www.grieta.org.mx\/index.php\/category\/noticias-nacionales\/chihuahua\/"},"img":{"alt_text":"","src":"https:\/\/i0.wp.com\/www.grieta.org.mx\/wp-content\/uploads\/2018\/03\/14524434_1106112876131411_958039263622046936_o.jpg?resize=350%2C200","width":350,"height":200,"srcset":"https:\/\/i0.wp.com\/www.grieta.org.mx\/wp-content\/uploads\/2018\/03\/14524434_1106112876131411_958039263622046936_o.jpg?resize=350%2C200 1x, https:\/\/i0.wp.com\/www.grieta.org.mx\/wp-content\/uploads\/2018\/03\/14524434_1106112876131411_958039263622046936_o.jpg?resize=525%2C300 1.5x, https:\/\/i0.wp.com\/www.grieta.org.mx\/wp-content\/uploads\/2018\/03\/14524434_1106112876131411_958039263622046936_o.jpg?resize=700%2C400 2x"},"classes":[]},{"id":3329,"url":"http:\/\/www.grieta.org.mx\/index.php\/2015\/12\/10\/prohibe-lexmark-entrada-a-18-obreros-en-rebeldia-en-ciudad-juarez\/","url_meta":{"origin":4006,"position":4},"title":"Proh\u00edbe Lexmark entrada a 18 obreros en rebeld\u00eda en Ciudad Ju\u00e1rez","author":"grieta","date":"10 diciembre, 2015","format":false,"excerpt":"Redacci\u00f3n\/EL MEXICANO Ciudad Ju\u00e1rez,Chihuahua.-Un grupo de al menos 40 personas contin\u00faa con el plant\u00f3n afuera de las instalaciones de la empresa Lexmark, en la exigencia del aumento de salarios para los trabajadores. Tras el paro laboral registrado el martes por la tarde, durante la ma\u00f1ana de ayer, al menos un\u2026","rel":"","context":"En &quot;chihuahua&quot;","block_context":{"text":"chihuahua","link":"http:\/\/www.grieta.org.mx\/index.php\/category\/chihuahua\/"},"img":{"alt_text":"","src":"https:\/\/i0.wp.com\/www.grieta.org.mx\/wp-content\/uploads\/2018\/03\/14524434_1106112876131411_958039263622046936_o.jpg?resize=350%2C200","width":350,"height":200,"srcset":"https:\/\/i0.wp.com\/www.grieta.org.mx\/wp-content\/uploads\/2018\/03\/14524434_1106112876131411_958039263622046936_o.jpg?resize=350%2C200 1x, https:\/\/i0.wp.com\/www.grieta.org.mx\/wp-content\/uploads\/2018\/03\/14524434_1106112876131411_958039263622046936_o.jpg?resize=525%2C300 1.5x, https:\/\/i0.wp.com\/www.grieta.org.mx\/wp-content\/uploads\/2018\/03\/14524434_1106112876131411_958039263622046936_o.jpg?resize=700%2C400 2x"},"classes":[]},{"id":49705,"url":"http:\/\/www.grieta.org.mx\/index.php\/2020\/05\/19\/trabajadores-de-maquiladoras-en-la-frontera-norte-protestan-ante-reinicio-de-actividades-baja-california-chihuahua-tamaulipas\/","url_meta":{"origin":4006,"position":5},"title":"TRABAJADORES DE MAQUILADORAS EN LA FRONTERA NORTE PROTESTAN ANTE REINICIO DE ACTIVIDADES (Baja California, Chihuahua, Tamaulipas)","author":"grieta","date":"19 mayo, 2020","format":false,"excerpt":"Lucy Sanabria\/Sopitas.com 19 mayo 2020 Foto: Cuatoscuro El gobierno se alista para la \u201cnueva normalidad\u201d, el regreso a las actividades econ\u00f3micas. Sin embargo, \u00bfc\u00f3mo se har\u00e1 la reapertura si en algunas zonas hay un mont\u00f3n de problemas en cuanto a los protocolos de la Emergencia Sanitaria y se han registrado\u2026","rel":"","context":"En &quot;Baja California&quot;","block_context":{"text":"Baja California","link":"http:\/\/www.grieta.org.mx\/index.php\/category\/noticias-nacionales\/baja-california\/"},"img":{"alt_text":"","src":"https:\/\/i0.wp.com\/www.grieta.org.mx\/wp-content\/uploads\/2020\/05\/protestas-maquiladoras-tijuana-baja-california-coronavirus-1110x581.jpeg?resize=350%2C200","width":350,"height":200,"srcset":"https:\/\/i0.wp.com\/www.grieta.org.mx\/wp-content\/uploads\/2020\/05\/protestas-maquiladoras-tijuana-baja-california-coronavirus-1110x581.jpeg?resize=350%2C200 1x, https:\/\/i0.wp.com\/www.grieta.org.mx\/wp-content\/uploads\/2020\/05\/protestas-maquiladoras-tijuana-baja-california-coronavirus-1110x581.jpeg?resize=525%2C300 1.5x, https:\/\/i0.wp.com\/www.grieta.org.mx\/wp-content\/uploads\/2020\/05\/protestas-maquiladoras-tijuana-baja-california-coronavirus-1110x581.jpeg?resize=700%2C400 2x, https:\/\/i0.wp.com\/www.grieta.org.mx\/wp-content\/uploads\/2020\/05\/protestas-maquiladoras-tijuana-baja-california-coronavirus-1110x581.jpeg?resize=1050%2C600 3x"},"classes":[]}],"_links":{"self":[{"href":"http:\/\/www.grieta.org.mx\/index.php\/wp-json\/wp\/v2\/posts\/4006","targetHints":{"allow":["GET"]}}],"collection":[{"href":"http:\/\/www.grieta.org.mx\/index.php\/wp-json\/wp\/v2\/posts"}],"about":[{"href":"http:\/\/www.grieta.org.mx\/index.php\/wp-json\/wp\/v2\/types\/post"}],"author":[{"embeddable":true,"href":"http:\/\/www.grieta.org.mx\/index.php\/wp-json\/wp\/v2\/users\/2"}],"replies":[{"embeddable":true,"href":"http:\/\/www.grieta.org.mx\/index.php\/wp-json\/wp\/v2\/comments?post=4006"}],"version-history":[{"count":1,"href":"http:\/\/www.grieta.org.mx\/index.php\/wp-json\/wp\/v2\/posts\/4006\/revisions"}],"predecessor-version":[{"id":24186,"href":"http:\/\/www.grieta.org.mx\/index.php\/wp-json\/wp\/v2\/posts\/4006\/revisions\/24186"}],"wp:featuredmedia":[{"embeddable":true,"href":"http:\/\/www.grieta.org.mx\/index.php\/wp-json\/wp\/v2\/media\/21928"}],"wp:attachment":[{"href":"http:\/\/www.grieta.org.mx\/index.php\/wp-json\/wp\/v2\/media?parent=4006"}],"wp:term":[{"taxonomy":"category","embeddable":true,"href":"http:\/\/www.grieta.org.mx\/index.php\/wp-json\/wp\/v2\/categories?post=4006"},{"taxonomy":"post_tag","embeddable":true,"href":"http:\/\/www.grieta.org.mx\/index.php\/wp-json\/wp\/v2\/tags?post=4006"}],"curies":[{"name":"wp","href":"https:\/\/api.w.org\/{rel}","templated":true}]}}