{"id":40056,"date":"2019-10-07T12:20:42","date_gmt":"2019-10-07T17:20:42","guid":{"rendered":"http:\/\/www.grieta.org.mx\/?p=40056"},"modified":"2019-10-08T12:29:59","modified_gmt":"2019-10-08T17:29:59","slug":"van-187-casos-de-personas-desaparecidas-en-el-ultimo-trimestre-del-ano-en-qr","status":"publish","type":"post","link":"http:\/\/www.grieta.org.mx\/index.php\/2019\/10\/07\/van-187-casos-de-personas-desaparecidas-en-el-ultimo-trimestre-del-ano-en-qr\/","title":{"rendered":"Van 187 casos de personas desaparecidas en el \u00faltimo trimestre del a\u00f1o en QR"},"content":{"rendered":"<p><img loading=\"lazy\" decoding=\"async\" data-attachment-id=\"40057\" data-permalink=\"http:\/\/www.grieta.org.mx\/index.php\/2019\/10\/07\/van-187-casos-de-personas-desaparecidas-en-el-ultimo-trimestre-del-ano-en-qr\/desaparecidos-19\/\" data-orig-file=\"http:\/\/www.grieta.org.mx\/wp-content\/uploads\/2019\/10\/Desaparecidos.png\" data-orig-size=\"710,374\" data-comments-opened=\"0\" data-image-meta=\"{&quot;aperture&quot;:&quot;0&quot;,&quot;credit&quot;:&quot;&quot;,&quot;camera&quot;:&quot;&quot;,&quot;caption&quot;:&quot;&quot;,&quot;created_timestamp&quot;:&quot;0&quot;,&quot;copyright&quot;:&quot;&quot;,&quot;focal_length&quot;:&quot;0&quot;,&quot;iso&quot;:&quot;0&quot;,&quot;shutter_speed&quot;:&quot;0&quot;,&quot;title&quot;:&quot;&quot;,&quot;orientation&quot;:&quot;0&quot;}\" data-image-title=\"Desaparecidos\" data-image-description=\"\" data-image-caption=\"\" data-medium-file=\"http:\/\/www.grieta.org.mx\/wp-content\/uploads\/2019\/10\/Desaparecidos-300x158.png\" data-large-file=\"http:\/\/www.grieta.org.mx\/wp-content\/uploads\/2019\/10\/Desaparecidos.png\" src=\"http:\/\/www.grieta.org.mx\/wp-content\/uploads\/2019\/10\/Desaparecidos.png\" alt=\"\" width=\"710\" height=\"374\" class=\"aligncenter size-full wp-image-40057\" srcset=\"http:\/\/www.grieta.org.mx\/wp-content\/uploads\/2019\/10\/Desaparecidos.png 710w, http:\/\/www.grieta.org.mx\/wp-content\/uploads\/2019\/10\/Desaparecidos-300x158.png 300w\" sizes=\"auto, (max-width: 710px) 100vw, 710px\" \/><\/p>\n<p>(Agencia SIM)\/Noticaribe<br \/>\nCANC\u00daN, MX.- En el tercer trimestre de este 2019, el n\u00famero de personas desaparecidas y reportadas como extraviadas en Quintana Roo suman 187; de \u00e9stas, 60 ya fueron reportadas como localizadas, lamentablemente no siempre con vida, como en el caso de Juan Manuel Gonz\u00e1lez Verd\u00edn, Arife Ch\u00e1vez Moreno y Juan Luis Robles G\u00f3mez, los tres ciclistas a quienes privaron de la libertad a principios de agosto del presente a\u00f1o.<\/p>\n<p>La informaci\u00f3n fue recabada en la p\u00e1gina de Facebook de la Fiscal\u00eda General del Estado de Quintana Roo (FGE), del periodo 1 de septiembre al 4 de octubre del presente a\u00f1o; donde se especifica los que fueron declarados \u201cextraviados\u201d, \u201cdesaparecidos\u201d, \u201calerta Amber\u201d o donde se requiere el \u201cservicio social\u201d para localizar a tal o cual persona.<\/p>\n<p>El Protocolo Homologado para la b\u00fasqueda de personas desaparecidas y la investigaci\u00f3n del delito de desaparici\u00f3n forzada dice que \u201cla desaparici\u00f3n forzada de personas es uno de los delitos lacerantes para la sociedad por violaciones m\u00faltiples a los derechos humanos. En \u00e9l concurre el involucramiento directo o indirecto de alguna autoridad o servidor p\u00fablico, pero tambi\u00e9n particulares, sin la participaci\u00f3n, apoyo o aquiescencia de la autoridad\u201d.<\/p>\n<p>La propia Secretar\u00eda de Gobernaci\u00f3n (Segob), en voz del subsecretario de Derechos Humanos, Alejandro Encinas Rodr\u00edguez inform\u00f3 a principio de a\u00f1o que est\u00e1n en b\u00fasqueda de m\u00e1s de 40 mil personas desaparecidas en M\u00e9xico y trabajan para identificar a m\u00e1s de 26 mil cad\u00e1veres, pero el resultado a\u00fan no se alcanza.<\/p>\n<p>En Quintana Roo, el panorama de los desaparecidos parece ser el de indiferencia, pues ni las autoridades responsables, ni las asociaciones civiles se han manifestado en cuanto a los m\u00e1s de 500 desaparecidos en los municipios del estado, principalmente en la zona norte, Canc\u00fan y Playa del Carmen se llevan la delantera.<\/p>\n<p>Faltan recursos para buscar a desaparecidos<\/p>\n<p>L\u00f3gicamente, ni el pa\u00eds ni el estado cuentan con un presupuesto p\u00fablico asignado al tema de los desaparecidos, m\u00e1s all\u00e1 de la publicaci\u00f3n de \u201cAlerta Amber\u201d o \u201cay\u00fadanos a localizarlo\u201d; pues de los 400 millones de pesos asignados a la Comisi\u00f3n Nacional de B\u00fasqueda (CNB), no lleg\u00f3 nada a Quintana Roo. El mismo subsecretario de gobierno coment\u00f3 que \u201cestaremos trabajando con la Fiscal\u00eda General de la Rep\u00fablica para obtener recursos adicionales que nos permitan crear un sistema de identificaci\u00f3n forense, para mejorar todos los servicios en el pa\u00eds\u201d.<\/p>\n<p>El Protocolo Homologado recomienda que, para lograr el \u00e9xito en la b\u00fasqueda, es indispensable impulsar la profesionalizaci\u00f3n y capacitaci\u00f3n permanente, generar din\u00e1micas que lleven al trabajo en equipo, asegurar condiciones m\u00ednimas de operaci\u00f3n y seguimiento de todos los procesos en el inter\u00e9s de que la autoridad d\u00e9 a los ciudadanos la seguridad que requieren y vigilen el estricto apego al Estado de Derecho.<\/p>\n<p>\u201cLos mejores resultados se dar\u00e1n solo en la medida que exista un compromiso por parte de todas las autoridades del pa\u00eds para trabajar coordinadamente y superando todas aquellas situaciones que est\u00e1n implicando dificultades para una b\u00fasqueda efectiva de la persona e investigaciones profesionales y estrat\u00e9gicas\u201d.<\/p>\n<p>Lamentablemente el Registro Nacional de Datos de Personas Extraviadas o Desaparecidas (RNPED) no tiene datos al d\u00eda, pues la \u00faltima actualizaci\u00f3n es de abril de 2018; aunque hay que aclarar que el RNPED integra los datos de personas no localizadas obtenidos a partir de las denuncias presentadas ante la autoridad ministerial correspondiente. Este registro incluye \u00fanicamente a las personas que, a la fecha de corte, permanecen sin localizar.<\/p>\n<p>El silencio de los familiares de las v\u00edctimas<\/p>\n<p>Hasta el momento, no se conoce a detalle cu\u00e1ntas personas han sido reportadas como desaparecidas ante la Fiscal\u00eda General del Estado de Quintana Roo, pero presumiblemente por cada reporte existe una cifra negra de tres m\u00e1s que no acuden a la autoridad, prefieren guardar silencio por varias razones.<\/p>\n<p>Tambi\u00e9n otro temor, se\u00f1ala un familiar que todav\u00eda tiene la esperanza de ver al adolescente desaparecido en el 2017, es que los corruptos dentro de la corporaci\u00f3n proporcionen datos falsos, con el fin de obtener recursos para \u201ccontinuar con la investigaci\u00f3n\u201d, pero que no se atreven a denunciar porque considera que en la corporaci\u00f3n no todos son honestos.<\/p>\n<p>Hasta ahora, en Quintana Roo no existe un \u201ccolectivo de desaparecidos\u201d, pues los casos en ocasiones es que los extraviados son v\u00edctimas del crimen organizado, ya sea para ejecutarlos o para el tr\u00e1fico de \u00f3rganos, que la autoridad no reconoce de manera oficial.<\/p>\n<p>DESAPARECIDOS DE JULIO A SEPTIEMBRE<\/p>\n<p>1.- Julio C\u00e9sar Sosa Sosa, desapareci\u00f3 Chetumal.<\/p>\n<p>2.- Tiara Isela Torrez Beltran, fue vista por \u00faltima vez en Canc\u00fan.<\/p>\n<p>3.- Cinthya Alejandra Mendoza Ram\u00edrez, vista por \u00faltima vez en Benito Ju\u00e1rez.<\/p>\n<p>4.- Christian Alberto Aldana Flores, visto por \u00faltima vez en Canc\u00fan.<\/p>\n<p>5.- Jennifer Edith May Loeza de 16 a\u00f1os.<\/p>\n<p>6.- Nidia Abril Malpica Campos, desapareci\u00f3 en Canc\u00fan.<\/p>\n<p>7.- Elpidio Covarrubias Cort\u00e9s se encuentra extraviado desde el pasado 4 de julio de 2019.<\/p>\n<p>8.- V\u00edctor Alejandro Bautista Dom\u00ednguez, extraviado en Canc\u00fan.<\/p>\n<p>9.- Ricardo Gonz\u00e1lez Duarte fue visto por \u00faltima vez el 6 de julio de 2019.<\/p>\n<p>10.- Enrique Barraza Gonz\u00e1lez.<\/p>\n<p>11.- V\u00edctor Manuel Poot Cocom, fue visto por \u00faltima vez en Canc\u00fan.<\/p>\n<p>12.- Nidia Abril Malpica Campos, desapareci\u00f3 en el municipio de Benito Ju\u00e1rez.<\/p>\n<p>13.- Cristofer Alexander Balam Koh de 13 a\u00f1os. Visto por \u00faltima vez el 8 de julio en Canc\u00fan.<\/p>\n<p>14.- Keila Esther Ceme Uc. Fue vista por \u00faltima vez el 9 de julio de 2019.<\/p>\n<p>15.- Abraham Jos\u00e9 Garc\u00eda C\u00e1mara, fue visto por \u00faltima vez en Solidaridad, Q. Roo.<\/p>\n<p>16.- Gumesindo Espinosa Pesero, fue visto por \u00faltima vez en Leona Vicario.<\/p>\n<p>17.- Jorge Braulio Pinto Hoil, fue visto por \u00faltima vez en Chetumal, Quintana Roo.<\/p>\n<p>18.- Diana Guadalupe Rodr\u00edguez P\u00e9rez, de 14 a\u00f1os. Fue vista por \u00faltima vez en Canc\u00fan.<\/p>\n<p>19.- Brenda Carolina Noh Uc, fue vista por \u00faltima vez en el municipio de Benito Ju\u00e1rez.<\/p>\n<p>20.- Jos\u00e9 de Jes\u00fas Hern\u00e1ndez Torres, fue visto por \u00faltima vez en Benito Ju\u00e1rez.<\/p>\n<p>21.- Inocencia Polito Ixba, desapareci\u00f3 en la colonia Payo Obispo de Chetumal.<\/p>\n<p>22.- Ninfa Paola Hern\u00e1ndez \u00c1valos, desapareci\u00f3 en Benito Ju\u00e1rez.<\/p>\n<p>23.- Joselyn de los \u00c1ngeles Contreras Soberanis.<\/p>\n<p>24.- Sergio Abraham Ram\u00edrez Noyola, fue visto por \u00faltima vez en Canc\u00fan.<\/p>\n<p>25.- Rub\u00ed Alejandra Campos P\u00e9rez. Fue vista por \u00faltima vez el 19 de julio de 2019.<\/p>\n<p>26.- Mariana Lindo Isidro.<\/p>\n<p>27.- Carolina Vicu\u00f1a Pe\u00f1a de 13 a\u00f1os. Fue vista por \u00faltima vez en el municipio de Tulum.<\/p>\n<p>28.- Mar\u00eda Elizabeth Pool Kumul.<\/p>\n<p>29.- Dushan Isah\u00edas Guzm\u00e1n Morales, de 14. Fue visto por \u00faltima vez en la ciudad de Canc\u00fan.<\/p>\n<p>30.- Jhoni L\u00f3pez Tosca. Fue visto por \u00faltima vez el 20 de julio de 2019.<\/p>\n<p>31.- Brandon Manuel Manzanilla Chan. Fue visto por \u00faltima vez el 17 de julio de 2019.<\/p>\n<p>32.- Liliana Morales Hern\u00e1ndez, fue vista por \u00faltima vez el 23 de julio de 2019.<\/p>\n<p>33.- Landy Maribel Medina Dorantes, fue vista por \u00faltima vez el 23 de julio de 2019.<\/p>\n<p>34.- Maribel Ibarra de Jes\u00fas, fue vista por \u00faltima vez el 24 de julio de 2019 en Chetumal.<\/p>\n<p>35.- Salma Santiago Pardo, fue vista por \u00faltima vez el 24 de julio de 2019 en Benito Ju\u00e1rez.<\/p>\n<p>36.- Marina Hern\u00e1ndez Jim\u00e9nez, fue vista por \u00faltima vez el 28 de julio.<\/p>\n<p>37.- Marcos Hern\u00e1ndez L\u00f3pez, fue visto por \u00faltima vez el 18 de julio de 2019,<\/p>\n<p>38.- Gabriela Janeth Hern\u00e1ndez L\u00f3pez, de 15 a\u00f1os. Fue vista por \u00faltima vez en Canc\u00fan.<\/p>\n<p>39.- Fabiola del Rosario Rodr\u00edguez Sansores. Fue vista por \u00faltima vez en Cozumel el 11 de julio.<\/p>\n<p>40.- Gabriela Janeth Hern\u00e1ndez L\u00f3pez, desapareci\u00f3 en Benito Ju\u00e1rez<\/p>\n<p>41.- Localizar a los familiares de Noelia L\u00f3pez Aguirre.<\/p>\n<p>42.- Eduardo Tuz Uc\u00e1n<\/p>\n<p>43.- Karla Iriana Quijada Til\u00e1n. Fue vista por \u00faltima vez en Felipe Carrillo Puerto.<\/p>\n<p>44.- Jorge Alberto Ballina Trujillo fue visto por \u00faltima vez en Solidaridad.<\/p>\n<p>45.- Brayan Aguilar Juanillo. Desapareci\u00f3 en Benito Ju\u00e1rez.<\/p>\n<p>46.- Freddi Rodrigo May Sosa. Extraviado en Benito Ju\u00e1rez.<\/p>\n<p>47.- Sara Garc\u00eda Ch\u00e1vez, se reporta como desaparecida en Benito Ju\u00e1rez.<\/p>\n<p>48.- Alfonso Pablo Garc\u00eda, se reporta su desaparici\u00f3n el 9 de agosto 2019, en Chetumal.<\/p>\n<p>49.- Localizar a los familiares de Albert Esau G\u00f3mez Gay.<\/p>\n<p>50.- Jorge Antonio M\u00e9ndez Rodas, desapareci\u00f3 en el municipio de Benito Ju\u00e1rez.<\/p>\n<p>51.- Alejandro Mart\u00ednez C\u00f3rdoba, fue visto por \u00faltima vez el 2 de agosto de 2019 en Canc\u00fan.<\/p>\n<p>52.- Israel Argumosa Miranda regrese a su casa. Fue visto por \u00faltima en Canc\u00fan.<\/p>\n<p>53.- Jos\u00e9 Alfredo Cool Cauich, desapareci\u00f3 en Canc\u00fan<\/p>\n<p>54.- Kendy Viridiana Sol\u00eds Rivero, se reporta como desaparecida en el municipio de Benito Ju\u00e1rez.<\/p>\n<p>55.- Venancio Vel\u00e1zquez Mart\u00ednez. Visto por \u00faltima vez en Canc\u00fan.<\/p>\n<p>56.- Ana Paola Garc\u00eda Santos. Fue vista por \u00faltima vez el 19 de agosto.<\/p>\n<p>57.- Eva Mar\u00eda Schuster Morales. Ay\u00fadanos a que regrese a su casa.<\/p>\n<p>58.- Miguel \u00c1ngel Hern\u00e1ndez Arias, fue visto por \u00faltima vez el 20 de agosto de 2019.<\/p>\n<p>59.- Mario Madera Esquiliano, extraviado desde el pasado 23 de agosto en Oxtankah, OPB.<\/p>\n<p>60.- Jade Esmeralda Cocom Bacab.<\/p>\n<p>61.- Miguel \u00c1ngel Madrigal L\u00e1zaro, fue visto por \u00faltima vez el 24 de agosto de 2019.<\/p>\n<p>62.- Jhoana Guzm\u00e1n Canul, visto por \u00faltima vez en el municipio de Benito Ju\u00e1rez.<\/p>\n<p>63.- Iv\u00e1n Yunue Echeverr\u00eda Montiel.<\/p>\n<p>64.- Yostin Manuel Sandoval S\u00e1nchez. Fue visto por \u00faltima vez el 14 de agosto.<\/p>\n<p>65.- Jorge Aparacio Dom\u00ednguez, fue visto por \u00faltima vez el 02 de agosto de 2019.<\/p>\n<p>66.- Griseydi L\u00f3pez Hern\u00e1ndez.<\/p>\n<p>67.- Mar\u00eda de Jes\u00fas Poot Chay, en el municipio de Benito Ju\u00e1rez.<\/p>\n<p>68.- Carlos Miguel \u00c1lvarez P\u00e9rez. Fue visto por \u00faltima vez el 25 de agosto.<\/p>\n<p>69.- Ricardo Armando \u00c1lvarez, quien fue visto por \u00faltima vez el 27 de agosto de 2019.<\/p>\n<p>70.- Mario Mart\u00ednez Hern\u00e1ndez.<\/p>\n<p>71.- Rogelio Rodr\u00edguez Mart\u00ednez, fue visto por \u00faltima vez el 22 de agosto de 2019.<\/p>\n<p>72.- Abraham Hern\u00e1ndez Dom\u00ednguez, fue visto por \u00faltima vez el 25 de agosto de 2019.<\/p>\n<p>73.- Marcelino Cambrano L\u00f3pez, fue visto por \u00faltima vez el 25 de agosto de 2019.<\/p>\n<p>74.- Linda Areli Morales Chac\u00f3n.<\/p>\n<p>75.- Sascha Mauricio Guerra Galv\u00e1n.<\/p>\n<p>76.- Francisco Antonio Tzuc Tucuch.<\/p>\n<p>77.- Rub\u00ed del Rosario Canul Granados. Fue vista por \u00faltima vez en Benito Ju\u00e1rez.<\/p>\n<p>78.- \u00c1ngel Baltazar Witzil May.<\/p>\n<p>79.- Zeydi Noem\u00ed Heredia May, vista por \u00faltima vez en el municipio de Solidaridad.<\/p>\n<p>80.- Karla Yasm\u00edn Moo Tun, fue vista por \u00faltima vez en el municipio de Felipe Carrillo Puerto.<\/p>\n<p>81.- Jhosuar Miguel C\u00f3rdova Ucan. Fue visto por \u00faltimo vez en el municipio de Benito Ju\u00e1rez.<\/p>\n<p>82.- Jorge Ram\u00f3n Ibarra G\u00f3mez. Fue visto por \u00faltima vez el 26 de agosto de 2019.<\/p>\n<p>83.- Salma Jared Gonz\u00e1lez Coll\u00ed.<\/p>\n<p>?84.- Adalid Ol\u00e1n Jim\u00e9nez.<\/p>\n<p>85.- Josmar Emmanuel Dom\u00ednguez D\u00edaz, visto por \u00faltima vez el 15 de mayo de 2019 en Tulum.<\/p>\n<p>?86.- Landy Marlene Cime Chan.<\/p>\n<p>87.- Carlos Nahin Coh Che, visto por \u00faltima vez en julio de 2019, en Solidaridad.<\/p>\n<p>88.- Diana Lizeth Gallegos Alfaro, vista por \u00faltima vez en el municipio de Benito Ju\u00e1rez.<\/p>\n<p>89.- Martha Ortiz Manzano, vista por \u00faltima vez en el municipio de Benito Ju\u00e1rez,<\/p>\n<p>90.- Uri Adramelechs Ceja Rodr\u00edguez regrese a casa. Fue visto por \u00faltima vez el 27 de agosto.<\/p>\n<p>91.- Jorge Luis Uitzil Caamal regrese a casa. Fue visto por \u00faltima vez el 05 de septiembre de 2019.<\/p>\n<p>92.- \u00c1ngel Rusbel Arcos Hidalgo. Fue visto por \u00faltima vez en Solidaridad.<\/p>\n<p>93.- Ricardo P\u00e9rez Tapia, quien fue visto por \u00faltima vez el 9 de septiembre en Benito Ju\u00e1rez.<\/p>\n<p>94.- No\u00e9 L\u00f3pez Marcial, quien fue visto por \u00faltima vez en el municipio de Benito Ju\u00e1rez.<\/p>\n<p>95.- Mar\u00eda Magdalena Sifuentes Rosas, fue vista por \u00faltima vez en el municipio de Benito Ju\u00e1rez.<\/p>\n<p>96.- Alicia Guadalupe C\u00f3rdova Peche. Fue vista por \u00faltima vez en Chetumal.<\/p>\n<p>97.- Mar\u00eda Belem Pool Ram\u00edrez, vista por \u00faltima vez en el municipio de Solidaridad.<\/p>\n<p>98.- Lizbeth Angelita Barrera Rodr\u00edguez, vista por \u00faltima vez en el municipio de Benito Ju\u00e1rez.<\/p>\n<p>99.- Ingris Estefan\u00eda Guevara Ben\u00edtez, quien desapareci\u00f3 en el municipio de Solidaridad.<\/p>\n<p>100.- Carlos Josu\u00e9 Torres Pech, fue visto por \u00faltima en la ciudad de Chetumal.<\/p>\n<p>101.- Hugo Ottoniel Pablo Sevastian fue visto por \u00faltima vez en la comunidad de Bacalar.<\/p>\n<p>102.- Drew Yathana Marcelo P\u00e9rez, vista por \u00faltima ocasi\u00f3n, en el municipio de Benito Ju\u00e1rez.<\/p>\n<p>103.- Maribel P\u00e9rez Hern\u00e1ndez, vista por \u00faltima en compa\u00f1\u00eda de su hija menor de edad, en Benito Ju\u00e1rez.<\/p>\n<p>104.- Fernanda Adame Gonz\u00e1lez, vista por \u00faltima vez en el municipio de Benito Ju\u00e1rez.<\/p>\n<p>105.- Cristofer Morgan Garc\u00eda Mac\u00edas, fue visto por \u00faltima en el municipio de Bacalar.<\/p>\n<p>106.- Stephany Medina Ordu\u00f1a, quien fue vista por \u00faltima en el municipio de Benito Ju\u00e1rez.<\/p>\n<p>107.- Bethzy Neftaly Euan Ramayo, quien fue vista por \u00faltima vez en Benito Ju\u00e1rez.<\/p>\n<p>108.- Mar\u00eda Fernanda Flores S\u00e1nchez, visto en el municipio de Benito Ju\u00e1rez.<\/p>\n<p>109.- Mirna Chale Maz, que fue vista por \u00faltima vez en el municipio de Benito Ju\u00e1rez.<\/p>\n<p>110.- Bethzy Nefttaly Euan Ramayo Fue vista por \u00faltima vez en el municipio de Benito Ju\u00e1rez.<\/p>\n<p>111.- Andrea Naomi Olvera Ximello quien fue vista por \u00faltima vez en el municipio de Tulum.<\/p>\n<p>112.- Oliver Gastelum Maciel quien fue visto por \u00faltima vez en el municipio de Benito Ju\u00e1rez.<\/p>\n<p>113.- Adri\u00e1n Gastelum Maciel quien fue visto por \u00faltima vez en el municipio de Benito Ju\u00e1rez.<\/p>\n<p>114.- Dana Scarlett Gilharry Arias, quien fue vista por \u00faltima vez en Chetumal.<\/p>\n<p>115.- No\u00e9 Isa\u00edas S\u00e1nchez Suarez quien fue visto por \u00faltima vez el 29 de septiembre.<\/p>\n<p>116.- Andrea Naomi Olvera Ximelo, vista por \u00faltima vez en el municipio de Tulum.<\/p>\n<p>117.- Arely Cristal M\u00e9ndez G\u00f3mez, quien fue vista por \u00faltima vez en el municipio de Benito Ju\u00e1rez.<\/p>\n<p>118.- Giovany Madrigal Gamas, fue visto por \u00faltima en el municipio de Benito Ju\u00e1rez.<\/p>\n<p>119.- Arely Cristell G\u00f3mez M\u00e9ndez, quien fue vista por \u00faltima vez en el municipio de Benito Ju\u00e1rez.<\/p>\n<p>120.- Yessica Amada Baas Cohuo, quien fue vista por \u00faltima vez en el municipio de Benito Ju\u00e1rez.<\/p>\n<p>121.- Brissia Guadalupe G\u00f3mez Castillo, quien fue vista por \u00faltima vez en el municipio de Benito Ju\u00e1rez.<\/p>\n<p>122.- Dana Scarlett Gilharry Arias, quien fue vista por \u00faltima vez en el municipio de Oth\u00f3n P. Blanco.<\/p>\n<p>123.- Riki Luis Alfaro Hern\u00e1ndez, ya que fue visto por \u00faltima vez en Benito Ju\u00e1rez.<\/p>\n<p>124.- Alejandro C\u00f3rdova Hern\u00e1ndez, quien fue visto por \u00faltima vez en Benito Ju\u00e1rez.<\/p>\n<p>125.- Darwin Efr\u00e9n G\u00f3mez Buenfil, fue visto por \u00faltima vez en la ciudad de Chetumal.<\/p>\n<p>126.- \u00c1ngel Manuel Guzm\u00e1n de la Cruz, fue visto por \u00faltima vez en la ciudad de Chetumal.<\/p>\n<p>127.- Carla Ang\u00e9lica G\u00f3mez Santiz, fue vista por \u00faltima vez en el municipio de Benito Ju\u00e1rez.<\/p>\n<p>LOCALIZADOS JULIO-SEPTIEMBRE<\/p>\n<p>1.- Gaby ya se encuentra con sus familiares a salvo.<\/p>\n<p>2.- Diana Guadalupe Rodr\u00edguez P\u00e9rez.<\/p>\n<p>3.- Brenda Carolina Noh Uc.<\/p>\n<p>4.- Rub\u00ed Alejandra Campos P\u00e9rez.<\/p>\n<p>?5.- Cinthya Alejandra Mendoza Ram\u00edrez.<\/p>\n<p>6.- Jos\u00e9 Vicente P\u00e9rez V\u00e1zquez.<\/p>\n<p>7.- Rosendo Ib\u00e1\u00f1ez L\u00f3pez.<\/p>\n<p>8.- Cristina Jim\u00e9nez Cruz.<\/p>\n<p>9.- Julia Jim\u00e9nez Cruz.<\/p>\n<p>10.- Julio Marcial Carrillo.<\/p>\n<p>11.- Juan Manuel Gonz\u00e1lez Verd\u00edn.<\/p>\n<p>12.- Arife Ch\u00e1vez Moreno.<\/p>\n<p>13.- Juan Luis Robles G\u00f3mez.<\/p>\n<p>14.- Israel Argumosa Miranda.<\/p>\n<p>15.- David Gael Pimentel Enr\u00edquez.<\/p>\n<p>16.- Andrea Isabel Borda Morales.<\/p>\n<p>17.- Rosendo Ib\u00e1\u00f1ez L\u00f3pez.<\/p>\n<p>18.- Jos\u00e9 Vicente P\u00e9rez V\u00e1zquez.<\/p>\n<p>19.- Miguel \u00c1ngel Hern\u00e1ndez Arias.<\/p>\n<p>20.- Iv\u00e1n Yenue Echeverr\u00eda Montiel.<\/p>\n<p>21.- Ricardo Armando \u00c1lvarez.<\/p>\n<p>22.- Erick Alberto Cervantes L\u00f3pez.<\/p>\n<p>23.- Yostin Manuel Sandoval S\u00e1nchez.<\/p>\n<p>24.- Enrique Barraza Gonz\u00e1lez.<\/p>\n<p>25.- Sascha Mauricio Guerra Galv\u00e1n.<\/p>\n<p>26.- Liliana Mart\u00ednez Dzul.<\/p>\n<p>27.- Mitzi Paola S\u00e1nchez Mart\u00ednez.<\/p>\n<p>28.- Francisco Antonio Tzuc Tucuch.<\/p>\n<p>29.- Josu\u00e9 Alejandro G\u00f3mez Castro.<\/p>\n<p>30.- Fernando Daniel Castro Dzul.<\/p>\n<p>31.- Jos\u00e9 Ignacio Fuentes Pascual.<\/p>\n<p>32.- Kristel Adriana Ysidro Gomez.<\/p>\n<p>33.- Zeydi Noemi Heredia May.<\/p>\n<p>34.- Zeydi Noemi Heredia May.<\/p>\n<p>35.- Angel Rusbel Arcos Hidalgo,<\/p>\n<p>36.- Jos\u00e9 Atila Morales Concepci\u00f3n.<\/p>\n<p>37.- Lorenzo Andr\u00e9s Pech Yam Concepci\u00f3n.<\/p>\n<p>38.- Kelsy Kate Orozco Leyva de 15 a\u00f1os.<\/p>\n<p>39.- Alicia Guadalupe C\u00f3rdova Peche.<\/p>\n<p>40.- Jaspe Guadalupe Escalante G\u00f3mez.<\/p>\n<p>42.- Jos\u00e9 Rom\u00e1n Balam.<\/p>\n<p>42.- Jorge Ram\u00f3n Ibarra G\u00f3mez.<\/p>\n<p>43.- Stephani Medina Ordu\u00f1a.<\/p>\n<p>44.- Ingrid Alejo Chabl\u00e9.<\/p>\n<p>45.- Giselle Margarita G\u00f3ngora Ortiz.<\/p>\n<p>46.- Geny Guadalupe Ru\u00edz Estrada.<\/p>\n<p>47.- Nelsi Guadalupe Guti\u00e9rrez Patr\u00f3n.<\/p>\n<p>48.- Sharon Karen Espinoza Ortiz.<\/p>\n<p>49.- Anayeli de Jes\u00fas Sigero Pimiento.<\/p>\n<p>50.- Laura Le\u00f3n C\u00f3rdova.<\/p>\n<p>51.- Nelda Alejandra Ceh Uc.<\/p>\n<p>52.- Astrid Itzel Agonizante Fern\u00e1ndez.<\/p>\n<p>53.- Bethzy Neftaly Euan Ramayo.<\/p>\n<p>54.- Kerem Esmeralda \u00c1valos Garc\u00eda.<\/p>\n<p>55.- Norma Am\u00e9rica D\u00edaz Garc\u00eda.<\/p>\n<p>56.- Alexa Samantha Garc\u00eda Balam.<\/p>\n<p>57.- Evelin Yulitza G\u00f3mez Nucamendi.<\/p>\n<p>58.- Pia Belem K\u00fa Montes de Oca.<\/p>\n<p>59.- Salma Jared Gonz\u00e1lez Coll\u00ed ha sido localizada.<\/p>\n<p>60.- Griseydi L\u00f3pez Hern\u00e1ndez ha sido localizada. <\/p>\n<p><a href=\"https:\/\/noticaribe.com.mx\/2019\/10\/07\/van-187-casos-de-personas-desaparecidas-en-el-ultimo-trimestre-del-ano-en-qr\/\" rel=\"noopener noreferrer\" target=\"_blank\">https:\/\/noticaribe.com.mx\/2019\/10\/07\/van-187-casos-de-personas-desaparecidas-en-el-ultimo-trimestre-del-ano-en-qr\/<\/a><\/p>\n","protected":false},"excerpt":{"rendered":"<p>(Agencia SIM)\/Noticaribe CANC\u00daN, MX.- En el tercer trimestre de este 2019, el n\u00famero de personas desaparecidas y reportadas como extraviadas en Quintana Roo suman 187; de \u00e9stas, 60 ya fueron &hellip; <a href=\"http:\/\/www.grieta.org.mx\/index.php\/2019\/10\/07\/van-187-casos-de-personas-desaparecidas-en-el-ultimo-trimestre-del-ano-en-qr\/\" class=\"more-link\">Leer m\u00e1s<\/a><\/p>\n","protected":false},"author":2,"featured_media":40057,"comment_status":"closed","ping_status":"closed","sticky":false,"template":"","format":"standard","meta":{"ngg_post_thumbnail":0,"_jetpack_newsletter_access":"","_jetpack_dont_email_post_to_subs":false,"_jetpack_newsletter_tier_id":0,"_jetpack_memberships_contains_paywalled_content":false,"_jetpack_memberships_contains_paid_content":false,"footnotes":""},"categories":[80,87,2808,2,28,83],"tags":[121],"class_list":["post-40056","post","type-post","status-publish","format-standard","has-post-thumbnail","hentry","category-cintillo","category-desaparecidos","category-desaparecidos-en-quintana-roo","category-noticias-nacionales","category-quintana-roo","category-temas-nacionales","tag-desaparecidos","entry"],"jetpack_featured_media_url":"http:\/\/www.grieta.org.mx\/wp-content\/uploads\/2019\/10\/Desaparecidos.png","jetpack_sharing_enabled":true,"jetpack_shortlink":"https:\/\/wp.me\/p7ZJR4-aq4","jetpack_likes_enabled":false,"jetpack-related-posts":[{"id":65576,"url":"http:\/\/www.grieta.org.mx\/index.php\/2022\/10\/20\/marchan-activistas-contra-nulos-resultados-de-la-fiscalia-en-casos-de-desaparecidos-quintana-roo\/","url_meta":{"origin":40056,"position":0},"title":"Marchan activistas contra nulos resultados de la Fiscal\u00eda en casos de desaparecidos (Quintana Roo)","author":"grieta","date":"20 octubre, 2022","format":false,"excerpt":"Juan Morales \/ Grupo Pir\u00e1mide Canc\u00fan, Quintana Roo.- Miembros del colectivo Verdad, Memoria y Justicia marcharon en Canc\u00fan contra los nulos resultados de la Fiscal\u00eda General del Estado (FGE) en los reportes de personas desaparecidas, los cuales aumentaron durante septiembre con dos casos m\u00e1s. Los manifestantes arrancaron su protesta desde\u2026","rel":"","context":"En &quot;CINTILLO&quot;","block_context":{"text":"CINTILLO","link":"http:\/\/www.grieta.org.mx\/index.php\/category\/cintillo\/"},"img":{"alt_text":"","src":"https:\/\/i0.wp.com\/www.grieta.org.mx\/wp-content\/uploads\/2022\/10\/DesaparecidosQroo-e1666432285627.jpg?resize=350%2C200","width":350,"height":200,"srcset":"https:\/\/i0.wp.com\/www.grieta.org.mx\/wp-content\/uploads\/2022\/10\/DesaparecidosQroo-e1666432285627.jpg?resize=350%2C200 1x, https:\/\/i0.wp.com\/www.grieta.org.mx\/wp-content\/uploads\/2022\/10\/DesaparecidosQroo-e1666432285627.jpg?resize=525%2C300 1.5x, https:\/\/i0.wp.com\/www.grieta.org.mx\/wp-content\/uploads\/2022\/10\/DesaparecidosQroo-e1666432285627.jpg?resize=700%2C400 2x"},"classes":[]},{"id":66054,"url":"http:\/\/www.grieta.org.mx\/index.php\/2023\/01\/11\/2022-el-ano-con-mas-personas-desaparecidas-en-quintana-roo\/","url_meta":{"origin":40056,"position":1},"title":"2022, el a\u00f1o con m\u00e1s personas desaparecidas en Quintana Roo","author":"grieta","date":"11 enero, 2023","format":false,"excerpt":"Octavio Mart\u00ednez \/ Sipse Quintana Roo concluy\u00f3 el 2022 con un total de 419 personas desaparecidas y no localizadas, el a\u00f1o m\u00e1s cr\u00edtico de los \u00faltimos siete en que el fen\u00f3meno se ha incrementado de manera dr\u00e1stica. De acuerdo con datos ofrecidos por la Comisi\u00f3n Nacional de B\u00fasqueda, 2022 super\u00f3\u2026","rel":"","context":"En &quot;CINTILLO&quot;","block_context":{"text":"CINTILLO","link":"http:\/\/www.grieta.org.mx\/index.php\/category\/cintillo\/"},"img":{"alt_text":"","src":"https:\/\/i0.wp.com\/www.grieta.org.mx\/wp-content\/uploads\/2023\/01\/DesaparecidosQRoo-e1673730644652.jpg?resize=350%2C200","width":350,"height":200,"srcset":"https:\/\/i0.wp.com\/www.grieta.org.mx\/wp-content\/uploads\/2023\/01\/DesaparecidosQRoo-e1673730644652.jpg?resize=350%2C200 1x, https:\/\/i0.wp.com\/www.grieta.org.mx\/wp-content\/uploads\/2023\/01\/DesaparecidosQRoo-e1673730644652.jpg?resize=525%2C300 1.5x, https:\/\/i0.wp.com\/www.grieta.org.mx\/wp-content\/uploads\/2023\/01\/DesaparecidosQRoo-e1673730644652.jpg?resize=700%2C400 2x"},"classes":[]},{"id":64538,"url":"http:\/\/www.grieta.org.mx\/index.php\/2022\/07\/07\/aumentan-casos-de-desapariciones-en-quintana-roo\/","url_meta":{"origin":40056,"position":2},"title":"Aumentan casos de desapariciones en Quintana Roo","author":"grieta","date":"7 julio, 2022","format":false,"excerpt":"Fernanda Duque \/ Sipse El n\u00famero de personas desaparecidas, no localizadas y localizadas en Quintana Roo hasta el primer semestre del 2022, ya super\u00f3 los registros de los dos a\u00f1os anteriores, con un total de 237 inscripciones. De acuerdo con el Registro Nacional de Datos de Personas Extraviadas o Desaparecidas,\u2026","rel":"","context":"En &quot;CINTILLO&quot;","block_context":{"text":"CINTILLO","link":"http:\/\/www.grieta.org.mx\/index.php\/category\/cintillo\/"},"img":{"alt_text":"","src":"https:\/\/i0.wp.com\/www.grieta.org.mx\/wp-content\/uploads\/2022\/07\/DesaparecidosQuintana-e1657498660483.png?resize=350%2C200","width":350,"height":200,"srcset":"https:\/\/i0.wp.com\/www.grieta.org.mx\/wp-content\/uploads\/2022\/07\/DesaparecidosQuintana-e1657498660483.png?resize=350%2C200 1x, https:\/\/i0.wp.com\/www.grieta.org.mx\/wp-content\/uploads\/2022\/07\/DesaparecidosQuintana-e1657498660483.png?resize=525%2C300 1.5x, https:\/\/i0.wp.com\/www.grieta.org.mx\/wp-content\/uploads\/2022\/07\/DesaparecidosQuintana-e1657498660483.png?resize=700%2C400 2x"},"classes":[]},{"id":3586,"url":"http:\/\/www.grieta.org.mx\/index.php\/2015\/04\/27\/pgje-depura-denuncias-por-desaparicion-en-quintana-roo\/","url_meta":{"origin":40056,"position":3},"title":"PGJE &#8220;depura&#8221; denuncias por desaparici\u00f3n en Quintana Roo","author":"grieta","date":"27 abril, 2015","format":false,"excerpt":"27\/04\/15. Investigan 60 denuncias de personas desaparecidas en Quintana RooNovedades Quintana Roo","rel":"","context":"En &quot;Desaparecidos&quot;","block_context":{"text":"Desaparecidos","link":"http:\/\/www.grieta.org.mx\/index.php\/category\/temas-nacionales\/desaparecidos\/"},"img":{"alt_text":"","src":"https:\/\/i0.wp.com\/www.grieta.org.mx\/wp-content\/uploads\/2018\/03\/14524434_1106112876131411_958039263622046936_o.jpg?resize=350%2C200","width":350,"height":200,"srcset":"https:\/\/i0.wp.com\/www.grieta.org.mx\/wp-content\/uploads\/2018\/03\/14524434_1106112876131411_958039263622046936_o.jpg?resize=350%2C200 1x, https:\/\/i0.wp.com\/www.grieta.org.mx\/wp-content\/uploads\/2018\/03\/14524434_1106112876131411_958039263622046936_o.jpg?resize=525%2C300 1.5x, https:\/\/i0.wp.com\/www.grieta.org.mx\/wp-content\/uploads\/2018\/03\/14524434_1106112876131411_958039263622046936_o.jpg?resize=700%2C400 2x"},"classes":[]},{"id":69818,"url":"http:\/\/www.grieta.org.mx\/index.php\/2024\/09\/22\/asociaciones-revelan-cifra-de-mas-de-mil-500-personas-desaparecidas-en-quintana-roo\/","url_meta":{"origin":40056,"position":4},"title":"Asociaciones revelan cifra de m\u00e1s de mil 500 personas desaparecidas en Quintana Roo","author":"grieta","date":"22 septiembre, 2024","format":false,"excerpt":"Por Esto! Una enorme diferencia en cuanto a las cifras de personas desaparecidas tiene la Fiscal\u00eda General del Estado (FGE)y los colectivos de madres buscadoras de Quintana Roo, pues la estad\u00edstica oficial se\u00f1ala menos de 900 casos, mientras que las asociaciones revelan que realmente son alrededor de mil 500. Los\u2026","rel":"","context":"En &quot;CINTILLO&quot;","block_context":{"text":"CINTILLO","link":"http:\/\/www.grieta.org.mx\/index.php\/category\/cintillo\/"},"img":{"alt_text":"","src":"https:\/\/i0.wp.com\/www.grieta.org.mx\/wp-content\/uploads\/2024\/09\/Cifras-e1727225121282.jpg?resize=350%2C200","width":350,"height":200,"srcset":"https:\/\/i0.wp.com\/www.grieta.org.mx\/wp-content\/uploads\/2024\/09\/Cifras-e1727225121282.jpg?resize=350%2C200 1x, https:\/\/i0.wp.com\/www.grieta.org.mx\/wp-content\/uploads\/2024\/09\/Cifras-e1727225121282.jpg?resize=525%2C300 1.5x, https:\/\/i0.wp.com\/www.grieta.org.mx\/wp-content\/uploads\/2024\/09\/Cifras-e1727225121282.jpg?resize=700%2C400 2x"},"classes":[]},{"id":69534,"url":"http:\/\/www.grieta.org.mx\/index.php\/2024\/08\/30\/marchan-por-desaparecidos-en-cancun-y-chetumal-quintana-roo\/","url_meta":{"origin":40056,"position":5},"title":"Marchan por desaparecidos en Canc\u00fan y Chetumal (Quintana Roo)","author":"grieta","date":"30 agosto, 2024","format":false,"excerpt":"Noticaribe CANC\u00daN, MX.- Madres y otros familiares de personas desaparecidos marcharon hoy en Canc\u00fan y en Chetumal para conmemorar el D\u00eda de la B\u00fasqueda de Personas. En Canc\u00fan, dos colectivos, el \u201d Verdad y Justicia\u201d, as\u00ed como las \u201cMadres Buscadoras\u201d marcharon por separado rumbo al Palacio Municipal. Integrantes de \u201cVerdad,\u2026","rel":"","context":"En &quot;CINTILLO&quot;","block_context":{"text":"CINTILLO","link":"http:\/\/www.grieta.org.mx\/index.php\/category\/cintillo\/"},"img":{"alt_text":"","src":"https:\/\/i0.wp.com\/www.grieta.org.mx\/wp-content\/uploads\/2024\/08\/Marchan-e1725139943721.jpg?resize=350%2C200","width":350,"height":200,"srcset":"https:\/\/i0.wp.com\/www.grieta.org.mx\/wp-content\/uploads\/2024\/08\/Marchan-e1725139943721.jpg?resize=350%2C200 1x, https:\/\/i0.wp.com\/www.grieta.org.mx\/wp-content\/uploads\/2024\/08\/Marchan-e1725139943721.jpg?resize=525%2C300 1.5x, https:\/\/i0.wp.com\/www.grieta.org.mx\/wp-content\/uploads\/2024\/08\/Marchan-e1725139943721.jpg?resize=700%2C400 2x"},"classes":[]}],"_links":{"self":[{"href":"http:\/\/www.grieta.org.mx\/index.php\/wp-json\/wp\/v2\/posts\/40056","targetHints":{"allow":["GET"]}}],"collection":[{"href":"http:\/\/www.grieta.org.mx\/index.php\/wp-json\/wp\/v2\/posts"}],"about":[{"href":"http:\/\/www.grieta.org.mx\/index.php\/wp-json\/wp\/v2\/types\/post"}],"author":[{"embeddable":true,"href":"http:\/\/www.grieta.org.mx\/index.php\/wp-json\/wp\/v2\/users\/2"}],"replies":[{"embeddable":true,"href":"http:\/\/www.grieta.org.mx\/index.php\/wp-json\/wp\/v2\/comments?post=40056"}],"version-history":[{"count":1,"href":"http:\/\/www.grieta.org.mx\/index.php\/wp-json\/wp\/v2\/posts\/40056\/revisions"}],"predecessor-version":[{"id":40058,"href":"http:\/\/www.grieta.org.mx\/index.php\/wp-json\/wp\/v2\/posts\/40056\/revisions\/40058"}],"wp:featuredmedia":[{"embeddable":true,"href":"http:\/\/www.grieta.org.mx\/index.php\/wp-json\/wp\/v2\/media\/40057"}],"wp:attachment":[{"href":"http:\/\/www.grieta.org.mx\/index.php\/wp-json\/wp\/v2\/media?parent=40056"}],"wp:term":[{"taxonomy":"category","embeddable":true,"href":"http:\/\/www.grieta.org.mx\/index.php\/wp-json\/wp\/v2\/categories?post=40056"},{"taxonomy":"post_tag","embeddable":true,"href":"http:\/\/www.grieta.org.mx\/index.php\/wp-json\/wp\/v2\/tags?post=40056"}],"curies":[{"name":"wp","href":"https:\/\/api.w.org\/{rel}","templated":true}]}}