{"id":40049,"date":"2019-09-28T09:37:23","date_gmt":"2019-09-28T14:37:23","guid":{"rendered":"http:\/\/www.grieta.org.mx\/?p=40049"},"modified":"2019-10-08T09:44:11","modified_gmt":"2019-10-08T14:44:11","slug":"autoridades-tambien-investigaran-al-ejercito-por-presuntas-ejecuciones-en-tamaulipas","status":"publish","type":"post","link":"http:\/\/www.grieta.org.mx\/index.php\/2019\/09\/28\/autoridades-tambien-investigaran-al-ejercito-por-presuntas-ejecuciones-en-tamaulipas\/","title":{"rendered":"Autoridades tambi\u00e9n investigar\u00e1n al Ej\u00e9rcito por presuntas ejecuciones en Tamaulipas"},"content":{"rendered":"<p><img loading=\"lazy\" decoding=\"async\" data-attachment-id=\"40051\" data-permalink=\"http:\/\/www.grieta.org.mx\/index.php\/2019\/09\/28\/autoridades-tambien-investigaran-al-ejercito-por-presuntas-ejecuciones-en-tamaulipas\/https-_www-animalpolitico-com_wp-content_uploads_2019_09_ejercito-ejecuciones-nuevo-laredo-tamaulipas\/\" data-orig-file=\"http:\/\/www.grieta.org.mx\/wp-content\/uploads\/2019\/10\/https-_www.animalpolitico.com_wp-content_uploads_2019_09_ejercito-ejecuciones-nuevo-laredo-tamaulipas.jpg\" data-orig-size=\"960,500\" data-comments-opened=\"0\" data-image-meta=\"{&quot;aperture&quot;:&quot;0&quot;,&quot;credit&quot;:&quot;&quot;,&quot;camera&quot;:&quot;&quot;,&quot;caption&quot;:&quot;&quot;,&quot;created_timestamp&quot;:&quot;0&quot;,&quot;copyright&quot;:&quot;&quot;,&quot;focal_length&quot;:&quot;0&quot;,&quot;iso&quot;:&quot;0&quot;,&quot;shutter_speed&quot;:&quot;0&quot;,&quot;title&quot;:&quot;&quot;,&quot;orientation&quot;:&quot;0&quot;}\" data-image-title=\"https _www.animalpolitico.com_wp-content_uploads_2019_09_ejercito-ejecuciones-nuevo-laredo-tamaulipas\" data-image-description=\"\" data-image-caption=\"\" data-medium-file=\"http:\/\/www.grieta.org.mx\/wp-content\/uploads\/2019\/10\/https-_www.animalpolitico.com_wp-content_uploads_2019_09_ejercito-ejecuciones-nuevo-laredo-tamaulipas-300x156.jpg\" data-large-file=\"http:\/\/www.grieta.org.mx\/wp-content\/uploads\/2019\/10\/https-_www.animalpolitico.com_wp-content_uploads_2019_09_ejercito-ejecuciones-nuevo-laredo-tamaulipas.jpg\" class=\"aligncenter wp-image-40051\" src=\"http:\/\/www.grieta.org.mx\/wp-content\/uploads\/2019\/10\/https-_www.animalpolitico.com_wp-content_uploads_2019_09_ejercito-ejecuciones-nuevo-laredo-tamaulipas.jpg\" alt=\"\" width=\"800\" height=\"417\" srcset=\"http:\/\/www.grieta.org.mx\/wp-content\/uploads\/2019\/10\/https-_www.animalpolitico.com_wp-content_uploads_2019_09_ejercito-ejecuciones-nuevo-laredo-tamaulipas.jpg 960w, http:\/\/www.grieta.org.mx\/wp-content\/uploads\/2019\/10\/https-_www.animalpolitico.com_wp-content_uploads_2019_09_ejercito-ejecuciones-nuevo-laredo-tamaulipas-300x156.jpg 300w, http:\/\/www.grieta.org.mx\/wp-content\/uploads\/2019\/10\/https-_www.animalpolitico.com_wp-content_uploads_2019_09_ejercito-ejecuciones-nuevo-laredo-tamaulipas-768x400.jpg 768w\" sizes=\"auto, (max-width: 800px) 100vw, 800px\" \/><\/p>\n<p>Rodrigo Soberanes \/ Animal Pol\u00edtico<\/p>\n<p><strong>Tanto la defensa de la v\u00edctimas, como el Comit\u00e9 de Derechos Humanos de Nuevo Laredo, afirmaron que se investigar\u00e1 al Ej\u00e9rcito por las presuntas ejecuciones extrajudiciales del pasado 5 de septiembre.<\/strong><\/p>\n<p>La defensa legal de las ocho v\u00edctimas de las presuntas ejecuciones extrajudiciales, ocurridas el pasado 5 de septiembre en Tamaulipas, inform\u00f3 que ser\u00e1 investigada la actuaci\u00f3n del Ej\u00e9rcito en estos incidentes.<\/p>\n<p>Este 27 de septiembre, se realizaron dos reuniones en las que participaron autoridades y organizaciones que tienen relaci\u00f3n con la investigaci\u00f3n sobre los hechos ocurridos en una colonia de Nuevo Laredo por los cuales, hasta el momento, han sido liberadas siete \u00f3rdenes de aprehensi\u00f3n contra polic\u00edas estatales.<\/p>\n<p>Al salir de esas reuniones, el presidente del Comit\u00e9 de Derechos Humanos de Nuevo Laredo, Raymundo Ramos, inform\u00f3 que fue abierta una carpeta de investigaci\u00f3n que incluye pesquisas sobre la presencia del Ej\u00e9rcito en las inmediaciones donde ocurrieron las presuntas ejecuciones extrajudiciales.<\/p>\n<p>El pasado 5 de septiembre, las autoridades de Tamaulipas informaron que sucedi\u00f3 un supuesto enfrentamiento entre polic\u00edas e integrantes de un grupo delincuencial que dej\u00f3 un saldo ocho de ellos fallecidos y fueron exhibidos sus cuerpos con armas y uniformes que los identificaban como miembros de la delincuencia.<\/p>\n<p>Familiares de las v\u00edctimas y el Comit\u00e9 de Derechos Humanos de Nuevo Laredo mostraron evidencias de un presunto montaje a los medios de comunicaci\u00f3n. Tamaulipas nombr\u00f3 a un fiscal especial para este caso.<\/p>\n<p>Este viernes, Raymundo Ramos inform\u00f3 que en las reuniones participaron el fiscal especial, Gabriel Gonz\u00e1lez P\u00e9rez, testigos sobrevivientes, representantes de la ONU Derechos Humanos, de la Comisi\u00f3n Estatal de Derechos Humanos de Tamaulipas, y de la Comisi\u00f3n Nacional de Derechos Humanos (CNDH).<\/p>\n<p>Seg\u00fan el defensor de las v\u00edctimas, el fiscal inform\u00f3 que se abri\u00f3 una investigaci\u00f3n para esclarecer la participaci\u00f3n de elementos del Ej\u00e9rcito el 5 se septiembre en los hechos ocurridos en la colonia Valles de An\u00e1huac, de la ciudad fronteriza.<\/p>\n<p>\u201cSe nos ha informado que se ha abierto una carpeta. Se est\u00e1 haciendo una investigaci\u00f3n sobre la participaci\u00f3n del personal del Ej\u00e9rcito mexicano pero se le dar\u00e1 vista a vista a a Fiscal\u00eda General de la Rep\u00fablica porque tienen mucha informaci\u00f3n que proporcionar en relaci\u00f3n a su presencia el 5 de septiembre en Valles de An\u00e1huac\u201d.<\/p>\n<p>Agreg\u00f3 que hay un total de 25 personas que pudieron haber participado \u201cde manera directa\u201d en los hechos que se investigan y no solo los siete polic\u00edas sobre los cuales pesan las \u00f3rdenes de aprehensi\u00f3n que fueron anunciadas por la Fiscal\u00eda de Tamaulipas.<\/p>\n<p>\u201cLe hemos hecho la observaci\u00f3n de que en estos hechos participaron de manera directa m\u00e1s de 25 elementos, tanto del Centro de An\u00e1lisis Informaci\u00f3n y Estudios de Tamaulipas como de la Polic\u00eda Estatal y del Ej\u00e9rcito Mexicano\u201d, inform\u00f3 Ramos en unas declaraciones realizadas a la salida de las reuniones.<\/p>\n<p>\u201cHemos pedido al fiscal especial que investigue a toda la cadena de mando de ese operativo. Nos dicen que la informaci\u00f3n est\u00e1 en curso, que existe la posibilidad de que se ampl\u00eden estas \u00f3rdenes de detenci\u00f3n y que se llegue hasta las \u00faltimas consecuencias\u201d.<\/p>\n<p>Otra instituci\u00f3n que ha solicitado que la investigaci\u00f3n se ampl\u00ede a la cadena de mando es la CNDH, la cual inici\u00f3 una investigaci\u00f3n el pasado 12 de septiembre, un d\u00eda despu\u00e9s de que fueron publicadas las pruebas recabadas por las familias de las v\u00edctimas.<\/p>\n<p>Esa instituci\u00f3n espera que las autoridades de Tamaulipas faciliten la declaraci\u00f3n de los mandos que pudieran tener alg\u00fan tipo de relaci\u00f3n con los hechos.<\/p>\n<p>Ramos inform\u00f3 que habr\u00e1 una nueva reuni\u00f3n entre autoridades, organizaciones y familiares de las v\u00edctimas el pr\u00f3ximo 12 de octubre.<\/p>\n<p><a href=\"https:\/\/www.animalpolitico.com\/2019\/09\/ejercito-ejecuciones-nuevo-laredo-tamaulipas\/\">https:\/\/www.animalpolitico.com\/2019\/09\/ejercito-ejecuciones-nuevo-laredo-tamaulipas\/<\/a><\/p>\n","protected":false},"excerpt":{"rendered":"<p>Rodrigo Soberanes \/ Animal Pol\u00edtico Tanto la defensa de la v\u00edctimas, como el Comit\u00e9 de Derechos Humanos de Nuevo Laredo, afirmaron que se investigar\u00e1 al Ej\u00e9rcito por las presuntas ejecuciones &hellip; <a href=\"http:\/\/www.grieta.org.mx\/index.php\/2019\/09\/28\/autoridades-tambien-investigaran-al-ejercito-por-presuntas-ejecuciones-en-tamaulipas\/\" class=\"more-link\">Leer m\u00e1s<\/a><\/p>\n","protected":false},"author":2,"featured_media":40051,"comment_status":"closed","ping_status":"closed","sticky":false,"template":"","format":"standard","meta":{"ngg_post_thumbnail":0,"_jetpack_newsletter_access":"","_jetpack_dont_email_post_to_subs":false,"_jetpack_newsletter_tier_id":0,"_jetpack_memberships_contains_paywalled_content":false,"_jetpack_memberships_contains_paid_content":false,"footnotes":""},"categories":[1858,80,2,33,2008],"tags":[2204,855,2338],"class_list":["post-40049","post","type-post","status-publish","format-standard","has-post-thumbnail","hentry","category-abuso-policiaco-y-tortura-en-tamaulipas","category-cintillo","category-noticias-nacionales","category-tamaulipas","category-violencia-de-fuerzas-represivas-en-tamaulipas","tag-abuso-de-fuerzas-represivas","tag-ejecuciones-extrajudiciales","tag-violencia-de-las-fuerzas-represivas","entry"],"jetpack_featured_media_url":"http:\/\/www.grieta.org.mx\/wp-content\/uploads\/2019\/10\/https-_www.animalpolitico.com_wp-content_uploads_2019_09_ejercito-ejecuciones-nuevo-laredo-tamaulipas.jpg","jetpack_sharing_enabled":true,"jetpack_shortlink":"https:\/\/wp.me\/p7ZJR4-apX","jetpack_likes_enabled":false,"jetpack-related-posts":[{"id":61763,"url":"http:\/\/www.grieta.org.mx\/index.php\/2021\/09\/16\/fgr-investiga-cinco-ejecuciones-extrajudiciales-ocurridas-en-agosto-en-nuevo-laredo-tamaulipas\/","url_meta":{"origin":40049,"position":0},"title":"FGR investiga cinco ejecuciones extrajudiciales ocurridas en agosto en Nuevo Laredo (Tamaulipas)","author":"grieta","date":"16 septiembre, 2021","format":false,"excerpt":"Alberto Pradilla\/Animal Pol\u00edtico 16 septiembre 2021 La Fiscal\u00eda General de la Rep\u00fablica (FGR) tiene abierta una carpeta de investigaci\u00f3n por la presunta ejecuci\u00f3n extrajudicial de cinco personas el pasado 14 de agosto en la colonia Nueva Era de Nuevo Laredo, Tamaulipas. Familiares de las v\u00edctimas interpusieron denuncias tras ser informados\u2026","rel":"","context":"En &quot;CINTILLO&quot;","block_context":{"text":"CINTILLO","link":"http:\/\/www.grieta.org.mx\/index.php\/category\/cintillo\/"},"img":{"alt_text":"","src":"https:\/\/i0.wp.com\/www.grieta.org.mx\/wp-content\/uploads\/2021\/09\/ejercito.png?resize=350%2C200","width":350,"height":200,"srcset":"https:\/\/i0.wp.com\/www.grieta.org.mx\/wp-content\/uploads\/2021\/09\/ejercito.png?resize=350%2C200 1x, https:\/\/i0.wp.com\/www.grieta.org.mx\/wp-content\/uploads\/2021\/09\/ejercito.png?resize=525%2C300 1.5x, https:\/\/i0.wp.com\/www.grieta.org.mx\/wp-content\/uploads\/2021\/09\/ejercito.png?resize=700%2C400 2x"},"classes":[]},{"id":57922,"url":"http:\/\/www.grieta.org.mx\/index.php\/2021\/03\/24\/cdhnl-denuncia-nueva-ejecucion-arbitraria-a-manos-de-militares-en-nuevo-laredo-tamaulipas\/","url_meta":{"origin":40049,"position":1},"title":"CDHNL denuncia nueva ejecuci\u00f3n arbitraria a manos de militares en Nuevo Laredo (Tamaulipas)","author":"grieta","date":"24 marzo, 2021","format":false,"excerpt":"El Comit\u00e9 de Derechos Humanos de Nuevo Laredo (CDHNL) denunci\u00f3 una nueva ejecuci\u00f3n arbitraria atribuible a miembros de la Sedena, con lo que suman ocho v\u00edctimas de militares en la ciudad fronteriza en este sexenio. Gloria Leticia D\u00edaz\/ PROCESO CIUDAD DE M\u00c9XICO (apro).- El Comit\u00e9 de Derechos Humanos de Nuevo\u2026","rel":"","context":"En &quot;CINTILLO&quot;","block_context":{"text":"CINTILLO","link":"http:\/\/www.grieta.org.mx\/index.php\/category\/cintillo\/"},"img":{"alt_text":"","src":"https:\/\/i0.wp.com\/www.grieta.org.mx\/wp-content\/uploads\/2021\/03\/131103.jpg?resize=350%2C200","width":350,"height":200,"srcset":"https:\/\/i0.wp.com\/www.grieta.org.mx\/wp-content\/uploads\/2021\/03\/131103.jpg?resize=350%2C200 1x, https:\/\/i0.wp.com\/www.grieta.org.mx\/wp-content\/uploads\/2021\/03\/131103.jpg?resize=525%2C300 1.5x, https:\/\/i0.wp.com\/www.grieta.org.mx\/wp-content\/uploads\/2021\/03\/131103.jpg?resize=700%2C400 2x, https:\/\/i0.wp.com\/www.grieta.org.mx\/wp-content\/uploads\/2021\/03\/131103.jpg?resize=1050%2C600 3x"},"classes":[]},{"id":40053,"url":"http:\/\/www.grieta.org.mx\/index.php\/2019\/09\/24\/los-falsos-positivos-de-tamaulipas\/","url_meta":{"origin":40049,"position":2},"title":"Los falsos positivos de Tamaulipas","author":"grieta","date":"24 septiembre, 2019","format":false,"excerpt":"Redacci\u00f3n \/ AM La casa de Kassandra Trevi\u00f1o era un reguero de sangre. Desde el patio hasta las habitaciones. Los colchones y los juguetes de los ni\u00f1os. \u201cQued\u00f3 todo muy feo\u201d, recuerda la joven de 18 a\u00f1os. A\u00fan con rostro infantil, Trevi\u00f1o se ha convertido en la cara de la\u2026","rel":"","context":"En &quot;Abuso policiaco y tortura en Tamaulipas&quot;","block_context":{"text":"Abuso policiaco y tortura en Tamaulipas","link":"http:\/\/www.grieta.org.mx\/index.php\/category\/noticias-nacionales\/tamaulipas\/abuso-policiaco-y-tortura-en-tamaulipas\/"},"img":{"alt_text":"","src":"https:\/\/i0.wp.com\/www.grieta.org.mx\/wp-content\/uploads\/2019\/10\/Screenshot_2019-10-08-Los-falsos-positivos-de-Tamaulipas.png?resize=350%2C200","width":350,"height":200,"srcset":"https:\/\/i0.wp.com\/www.grieta.org.mx\/wp-content\/uploads\/2019\/10\/Screenshot_2019-10-08-Los-falsos-positivos-de-Tamaulipas.png?resize=350%2C200 1x, https:\/\/i0.wp.com\/www.grieta.org.mx\/wp-content\/uploads\/2019\/10\/Screenshot_2019-10-08-Los-falsos-positivos-de-Tamaulipas.png?resize=525%2C300 1.5x, https:\/\/i0.wp.com\/www.grieta.org.mx\/wp-content\/uploads\/2019\/10\/Screenshot_2019-10-08-Los-falsos-positivos-de-Tamaulipas.png?resize=700%2C400 2x"},"classes":[]},{"id":2411,"url":"http:\/\/www.grieta.org.mx\/index.php\/2015\/10\/09\/terror-en-tamaulipas-ejecuciones-extrajudiciales-desapariciones-forzadas-violacion-en-cuartel-militar\/","url_meta":{"origin":40049,"position":3},"title":"Terror en Tamaulipas: ejecuciones extrajudiciales, desapariciones forzadas, violaci\u00f3n en cuartel militar","author":"grieta","date":"9 octubre, 2015","format":false,"excerpt":"Proceso Luciano Campos Garza El 29 de septiembre, el presidente del Comit\u00e9 de Derechos Humanos de Nuevo Laredo, Raymundo Ramos V\u00e1zquez, entreg\u00f3 un informe a los integrantes de la Comisi\u00f3n Interamericana de Derechos Humanos que en 64 p\u00e1ginas resume el clima oprobioso que envuelve a Tamaulipas. El documento incluye 23\u2026","rel":"","context":"En &quot;Abuso policiaco y tortura en Tamaulipas&quot;","block_context":{"text":"Abuso policiaco y tortura en Tamaulipas","link":"http:\/\/www.grieta.org.mx\/index.php\/category\/noticias-nacionales\/tamaulipas\/abuso-policiaco-y-tortura-en-tamaulipas\/"},"img":{"alt_text":"","src":"https:\/\/i0.wp.com\/www.grieta.org.mx\/wp-content\/uploads\/2018\/03\/14524434_1106112876131411_958039263622046936_o.jpg?resize=350%2C200","width":350,"height":200,"srcset":"https:\/\/i0.wp.com\/www.grieta.org.mx\/wp-content\/uploads\/2018\/03\/14524434_1106112876131411_958039263622046936_o.jpg?resize=350%2C200 1x, https:\/\/i0.wp.com\/www.grieta.org.mx\/wp-content\/uploads\/2018\/03\/14524434_1106112876131411_958039263622046936_o.jpg?resize=525%2C300 1.5x, https:\/\/i0.wp.com\/www.grieta.org.mx\/wp-content\/uploads\/2018\/03\/14524434_1106112876131411_958039263622046936_o.jpg?resize=700%2C400 2x"},"classes":[]},{"id":39468,"url":"http:\/\/www.grieta.org.mx\/index.php\/2019\/09\/17\/soldados-y-policias-se-habrian-coordinado-para-matanza-en-tamaulipas\/","url_meta":{"origin":40049,"position":4},"title":"Soldados y polic\u00edas se habr\u00edan coordinado para matanza en Tamaulipas","author":"grieta","date":"17 septiembre, 2019","format":false,"excerpt":"Redacci\u00f3n \/ Z\u00f3calo Nuevo Laredo, Tamps.- Ante la matanza del jueves 5 de septiembre en Nuevo Laredo, Tamaulipas, en la que murieron ocho personas, el Comit\u00e9 de Derechos Humanos de Nuevo Laredo document\u00f3 que militares y polic\u00edas estatales realizaron un operativo criminal que intentaron disfrazar de enfrentamiento con narcos. Mediante\u2026","rel":"","context":"En &quot;Abuso policiaco y tortura en Tamaulipas&quot;","block_context":{"text":"Abuso policiaco y tortura en Tamaulipas","link":"http:\/\/www.grieta.org.mx\/index.php\/category\/noticias-nacionales\/tamaulipas\/abuso-policiaco-y-tortura-en-tamaulipas\/"},"img":{"alt_text":"","src":"https:\/\/i0.wp.com\/www.grieta.org.mx\/wp-content\/uploads\/2019\/09\/matanza-tamaulipas-621x354.jpg?resize=350%2C200","width":350,"height":200,"srcset":"https:\/\/i0.wp.com\/www.grieta.org.mx\/wp-content\/uploads\/2019\/09\/matanza-tamaulipas-621x354.jpg?resize=350%2C200 1x, https:\/\/i0.wp.com\/www.grieta.org.mx\/wp-content\/uploads\/2019\/09\/matanza-tamaulipas-621x354.jpg?resize=525%2C300 1.5x"},"classes":[]},{"id":55225,"url":"http:\/\/www.grieta.org.mx\/index.php\/2020\/09\/08\/a-un-ano-de-masacre-en-valles-de-anahuac-nuevo-laredo-solo-hay-2-detenidos-tamaulipas\/","url_meta":{"origin":40049,"position":5},"title":"A un a\u00f1o de masacre en Valles de An\u00e1huac, Nuevo Laredo, solo hay 2 detenidos (Tamaulipas)","author":"grieta","date":"8 septiembre, 2020","format":false,"excerpt":"Alberto Padilla\/Animal Pol\u00edtico 8 septiembre 2020 \u201cPido a las autoridades que se haga justicia. Ellos no deb\u00edan morir as\u00ed\", dice Natividad Ch\u00e1vez Enr\u00edquez, madre de Enrique, una de las v\u00edctimas de la masacre. Dos polic\u00edas detenidos, tres en libertad tras prestarse a colaborar con las autoridades y otros dos en\u2026","rel":"","context":"En &quot;CINTILLO&quot;","block_context":{"text":"CINTILLO","link":"http:\/\/www.grieta.org.mx\/index.php\/category\/cintillo\/"},"img":{"alt_text":"","src":"https:\/\/i0.wp.com\/www.grieta.org.mx\/wp-content\/uploads\/2020\/11\/nuevo-laredo.jpeg?resize=350%2C200","width":350,"height":200,"srcset":"https:\/\/i0.wp.com\/www.grieta.org.mx\/wp-content\/uploads\/2020\/11\/nuevo-laredo.jpeg?resize=350%2C200 1x, https:\/\/i0.wp.com\/www.grieta.org.mx\/wp-content\/uploads\/2020\/11\/nuevo-laredo.jpeg?resize=525%2C300 1.5x, https:\/\/i0.wp.com\/www.grieta.org.mx\/wp-content\/uploads\/2020\/11\/nuevo-laredo.jpeg?resize=700%2C400 2x"},"classes":[]}],"_links":{"self":[{"href":"http:\/\/www.grieta.org.mx\/index.php\/wp-json\/wp\/v2\/posts\/40049","targetHints":{"allow":["GET"]}}],"collection":[{"href":"http:\/\/www.grieta.org.mx\/index.php\/wp-json\/wp\/v2\/posts"}],"about":[{"href":"http:\/\/www.grieta.org.mx\/index.php\/wp-json\/wp\/v2\/types\/post"}],"author":[{"embeddable":true,"href":"http:\/\/www.grieta.org.mx\/index.php\/wp-json\/wp\/v2\/users\/2"}],"replies":[{"embeddable":true,"href":"http:\/\/www.grieta.org.mx\/index.php\/wp-json\/wp\/v2\/comments?post=40049"}],"version-history":[{"count":1,"href":"http:\/\/www.grieta.org.mx\/index.php\/wp-json\/wp\/v2\/posts\/40049\/revisions"}],"predecessor-version":[{"id":40052,"href":"http:\/\/www.grieta.org.mx\/index.php\/wp-json\/wp\/v2\/posts\/40049\/revisions\/40052"}],"wp:featuredmedia":[{"embeddable":true,"href":"http:\/\/www.grieta.org.mx\/index.php\/wp-json\/wp\/v2\/media\/40051"}],"wp:attachment":[{"href":"http:\/\/www.grieta.org.mx\/index.php\/wp-json\/wp\/v2\/media?parent=40049"}],"wp:term":[{"taxonomy":"category","embeddable":true,"href":"http:\/\/www.grieta.org.mx\/index.php\/wp-json\/wp\/v2\/categories?post=40049"},{"taxonomy":"post_tag","embeddable":true,"href":"http:\/\/www.grieta.org.mx\/index.php\/wp-json\/wp\/v2\/tags?post=40049"}],"curies":[{"name":"wp","href":"https:\/\/api.w.org\/{rel}","templated":true}]}}