{"id":4002,"date":"2015-12-11T04:14:43","date_gmt":"2015-12-11T04:14:43","guid":{"rendered":"http:\/\/50.22.11.12\/~grietaor\/?p=4002"},"modified":"2018-07-05T12:47:41","modified_gmt":"2018-07-05T17:47:41","slug":"cronica-del-tercer-paro-laboral-en-la-maquila-lexmark-de-ciudad-juarez","status":"publish","type":"post","link":"http:\/\/www.grieta.org.mx\/index.php\/2015\/12\/11\/cronica-del-tercer-paro-laboral-en-la-maquila-lexmark-de-ciudad-juarez\/","title":{"rendered":"Cr\u00f3nica del tercer paro laboral en la maquila LEXMARK de Ciudad Ju\u00e1rez"},"content":{"rendered":"<p>Julian Contreras\/LA IZQUIERDA DIARIO<\/p>\n<p>El mi\u00e9rcoles 9 de diciembre, las y los trabajadores del primer turno de la maquiladora Lexmark se toparon con un enorme dispositivo de seguridad encaminado a identificar e impedir el paso a la planta de las y los trabajadores m\u00e1s activos durante los paros laborales de los d\u00edas anteriores.<br \/>\nEl grueso de los y las obreros pudo observar como la maquila se convert\u00eda en una especie de bunker donde los guardias de seguridad se mov\u00edan amenazantes, algunos de ellos con perros entrenados. En el turno matutino fueron alrededor de una docena de trabajadores los que de facto fueron despedidos injustificadamente.<\/p>\n<p>Para el cambio de turno, a las 3:30 pm, el n\u00famero de despedidos se increment\u00f3 a 90 obreras; y se presentaron casos de trabajadoras que fueron despedidas a pesar de no participar en el movimiento. El grueso de las y los obreros -en lucha por un sindicato independiente, aumento salarial y por mejoras a las condiciones de trabajo- realiz\u00f3 una protesta a la entrada de la maquila, donde gritaron consignas como \u201cSalario m\u00ednimo al gerente para que vea lo que se siente\u201d \u201cObreros unidos, jam\u00e1s ser\u00e1n vencidos\u201d \u201cSomos muchos y seremos m\u00e1s\u201d \u201cObrero callado jam\u00e1s ser\u00e1 escuchado\u201d.<\/p>\n<p>La vigilancia no pudo evitar que al interior de la f\u00e1brica algunas trabajadoras pararan en sus l\u00edneas de producci\u00f3n y empezaran a llamar al tercer paro laboral. Una a una fueron rodeadas por los guardias y expulsadas de la planta. Entre l\u00e1grimas, una de ellas, de nombre Miriam, dijo: \u201cNo llor\u00f3 porque me corran, de mejores lugares me han corrido, lloro de puro coraje, porque son unos abusones, el gusto que me queda es que s\u00ed les dije sus verdades, le dije a la de recursos humanos \u00bfQu\u00e9, t\u00fa no tienes hijos?\u201d. Otra obrera de 60 a\u00f1os fue sacada de la planta y lloraba desconsolada, porque le aseguraron los de personal que no se iba a poder jubilar si la corr\u00edan. La abogada de los obreros la abraz\u00f3 junto a otras compa\u00f1eras mientras le explicaba que esto era una mentira para meterles miedo y que su jubilaci\u00f3n no depend\u00eda de ellos.<\/p>\n<p>A trav\u00e9s de las rejas de pod\u00eda ver y escuchar como otra obrera le hac\u00eda frente al jefe de seguridad para que le explicara porque los guardias los estrujaban y sacaban a empujones, que no ten\u00edan derecho a hacerlo.<\/p>\n<p>Hubo un momento de angustia en el plant\u00f3n que frente a la f\u00e1brica mantienen desde hace m\u00e1s de un mes los obreros. Esto termin\u00f3 cuando, por celular, trabajadoras al interior de la planta, empezaron a informar que estaban parando en una de las plantas. Para las 6 de la tarde los camiones de personal llegaban y los trabajadores se enteraban que por tercer d\u00eda consecutivo hab\u00edan logrado un paro laboral al interior de la f\u00e1brica en la exigencia de su pliego petitorio.<\/p>\n<p>Al salir Amalia, una de las obreras que con silbato en mano llam\u00f3 al paro en el interior de la f\u00e1brica, sus compa\u00f1eros y compa\u00f1eras de lucha se abalanzaron sobre ella y entre porras, consignas y aplausos la recibieron. Ella comentar\u00eda: \u201cAgarr\u00e9 el silbato y los dedos se me retorc\u00edan de nervios, me estaban rodeando 14 guardias y con todo y miedo empec\u00e9 a pitar y mis compa\u00f1eros me defendieron y evitaron que me sacaran, hasta que todos paramos\u201d.<\/p>\n<p>En el plant\u00f3n el fr\u00edo se deja sentir como s\u00f3lo por estos lados de la rep\u00fablica suele hacerlo. El calent\u00f3n consume la poca le\u00f1a que les queda de reserva, mientras cocinan un caldillo para los presentes. Es la hora de la cena, de quienes est\u00e1n escribiendo la historia del movimiento obrero de esta frontera. Hay risas y alegr\u00eda, saben que la lucha ser\u00e1 m\u00e1s dif\u00edcil tras el despido injustificado, pero est\u00e1n convencidos de dar la batalla. En palabras de un obrero de nombre Alejandro: \u201cEsto apenas empieza\u201d.<\/p>\n<p>Hoy, el secretario del trabajo de Chihuahua servilmente se pliega a la patronal de la industria maquiladora y lanza una ofensiva en el Congreso del Estado, difamando a la abogada laboralista Susana Prieto Terrazas, que ha mantenido una actitud m\u00e1s que solidaria con los y las trabajadores que jur\u00eddicamente defiende. Pretenden descalificar las justas demandas de los y las obreros, introduciendo la versi\u00f3n en la prensa oficialista de que la lucha de los trabajadores es un invento, una creaci\u00f3n financiada por la litigante.<\/p>\n<p>Los que hemos estado de cerca solidariz\u00e1ndonos en los plantones sabemos que esto es una declaraci\u00f3n ma\u00f1osa, que pretende ocultar la solidaridad que la sociedad ha brindado a los trabajadores en resistencia. Esta cruzada indigna contra las trabajadoras y los trabajadores organizados es una prueba del nerviosismo de quienes le han apostado a que la clase obrera siga aguantando las condiciones de sobreexplotaci\u00f3n y despojo de su trabajo. Est\u00e1n nerviosos porque saben que se equivocaron.<\/p>\n<p>Los socialistas de esta frontera se han declarado listos para dar la defensa pol\u00edtica de quienes reivindican los derechos y las demandas de la clase trabajadora. Porque ni las calumnias ni las amenazas pueden detener a la clase obrera cuando se dispone a avanzar en su liberaci\u00f3n. El llamado es a sumarse solidariamente a esta lucha.<\/p>\n<p><a href=\"http:\/\/www.laizquierdadiario.com\/Cronica-del-tercer-paro-laboral-en-la-maquila-LEXMARK-de-Ciudad-Juarez\">www.laizquierdadiario.com\/Cronica-del-tercer-paro-laboral-en-la-maquila-LEXMARK-de-Ciudad-Juarez<\/a><\/p>\n","protected":false},"excerpt":{"rendered":"<p>Julian Contreras\/LA IZQUIERDA DIARIO El mi\u00e9rcoles 9 de diciembre, las y los trabajadores del primer turno de la maquiladora Lexmark se toparon con un enorme dispositivo de seguridad encaminado a &hellip; <a href=\"http:\/\/www.grieta.org.mx\/index.php\/2015\/12\/11\/cronica-del-tercer-paro-laboral-en-la-maquila-lexmark-de-ciudad-juarez\/\" class=\"more-link\">Leer m\u00e1s<\/a><\/p>\n","protected":false},"author":2,"featured_media":21928,"comment_status":"closed","ping_status":"open","sticky":false,"template":"","format":"standard","meta":{"ngg_post_thumbnail":0,"_jetpack_newsletter_access":"","_jetpack_dont_email_post_to_subs":false,"_jetpack_newsletter_tier_id":0,"_jetpack_memberships_contains_paywalled_content":false,"_jetpack_memberships_contains_paid_content":false,"footnotes":""},"categories":[12,122,80,1398,910,2,83],"tags":[113,196],"class_list":{"0":"post-4002","1":"post","2":"type-post","3":"status-publish","4":"format-standard","5":"has-post-thumbnail","6":"hentry","7":"category-chihuahua","9":"category-cintillo","10":"category-conflictos-laborales-en-chihuahua","11":"category-explotacion-y-precariedad-laboral","12":"category-noticias-nacionales","13":"category-temas-nacionales","14":"tag-conflictos-laborales","15":"tag-maquilas","16":"entry"},"jetpack_featured_media_url":"http:\/\/www.grieta.org.mx\/wp-content\/uploads\/2018\/03\/14524434_1106112876131411_958039263622046936_o.jpg","jetpack_sharing_enabled":true,"jetpack_shortlink":"https:\/\/wp.me\/p7ZJR4-12y","jetpack_likes_enabled":false,"jetpack-related-posts":[{"id":3322,"url":"http:\/\/www.grieta.org.mx\/index.php\/2015\/12\/15\/lexmark-habria-despedido-a-120-empleados-por-pedir-aumento-y-crear-sindicato\/","url_meta":{"origin":4002,"position":0},"title":"Lexmark habr\u00eda despedido a 120 empleados por pedir aumento y crear sindicato","author":"grieta","date":"15 diciembre, 2015","format":false,"excerpt":"Redacci\u00f3n\/El FINANCIERO La firma de impresi\u00f3n y software Lexmark habr\u00eda despedido al menos a 120 empleados de su planta ubicada en Ciudad Ju\u00e1rez, Chihuahua, presuntamente por solicitar un aumento salarial de 6 pesos y formar un sindicato. De acuerdo con medios locales, los empleados se inconformaron al neg\u00e1rseles el aumento\u2026","rel":"","context":"En &quot;Chihuahua&quot;","block_context":{"text":"Chihuahua","link":"http:\/\/www.grieta.org.mx\/index.php\/category\/noticias-nacionales\/chihuahua\/"},"img":{"alt_text":"","src":"https:\/\/i0.wp.com\/www.grieta.org.mx\/wp-content\/uploads\/2018\/03\/14524434_1106112876131411_958039263622046936_o.jpg?resize=350%2C200","width":350,"height":200,"srcset":"https:\/\/i0.wp.com\/www.grieta.org.mx\/wp-content\/uploads\/2018\/03\/14524434_1106112876131411_958039263622046936_o.jpg?resize=350%2C200 1x, https:\/\/i0.wp.com\/www.grieta.org.mx\/wp-content\/uploads\/2018\/03\/14524434_1106112876131411_958039263622046936_o.jpg?resize=525%2C300 1.5x, https:\/\/i0.wp.com\/www.grieta.org.mx\/wp-content\/uploads\/2018\/03\/14524434_1106112876131411_958039263622046936_o.jpg?resize=700%2C400 2x"},"classes":[]},{"id":17965,"url":"http:\/\/www.grieta.org.mx\/index.php\/2016\/09\/11\/protestan-profesores-de-telebachilleratos-por-falta-de-pagos-en-chihuahua\/","url_meta":{"origin":4002,"position":1},"title":"Conflictos laborales en la industria maquiladora de Chihuahua","author":"grieta","date":"11 septiembre, 2016","format":false,"excerpt":"10\/09\/16. Convocan a obreros a grito \u201cMaquilero\u201d vs campa\u00f1a medi\u00e1tica de empresas, Ciudad Ju\u00e1rezEl Pueblo 06\/09\/16. Preparan obreros verbena contra compa\u00f1a de Index, Ciudad Ju\u00e1rezEl Mexicano 30\/08\/16. Cruza fronteras lucha maquilera contra explotaci\u00f3n laboral, ChihuahuaEl Pueblo 20\/08\/16. Salario maquilador en d\u00f3lares baja 13%, ChihuahuaEl Diario 05\/08\/16. Revela abogada Prieto los\u2026","rel":"","context":"En &quot;Chihuahua&quot;","block_context":{"text":"Chihuahua","link":"http:\/\/www.grieta.org.mx\/index.php\/category\/noticias-nacionales\/chihuahua\/"},"img":{"alt_text":"","src":"https:\/\/i0.wp.com\/www.grieta.org.mx\/wp-content\/uploads\/2018\/03\/14524434_1106112876131411_958039263622046936_o.jpg?resize=350%2C200","width":350,"height":200,"srcset":"https:\/\/i0.wp.com\/www.grieta.org.mx\/wp-content\/uploads\/2018\/03\/14524434_1106112876131411_958039263622046936_o.jpg?resize=350%2C200 1x, https:\/\/i0.wp.com\/www.grieta.org.mx\/wp-content\/uploads\/2018\/03\/14524434_1106112876131411_958039263622046936_o.jpg?resize=525%2C300 1.5x, https:\/\/i0.wp.com\/www.grieta.org.mx\/wp-content\/uploads\/2018\/03\/14524434_1106112876131411_958039263622046936_o.jpg?resize=700%2C400 2x"},"classes":[]},{"id":2199,"url":"http:\/\/www.grieta.org.mx\/index.php\/2016\/01\/14\/trabajadores-de-lexmark-protestan-en-el-df-obreros-de-las-maquilas-son-esclavos-del-siglo-xxi-y-el-gobierno-lo-permite\/","url_meta":{"origin":4002,"position":2},"title":"Trabajadores de Lexmark protestan en el DF: \u201cobreros de las maquilas son esclavos del siglo XXI y el gobierno lo permite\u201d","author":"grieta","date":"14 enero, 2016","format":false,"excerpt":"Revoluci\u00f3nTresPuntoCero Edgar Rosas Luego de ser despedidos por reclamar respeto a sus derechos y exigir la constituci\u00f3n de un sindicato independiente, trabajadores de Lexmark provenientes de Ciudad Ju\u00e1rez, Chihuahua, realizaron este mi\u00e9rcoles 13 de enero una serie de protestas en la Ciudad de M\u00e9xico con el objetivo de visibilizar la\u2026","rel":"","context":"En &quot;chihuahua&quot;","block_context":{"text":"chihuahua","link":"http:\/\/www.grieta.org.mx\/index.php\/category\/chihuahua\/"},"img":{"alt_text":"","src":"https:\/\/i0.wp.com\/www.grieta.org.mx\/wp-content\/uploads\/2018\/03\/14524434_1106112876131411_958039263622046936_o.jpg?resize=350%2C200","width":350,"height":200,"srcset":"https:\/\/i0.wp.com\/www.grieta.org.mx\/wp-content\/uploads\/2018\/03\/14524434_1106112876131411_958039263622046936_o.jpg?resize=350%2C200 1x, https:\/\/i0.wp.com\/www.grieta.org.mx\/wp-content\/uploads\/2018\/03\/14524434_1106112876131411_958039263622046936_o.jpg?resize=525%2C300 1.5x, https:\/\/i0.wp.com\/www.grieta.org.mx\/wp-content\/uploads\/2018\/03\/14524434_1106112876131411_958039263622046936_o.jpg?resize=700%2C400 2x"},"classes":[]},{"id":3329,"url":"http:\/\/www.grieta.org.mx\/index.php\/2015\/12\/10\/prohibe-lexmark-entrada-a-18-obreros-en-rebeldia-en-ciudad-juarez\/","url_meta":{"origin":4002,"position":3},"title":"Proh\u00edbe Lexmark entrada a 18 obreros en rebeld\u00eda en Ciudad Ju\u00e1rez","author":"grieta","date":"10 diciembre, 2015","format":false,"excerpt":"Redacci\u00f3n\/EL MEXICANO Ciudad Ju\u00e1rez,Chihuahua.-Un grupo de al menos 40 personas contin\u00faa con el plant\u00f3n afuera de las instalaciones de la empresa Lexmark, en la exigencia del aumento de salarios para los trabajadores. Tras el paro laboral registrado el martes por la tarde, durante la ma\u00f1ana de ayer, al menos un\u2026","rel":"","context":"En &quot;Chihuahua&quot;","block_context":{"text":"Chihuahua","link":"http:\/\/www.grieta.org.mx\/index.php\/category\/noticias-nacionales\/chihuahua\/"},"img":{"alt_text":"","src":"https:\/\/i0.wp.com\/www.grieta.org.mx\/wp-content\/uploads\/2018\/03\/14524434_1106112876131411_958039263622046936_o.jpg?resize=350%2C200","width":350,"height":200,"srcset":"https:\/\/i0.wp.com\/www.grieta.org.mx\/wp-content\/uploads\/2018\/03\/14524434_1106112876131411_958039263622046936_o.jpg?resize=350%2C200 1x, https:\/\/i0.wp.com\/www.grieta.org.mx\/wp-content\/uploads\/2018\/03\/14524434_1106112876131411_958039263622046936_o.jpg?resize=525%2C300 1.5x, https:\/\/i0.wp.com\/www.grieta.org.mx\/wp-content\/uploads\/2018\/03\/14524434_1106112876131411_958039263622046936_o.jpg?resize=700%2C400 2x"},"classes":[]},{"id":4012,"url":"http:\/\/www.grieta.org.mx\/index.php\/2015\/11\/20\/sostienen-plantones-en-maquiladoras-de-chihuahua\/","url_meta":{"origin":4002,"position":4},"title":"Sostienen plantones en maquiladoras de Chihuahua","author":"grieta","date":"20 noviembre, 2015","format":false,"excerpt":"Carlos Ram\u00edrez\/EL MEXICANO Ciudad Ju\u00e1rez,Chihuahua.-En pie de lucha contin\u00faan empleados huelguistas de las empresas maquiladoras Eaton, Lexmark y ADC Commscope, luego que los directivos de esas compa\u00f1\u00edas no les han resuelto nada en torno a sus exigencias; mientras que los inconformes de Foxconn levantaron su plant\u00f3n que mantuvieron a lo\u2026","rel":"","context":"En &quot;Chihuahua&quot;","block_context":{"text":"Chihuahua","link":"http:\/\/www.grieta.org.mx\/index.php\/category\/noticias-nacionales\/chihuahua\/"},"img":{"alt_text":"","src":"https:\/\/i0.wp.com\/www.grieta.org.mx\/wp-content\/uploads\/2018\/03\/14524434_1106112876131411_958039263622046936_o.jpg?resize=350%2C200","width":350,"height":200,"srcset":"https:\/\/i0.wp.com\/www.grieta.org.mx\/wp-content\/uploads\/2018\/03\/14524434_1106112876131411_958039263622046936_o.jpg?resize=350%2C200 1x, https:\/\/i0.wp.com\/www.grieta.org.mx\/wp-content\/uploads\/2018\/03\/14524434_1106112876131411_958039263622046936_o.jpg?resize=525%2C300 1.5x, https:\/\/i0.wp.com\/www.grieta.org.mx\/wp-content\/uploads\/2018\/03\/14524434_1106112876131411_958039263622046936_o.jpg?resize=700%2C400 2x"},"classes":[]},{"id":4006,"url":"http:\/\/www.grieta.org.mx\/index.php\/2015\/12\/09\/denunciaran-a-activistas-que-motivaron-protesta-en-maquiladoras-de-ciudad-juarez\/","url_meta":{"origin":4002,"position":5},"title":"Denunciar\u00e1n a activistas que motivaron protesta en maquiladoras de Ciudad Ju\u00e1rez","author":"grieta","date":"9 diciembre, 2015","format":false,"excerpt":"Omar Garc\u00eda\/EL MEXICANO Ciudad Ju\u00e1rez,Chihuahua.-En el segundo d\u00eda consecutivo de protestas en la maquiladora Lexmark, la Secretar\u00eda del Trabajo y Previsi\u00f3n Social anunci\u00f3 que prepara una propuesta de soluci\u00f3n y anticip\u00f3 que los directivos de esa empresa est\u00e1n analizando la posibilidad de interponer una demanda penal por la intromisi\u00f3n de\u2026","rel":"","context":"En &quot;Chihuahua&quot;","block_context":{"text":"Chihuahua","link":"http:\/\/www.grieta.org.mx\/index.php\/category\/noticias-nacionales\/chihuahua\/"},"img":{"alt_text":"","src":"https:\/\/i0.wp.com\/www.grieta.org.mx\/wp-content\/uploads\/2018\/03\/14524434_1106112876131411_958039263622046936_o.jpg?resize=350%2C200","width":350,"height":200,"srcset":"https:\/\/i0.wp.com\/www.grieta.org.mx\/wp-content\/uploads\/2018\/03\/14524434_1106112876131411_958039263622046936_o.jpg?resize=350%2C200 1x, https:\/\/i0.wp.com\/www.grieta.org.mx\/wp-content\/uploads\/2018\/03\/14524434_1106112876131411_958039263622046936_o.jpg?resize=525%2C300 1.5x, https:\/\/i0.wp.com\/www.grieta.org.mx\/wp-content\/uploads\/2018\/03\/14524434_1106112876131411_958039263622046936_o.jpg?resize=700%2C400 2x"},"classes":[]}],"_links":{"self":[{"href":"http:\/\/www.grieta.org.mx\/index.php\/wp-json\/wp\/v2\/posts\/4002","targetHints":{"allow":["GET"]}}],"collection":[{"href":"http:\/\/www.grieta.org.mx\/index.php\/wp-json\/wp\/v2\/posts"}],"about":[{"href":"http:\/\/www.grieta.org.mx\/index.php\/wp-json\/wp\/v2\/types\/post"}],"author":[{"embeddable":true,"href":"http:\/\/www.grieta.org.mx\/index.php\/wp-json\/wp\/v2\/users\/2"}],"replies":[{"embeddable":true,"href":"http:\/\/www.grieta.org.mx\/index.php\/wp-json\/wp\/v2\/comments?post=4002"}],"version-history":[{"count":1,"href":"http:\/\/www.grieta.org.mx\/index.php\/wp-json\/wp\/v2\/posts\/4002\/revisions"}],"predecessor-version":[{"id":24191,"href":"http:\/\/www.grieta.org.mx\/index.php\/wp-json\/wp\/v2\/posts\/4002\/revisions\/24191"}],"wp:featuredmedia":[{"embeddable":true,"href":"http:\/\/www.grieta.org.mx\/index.php\/wp-json\/wp\/v2\/media\/21928"}],"wp:attachment":[{"href":"http:\/\/www.grieta.org.mx\/index.php\/wp-json\/wp\/v2\/media?parent=4002"}],"wp:term":[{"taxonomy":"category","embeddable":true,"href":"http:\/\/www.grieta.org.mx\/index.php\/wp-json\/wp\/v2\/categories?post=4002"},{"taxonomy":"post_tag","embeddable":true,"href":"http:\/\/www.grieta.org.mx\/index.php\/wp-json\/wp\/v2\/tags?post=4002"}],"curies":[{"name":"wp","href":"https:\/\/api.w.org\/{rel}","templated":true}]}}