{"id":40006,"date":"2019-10-01T22:42:41","date_gmt":"2019-10-02T03:42:41","guid":{"rendered":"http:\/\/www.grieta.org.mx\/?p=40006"},"modified":"2019-10-05T22:51:30","modified_gmt":"2019-10-06T03:51:30","slug":"cierra-septiembre-con-89-homicidios-en-sinaloa","status":"publish","type":"post","link":"http:\/\/www.grieta.org.mx\/index.php\/2019\/10\/01\/cierra-septiembre-con-89-homicidios-en-sinaloa\/","title":{"rendered":"Cierra septiembre con 89 homicidios en Sinaloa"},"content":{"rendered":"<p><img loading=\"lazy\" decoding=\"async\" data-attachment-id=\"40007\" data-permalink=\"http:\/\/www.grieta.org.mx\/index.php\/2019\/10\/01\/cierra-septiembre-con-89-homicidios-en-sinaloa\/whatsapp-image-2019-10-01-at-10-36-44-am\/\" data-orig-file=\"http:\/\/www.grieta.org.mx\/wp-content\/uploads\/2019\/10\/WhatsApp-Image-2019-10-01-at-10.36.44-AM.jpeg\" data-orig-size=\"768,479\" data-comments-opened=\"0\" data-image-meta=\"{&quot;aperture&quot;:&quot;0&quot;,&quot;credit&quot;:&quot;&quot;,&quot;camera&quot;:&quot;&quot;,&quot;caption&quot;:&quot;&quot;,&quot;created_timestamp&quot;:&quot;0&quot;,&quot;copyright&quot;:&quot;&quot;,&quot;focal_length&quot;:&quot;0&quot;,&quot;iso&quot;:&quot;0&quot;,&quot;shutter_speed&quot;:&quot;0&quot;,&quot;title&quot;:&quot;&quot;,&quot;orientation&quot;:&quot;0&quot;}\" data-image-title=\"WhatsApp Image 2019-10-01 at 10.36.44 AM\" data-image-description=\"\" data-image-caption=\"\" data-medium-file=\"http:\/\/www.grieta.org.mx\/wp-content\/uploads\/2019\/10\/WhatsApp-Image-2019-10-01-at-10.36.44-AM-300x187.jpeg\" data-large-file=\"http:\/\/www.grieta.org.mx\/wp-content\/uploads\/2019\/10\/WhatsApp-Image-2019-10-01-at-10.36.44-AM.jpeg\" class=\"aligncenter wp-image-40007\" src=\"http:\/\/www.grieta.org.mx\/wp-content\/uploads\/2019\/10\/WhatsApp-Image-2019-10-01-at-10.36.44-AM.jpeg\" alt=\"\" width=\"800\" height=\"499\" srcset=\"http:\/\/www.grieta.org.mx\/wp-content\/uploads\/2019\/10\/WhatsApp-Image-2019-10-01-at-10.36.44-AM.jpeg 768w, http:\/\/www.grieta.org.mx\/wp-content\/uploads\/2019\/10\/WhatsApp-Image-2019-10-01-at-10.36.44-AM-300x187.jpeg 300w\" sizes=\"auto, (max-width: 800px) 100vw, 800px\" \/><\/p>\n<p>Foto: El Sol de Sinaloa<\/p>\n<p>Diego Hern\u00e1ndez \/ El Sol de Sinaloa<\/p>\n<p><b>Culiac\u00e1n, Sin. &#8211;<\/b>\u00a0Con 89\u00a0<b>homicidios<\/b>\u00a0y\u00a0<b>35 feminicidios<\/b>\u00a0cerr\u00f3 el mes de septiembre en\u00a0<b>Sinalo<\/b>a, de acuerdo a cifras proporcionadas por la<b>\u00a0Fiscal\u00eda General del Estado<\/b>, convirti\u00e9ndose en el mes m\u00e1s violent\u00f3, aumentando siete casos en comparaci\u00f3n con el mes anterior.<\/p>\n<p>De esta manera, en lo que va del a\u00f1o se han registrado\u00a0<b>695 homicidios dolosos<\/b>, presentando una baja de 168 cr\u00edmenes en comparaci\u00f3n con el a\u00f1o 2018, donde se registraron 863 asesinatos en Sinaloa, durante el mismo periodo.<\/p>\n<p>De acuerdo a datos proporcionados por la Fiscal\u00eda del Estado y Sem\u00e1foro Delictivo, el estado tuvo en promedio 2.95 muertes por d\u00eda, superando con cinco mil\u00e9simas al mes anterior, donde se registraron 85 muertes.<\/p>\n<p>En el caso de los feminicidios, el mes cerr\u00f3 con cinco, siendo un total de 35 los cometidos durante el a\u00f1o, teniendo un caso m\u00e1s en comparaci\u00f3n con el mes anterior y cinco en comparaci\u00f3n con el mismo mes, pero del a\u00f1o 2018.<\/p>\n<p>En total fueron 15 los municipios que tuvieron incidencias, y solamente tres terminaron con saldo blanco, siendo Concordia, Cosal\u00e1 y Sinaloa de Leyva los que no presentaron homicidios durante el mes.<\/p>\n<p>Por su parte, el municipio que m\u00e1s homicidios tuvo fue Culiac\u00e1n con 47 hechos, seguido por Mazatl\u00e1n con nueve, Mocorito con seis, Ahome y Guasave con cinco, respectivamente; Badiraguato, Choix, El Rosario y El Fuerte tuvieron tres casos cada uno, por \u00faltimo, Angostura, Elota, Escuinapa, Navolato, Salvador Alvarado y San Ignacio, solamente tuvieron un hecho.<\/p>\n<p>Enero 81<\/p>\n<p>Febrero 66<\/p>\n<p>Marzo 59<\/p>\n<p>Abril 80<\/p>\n<p>Mayo 81<\/p>\n<p>Junio 73<\/p>\n<p>Julio 81<\/p>\n<p>Agosto 85<\/p>\n<p>Septiembre 89<\/p>\n<p>TOTAL 695<\/p>\n<p><a href=\"https:\/\/www.elsoldesinaloa.com.mx\/policiaca\/cierra-septiembre-con-89-homicidios-en-sinaloa-4255400.html\">https:\/\/www.elsoldesinaloa.com.mx\/policiaca\/cierra-septiembre-con-89-homicidios-en-sinaloa-4255400.html<\/a><\/p>\n","protected":false},"excerpt":{"rendered":"<p>Foto: El Sol de Sinaloa Diego Hern\u00e1ndez \/ El Sol de Sinaloa Culiac\u00e1n, Sin. &#8211;\u00a0Con 89\u00a0homicidios\u00a0y\u00a035 feminicidios\u00a0cerr\u00f3 el mes de septiembre en\u00a0Sinaloa, de acuerdo a cifras proporcionadas por la\u00a0Fiscal\u00eda General &hellip; <a href=\"http:\/\/www.grieta.org.mx\/index.php\/2019\/10\/01\/cierra-septiembre-con-89-homicidios-en-sinaloa\/\" class=\"more-link\">Leer m\u00e1s<\/a><\/p>\n","protected":false},"author":2,"featured_media":21928,"comment_status":"closed","ping_status":"closed","sticky":false,"template":"","format":"standard","meta":{"ngg_post_thumbnail":0,"_jetpack_newsletter_access":"","_jetpack_dont_email_post_to_subs":false,"_jetpack_newsletter_tier_id":0,"_jetpack_memberships_contains_paywalled_content":false,"_jetpack_memberships_contains_paid_content":false,"footnotes":""},"categories":[80,84,1132,2729,2,30,83],"tags":[81,1133],"class_list":["post-40006","post","type-post","status-publish","format-standard","has-post-thumbnail","hentry","category-cintillo","category-feminicidios","category-feminicidios-en-sinaloa","category-incremento-de-la-inseguridad-en-sinaloa","category-noticias-nacionales","category-sinaloa","category-temas-nacionales","tag-feminicidios","tag-incremento-en-la-violencia","entry"],"jetpack_featured_media_url":"http:\/\/www.grieta.org.mx\/wp-content\/uploads\/2018\/03\/14524434_1106112876131411_958039263622046936_o.jpg","jetpack_sharing_enabled":true,"jetpack_shortlink":"https:\/\/wp.me\/p7ZJR4-apg","jetpack_likes_enabled":false,"jetpack-related-posts":[{"id":38209,"url":"http:\/\/www.grieta.org.mx\/index.php\/2019\/08\/01\/julio-el-mes-mas-violento-del-ano-para-sinaloa-cierra-con-82-homicidios\/","url_meta":{"origin":40006,"position":0},"title":"Julio el mes m\u00e1s violento del a\u00f1o para Sinaloa; cierra con 82 homicidios","author":"grieta","date":"1 agosto, 2019","format":false,"excerpt":"Foto: Ilustrativa El municipio de Culiac\u00e1n fue el que m\u00e1s incidencias tuvo con 52 hechos Redacci\u00f3n \/ El Sol de Mazatl\u00e1n Culiac\u00e1n, Sin.-\u00a0El mes de\u00a0Julio\u00a0ha sido el m\u00e1s\u00a0violento\u00a0del 2019, cerrando con\u00a082\u00a0homicidios dolosos, de acuerdo a datos proporcionados por la\u00a0Fiscal\u00eda\u00a0General del Estado, superando los meses de enero y mayo con\u00a081\u00a0casos respectivamente.\u2026","rel":"","context":"En &quot;CINTILLO&quot;","block_context":{"text":"CINTILLO","link":"http:\/\/www.grieta.org.mx\/index.php\/category\/cintillo\/"},"img":{"alt_text":"","src":"https:\/\/i0.wp.com\/www.grieta.org.mx\/wp-content\/uploads\/2019\/08\/still0410_00006.jpg?resize=350%2C200","width":350,"height":200,"srcset":"https:\/\/i0.wp.com\/www.grieta.org.mx\/wp-content\/uploads\/2019\/08\/still0410_00006.jpg?resize=350%2C200 1x, https:\/\/i0.wp.com\/www.grieta.org.mx\/wp-content\/uploads\/2019\/08\/still0410_00006.jpg?resize=525%2C300 1.5x, https:\/\/i0.wp.com\/www.grieta.org.mx\/wp-content\/uploads\/2019\/08\/still0410_00006.jpg?resize=700%2C400 2x, https:\/\/i0.wp.com\/www.grieta.org.mx\/wp-content\/uploads\/2019\/08\/still0410_00006.jpg?resize=1050%2C600 3x, https:\/\/i0.wp.com\/www.grieta.org.mx\/wp-content\/uploads\/2019\/08\/still0410_00006.jpg?resize=1400%2C800 4x"},"classes":[]},{"id":38205,"url":"http:\/\/www.grieta.org.mx\/index.php\/2019\/08\/13\/preocupante-aumento-de-la-tasa-de-homicidios-en-culiacan-sinaloa\/","url_meta":{"origin":40006,"position":1},"title":"Preocupante aumento de la tasa de homicidios en Culiac\u00e1n (Sinaloa)","author":"grieta","date":"13 agosto, 2019","format":false,"excerpt":"Foto: Jes\u00fas Verdugo El mes de julio present\u00f3 13 homicidios m\u00e1s que el mes pasado. Jes\u00fas Verdugo \/ El Sol de Sinaloa Culiac\u00e1n, Sin.\u00a0En el informe del mes de julio de\u00a0Sem\u00e1foro Delictivo\u00a0se presentaron las cifras de\u00a0recurrencia delictiva\u00a0en\u00a0Culiac\u00e1n, destacando un preocupante aumento en la\u00a0tasa de homicidios; un 36 por ciento m\u00e1s\u2026","rel":"","context":"En &quot;CINTILLO&quot;","block_context":{"text":"CINTILLO","link":"http:\/\/www.grieta.org.mx\/index.php\/category\/cintillo\/"},"img":{"alt_text":"","src":"https:\/\/i0.wp.com\/www.grieta.org.mx\/wp-content\/uploads\/2019\/08\/5b86dd80-5619-48ab-b7ec-110790749e4e.jpg?resize=350%2C200","width":350,"height":200,"srcset":"https:\/\/i0.wp.com\/www.grieta.org.mx\/wp-content\/uploads\/2019\/08\/5b86dd80-5619-48ab-b7ec-110790749e4e.jpg?resize=350%2C200 1x, https:\/\/i0.wp.com\/www.grieta.org.mx\/wp-content\/uploads\/2019\/08\/5b86dd80-5619-48ab-b7ec-110790749e4e.jpg?resize=525%2C300 1.5x, https:\/\/i0.wp.com\/www.grieta.org.mx\/wp-content\/uploads\/2019\/08\/5b86dd80-5619-48ab-b7ec-110790749e4e.jpg?resize=700%2C400 2x"},"classes":[]},{"id":38174,"url":"http:\/\/www.grieta.org.mx\/index.php\/2019\/08\/16\/colectivos-feministas-gritan-justicia-sinaloa\/","url_meta":{"origin":40006,"position":2},"title":"Colectivos feministas gritan: \u00a1Justicia! (Sinaloa)","author":"grieta","date":"16 agosto, 2019","format":false,"excerpt":"Foto: Jes\u00fas Verdugo Colectivos feministas de Culiac\u00e1n se reunieron a protestar en la fiscal\u00eda por el caso de la menor que presuntamente fue violada por polic\u00edas en Azcapotzalco Jes\u00fas Verdugo \/ El Sol de Sinaloa Culiac\u00e1n, Sin. -\u00a0Decenas de mujeres\u00a0pertenecientes a\u00a0diferentes colectivos\u00a0en pro de los derechos de la mujer acudieron\u2026","rel":"","context":"En &quot;CINTILLO&quot;","block_context":{"text":"CINTILLO","link":"http:\/\/www.grieta.org.mx\/index.php\/category\/cintillo\/"},"img":{"alt_text":"","src":"https:\/\/i0.wp.com\/www.grieta.org.mx\/wp-content\/uploads\/2019\/08\/MUJERES-OKOK.jpg?resize=350%2C200","width":350,"height":200,"srcset":"https:\/\/i0.wp.com\/www.grieta.org.mx\/wp-content\/uploads\/2019\/08\/MUJERES-OKOK.jpg?resize=350%2C200 1x, https:\/\/i0.wp.com\/www.grieta.org.mx\/wp-content\/uploads\/2019\/08\/MUJERES-OKOK.jpg?resize=525%2C300 1.5x, https:\/\/i0.wp.com\/www.grieta.org.mx\/wp-content\/uploads\/2019\/08\/MUJERES-OKOK.jpg?resize=700%2C400 2x"},"classes":[]},{"id":37939,"url":"http:\/\/www.grieta.org.mx\/index.php\/2019\/08\/13\/suman-ya-30-feminicidios-en-lo-que-va-del-ano-en-sinaloa\/","url_meta":{"origin":40006,"position":3},"title":"Suman ya 30 feminicidios en lo que va del a\u00f1o en Sinaloa","author":"grieta","date":"13 agosto, 2019","format":false,"excerpt":"Foto: Espejo La v\u00edctima n\u00famero 30 fue localizada a un costado del camino que conduce del sector Las Estancias al libramiento Benito Ju\u00e1rez La Costerita. Redacci\u00f3n \/ Revista Espejo Durante la ma\u00f1ana de este martes 13 de agosto se report\u00f3 lo que ser\u00eda el feminicidio n\u00famero 30 en lo que\u2026","rel":"","context":"En &quot;CINTILLO&quot;","block_context":{"text":"CINTILLO","link":"http:\/\/www.grieta.org.mx\/index.php\/category\/cintillo\/"},"img":{"alt_text":"","src":"https:\/\/i0.wp.com\/www.grieta.org.mx\/wp-content\/uploads\/2019\/08\/altar-feminicidio-2.jpeg?resize=350%2C200","width":350,"height":200,"srcset":"https:\/\/i0.wp.com\/www.grieta.org.mx\/wp-content\/uploads\/2019\/08\/altar-feminicidio-2.jpeg?resize=350%2C200 1x, https:\/\/i0.wp.com\/www.grieta.org.mx\/wp-content\/uploads\/2019\/08\/altar-feminicidio-2.jpeg?resize=525%2C300 1.5x, https:\/\/i0.wp.com\/www.grieta.org.mx\/wp-content\/uploads\/2019\/08\/altar-feminicidio-2.jpeg?resize=700%2C400 2x, https:\/\/i0.wp.com\/www.grieta.org.mx\/wp-content\/uploads\/2019\/08\/altar-feminicidio-2.jpeg?resize=1050%2C600 3x"},"classes":[]},{"id":30245,"url":"http:\/\/www.grieta.org.mx\/index.php\/2019\/03\/05\/chihuahua-4to-lugar-en-feminicidios-6-victimas-en-enero\/","url_meta":{"origin":40006,"position":4},"title":"Chihuahua 4to lugar en feminicidios, 6 v\u00edctimas en enero","author":"grieta","date":"5 marzo, 2019","format":false,"excerpt":"Yuriana C\u00e1rdenas\/OMNIA Cifras del Secretariado Ejecutivo del Sistema Nacional de Seguridad P\u00fablica indican que en Chihuahua hubo un aumento en el n\u00famero de feminicidios al pasar de 4 casos en enero del a\u00f1o pasado a 6 en enero 2019. La entidad con mayor n\u00famero de feminicidios durante el primer mes\u2026","rel":"","context":"En &quot;Chihuahua&quot;","block_context":{"text":"Chihuahua","link":"http:\/\/www.grieta.org.mx\/index.php\/category\/noticias-nacionales\/chihuahua\/"},"img":{"alt_text":"","src":"https:\/\/i0.wp.com\/www.grieta.org.mx\/wp-content\/uploads\/2019\/03\/feminicidio.jpg?resize=350%2C200","width":350,"height":200,"srcset":"https:\/\/i0.wp.com\/www.grieta.org.mx\/wp-content\/uploads\/2019\/03\/feminicidio.jpg?resize=350%2C200 1x, https:\/\/i0.wp.com\/www.grieta.org.mx\/wp-content\/uploads\/2019\/03\/feminicidio.jpg?resize=525%2C300 1.5x, https:\/\/i0.wp.com\/www.grieta.org.mx\/wp-content\/uploads\/2019\/03\/feminicidio.jpg?resize=700%2C400 2x, https:\/\/i0.wp.com\/www.grieta.org.mx\/wp-content\/uploads\/2019\/03\/feminicidio.jpg?resize=1050%2C600 3x"},"classes":[]},{"id":31012,"url":"http:\/\/www.grieta.org.mx\/index.php\/2019\/03\/04\/urgen-acciones-para-proteger-a-mujeres-sinaloa\/","url_meta":{"origin":40006,"position":5},"title":"Urgen acciones para proteger a mujeres (Sinaloa)","author":"grieta","date":"4 marzo, 2019","format":false,"excerpt":"Redacci\u00f3n \/ Debate Seg\u00fan la\u00a0Fiscal\u00eda del Estado, Culiac\u00e1n registr\u00f3 28\u00a0feminicidios\u00a0de los 49 ocurridos en Sinaloa durante el 2018, esto se sum\u00f3 a las cifras de alarma tomadas en cuenta recientemente por Amnist\u00eda Internacional para incluir a\u00a0Sinaloa\u00a0entre los cinco estados de la Rep\u00fablica mexicana que en los \u00faltimos tres a\u00f1os concentraron\u2026","rel":"","context":"En &quot;CINTILLO&quot;","block_context":{"text":"CINTILLO","link":"http:\/\/www.grieta.org.mx\/index.php\/category\/cintillo\/"},"img":{"alt_text":"","src":"https:\/\/i0.wp.com\/www.grieta.org.mx\/wp-content\/uploads\/2019\/03\/urgen_acciones_para_proteger_a_mujeres.jpg_539665225.jpg?resize=350%2C200","width":350,"height":200,"srcset":"https:\/\/i0.wp.com\/www.grieta.org.mx\/wp-content\/uploads\/2019\/03\/urgen_acciones_para_proteger_a_mujeres.jpg_539665225.jpg?resize=350%2C200 1x, https:\/\/i0.wp.com\/www.grieta.org.mx\/wp-content\/uploads\/2019\/03\/urgen_acciones_para_proteger_a_mujeres.jpg_539665225.jpg?resize=525%2C300 1.5x"},"classes":[]}],"_links":{"self":[{"href":"http:\/\/www.grieta.org.mx\/index.php\/wp-json\/wp\/v2\/posts\/40006","targetHints":{"allow":["GET"]}}],"collection":[{"href":"http:\/\/www.grieta.org.mx\/index.php\/wp-json\/wp\/v2\/posts"}],"about":[{"href":"http:\/\/www.grieta.org.mx\/index.php\/wp-json\/wp\/v2\/types\/post"}],"author":[{"embeddable":true,"href":"http:\/\/www.grieta.org.mx\/index.php\/wp-json\/wp\/v2\/users\/2"}],"replies":[{"embeddable":true,"href":"http:\/\/www.grieta.org.mx\/index.php\/wp-json\/wp\/v2\/comments?post=40006"}],"version-history":[{"count":1,"href":"http:\/\/www.grieta.org.mx\/index.php\/wp-json\/wp\/v2\/posts\/40006\/revisions"}],"predecessor-version":[{"id":40009,"href":"http:\/\/www.grieta.org.mx\/index.php\/wp-json\/wp\/v2\/posts\/40006\/revisions\/40009"}],"wp:featuredmedia":[{"embeddable":true,"href":"http:\/\/www.grieta.org.mx\/index.php\/wp-json\/wp\/v2\/media\/21928"}],"wp:attachment":[{"href":"http:\/\/www.grieta.org.mx\/index.php\/wp-json\/wp\/v2\/media?parent=40006"}],"wp:term":[{"taxonomy":"category","embeddable":true,"href":"http:\/\/www.grieta.org.mx\/index.php\/wp-json\/wp\/v2\/categories?post=40006"},{"taxonomy":"post_tag","embeddable":true,"href":"http:\/\/www.grieta.org.mx\/index.php\/wp-json\/wp\/v2\/tags?post=40006"}],"curies":[{"name":"wp","href":"https:\/\/api.w.org\/{rel}","templated":true}]}}