{"id":39796,"date":"2019-09-06T21:48:23","date_gmt":"2019-09-07T02:48:23","guid":{"rendered":"http:\/\/www.grieta.org.mx\/?p=39796"},"modified":"2019-10-01T22:08:58","modified_gmt":"2019-10-02T03:08:58","slug":"pueblo-de-edomex-sigue-sin-agua-pese-a-promesa-del-gobierno-por-aceptar-el-aeropuerto-de-santa-lucia","status":"publish","type":"post","link":"http:\/\/www.grieta.org.mx\/index.php\/2019\/09\/06\/pueblo-de-edomex-sigue-sin-agua-pese-a-promesa-del-gobierno-por-aceptar-el-aeropuerto-de-santa-lucia\/","title":{"rendered":"Pueblo de Edomex sigue sin agua pese a promesa del gobierno por aceptar el aeropuerto de Santa Luc\u00eda"},"content":{"rendered":"<p><img loading=\"lazy\" decoding=\"async\" data-attachment-id=\"39797\" data-permalink=\"http:\/\/www.grieta.org.mx\/index.php\/2019\/09\/06\/pueblo-de-edomex-sigue-sin-agua-pese-a-promesa-del-gobierno-por-aceptar-el-aeropuerto-de-santa-lucia\/agua-xaltocan\/\" data-orig-file=\"http:\/\/www.grieta.org.mx\/wp-content\/uploads\/2019\/10\/agua-xaltocan.jpg\" data-orig-size=\"960,539\" data-comments-opened=\"0\" data-image-meta=\"{&quot;aperture&quot;:&quot;0&quot;,&quot;credit&quot;:&quot;&quot;,&quot;camera&quot;:&quot;&quot;,&quot;caption&quot;:&quot;&quot;,&quot;created_timestamp&quot;:&quot;0&quot;,&quot;copyright&quot;:&quot;&quot;,&quot;focal_length&quot;:&quot;0&quot;,&quot;iso&quot;:&quot;0&quot;,&quot;shutter_speed&quot;:&quot;0&quot;,&quot;title&quot;:&quot;&quot;,&quot;orientation&quot;:&quot;1&quot;}\" data-image-title=\"agua-xaltocan\" data-image-description=\"\" data-image-caption=\"\" data-medium-file=\"http:\/\/www.grieta.org.mx\/wp-content\/uploads\/2019\/10\/agua-xaltocan-300x168.jpg\" data-large-file=\"http:\/\/www.grieta.org.mx\/wp-content\/uploads\/2019\/10\/agua-xaltocan.jpg\" class=\"aligncenter wp-image-39797\" src=\"http:\/\/www.grieta.org.mx\/wp-content\/uploads\/2019\/10\/agua-xaltocan.jpg\" alt=\"\" width=\"800\" height=\"449\" srcset=\"http:\/\/www.grieta.org.mx\/wp-content\/uploads\/2019\/10\/agua-xaltocan.jpg 960w, http:\/\/www.grieta.org.mx\/wp-content\/uploads\/2019\/10\/agua-xaltocan-300x168.jpg 300w, http:\/\/www.grieta.org.mx\/wp-content\/uploads\/2019\/10\/agua-xaltocan-768x431.jpg 768w, http:\/\/www.grieta.org.mx\/wp-content\/uploads\/2019\/10\/agua-xaltocan-891x500.jpg 891w\" sizes=\"auto, (max-width: 800px) 100vw, 800px\" \/><\/p>\n<blockquote><p>El gobierno federal prometi\u00f3 hace seis meses a San Miguel Xaltocan agua potable y corriente para sus habitantes, a cambio de que aceptaran vender tierras.<\/p><\/blockquote>\n<p>Hace seis meses, el pueblo de San Miguel Xaltocan, en el Estado de M\u00e9xico, aliment\u00f3 la esperanza de tener agua potable y corriente para sus habitantes: fue la principal promesa del gobierno federal para que aceptaran vender sus tierras y se permitiera la ampliaci\u00f3n de la base a\u00e9rea de Santa Luc\u00eda, para convertirse en el nuevo aeropuerto.<\/p>\n<p>Pero medio a\u00f1o despu\u00e9s, siguen sin agua.<\/p>\n<p>La Comisi\u00f3n Nacional del Agua (Conagua) no ha habilitado un pozo para abastecer al pueblo, a pesar de que ya est\u00e1 construido y solo necesita ser conectado al tanque elevado que la distribuye.<\/p>\n<p>Adem\u00e1s, tanto ese organismo como la Secretar\u00eda de la Defensa Nacional (Sedena), encargada de la construcci\u00f3n del aeropuerto, han dejado de mandar pipas suficientes para dotar de agua a todas las casas, por lo que est\u00e1n consiguiendo pipas privadas que la traigan de pozos m\u00e1s alejados.<\/p>\n<p>Este mi\u00e9rcoles, el pueblo realiz\u00f3 una asamblea para discutir c\u00f3mo exigir el cumplimiento de este y otros acuerdos que firmaron el 10 de marzo con diversas autoridades, como resultado de la \u00fanica consulta ind\u00edgena que el gobierno organiz\u00f3 en torno a lo que ser\u00e1 el nuevo aeropuerto Felipe \u00c1ngeles.<\/p>\n<p>Se decidi\u00f3 exigir a Conagua que firme un convenio garantizando que van a resolver el tema del pozo, y exigir la intervenci\u00f3n directa de Rom\u00e1n Meyer, titular de la Secretar\u00eda de Desarrollo Agrario, Territorial y Urbano (Sedatu), responsable de las negociaciones junto con Sedena, ya que hasta ahora han tratado con el director general de Coordinaci\u00f3n Metropolitana, Daniel Fajardo.<\/p>\n<p>Ascensi\u00f3n Zambrano, integrante del Comit\u00e9 de Agua Potable de Xaltocan, explic\u00f3 a Animal Pol\u00edtico que ellos han estado haciendo tr\u00e1mites, papeleo, e incluso han gastado 11 mil 280 pesos, recaudados entre cooperaciones voluntarias de los habitantes, para pagar derechos de perforaci\u00f3n del pozo, uso y explotaci\u00f3n, en lugar de que Conagua diera la orden directa de d\u00e1rselos.<\/p>\n<p>\u201cNos han tratado como a cualquier particular que va y solicita algo a trav\u00e9s de escritos, que le dicen \u2018traiga esto, traiga lo dem\u00e1s, pres\u00e9ntese para dentro de un mes y le damos una respuesta\u2019, pero nosotros estamos bajo un convenio de aceptaci\u00f3n de que nosotros dijimos: aceptamos el aeropuerto y ustedes nos van a beneficiar con esto\u201d, lament\u00f3.<\/p>\n<p>Una de las explicaciones que les han dado es que Conagua subcontrat\u00f3 a una compa\u00f1\u00eda para que haga la habilitaci\u00f3n del pozo, para lo cual tiene que firmar un contrato con la Comisi\u00f3n Federal de Electricidad (CFE) para el bombeo de agua al tanque central del pueblo, pero recientemente les informaron que no lo han hecho.<\/p>\n<p>Lo \u00faltimo con lo que se toparon, en sus constantes visitas a la Ciudad de M\u00e9xico para tratar de que avance el asunto, es con que cambi\u00f3 el director del Organismo de Cuenca Aguas del Valle de M\u00e9xico de Conagua, as\u00ed que les dijeron que ahora tienen que acercarse al nuevo a ponerlo al tanto del tema, en lugar de que hubiera un convenio al cual darle seguimiento de oficio.<\/p>\n<p>Las promesas de la consulta<br \/>\nEn febrero de 2019 se sec\u00f3 el pozo que abastec\u00eda de agua a Xaltocan. Pero ese mismo mes, funcionarios de Sedena, Sedatu y del Instituto Nacional de los Pueblos Ind\u00edgenas (INPI) empezaron a ir al pueblo para negociar una consulta por las afectaciones que causar\u00e1 el proyecto de nuevo aeropuerto, ya que la base militar necesita una ampliaci\u00f3n de espacio de seguridad hasta parte de lo que eran tierras de cultivo de esta comunidad.<\/p>\n<p>Seg\u00fan el Protocolo para implementar el proceso de consulta previa e informada a la comunidad ind\u00edgena de Xaltocan, Municipio de Nextlalpan, del que Animal Pol\u00edtico tiene copia, el \u201cobjeto de la consulta\u201d fue \u201cAlcanzar un acuerdo con la comunidad de Xaltocan respecto de la posible utilizaci\u00f3n de una parte de sus tierras, as\u00ed como la distribuci\u00f3n justa y equitativa de beneficios, relacionados de la implementaci\u00f3n del proyecto de referencia\u201d.<\/p>\n<p>La consulta ocurri\u00f3 en una asamblea comunitaria en el auditorio ejidal con 450 participantes que dur\u00f3 m\u00e1s de seis horas, realizada el 10 de marzo, sin que esto se hiciera p\u00fablico, hasta que el presidente Andr\u00e9s Manuel L\u00f3pez Obrador dijo en su conferencia ma\u00f1anera del 29 de abril que ya se hab\u00eda consultado a los pueblos de los alrededores del proyecto y lo hab\u00edan aprobado.<\/p>\n<p>Las promesas fueron diversas, como regularizar tierras, darles t\u00edtulos de propiedad y comprar las necesarias para la obra. Otra fue renovar la infraestructura el\u00e9ctrica y condonar un adeudo de casi 1.5 millones de pesos; tambi\u00e9n renovar el drenaje y crear una planta de tratamiento de aguas. Pero sobre todo, garantizar el agua potable.<\/p>\n<p>Martha Arellano, habitante de la comunidad, cont\u00f3 que despu\u00e9s de aprobar la obra en la consulta, Sedena mandaba tres pipas al d\u00eda y Conagua otras tres para llevar agua a todas las calles de Xaltocan, poblaci\u00f3n de casi cuatro mil habitantes. Pero ahora cada organismo manda solo una pipa al d\u00eda, as\u00ed que unos d\u00edas pasan por unas calles, otros por otras.<\/p>\n<p>Entonces han conseguido pipas particulares de pueblos vecinos que vayan a distribuir agua a cambio de cooperaciones para pagarles el combustible o algo a los choferes, que pueden rondar los 200 pesos por media pipa.<\/p>\n<p>El agua la obtienen del pozo 34 de la cuenca  Pachuca-Cuautitl\u00e1n, que pasa a un lado del pueblo. Lo \u00fanico que Conagua habilit\u00f3 fue una toma de agua para que de ah\u00ed puedan surtirse. Pero Xaltocan ha pedido que se haga una derivaci\u00f3n de ese pozo conectada a la red del pueblo, con lo cual ya no tendr\u00eda que tener uno propio.<\/p>\n<p>La carretera que lleva hasta Nextlalpan est\u00e1 llena de estos pozos de la cuenca que surte a la Ciudad de M\u00e9xico, sin que eso garantice agua a los pueblos del camino, y que ya presenta sobreexplotaci\u00f3n.<\/p>\n<p>El protocolo sobre la consulta ind\u00edgena incluye una calendarizaci\u00f3n de acciones cuyo \u00faltimo punto es \u201cetapa de seguimiento y verificaci\u00f3n\u201d, agendada tambi\u00e9n el 10 de marzo, el mismo d\u00eda de la consulta, y despu\u00e9s no hay fechas para el cumplimiento efectivo de las promesas.<\/p>\n<p>Los habitantes de Xaltocan lamentaron que pese a que se establecieron mesas de trabajo con 54 integrantes, no se est\u00e1n viendo acciones, como tampoco ven que haya obras en el aeropuerto, parado por diversos amparos promovidos en contra de la obra.<\/p>\n<p>Pero su paciencia se est\u00e1 acabando, por lo que est\u00e1n decididos a exigir que la pr\u00f3xima vez que el gobierno mande a sus representantes, todo quede firmado ante notario y por fin se cumplan los compromisos.<\/p>\n<p><a href=\"https:\/\/www.animalpolitico.com\/2019\/09\/agua-pueblo-edomex-promesa-gobierno-aeropuerto\/\" rel=\"noopener noreferrer\" target=\"_blank\">https:\/\/www.animalpolitico.com\/2019\/09\/agua-pueblo-edomex-promesa-gobierno-aeropuerto\/<\/a><\/p>\n","protected":false},"excerpt":{"rendered":"<p>El gobierno federal prometi\u00f3 hace seis meses a San Miguel Xaltocan agua potable y corriente para sus habitantes, a cambio de que aceptaran vender tierras. Hace seis meses, el pueblo &hellip; <a href=\"http:\/\/www.grieta.org.mx\/index.php\/2019\/09\/06\/pueblo-de-edomex-sigue-sin-agua-pese-a-promesa-del-gobierno-por-aceptar-el-aeropuerto-de-santa-lucia\/\" class=\"more-link\">Leer m\u00e1s<\/a><\/p>\n","protected":false},"author":2,"featured_media":39797,"comment_status":"closed","ping_status":"closed","sticky":false,"template":"","format":"standard","meta":{"ngg_post_thumbnail":0,"_jetpack_newsletter_access":"","_jetpack_dont_email_post_to_subs":false,"_jetpack_newsletter_tier_id":0,"_jetpack_memberships_contains_paywalled_content":false,"_jetpack_memberships_contains_paid_content":false,"footnotes":""},"categories":[80,39,1571,1278,16,3,2,83],"tags":[2403,1558,96,2567],"class_list":["post-39796","post","type-post","status-publish","format-standard","has-post-thumbnail","hentry","category-cintillo","category-comunicaciones-y-transportes","category-conflictos-por-falta-de-agua-en-el-estado-de-mexico","category-despojo-de-tierras-y-territorios","category-estado-de-mexico","category-megaproyectos","category-noticias-nacionales","category-temas-nacionales","tag-crisis-del-agua","tag-desabasto-de-agua","tag-megaproyectos","tag-nuevo-aeropuerto-en-la-base-aerea-de-santa-lucia","entry"],"jetpack_featured_media_url":"http:\/\/www.grieta.org.mx\/wp-content\/uploads\/2019\/10\/agua-xaltocan.jpg","jetpack_sharing_enabled":true,"jetpack_shortlink":"https:\/\/wp.me\/p7ZJR4-alS","jetpack_likes_enabled":false,"jetpack-related-posts":[{"id":40359,"url":"http:\/\/www.grieta.org.mx\/index.php\/2019\/10\/17\/habitantes-de-pueblos-originarios-protestan-contra-aeropuerto-en-santa-lucia-estado-de-mexico\/","url_meta":{"origin":39796,"position":0},"title":"Habitantes de pueblos originarios protestan contra aeropuerto en Santa Luc\u00eda (Estado de M\u00e9xico)","author":"grieta","date":"17 octubre, 2019","format":false,"excerpt":"Emilio Fern\u00e1ndez \/ El Universal Los residentes argumentan que la construcci\u00f3n y operaci\u00f3n de la terminal a\u00e9rea dejar\u00e1 sin agua potable tanto a las comunidades de las zonas cercanas a la base como los municipios que se encuentran en esta zona del Valle de M\u00e9xico Tec\u00e1mac, Mex.- Un grupo de\u2026","rel":"","context":"En &quot;CINTILLO&quot;","block_context":{"text":"CINTILLO","link":"http:\/\/www.grieta.org.mx\/index.php\/category\/cintillo\/"},"img":{"alt_text":"","src":"https:\/\/i0.wp.com\/www.grieta.org.mx\/wp-content\/uploads\/2019\/10\/Habitantes-de-pueblos-originarios-protestan-contra-aeropuerto-en-Santa-Luc%C3%ADa-edomex-oct.jpg?resize=350%2C200","width":350,"height":200},"classes":[]},{"id":32399,"url":"http:\/\/www.grieta.org.mx\/index.php\/2019\/04\/21\/no-regalaremos-nuestros-terrenos-advierten-vecinos-de-santa-lucia-estado-de-mexico\/","url_meta":{"origin":39796,"position":1},"title":"No regalaremos nuestros terrenos, advierten vecinos de Santa Luc\u00eda (Estado de M\u00e9xico)","author":"grieta","date":"21 abril, 2019","format":false,"excerpt":"Diario de M\u00e9xico Zumpango.- Vecinos de la base militar de Santa Luc\u00eda, en el municipio de Zumpango, Estado de M\u00e9xico, donde se construir\u00e1 el nuevo aeropuerto, demandaron al Gobierno federal aumentar el precio que les ofrecen por la venta de sus terrenos ejidales en las zonas aleda\u00f1as: \u201cQueremos vender no\u2026","rel":"","context":"En &quot;CINTILLO&quot;","block_context":{"text":"CINTILLO","link":"http:\/\/www.grieta.org.mx\/index.php\/category\/cintillo\/"},"img":{"alt_text":"","src":"https:\/\/i0.wp.com\/www.grieta.org.mx\/wp-content\/uploads\/2019\/04\/Zumpango.jpg?resize=350%2C200","width":350,"height":200,"srcset":"https:\/\/i0.wp.com\/www.grieta.org.mx\/wp-content\/uploads\/2019\/04\/Zumpango.jpg?resize=350%2C200 1x, https:\/\/i0.wp.com\/www.grieta.org.mx\/wp-content\/uploads\/2019\/04\/Zumpango.jpg?resize=525%2C300 1.5x"},"classes":[]},{"id":40772,"url":"http:\/\/www.grieta.org.mx\/index.php\/2019\/10\/26\/marchan-en-tecamac-contra-aeropuerto-de-santa-lucia-estado-de-mexico\/","url_meta":{"origin":39796,"position":2},"title":"Marchan en Tec\u00e1mac contra aeropuerto de Santa Luc\u00eda (Estado de M\u00e9xico)","author":"grieta","date":"26 octubre, 2019","format":false,"excerpt":"Alejandra Gudi\u00f1o \/ Milenio La agrupaci\u00f3n denominada 12 pueblos originarios reiter\u00f3 su oposici\u00f3n al proyecto y demand\u00f3 una mesa de di\u00e1logo con las autoridades. Integrantes de los 12 pueblos originarios de Tec\u00e1mac realizaron una marcha que parti\u00f3 de la explanada municipal hasta la entrada de la base a\u00e9rea de Santa\u2026","rel":"","context":"En &quot;CINTILLO&quot;","block_context":{"text":"CINTILLO","link":"http:\/\/www.grieta.org.mx\/index.php\/category\/cintillo\/"},"img":{"alt_text":"","src":"https:\/\/i0.wp.com\/www.grieta.org.mx\/wp-content\/uploads\/2019\/11\/Marchan-en-Tec%C3%A1mac-contra-aeropuerto-de-Santa-Luc%C3%ADa-edomex-nov.jpg?resize=350%2C200","width":350,"height":200,"srcset":"https:\/\/i0.wp.com\/www.grieta.org.mx\/wp-content\/uploads\/2019\/11\/Marchan-en-Tec%C3%A1mac-contra-aeropuerto-de-Santa-Luc%C3%ADa-edomex-nov.jpg?resize=350%2C200 1x, https:\/\/i0.wp.com\/www.grieta.org.mx\/wp-content\/uploads\/2019\/11\/Marchan-en-Tec%C3%A1mac-contra-aeropuerto-de-Santa-Luc%C3%ADa-edomex-nov.jpg?resize=525%2C300 1.5x, https:\/\/i0.wp.com\/www.grieta.org.mx\/wp-content\/uploads\/2019\/11\/Marchan-en-Tec%C3%A1mac-contra-aeropuerto-de-Santa-Luc%C3%ADa-edomex-nov.jpg?resize=700%2C400 2x"},"classes":[]},{"id":34150,"url":"http:\/\/www.grieta.org.mx\/index.php\/2019\/05\/01\/falta-consultar-a-19-comunidades-indigenas-sobre-el-aeropuerto-de-santa-lucia-estado-de-mexico\/","url_meta":{"origin":39796,"position":3},"title":"Falta consultar a 19 comunidades ind\u00edgenas sobre el aeropuerto de Santa Luc\u00eda (Estado de M\u00e9xico)","author":"grieta","date":"1 mayo, 2019","format":false,"excerpt":"Julio C\u00e9sar Reveles Aguilar\/Animal Pol\u00edtico Hasta el momento solo una comunidad, Xaltocan, ha sido informada sobre el proyecto del aeropuerto. Seg\u00fan un convenio de la Organizaci\u00f3n Internacional del Trabajo (OIT) debe ser al menos 20 comunidades. Hasta el momento solo un pueblo originario, Xaltocan, ha sido consultado sobre la obra\u2026","rel":"","context":"En &quot;CINTILLO&quot;","block_context":{"text":"CINTILLO","link":"http:\/\/www.grieta.org.mx\/index.php\/category\/cintillo\/"},"img":{"alt_text":"","src":"https:\/\/i0.wp.com\/www.grieta.org.mx\/wp-content\/uploads\/2019\/06\/aeropuerto-1.jpg?resize=350%2C200","width":350,"height":200,"srcset":"https:\/\/i0.wp.com\/www.grieta.org.mx\/wp-content\/uploads\/2019\/06\/aeropuerto-1.jpg?resize=350%2C200 1x, https:\/\/i0.wp.com\/www.grieta.org.mx\/wp-content\/uploads\/2019\/06\/aeropuerto-1.jpg?resize=525%2C300 1.5x, https:\/\/i0.wp.com\/www.grieta.org.mx\/wp-content\/uploads\/2019\/06\/aeropuerto-1.jpg?resize=700%2C400 2x"},"classes":[]},{"id":33716,"url":"http:\/\/www.grieta.org.mx\/index.php\/2019\/05\/20\/por-aeropuerto-de-santa-lucia-extorsionan-a-ejidatarios-estado-de-mexico\/","url_meta":{"origin":39796,"position":4},"title":"Por aeropuerto de Santa Luc\u00eda, extorsionan a ejidatarios (Estado de M\u00e9xico)","author":"grieta","date":"20 mayo, 2019","format":false,"excerpt":"El Universal Denuncian amenazas por ventas de sus tierras; aeropuerto devastar\u00e1 el ambiente, aseguran Tec\u00e1mac, M\u00e9x.\u2014 Residentes de los 12 pueblos originarios de Tec\u00e1mac que se oponen a la construcci\u00f3n del nuevo aeropuerto en la Base A\u00e9rea de Santa Luc\u00eda denunciaron que inmobiliarias y desarrolladores amenazan a los propietarios de\u2026","rel":"","context":"En &quot;CINTILLO&quot;","block_context":{"text":"CINTILLO","link":"http:\/\/www.grieta.org.mx\/index.php\/category\/cintillo\/"},"img":{"alt_text":"","src":"https:\/\/i0.wp.com\/www.grieta.org.mx\/wp-content\/uploads\/2018\/03\/14524434_1106112876131411_958039263622046936_o.jpg?resize=350%2C200","width":350,"height":200,"srcset":"https:\/\/i0.wp.com\/www.grieta.org.mx\/wp-content\/uploads\/2018\/03\/14524434_1106112876131411_958039263622046936_o.jpg?resize=350%2C200 1x, https:\/\/i0.wp.com\/www.grieta.org.mx\/wp-content\/uploads\/2018\/03\/14524434_1106112876131411_958039263622046936_o.jpg?resize=525%2C300 1.5x, https:\/\/i0.wp.com\/www.grieta.org.mx\/wp-content\/uploads\/2018\/03\/14524434_1106112876131411_958039263622046936_o.jpg?resize=700%2C400 2x"},"classes":[]},{"id":40999,"url":"http:\/\/www.grieta.org.mx\/index.php\/2019\/11\/04\/unam-omitio-danos-a-indigenas-por-construccion-del-aeropuerto-en-santa-lucia-ong-estado-de-mexico\/","url_meta":{"origin":39796,"position":5},"title":"UNAM omiti\u00f3 da\u00f1os a ind\u00edgenas por construcci\u00f3n del aeropuerto en Santa Luc\u00eda: ONG (Estado de M\u00e9xico)","author":"grieta","date":"4 noviembre, 2019","format":false,"excerpt":"Jordana gonz\u00e1lez \/ Contral\u00ednea La Facultad de Ingenier\u00eda de la Universidad Nacional Aut\u00f3noma de M\u00e9xico (UNAM) omiti\u00f3 da\u00f1os ambientales y sociales hacia comunidades originarias, que habitan la cuenca Norte de la Ciudad de M\u00e9xico, en la manifestaci\u00f3n de impacto ambiental que realiz\u00f3 respecto de la construcci\u00f3n del aeropuerto en Santa\u2026","rel":"","context":"En &quot;CINTILLO&quot;","block_context":{"text":"CINTILLO","link":"http:\/\/www.grieta.org.mx\/index.php\/category\/cintillo\/"},"img":{"alt_text":"","src":"https:\/\/i0.wp.com\/www.grieta.org.mx\/wp-content\/uploads\/2019\/11\/UNAM-omiti%C3%B3-da%C3%B1os-a-ind%C3%ADgenas-por-construcci%C3%B3n-del-aeropuerto-en-Santa-Luc%C3%ADa-ONG-edomex-nov.jpg?resize=350%2C200","width":350,"height":200,"srcset":"https:\/\/i0.wp.com\/www.grieta.org.mx\/wp-content\/uploads\/2019\/11\/UNAM-omiti%C3%B3-da%C3%B1os-a-ind%C3%ADgenas-por-construcci%C3%B3n-del-aeropuerto-en-Santa-Luc%C3%ADa-ONG-edomex-nov.jpg?resize=350%2C200 1x, https:\/\/i0.wp.com\/www.grieta.org.mx\/wp-content\/uploads\/2019\/11\/UNAM-omiti%C3%B3-da%C3%B1os-a-ind%C3%ADgenas-por-construcci%C3%B3n-del-aeropuerto-en-Santa-Luc%C3%ADa-ONG-edomex-nov.jpg?resize=525%2C300 1.5x"},"classes":[]}],"_links":{"self":[{"href":"http:\/\/www.grieta.org.mx\/index.php\/wp-json\/wp\/v2\/posts\/39796","targetHints":{"allow":["GET"]}}],"collection":[{"href":"http:\/\/www.grieta.org.mx\/index.php\/wp-json\/wp\/v2\/posts"}],"about":[{"href":"http:\/\/www.grieta.org.mx\/index.php\/wp-json\/wp\/v2\/types\/post"}],"author":[{"embeddable":true,"href":"http:\/\/www.grieta.org.mx\/index.php\/wp-json\/wp\/v2\/users\/2"}],"replies":[{"embeddable":true,"href":"http:\/\/www.grieta.org.mx\/index.php\/wp-json\/wp\/v2\/comments?post=39796"}],"version-history":[{"count":1,"href":"http:\/\/www.grieta.org.mx\/index.php\/wp-json\/wp\/v2\/posts\/39796\/revisions"}],"predecessor-version":[{"id":39798,"href":"http:\/\/www.grieta.org.mx\/index.php\/wp-json\/wp\/v2\/posts\/39796\/revisions\/39798"}],"wp:featuredmedia":[{"embeddable":true,"href":"http:\/\/www.grieta.org.mx\/index.php\/wp-json\/wp\/v2\/media\/39797"}],"wp:attachment":[{"href":"http:\/\/www.grieta.org.mx\/index.php\/wp-json\/wp\/v2\/media?parent=39796"}],"wp:term":[{"taxonomy":"category","embeddable":true,"href":"http:\/\/www.grieta.org.mx\/index.php\/wp-json\/wp\/v2\/categories?post=39796"},{"taxonomy":"post_tag","embeddable":true,"href":"http:\/\/www.grieta.org.mx\/index.php\/wp-json\/wp\/v2\/tags?post=39796"}],"curies":[{"name":"wp","href":"https:\/\/api.w.org\/{rel}","templated":true}]}}