{"id":39791,"date":"2019-09-30T19:39:08","date_gmt":"2019-10-01T00:39:08","guid":{"rendered":"http:\/\/www.grieta.org.mx\/?p=39791"},"modified":"2019-10-01T19:44:38","modified_gmt":"2019-10-02T00:44:38","slug":"piden-investigar-tiradero-radiactivo-de-temascalapa-edomex","status":"publish","type":"post","link":"http:\/\/www.grieta.org.mx\/index.php\/2019\/09\/30\/piden-investigar-tiradero-radiactivo-de-temascalapa-edomex\/","title":{"rendered":"Piden investigar tiradero radiactivo de Temascalapa, Edomex"},"content":{"rendered":"<figure id=\"attachment_39789\" aria-describedby=\"caption-attachment-39789\" style=\"width: 958px\" class=\"wp-caption aligncenter\"><img loading=\"lazy\" decoding=\"async\" data-attachment-id=\"39789\" data-permalink=\"http:\/\/www.grieta.org.mx\/?attachment_id=39789\" data-orig-file=\"http:\/\/www.grieta.org.mx\/wp-content\/uploads\/2019\/10\/se-pide-la-revision-del.png\" data-orig-size=\"958,596\" data-comments-opened=\"0\" data-image-meta=\"{&quot;aperture&quot;:&quot;0&quot;,&quot;credit&quot;:&quot;&quot;,&quot;camera&quot;:&quot;&quot;,&quot;caption&quot;:&quot;&quot;,&quot;created_timestamp&quot;:&quot;0&quot;,&quot;copyright&quot;:&quot;&quot;,&quot;focal_length&quot;:&quot;0&quot;,&quot;iso&quot;:&quot;0&quot;,&quot;shutter_speed&quot;:&quot;0&quot;,&quot;title&quot;:&quot;&quot;,&quot;orientation&quot;:&quot;0&quot;}\" data-image-title=\"se-pide-la-revision-del\" data-image-description=\"\" data-image-caption=\"&lt;p&gt;Se pide la revisi\u00f3n del caso. (Especial)&lt;\/p&gt;\n\" data-medium-file=\"http:\/\/www.grieta.org.mx\/wp-content\/uploads\/2019\/10\/se-pide-la-revision-del-300x187.png\" data-large-file=\"http:\/\/www.grieta.org.mx\/wp-content\/uploads\/2019\/10\/se-pide-la-revision-del.png\" src=\"http:\/\/www.grieta.org.mx\/wp-content\/uploads\/2019\/10\/se-pide-la-revision-del.png\" alt=\"\" width=\"958\" height=\"596\" class=\"size-full wp-image-39789\" srcset=\"http:\/\/www.grieta.org.mx\/wp-content\/uploads\/2019\/10\/se-pide-la-revision-del.png 958w, http:\/\/www.grieta.org.mx\/wp-content\/uploads\/2019\/10\/se-pide-la-revision-del-300x187.png 300w, http:\/\/www.grieta.org.mx\/wp-content\/uploads\/2019\/10\/se-pide-la-revision-del-768x478.png 768w, http:\/\/www.grieta.org.mx\/wp-content\/uploads\/2019\/10\/se-pide-la-revision-del-804x500.png 804w\" sizes=\"auto, (max-width: 958px) 100vw, 958px\" \/><figcaption id=\"caption-attachment-39789\" class=\"wp-caption-text\">Se pide la revisi\u00f3n del caso. (Especial)<\/figcaption><\/figure>\n<p>Alejandra Gudi\u00f1o\/Milenio<\/p>\n<blockquote><p>Suman 30 a\u00f1os sin informes espec\u00edficos sobre las consecuencias a la salud p\u00fablica y al medio ambiente del llamado Centro de Almacenamiento de Desechos Radiactivos. https:\/\/www.milenio.com\/politica\/comunidad\/piden-investigar-tiradero-radiactivo-de-temascalapa<\/p><\/blockquote>\n<p>A casi 30 a\u00f1os de que la Comisi\u00f3n Federal de Electricidad (CFE) determin\u00f3 que el Centro de Almacenamiento de Desechos Radiactivos (Cader), ubicado en Temascalpa, Estado de M\u00e9xico, no cumpl\u00eda las medidas t\u00e9cnicas de seguridad, por lo que era necesario hacer estudios de tierra, agua y aire para determinar los da\u00f1os que ha provocado al medio ambiente y a la salud, ninguna instituci\u00f3n los ha realizado, indic\u00f3 el activista Juan Antonio Medina Austria.  En entrevista con MILENIO Estado de M\u00e9xico, Medina Austria se\u00f1al\u00f3 que fue desde 1970, cuando este dep\u00f3sito de desechos radiactivos lleg\u00f3 a la comunidad de San Juan Bautista Tecalco, donde a lo largo de 50 a\u00f1os han detectado casos de ni\u00f1os con leucemia, que es c\u00e1ncer en la sangre, posiblemente relacionado con que sus casas se ubican a dos kil\u00f3metros del basurero.  <\/p>\n<p>Precis\u00f3 que en el sitio hay desechos radiactivos como el samario y cobalto-60 (material altamente peligroso por las radiaciones de rayos beta y gama que emite), as\u00ed como americio y radio carbono 14, entre otros altamente riesgosos para la salud de todos los seres vivos.<\/p>\n<p><strong>98 toneladas<\/strong><br \/>\n Mencion\u00f3 que en este cementerio se depositaron 98 toneladas de varillas contaminadas con cobalto- 60, que fueron elaboradas por la empresa Aceros Chihuahua, quienes provocaron un accidente nuclear por tener chatarra infectada en Yonke F\u00e9nix, donde el empleado de un hospital en Ciudad Ju\u00e1rez vendi\u00f3 una m\u00e1quina de radioterapia en desuso.Alert\u00f3 que las toneladas de varillas que est\u00e1n ah\u00ed desde la d\u00e9cada de los 80, solo est\u00e1n cubiertas con pl\u00e1stico y cemento, colocadas en trincheras, cuando es necesario darles un manejo m\u00e1s seguro, es decir, es evidente que el Cader no tiene las medidas de seguridad para evitar que los habitantes de la zona se expongan a esta contaminaci\u00f3n.  Indic\u00f3 que un estudio de la Agencia Internacional de Energ\u00eda At\u00f3mica determin\u00f3 que este tipo de desechos pueden penetrar la tierra, expandirse y hacer t\u00f3xica el \u00e1rea. <\/p>\n<p>LC <\/p>\n<p><a href=\"https:\/\/www.milenio.com\/politica\/comunidad\/piden-investigar-tiradero-radiactivo-de-temascalapa\" rel=\"noopener noreferrer\" target=\"_blank\">https:\/\/www.milenio.com\/politica\/comunidad\/piden-investigar-tiradero-radiactivo-de-temascalapa<\/a><\/p>\n","protected":false},"excerpt":{"rendered":"<p>Alejandra Gudi\u00f1o\/Milenio Suman 30 a\u00f1os sin informes espec\u00edficos sobre las consecuencias a la salud p\u00fablica y al medio ambiente del llamado Centro de Almacenamiento de Desechos Radiactivos. https:\/\/www.milenio.com\/politica\/comunidad\/piden-investigar-tiradero-radiactivo-de-temascalapa A casi &hellip; <a href=\"http:\/\/www.grieta.org.mx\/index.php\/2019\/09\/30\/piden-investigar-tiradero-radiactivo-de-temascalapa-edomex\/\" class=\"more-link\">Leer m\u00e1s<\/a><\/p>\n","protected":false},"author":2,"featured_media":39789,"comment_status":"closed","ping_status":"closed","sticky":false,"template":"","format":"standard","meta":{"ngg_post_thumbnail":0,"_jetpack_newsletter_access":"","_jetpack_dont_email_post_to_subs":false,"_jetpack_newsletter_tier_id":0,"_jetpack_memberships_contains_paywalled_content":false,"_jetpack_memberships_contains_paid_content":false,"footnotes":""},"categories":[80,2899,16,2],"tags":[91,2170],"class_list":["post-39791","post","type-post","status-publish","format-standard","has-post-thumbnail","hentry","category-cintillo","category-danos-a-la-salud-por-contaminacion-en-el-estado-de-mexico","category-estado-de-mexico","category-noticias-nacionales","tag-contaminacion-ambiental","tag-danos-a-la-salud","entry"],"jetpack_featured_media_url":"http:\/\/www.grieta.org.mx\/wp-content\/uploads\/2019\/10\/se-pide-la-revision-del.png","jetpack_sharing_enabled":true,"jetpack_shortlink":"https:\/\/wp.me\/p7ZJR4-alN","jetpack_likes_enabled":false,"jetpack-related-posts":[{"id":37494,"url":"http:\/\/www.grieta.org.mx\/index.php\/2019\/08\/05\/piden-investigar-y-sancionar-a-minera-penasquitos-por-danos-en-zacatecas\/","url_meta":{"origin":39791,"position":0},"title":"Piden investigar y sancionar a minera Pe\u00f1asquitos por da\u00f1os en Zacatecas","author":"grieta","date":"5 agosto, 2019","format":false,"excerpt":"El Estado est\u00e1 incurriendo las actividades de contaminaci\u00f3n ambiental y el despojo de las tierras de los ejidatarios afectados, afirman Manrique Gandaria | El Sol de M\u00e9xico, 5 de agosto de 2019 La organizaci\u00f3n de derechos humanos Red Solidaria D\u00e9cada contra la Impunidad y la Coordinadora Plan de Ayala, pudieron\u2026","rel":"","context":"En &quot;CINTILLO&quot;","block_context":{"text":"CINTILLO","link":"http:\/\/www.grieta.org.mx\/index.php\/category\/cintillo\/"},"img":{"alt_text":"","src":"https:\/\/i0.wp.com\/www.grieta.org.mx\/wp-content\/uploads\/2018\/03\/14524434_1106112876131411_958039263622046936_o.jpg?resize=350%2C200","width":350,"height":200,"srcset":"https:\/\/i0.wp.com\/www.grieta.org.mx\/wp-content\/uploads\/2018\/03\/14524434_1106112876131411_958039263622046936_o.jpg?resize=350%2C200 1x, https:\/\/i0.wp.com\/www.grieta.org.mx\/wp-content\/uploads\/2018\/03\/14524434_1106112876131411_958039263622046936_o.jpg?resize=525%2C300 1.5x, https:\/\/i0.wp.com\/www.grieta.org.mx\/wp-content\/uploads\/2018\/03\/14524434_1106112876131411_958039263622046936_o.jpg?resize=700%2C400 2x"},"classes":[]},{"id":5751,"url":"http:\/\/www.grieta.org.mx\/index.php\/2016\/09\/09\/contaminacion-y-danos-a-la-salud-por-desechos-urbanos-e-industriales-en-jalisco\/","url_meta":{"origin":39791,"position":1},"title":"Conflictos por contaminaci\u00f3n y da\u00f1os a la salud debido a desechos urbanos e industriales en Jalisco","author":"grieta","date":"9 septiembre, 2016","format":false,"excerpt":"Habitantes del Salto contra la contaminaci\u00f3n del Rio Santiago 09\/09\/16. El R\u00edo Santiago una cat\u00e1strofe ambientalSomos el Medio 07\/01\/15. R\u00edo entre metales pesados M\u00e1s por m\u00e1s Guadalajara\/Cr\u00f3nica de Sociales 08\/10\/15. Demandaremos a empresas por da\u00f1os al medio ambiente P\u00e1gina 24 Jalisco 02\/08\/15. M\u00e1s muertes cerca de r\u00edo contaminado Ntr Guadajara\u2026","rel":"","context":"En &quot;Jalisco&quot;","block_context":{"text":"Jalisco","link":"http:\/\/www.grieta.org.mx\/index.php\/category\/noticias-nacionales\/jalisco\/"},"img":{"alt_text":"","src":"https:\/\/i0.wp.com\/www.grieta.org.mx\/wp-content\/uploads\/2018\/03\/14524434_1106112876131411_958039263622046936_o.jpg?resize=350%2C200","width":350,"height":200,"srcset":"https:\/\/i0.wp.com\/www.grieta.org.mx\/wp-content\/uploads\/2018\/03\/14524434_1106112876131411_958039263622046936_o.jpg?resize=350%2C200 1x, https:\/\/i0.wp.com\/www.grieta.org.mx\/wp-content\/uploads\/2018\/03\/14524434_1106112876131411_958039263622046936_o.jpg?resize=525%2C300 1.5x, https:\/\/i0.wp.com\/www.grieta.org.mx\/wp-content\/uploads\/2018\/03\/14524434_1106112876131411_958039263622046936_o.jpg?resize=700%2C400 2x"},"classes":[]},{"id":2853,"url":"http:\/\/www.grieta.org.mx\/index.php\/2015\/10\/27\/pobladores-del-norte-de-mexico-rechazan-vivir-con-64000-toneladas-de-desechos-toxicos\/","url_meta":{"origin":39791,"position":2},"title":"Pobladores del norte de M\u00e9xico rechazan vivir con 64,000 toneladas de desechos t\u00f3xicos","author":"grieta","date":"27 octubre, 2015","format":false,"excerpt":"MEXICO \u2013 Los pobladores de General Cepeda, en el norte\u00f1o estado de Coahuila, no pueden dormir tranquilos por sue\u00f1os donde les nacen hijos ac\u00e9falos, con retrasos mentales, grandes tumores por el cuerpo y c\u00e1nceres de todo tipo como se han visto en otros estados donde se autorizaron tiraderos de desechos\u2026","rel":"","context":"En &quot;CINTILLO&quot;","block_context":{"text":"CINTILLO","link":"http:\/\/www.grieta.org.mx\/index.php\/category\/cintillo\/"},"img":{"alt_text":"","src":"https:\/\/i0.wp.com\/www.grieta.org.mx\/wp-content\/uploads\/2018\/03\/14524434_1106112876131411_958039263622046936_o.jpg?resize=350%2C200","width":350,"height":200,"srcset":"https:\/\/i0.wp.com\/www.grieta.org.mx\/wp-content\/uploads\/2018\/03\/14524434_1106112876131411_958039263622046936_o.jpg?resize=350%2C200 1x, https:\/\/i0.wp.com\/www.grieta.org.mx\/wp-content\/uploads\/2018\/03\/14524434_1106112876131411_958039263622046936_o.jpg?resize=525%2C300 1.5x, https:\/\/i0.wp.com\/www.grieta.org.mx\/wp-content\/uploads\/2018\/03\/14524434_1106112876131411_958039263622046936_o.jpg?resize=700%2C400 2x"},"classes":[]},{"id":7159,"url":"http:\/\/www.grieta.org.mx\/index.php\/2016\/09\/05\/ccontaminacion-y-danos-a-la-salud-por-desechos-industriales-y-urbanos-en-tabasco\/","url_meta":{"origin":39791,"position":3},"title":"Contaminaci\u00f3n y da\u00f1os a la salud por desechos industriales y urbanos en Tabasco","author":"grieta","date":"5 septiembre, 2016","format":false,"excerpt":"Pobladores de la comunidad Benito Ju\u00e1rez de Jalpa de M\u00e9ndez y rancher\u00eda Saloya, Nacajuca contra la empresa Inasa por contaminaci\u00f3n y da\u00f1os a la salud 05\/09\/16. Ordena ASEA cambios en Inasa por zonas contaminadasDiario Presente 27\/06\/16. Crece la contaminaci\u00f3n de INASA en NacajucaDiario Presente 07\/05\/16. Deja Pemex enfermedades y miseria\u2026","rel":"","context":"En &quot;Hidrocarburos&quot;","block_context":{"text":"Hidrocarburos","link":"http:\/\/www.grieta.org.mx\/index.php\/category\/megaproyectos\/hidrocarburos\/"},"img":{"alt_text":"","src":"https:\/\/i0.wp.com\/www.grieta.org.mx\/wp-content\/uploads\/2018\/03\/14524434_1106112876131411_958039263622046936_o.jpg?resize=350%2C200","width":350,"height":200,"srcset":"https:\/\/i0.wp.com\/www.grieta.org.mx\/wp-content\/uploads\/2018\/03\/14524434_1106112876131411_958039263622046936_o.jpg?resize=350%2C200 1x, https:\/\/i0.wp.com\/www.grieta.org.mx\/wp-content\/uploads\/2018\/03\/14524434_1106112876131411_958039263622046936_o.jpg?resize=525%2C300 1.5x, https:\/\/i0.wp.com\/www.grieta.org.mx\/wp-content\/uploads\/2018\/03\/14524434_1106112876131411_958039263622046936_o.jpg?resize=700%2C400 2x"},"classes":[]},{"id":36961,"url":"http:\/\/www.grieta.org.mx\/index.php\/2019\/07\/25\/ignoran-habitantes-dano-ambiental-de-terminal-petrolera-estado-de-mexico\/","url_meta":{"origin":39791,"position":4},"title":"Ignoran habitantes da\u00f1o ambiental de terminal petrolera (Estado de M\u00e9xico)","author":"grieta","date":"25 julio, 2019","format":false,"excerpt":"Alfonso Mar\u00edn\/Criterio Integrantes del Consejo de Colaboraci\u00f3n de Tepojaco, localidad de Tizayuca, acusaron que la poblaci\u00f3n de la comunidad no ha sido notificada sobre las posibles afectaciones al medio ambiente y en prejuicio de la salud que ocasionar\u00e1 la construcci\u00f3n de la Terminal de Petrol\u00edferos del Valle de M\u00e9xico (TPVM),\u2026","rel":"","context":"En &quot;CINTILLO&quot;","block_context":{"text":"CINTILLO","link":"http:\/\/www.grieta.org.mx\/index.php\/category\/cintillo\/"},"img":{"alt_text":"","src":"https:\/\/i0.wp.com\/www.grieta.org.mx\/wp-content\/uploads\/2019\/07\/tepojaco-1-660x330.jpg?resize=350%2C200","width":350,"height":200,"srcset":"https:\/\/i0.wp.com\/www.grieta.org.mx\/wp-content\/uploads\/2019\/07\/tepojaco-1-660x330.jpg?resize=350%2C200 1x, https:\/\/i0.wp.com\/www.grieta.org.mx\/wp-content\/uploads\/2019\/07\/tepojaco-1-660x330.jpg?resize=525%2C300 1.5x"},"classes":[]},{"id":698,"url":"http:\/\/www.grieta.org.mx\/index.php\/2015\/10\/12\/a-espaldas-de-pobladores-semarnat-avala-basurero-en-slp-confinara-185-mil-toneladas-anuales-de-desechos-toxicos\/","url_meta":{"origin":39791,"position":5},"title":"A espaldas de pobladores, Semarnat avala basurero en SLP; confinar\u00e1 185 mil toneladas anuales de desechos t\u00f3xicos","author":"grieta","date":"12 octubre, 2015","format":false,"excerpt":"(12 de Octubre, 2015).- Participantes del foro de \u201cAn\u00e1lisis y Evaluaci\u00f3n del Tiradero de Desechos Industriales T\u00f3xicos\u201d expresaron su rechazo a la instalaci\u00f3n de un dep\u00f3sito t\u00f3xico en el municipio de Santo Domingo, operado por el empresario Jos\u00e9 Cerrillo Chowell y supuestamente asociado con el ex gobernador panista de San\u2026","rel":"","context":"En &quot;CINTILLO&quot;","block_context":{"text":"CINTILLO","link":"http:\/\/www.grieta.org.mx\/index.php\/category\/cintillo\/"},"img":{"alt_text":"","src":"https:\/\/i0.wp.com\/www.grieta.org.mx\/wp-content\/uploads\/2018\/03\/14524434_1106112876131411_958039263622046936_o.jpg?resize=350%2C200","width":350,"height":200,"srcset":"https:\/\/i0.wp.com\/www.grieta.org.mx\/wp-content\/uploads\/2018\/03\/14524434_1106112876131411_958039263622046936_o.jpg?resize=350%2C200 1x, https:\/\/i0.wp.com\/www.grieta.org.mx\/wp-content\/uploads\/2018\/03\/14524434_1106112876131411_958039263622046936_o.jpg?resize=525%2C300 1.5x, https:\/\/i0.wp.com\/www.grieta.org.mx\/wp-content\/uploads\/2018\/03\/14524434_1106112876131411_958039263622046936_o.jpg?resize=700%2C400 2x"},"classes":[]}],"_links":{"self":[{"href":"http:\/\/www.grieta.org.mx\/index.php\/wp-json\/wp\/v2\/posts\/39791","targetHints":{"allow":["GET"]}}],"collection":[{"href":"http:\/\/www.grieta.org.mx\/index.php\/wp-json\/wp\/v2\/posts"}],"about":[{"href":"http:\/\/www.grieta.org.mx\/index.php\/wp-json\/wp\/v2\/types\/post"}],"author":[{"embeddable":true,"href":"http:\/\/www.grieta.org.mx\/index.php\/wp-json\/wp\/v2\/users\/2"}],"replies":[{"embeddable":true,"href":"http:\/\/www.grieta.org.mx\/index.php\/wp-json\/wp\/v2\/comments?post=39791"}],"version-history":[{"count":1,"href":"http:\/\/www.grieta.org.mx\/index.php\/wp-json\/wp\/v2\/posts\/39791\/revisions"}],"predecessor-version":[{"id":39792,"href":"http:\/\/www.grieta.org.mx\/index.php\/wp-json\/wp\/v2\/posts\/39791\/revisions\/39792"}],"wp:featuredmedia":[{"embeddable":true,"href":"http:\/\/www.grieta.org.mx\/index.php\/wp-json\/wp\/v2\/media\/39789"}],"wp:attachment":[{"href":"http:\/\/www.grieta.org.mx\/index.php\/wp-json\/wp\/v2\/media?parent=39791"}],"wp:term":[{"taxonomy":"category","embeddable":true,"href":"http:\/\/www.grieta.org.mx\/index.php\/wp-json\/wp\/v2\/categories?post=39791"},{"taxonomy":"post_tag","embeddable":true,"href":"http:\/\/www.grieta.org.mx\/index.php\/wp-json\/wp\/v2\/tags?post=39791"}],"curies":[{"name":"wp","href":"https:\/\/api.w.org\/{rel}","templated":true}]}}