{"id":39752,"date":"2019-09-30T16:06:21","date_gmt":"2019-09-30T21:06:21","guid":{"rendered":"http:\/\/www.grieta.org.mx\/?p=39752"},"modified":"2019-09-30T16:06:21","modified_gmt":"2019-09-30T21:06:21","slug":"con-agua-concesionada-a-mineras-se-podria-garantizar-el-derecho-a-este-recurso-de-toda-la-poblacion-del-estado-zacatecas","status":"publish","type":"post","link":"http:\/\/www.grieta.org.mx\/index.php\/2019\/09\/30\/con-agua-concesionada-a-mineras-se-podria-garantizar-el-derecho-a-este-recurso-de-toda-la-poblacion-del-estado-zacatecas\/","title":{"rendered":"Con agua concesionada a mineras se podr\u00eda garantizar el derecho a este recurso de toda la poblaci\u00f3n del estado (Zacatecas)"},"content":{"rendered":"<figure id=\"attachment_39753\" aria-describedby=\"caption-attachment-39753\" style=\"width: 800px\" class=\"wp-caption aligncenter\"><img loading=\"lazy\" decoding=\"async\" data-attachment-id=\"39753\" data-permalink=\"http:\/\/www.grieta.org.mx\/index.php\/2019\/09\/30\/con-agua-concesionada-a-mineras-se-podria-garantizar-el-derecho-a-este-recurso-de-toda-la-poblacion-del-estado-zacatecas\/nota-1-radio-copia\/\" data-orig-file=\"http:\/\/www.grieta.org.mx\/wp-content\/uploads\/2019\/09\/Nota-1-Radio-copia.jpg\" data-orig-size=\"500,375\" data-comments-opened=\"0\" data-image-meta=\"{&quot;aperture&quot;:&quot;2.2&quot;,&quot;credit&quot;:&quot;&quot;,&quot;camera&quot;:&quot;iPhone SE&quot;,&quot;caption&quot;:&quot;&quot;,&quot;created_timestamp&quot;:&quot;1569273211&quot;,&quot;copyright&quot;:&quot;&quot;,&quot;focal_length&quot;:&quot;4.15&quot;,&quot;iso&quot;:&quot;200&quot;,&quot;shutter_speed&quot;:&quot;0.033333333333333&quot;,&quot;title&quot;:&quot;&quot;,&quot;orientation&quot;:&quot;1&quot;}\" data-image-title=\"Nota-1-Radio-copia\" data-image-description=\"\" data-image-caption=\"&lt;p&gt;El investigador Federico Guzm\u00e1n con los conductores del programa radiof\u00f3nico Sound Politic\u00f3n, Raymundo C\u00e1rdenas y Carlos Galaviz ? FOTO: OD\u00cdN SALINAS&lt;\/p&gt;\n\" data-medium-file=\"http:\/\/www.grieta.org.mx\/wp-content\/uploads\/2019\/09\/Nota-1-Radio-copia-300x225.jpg\" data-large-file=\"http:\/\/www.grieta.org.mx\/wp-content\/uploads\/2019\/09\/Nota-1-Radio-copia.jpg\" class=\"wp-image-39753\" src=\"http:\/\/www.grieta.org.mx\/wp-content\/uploads\/2019\/09\/Nota-1-Radio-copia.jpg\" alt=\"\" width=\"800\" height=\"600\" srcset=\"http:\/\/www.grieta.org.mx\/wp-content\/uploads\/2019\/09\/Nota-1-Radio-copia.jpg 500w, http:\/\/www.grieta.org.mx\/wp-content\/uploads\/2019\/09\/Nota-1-Radio-copia-300x225.jpg 300w\" sizes=\"auto, (max-width: 800px) 100vw, 800px\" \/><figcaption id=\"caption-attachment-39753\" class=\"wp-caption-text\">El investigador Federico Guzm\u00e1n con los conductores del programa radiof\u00f3nico Sound Politic\u00f3n, Raymundo C\u00e1rdenas y Carlos Galaviz ? FOTO: OD\u00cdN SALINAS<\/figcaption><\/figure>\n<blockquote><p><strong>? El dato fue aportado por el investigador Federico Guzm\u00e1n, en el programa Sound Politic\u00f3n<\/strong><\/p>\n<p>? La industria minera en la entidad tiene concesionados al a\u00f1o 55.7 millones de metros c\u00fabicos de agua y de \u00e9stos 44 millones corresponden \u00fanicamente a la Pe\u00f1asquito<\/p><\/blockquote>\n<p>RAQUEL OLLAQUINDIA, La Jornada Zacatecas, 24 de septiembre de 2019<\/p>\n<p>Con el agua que la industria minera tiene concesionada al a\u00f1o se podr\u00eda garantizar el derecho humano al vital l\u00edquido de toda la poblaci\u00f3n del estado.<\/p>\n<p>Este dato fue aportado por el investigador Federico Guzm\u00e1n, durante su participaci\u00f3n en el programa radiof\u00f3nico Sound Politic\u00f3n, transmitido por Radio Zacatecas y conducido por Carlos Galaviz y Raymundo C\u00e1rdenas.<\/p>\n<p>Tan s\u00f3lo con el agua que utiliza anualmente la mina Pe\u00f1asquito, ubicada en el municipio de Mazapil, podr\u00edan tener acceso a este derecho un mill\u00f3n 200 mil zacatecanos.<\/p>\n<p>El acad\u00e9mico agreg\u00f3 esta precisi\u00f3n en el contexto de las protestas que est\u00e1 habiendo nuevamente en contra de esta explotaci\u00f3n, entre otros temas, por el abatimiento de los mantos acu\u00edferos de la regi\u00f3n y las afectaciones que habitantes de comunidades como Cedros han denunciado.<\/p>\n<p>En su intervenci\u00f3n, refiri\u00f3 que la industria minera en la entidad tiene concesionados al a\u00f1o 55.7 millones de metros c\u00fabicos de agua y de estos 44 millones corresponden \u00fanicamente a la mina Pe\u00f1asquito.<\/p>\n<p>Explic\u00f3 que el c\u00e1lculo para comparar la cantidad de vital l\u00edquido que consume el sector de la miner\u00eda con lo que se necesita para el consumo humano proviene de las estimaciones hechas por la Organizaci\u00f3n Mundial de la Salud (OMS) acerca del agua que debe tener disponible una persona para considerar que tiene su derecho garantizado.<\/p>\n<p>En este sentido, expuso que este organismo internacional determina un par\u00e1metro de 50 a 100 litros diarios por lo que, partiendo del tope que se establece en esta medici\u00f3n, al a\u00f1o una persona tendr\u00eda su derecho humano al agua garantizado con 36.6 metros c\u00fabicos.<\/p>\n<p>Esto provoca las comparaciones antes mencionadas y que a nivel nacional la cantidad de agua concesionada al a\u00f1o a toda la industria minera del pa\u00eds, que es de 436.6 millones de metros c\u00fabicos, sea suficiente para abastecer de vital l\u00edquido a 11.9 millones de mexicanos.<\/p>\n<p>Adem\u00e1s, el investigador destac\u00f3 que en poco m\u00e1s de una d\u00e9cada ha habido un crecimiento exponencial en las concesiones de agua que tiene la miner\u00eda en M\u00e9xico pues, frente a los 436.6 millones de metros c\u00fabicos anuales, refiri\u00f3 que a inicios del siglo XXI eran 51 millones de metros c\u00fabicos al a\u00f1o.<\/p>\n<p>Federico Guzm\u00e1n habl\u00f3 tambi\u00e9n del tema econ\u00f3mico, es decir, de cu\u00e1ntos recursos se quedan en las comunidades, municipios y estados mineros ante las ganancias de las empresas o el valor de la producci\u00f3n minera que se reporta.<\/p>\n<p>Ejemplific\u00f3 este \u00e1mbito con la cantidad de recursos que tuvo el Fondo Minero desde su creaci\u00f3n en 2014 hasta el a\u00f1o 2017. En este sentido, mencion\u00f3 que en este lapso desde el fondo se ejercieron 11 mil 360.69 millones de pesos en cerca de 23 estados del pa\u00eds, entre ellos Zacatecas.<\/p>\n<p>No obstante, tras se\u00f1alar que en este mismo periodo el valor de la producci\u00f3n minera en el pa\u00eds fue de 575 mil 19 millones de pesos, hizo hincapi\u00e9 en que lo que se distribuy\u00f3 en las entidades federativas fue s\u00f3lo el 2 por ciento lo que significa que s\u00f3lo 2 de cada 100 pesos que ganaron las empresas mineras se destin\u00f3 al fondo minero.<\/p>\n<p><a href=\"https:\/\/ljz.mx\/2019\/09\/24\/con-agua-concesionada-a-mineras-se-podria-garantizar-el-derecho-a-este-recurso-de-toda-la-poblacion-del-estado\/\">https:\/\/ljz.mx\/2019\/09\/24\/con-agua-concesionada-a-mineras-se-podria-garantizar-el-derecho-a-este-recurso-de-toda-la-poblacion-del-estado\/<\/a><\/p>\n","protected":false},"excerpt":{"rendered":"<p>? El dato fue aportado por el investigador Federico Guzm\u00e1n, en el programa Sound Politic\u00f3n ? La industria minera en la entidad tiene concesionados al a\u00f1o 55.7 millones de metros &hellip; <a href=\"http:\/\/www.grieta.org.mx\/index.php\/2019\/09\/30\/con-agua-concesionada-a-mineras-se-podria-garantizar-el-derecho-a-este-recurso-de-toda-la-poblacion-del-estado-zacatecas\/\" class=\"more-link\">Leer m\u00e1s<\/a><\/p>\n","protected":false},"author":2,"featured_media":39753,"comment_status":"closed","ping_status":"closed","sticky":false,"template":"","format":"standard","meta":{"ngg_post_thumbnail":0,"_jetpack_newsletter_access":"","_jetpack_dont_email_post_to_subs":false,"_jetpack_newsletter_tier_id":0,"_jetpack_memberships_contains_paywalled_content":false,"_jetpack_memberships_contains_paid_content":false,"footnotes":""},"categories":[80,915,1278,2862,1866,76],"tags":[425,394,2846,764],"class_list":["post-39752","post","type-post","status-publish","format-standard","has-post-thumbnail","hentry","category-cintillo","category-privatizacion-del-agua-analisis","category-despojo-de-tierras-y-territorios","category-privatizacion-del-agua-en-zacatecas","category-resistencia-contra-la-mineria-en-zacatecas","category-zacatecas","tag-contaminacion-agua","tag-contaminacion-por-mineria","tag-lucha-contra-la-mineria","tag-privatizacion-del-agua","entry"],"jetpack_featured_media_url":"http:\/\/www.grieta.org.mx\/wp-content\/uploads\/2019\/09\/Nota-1-Radio-copia.jpg","jetpack_sharing_enabled":true,"jetpack_shortlink":"https:\/\/wp.me\/p7ZJR4-ala","jetpack_likes_enabled":false,"jetpack-related-posts":[{"id":13871,"url":"http:\/\/www.grieta.org.mx\/index.php\/2016\/06\/07\/mineras-de-zacatecas-usan-mas-agua-al-ano-que-toda-la-poblacion-local\/","url_meta":{"origin":39752,"position":0},"title":"Mineras de Zacatecas usan m\u00e1s agua al a\u00f1o que toda la poblaci\u00f3n local","author":"grieta","date":"7 junio, 2016","format":false,"excerpt":"Zacatecas, Zac.-La megaminer\u00eda y la miner\u00eda tradicional utilizan anualmente m\u00e1s agua que la destinada para el consumo de toda la poblaci\u00f3n de la entidad, que es de un mill\u00f3n 495 mil habitantes, de acuerdo con una investigaci\u00f3n de la Universidad Aut\u00f3noma de Zacatecas (UAZ). El estudio Impactos ambientales de la\u2026","rel":"","context":"En &quot;CINTILLO&quot;","block_context":{"text":"CINTILLO","link":"http:\/\/www.grieta.org.mx\/index.php\/category\/cintillo\/"},"img":{"alt_text":"","src":"https:\/\/i0.wp.com\/www.grieta.org.mx\/wp-content\/uploads\/2018\/03\/14524434_1106112876131411_958039263622046936_o.jpg?resize=350%2C200","width":350,"height":200,"srcset":"https:\/\/i0.wp.com\/www.grieta.org.mx\/wp-content\/uploads\/2018\/03\/14524434_1106112876131411_958039263622046936_o.jpg?resize=350%2C200 1x, https:\/\/i0.wp.com\/www.grieta.org.mx\/wp-content\/uploads\/2018\/03\/14524434_1106112876131411_958039263622046936_o.jpg?resize=525%2C300 1.5x, https:\/\/i0.wp.com\/www.grieta.org.mx\/wp-content\/uploads\/2018\/03\/14524434_1106112876131411_958039263622046936_o.jpg?resize=700%2C400 2x"},"classes":[]},{"id":3494,"url":"http:\/\/www.grieta.org.mx\/index.php\/2015\/06\/01\/agua-en-zacatecas-altamente-contaminada\/","url_meta":{"origin":39752,"position":1},"title":"Agua en Zacatecas, altamente contaminada","author":"grieta","date":"1 junio, 2015","format":false,"excerpt":"NTR Periodismo Cr\u00edtico Zacatecas Agua en Zacatecas, altamente contaminada Publicado: Lunes, 01 Junio 2015 STAFF\/NTRZACATECAS.COM Darcy Tetreault, investigador de la Unidad Acad\u00e9mica en Estudios en Desarrollo de la UAZ, present\u00f3 un estudio sobre los hallazgos de los altos niveles de contaminaci\u00f3n en el agua que se distribuye en Guadalupe y\u2026","rel":"","context":"En &quot;CINTILLO&quot;","block_context":{"text":"CINTILLO","link":"http:\/\/www.grieta.org.mx\/index.php\/category\/cintillo\/"},"img":{"alt_text":"","src":"https:\/\/i0.wp.com\/www.grieta.org.mx\/wp-content\/uploads\/2018\/03\/14524434_1106112876131411_958039263622046936_o.jpg?resize=350%2C200","width":350,"height":200,"srcset":"https:\/\/i0.wp.com\/www.grieta.org.mx\/wp-content\/uploads\/2018\/03\/14524434_1106112876131411_958039263622046936_o.jpg?resize=350%2C200 1x, https:\/\/i0.wp.com\/www.grieta.org.mx\/wp-content\/uploads\/2018\/03\/14524434_1106112876131411_958039263622046936_o.jpg?resize=525%2C300 1.5x, https:\/\/i0.wp.com\/www.grieta.org.mx\/wp-content\/uploads\/2018\/03\/14524434_1106112876131411_958039263622046936_o.jpg?resize=700%2C400 2x"},"classes":[]},{"id":37494,"url":"http:\/\/www.grieta.org.mx\/index.php\/2019\/08\/05\/piden-investigar-y-sancionar-a-minera-penasquitos-por-danos-en-zacatecas\/","url_meta":{"origin":39752,"position":2},"title":"Piden investigar y sancionar a minera Pe\u00f1asquitos por da\u00f1os en Zacatecas","author":"grieta","date":"5 agosto, 2019","format":false,"excerpt":"El Estado est\u00e1 incurriendo las actividades de contaminaci\u00f3n ambiental y el despojo de las tierras de los ejidatarios afectados, afirman Manrique Gandaria | El Sol de M\u00e9xico, 5 de agosto de 2019 La organizaci\u00f3n de derechos humanos Red Solidaria D\u00e9cada contra la Impunidad y la Coordinadora Plan de Ayala, pudieron\u2026","rel":"","context":"En &quot;CINTILLO&quot;","block_context":{"text":"CINTILLO","link":"http:\/\/www.grieta.org.mx\/index.php\/category\/cintillo\/"},"img":{"alt_text":"","src":"https:\/\/i0.wp.com\/www.grieta.org.mx\/wp-content\/uploads\/2018\/03\/14524434_1106112876131411_958039263622046936_o.jpg?resize=350%2C200","width":350,"height":200,"srcset":"https:\/\/i0.wp.com\/www.grieta.org.mx\/wp-content\/uploads\/2018\/03\/14524434_1106112876131411_958039263622046936_o.jpg?resize=350%2C200 1x, https:\/\/i0.wp.com\/www.grieta.org.mx\/wp-content\/uploads\/2018\/03\/14524434_1106112876131411_958039263622046936_o.jpg?resize=525%2C300 1.5x, https:\/\/i0.wp.com\/www.grieta.org.mx\/wp-content\/uploads\/2018\/03\/14524434_1106112876131411_958039263622046936_o.jpg?resize=700%2C400 2x"},"classes":[]},{"id":36358,"url":"http:\/\/www.grieta.org.mx\/index.php\/2019\/05\/01\/acaba-mina-de-plata-con-agua-en-zacatecas\/","url_meta":{"origin":39752,"position":3},"title":"Acaba mina de plata con agua en Zacatecas","author":"grieta","date":"1 mayo, 2019","format":false,"excerpt":"El l\u00edder del Frente Popular de Lucha asegur\u00f3 que han devastado la actividad productiva de la regi\u00f3n Carlos Lara | El sol de M\u00e9xico, 19 de mayo de 20199 Cat\u00e1strofe y destrucci\u00f3n es lo que ha provocado la operaci\u00f3n de la Mina Pe\u00f1asquito en Zacatecas; el Frente Popular de Lucha\u2026","rel":"","context":"En &quot;Conflictos mineros en Zacatecas&quot;","block_context":{"text":"Conflictos mineros en Zacatecas","link":"http:\/\/www.grieta.org.mx\/index.php\/category\/noticias-nacionales\/zacatecas\/explotacion-y-precariedad-laboral-zacatecas\/conflictos-mineros-en-zacatecas\/"},"img":{"alt_text":"","src":"https:\/\/i0.wp.com\/www.grieta.org.mx\/wp-content\/uploads\/2019\/07\/mina.jpg?resize=350%2C200","width":350,"height":200,"srcset":"https:\/\/i0.wp.com\/www.grieta.org.mx\/wp-content\/uploads\/2019\/07\/mina.jpg?resize=350%2C200 1x, https:\/\/i0.wp.com\/www.grieta.org.mx\/wp-content\/uploads\/2019\/07\/mina.jpg?resize=525%2C300 1.5x, https:\/\/i0.wp.com\/www.grieta.org.mx\/wp-content\/uploads\/2019\/07\/mina.jpg?resize=700%2C400 2x"},"classes":[]},{"id":32995,"url":"http:\/\/www.grieta.org.mx\/index.php\/2019\/04\/30\/el-mayor-productor-de-oro-en-el-mundo-suspende-operaciones-en-mina-de-mexico-zacatecas\/","url_meta":{"origin":39752,"position":4},"title":"El mayor productor de oro en el mundo suspende operaciones en mina de M\u00e9xico (Zacatecas)","author":"grieta","date":"30 abril, 2019","format":false,"excerpt":"Redacci\u00f3n\/RT La compa\u00f1\u00eda Newmont Goldcorp suspendi\u00f3 operaciones este lunes en la mina a cielo abierto del Pe\u00f1asquito, en el estado de Zacatecas (centronorte de M\u00e9xico), por un presunto bloqueo realizado por parte de un contratista de camiones y miembros de la comunidad de Cedros. \"La compa\u00f1\u00eda tiene la intenci\u00f3n de\u2026","rel":"","context":"En &quot;CINTILLO&quot;","block_context":{"text":"CINTILLO","link":"http:\/\/www.grieta.org.mx\/index.php\/category\/cintillo\/"},"img":{"alt_text":"","src":"https:\/\/i0.wp.com\/www.grieta.org.mx\/wp-content\/uploads\/2019\/05\/5cc786dce9180f7e678b4567.jpg?resize=350%2C200","width":350,"height":200,"srcset":"https:\/\/i0.wp.com\/www.grieta.org.mx\/wp-content\/uploads\/2019\/05\/5cc786dce9180f7e678b4567.jpg?resize=350%2C200 1x, https:\/\/i0.wp.com\/www.grieta.org.mx\/wp-content\/uploads\/2019\/05\/5cc786dce9180f7e678b4567.jpg?resize=525%2C300 1.5x, https:\/\/i0.wp.com\/www.grieta.org.mx\/wp-content\/uploads\/2019\/05\/5cc786dce9180f7e678b4567.jpg?resize=700%2C400 2x"},"classes":[]},{"id":38782,"url":"http:\/\/www.grieta.org.mx\/index.php\/2019\/09\/03\/rema-interpone-nuevo-juicio-zacatecas\/","url_meta":{"origin":39752,"position":5},"title":"REMA interpone nuevo juicio (Zacatecas)","author":"grieta","date":"3 septiembre, 2019","format":false,"excerpt":"Silvia Alvarado \/ NTR Zacatecas, 03 de septiembre de 2019 La Red Mexicana de Afectados por la Miner\u00eda (REMA) inform\u00f3 que fue interpuesto ante el Tribunal Unitario Agrario, el segundo juicio de nulidad del acta de asamblea realizada el 14 de octubre de 218 en El Potrero, en el que\u2026","rel":"","context":"En &quot;CINTILLO&quot;","block_context":{"text":"CINTILLO","link":"http:\/\/www.grieta.org.mx\/index.php\/category\/cintillo\/"},"img":{"alt_text":"","src":"https:\/\/i0.wp.com\/www.grieta.org.mx\/wp-content\/uploads\/2019\/09\/rema-1.jpeg?resize=350%2C200","width":350,"height":200,"srcset":"https:\/\/i0.wp.com\/www.grieta.org.mx\/wp-content\/uploads\/2019\/09\/rema-1.jpeg?resize=350%2C200 1x, https:\/\/i0.wp.com\/www.grieta.org.mx\/wp-content\/uploads\/2019\/09\/rema-1.jpeg?resize=525%2C300 1.5x, https:\/\/i0.wp.com\/www.grieta.org.mx\/wp-content\/uploads\/2019\/09\/rema-1.jpeg?resize=700%2C400 2x"},"classes":[]}],"_links":{"self":[{"href":"http:\/\/www.grieta.org.mx\/index.php\/wp-json\/wp\/v2\/posts\/39752","targetHints":{"allow":["GET"]}}],"collection":[{"href":"http:\/\/www.grieta.org.mx\/index.php\/wp-json\/wp\/v2\/posts"}],"about":[{"href":"http:\/\/www.grieta.org.mx\/index.php\/wp-json\/wp\/v2\/types\/post"}],"author":[{"embeddable":true,"href":"http:\/\/www.grieta.org.mx\/index.php\/wp-json\/wp\/v2\/users\/2"}],"replies":[{"embeddable":true,"href":"http:\/\/www.grieta.org.mx\/index.php\/wp-json\/wp\/v2\/comments?post=39752"}],"version-history":[{"count":1,"href":"http:\/\/www.grieta.org.mx\/index.php\/wp-json\/wp\/v2\/posts\/39752\/revisions"}],"predecessor-version":[{"id":39754,"href":"http:\/\/www.grieta.org.mx\/index.php\/wp-json\/wp\/v2\/posts\/39752\/revisions\/39754"}],"wp:featuredmedia":[{"embeddable":true,"href":"http:\/\/www.grieta.org.mx\/index.php\/wp-json\/wp\/v2\/media\/39753"}],"wp:attachment":[{"href":"http:\/\/www.grieta.org.mx\/index.php\/wp-json\/wp\/v2\/media?parent=39752"}],"wp:term":[{"taxonomy":"category","embeddable":true,"href":"http:\/\/www.grieta.org.mx\/index.php\/wp-json\/wp\/v2\/categories?post=39752"},{"taxonomy":"post_tag","embeddable":true,"href":"http:\/\/www.grieta.org.mx\/index.php\/wp-json\/wp\/v2\/tags?post=39752"}],"curies":[{"name":"wp","href":"https:\/\/api.w.org\/{rel}","templated":true}]}}