{"id":39658,"date":"2019-09-24T19:13:48","date_gmt":"2019-09-25T00:13:48","guid":{"rendered":"http:\/\/www.grieta.org.mx\/?p=39658"},"modified":"2019-09-27T19:43:17","modified_gmt":"2019-09-28T00:43:17","slug":"padres-de-familia-liberan-la-caseta-tenango-ixtapan-exigen-la-reconstruccion-de-escuelas-estado-de-mexico","status":"publish","type":"post","link":"http:\/\/www.grieta.org.mx\/index.php\/2019\/09\/24\/padres-de-familia-liberan-la-caseta-tenango-ixtapan-exigen-la-reconstruccion-de-escuelas-estado-de-mexico\/","title":{"rendered":"Padres de familia liberan la caseta Tenango-Ixtapan; exigen la reconstrucci\u00f3n de escuelas (Estado de M\u00e9xico)"},"content":{"rendered":"<figure id=\"attachment_39666\" aria-describedby=\"caption-attachment-39666\" style=\"width: 800px\" class=\"wp-caption aligncenter\"><img loading=\"lazy\" decoding=\"async\" data-attachment-id=\"39666\" data-permalink=\"http:\/\/www.grieta.org.mx\/index.php\/2019\/09\/24\/padres-de-familia-liberan-la-caseta-tenango-ixtapan-exigen-la-reconstruccion-de-escuelas-estado-de-mexico\/33408bc7-406e-4368-b861-388e9b873342\/\" data-orig-file=\"http:\/\/www.grieta.org.mx\/wp-content\/uploads\/2019\/09\/33408bc7-406e-4368-b861-388e9b873342.jpg\" data-orig-size=\"768,479\" data-comments-opened=\"0\" data-image-meta=\"{&quot;aperture&quot;:&quot;0&quot;,&quot;credit&quot;:&quot;&quot;,&quot;camera&quot;:&quot;&quot;,&quot;caption&quot;:&quot;&quot;,&quot;created_timestamp&quot;:&quot;0&quot;,&quot;copyright&quot;:&quot;&quot;,&quot;focal_length&quot;:&quot;0&quot;,&quot;iso&quot;:&quot;0&quot;,&quot;shutter_speed&quot;:&quot;0&quot;,&quot;title&quot;:&quot;&quot;,&quot;orientation&quot;:&quot;0&quot;}\" data-image-title=\"33408bc7-406e-4368-b861-388e9b873342\" data-image-description=\"\" data-image-caption=\"&lt;p&gt;Foto: cortes\u00eda&lt;\/p&gt;\n\" data-medium-file=\"http:\/\/www.grieta.org.mx\/wp-content\/uploads\/2019\/09\/33408bc7-406e-4368-b861-388e9b873342-300x187.jpg\" data-large-file=\"http:\/\/www.grieta.org.mx\/wp-content\/uploads\/2019\/09\/33408bc7-406e-4368-b861-388e9b873342.jpg\" class=\"wp-image-39666\" src=\"http:\/\/www.grieta.org.mx\/wp-content\/uploads\/2019\/09\/33408bc7-406e-4368-b861-388e9b873342.jpg\" alt=\"\" width=\"800\" height=\"499\" srcset=\"http:\/\/www.grieta.org.mx\/wp-content\/uploads\/2019\/09\/33408bc7-406e-4368-b861-388e9b873342.jpg 768w, http:\/\/www.grieta.org.mx\/wp-content\/uploads\/2019\/09\/33408bc7-406e-4368-b861-388e9b873342-300x187.jpg 300w\" sizes=\"auto, (max-width: 800px) 100vw, 800px\" \/><figcaption id=\"caption-attachment-39666\" class=\"wp-caption-text\">Foto: cortes\u00eda<\/figcaption><\/figure>\n<p>Miguel Bernal | El Sol de Toluca<\/p>\n<p>Cerca de doscientos pobladores y padres de familia de la comunidad de San Jos\u00e9, Villa Guerrero, tomaron y liberaron las casetas de peaje de la autopista de cuota Tenango &#8211; Ixtapan de la Sal, dejando la libre circulaci\u00f3n vehicular.<\/p>\n<p>Los manifestantes exigen que las aulas de las escuelas Telesecundaria &#8220;Horacio Zu\u00f1iga&#8221; y Primaria &#8220;Ciencia y Trabajo&#8221; les sean reconstruidas, pues desde el sismo de Septiembre del a\u00f1o 2017 resultaron afectadas y a\u00fan permanecen sin avances en la reconstrucci\u00f3n, por lo que alumnos no tienen donde recibir las clases.<\/p>\n<figure id=\"attachment_39668\" aria-describedby=\"caption-attachment-39668\" style=\"width: 800px\" class=\"wp-caption aligncenter\"><img loading=\"lazy\" decoding=\"async\" data-attachment-id=\"39668\" data-permalink=\"http:\/\/www.grieta.org.mx\/index.php\/2019\/09\/24\/padres-de-familia-liberan-la-caseta-tenango-ixtapan-exigen-la-reconstruccion-de-escuelas-estado-de-mexico\/a9587b47-1170-4cda-b991-16425e10e679\/\" data-orig-file=\"http:\/\/www.grieta.org.mx\/wp-content\/uploads\/2019\/09\/a9587b47-1170-4cda-b991-16425e10e679.jpg\" data-orig-size=\"720,951\" data-comments-opened=\"0\" data-image-meta=\"{&quot;aperture&quot;:&quot;0&quot;,&quot;credit&quot;:&quot;&quot;,&quot;camera&quot;:&quot;&quot;,&quot;caption&quot;:&quot;&quot;,&quot;created_timestamp&quot;:&quot;0&quot;,&quot;copyright&quot;:&quot;&quot;,&quot;focal_length&quot;:&quot;0&quot;,&quot;iso&quot;:&quot;0&quot;,&quot;shutter_speed&quot;:&quot;0&quot;,&quot;title&quot;:&quot;&quot;,&quot;orientation&quot;:&quot;0&quot;}\" data-image-title=\"a9587b47-1170-4cda-b991-16425e10e679\" data-image-description=\"\" data-image-caption=\"&lt;p&gt;Foto cortes\u00eda.&lt;\/p&gt;\n\" data-medium-file=\"http:\/\/www.grieta.org.mx\/wp-content\/uploads\/2019\/09\/a9587b47-1170-4cda-b991-16425e10e679-227x300.jpg\" data-large-file=\"http:\/\/www.grieta.org.mx\/wp-content\/uploads\/2019\/09\/a9587b47-1170-4cda-b991-16425e10e679.jpg\" class=\"wp-image-39668\" src=\"http:\/\/www.grieta.org.mx\/wp-content\/uploads\/2019\/09\/a9587b47-1170-4cda-b991-16425e10e679.jpg\" alt=\"\" width=\"800\" height=\"1057\" srcset=\"http:\/\/www.grieta.org.mx\/wp-content\/uploads\/2019\/09\/a9587b47-1170-4cda-b991-16425e10e679.jpg 720w, http:\/\/www.grieta.org.mx\/wp-content\/uploads\/2019\/09\/a9587b47-1170-4cda-b991-16425e10e679-227x300.jpg 227w, http:\/\/www.grieta.org.mx\/wp-content\/uploads\/2019\/09\/a9587b47-1170-4cda-b991-16425e10e679-379x500.jpg 379w\" sizes=\"auto, (max-width: 800px) 100vw, 800px\" \/><figcaption id=\"caption-attachment-39668\" class=\"wp-caption-text\">Foto cortes\u00eda.<\/figcaption><\/figure>\n<p><a href=\"https:\/\/www.elsoldetoluca.com.mx\/local\/padres-de-familia-liberan-la-caseta-tenango-ixtapan-exigen-la-reconstruccion-de-escuelas-4224607.html\" rel=\"noopener noreferrer\" target=\"_blank\">https:\/\/www.elsoldetoluca.com.mx\/local\/padres-de-familia-liberan-la-caseta-tenango-ixtapan-exigen-la-reconstruccion-de-escuelas-4224607.html<\/a><\/p>\n","protected":false},"excerpt":{"rendered":"<p>Miguel Bernal | El Sol de Toluca Cerca de doscientos pobladores y padres de familia de la comunidad de San Jos\u00e9, Villa Guerrero, tomaron y liberaron las casetas de peaje &hellip; <a href=\"http:\/\/www.grieta.org.mx\/index.php\/2019\/09\/24\/padres-de-familia-liberan-la-caseta-tenango-ixtapan-exigen-la-reconstruccion-de-escuelas-estado-de-mexico\/\" class=\"more-link\">Leer m\u00e1s<\/a><\/p>\n","protected":false},"author":2,"featured_media":39666,"comment_status":"closed","ping_status":"closed","sticky":false,"template":"","format":"standard","meta":{"ngg_post_thumbnail":0,"_jetpack_newsletter_access":"","_jetpack_dont_email_post_to_subs":false,"_jetpack_newsletter_tier_id":0,"_jetpack_memberships_contains_paywalled_content":false,"_jetpack_memberships_contains_paid_content":false,"footnotes":""},"categories":[80,16,1729,2],"tags":[1678,1027],"class_list":["post-39658","post","type-post","status-publish","format-standard","has-post-thumbnail","hentry","category-cintillo","category-estado-de-mexico","category-lucha-y-resistencia-del-pueblo-en-el-estado-de-mexico","category-noticias-nacionales","tag-protestas-de-padres-de-familia","tag-sismo-19-s","entry"],"jetpack_featured_media_url":"http:\/\/www.grieta.org.mx\/wp-content\/uploads\/2019\/09\/33408bc7-406e-4368-b861-388e9b873342.jpg","jetpack_sharing_enabled":true,"jetpack_shortlink":"https:\/\/wp.me\/p7ZJR4-ajE","jetpack_likes_enabled":false,"jetpack-related-posts":[{"id":26978,"url":"http:\/\/www.grieta.org.mx\/index.php\/2018\/10\/01\/mas-de-8-horas-de-bloqueo-en-oaxaca-padres-exigen-construccion-tras-sismo-de-2017\/","url_meta":{"origin":39658,"position":0},"title":"M\u00e1s de 8 horas de bloqueo en Oaxaca; padres exigen construcci\u00f3n tras sismo de 2017","author":"grieta","date":"1 octubre, 2018","format":false,"excerpt":"Noticias. Jes\u00fas Santiago, Padres de familia de la escuela Paul Percy Harris han desquiciado el tr\u00e0nsito vehicular en el centro de Oaxaca con un bloqueo que inici\u00f3 a las 7:00 de la ma\u00f1ana de este lunes y que contin\u00faa, \u00bfqu\u00e9 exigen? que la escuela de sus hijos sea rehabilitada tras\u2026","rel":"","context":"En &quot;CINTILLO&quot;","block_context":{"text":"CINTILLO","link":"http:\/\/www.grieta.org.mx\/index.php\/category\/cintillo\/"},"img":{"alt_text":"","src":"https:\/\/i0.wp.com\/www.grieta.org.mx\/wp-content\/uploads\/2018\/10\/1.jpg?resize=350%2C200","width":350,"height":200,"srcset":"https:\/\/i0.wp.com\/www.grieta.org.mx\/wp-content\/uploads\/2018\/10\/1.jpg?resize=350%2C200 1x, https:\/\/i0.wp.com\/www.grieta.org.mx\/wp-content\/uploads\/2018\/10\/1.jpg?resize=525%2C300 1.5x, https:\/\/i0.wp.com\/www.grieta.org.mx\/wp-content\/uploads\/2018\/10\/1.jpg?resize=700%2C400 2x, https:\/\/i0.wp.com\/www.grieta.org.mx\/wp-content\/uploads\/2018\/10\/1.jpg?resize=1050%2C600 3x"},"classes":[]},{"id":19658,"url":"http:\/\/www.grieta.org.mx\/index.php\/2016\/05\/18\/docentes-toman-escuelas-en-sinaloa-exigen-ser-recontratados\/","url_meta":{"origin":39658,"position":1},"title":"Docentes toman escuelas en Sinaloa; exigen ser recontratados","author":"grieta","date":"18 mayo, 2016","format":false,"excerpt":"Jes\u00fas Bustamante Se trata de tres planteles ubicados en el municipio de Ahome, Culiac\u00e1n y El Rosarito, en los que maestros y padres de familia impiden el acceso a las aulas La Secretaria de Educaci\u00f3n P\u00fablica y Cultura del Estado de Sinaloa inform\u00f3 que tres planteles del nivel b\u00e1sico en\u2026","rel":"","context":"En &quot;CINTILLO&quot;","block_context":{"text":"CINTILLO","link":"http:\/\/www.grieta.org.mx\/index.php\/category\/cintillo\/"},"img":{"alt_text":"","src":"https:\/\/i0.wp.com\/www.grieta.org.mx\/wp-content\/uploads\/2018\/03\/14524434_1106112876131411_958039263622046936_o.jpg?resize=350%2C200","width":350,"height":200,"srcset":"https:\/\/i0.wp.com\/www.grieta.org.mx\/wp-content\/uploads\/2018\/03\/14524434_1106112876131411_958039263622046936_o.jpg?resize=350%2C200 1x, https:\/\/i0.wp.com\/www.grieta.org.mx\/wp-content\/uploads\/2018\/03\/14524434_1106112876131411_958039263622046936_o.jpg?resize=525%2C300 1.5x, https:\/\/i0.wp.com\/www.grieta.org.mx\/wp-content\/uploads\/2018\/03\/14524434_1106112876131411_958039263622046936_o.jpg?resize=700%2C400 2x"},"classes":[]},{"id":13215,"url":"http:\/\/www.grieta.org.mx\/index.php\/2016\/05\/26\/padres-y-madres-de-familia-continuan-solidarizandose-con-el-magisterio-en-el-istmo\/","url_meta":{"origin":39658,"position":2},"title":"Padres y madres de familia contin\u00faan solidariz\u00e1ndose con el magisterio en el Istmo","author":"grieta","date":"26 mayo, 2016","format":false,"excerpt":"Pagina 3. Diana Manzo, Oaxaca. Ixtepec, Oaxaca.- Padres de familia, estudiantes y organizaciones sociales de las localidades de Ixtepec, Matias Romero y El Barrio de la Soledad marcharon para solidarizarse con los maestros de la secci\u00f3n 22 de la CNTE quienes encabezaron un paro de labores desde el pasado 15\u2026","rel":"","context":"En &quot;CINTILLO&quot;","block_context":{"text":"CINTILLO","link":"http:\/\/www.grieta.org.mx\/index.php\/category\/cintillo\/"},"img":{"alt_text":"","src":"https:\/\/i0.wp.com\/www.grieta.org.mx\/wp-content\/uploads\/2018\/03\/14524434_1106112876131411_958039263622046936_o.jpg?resize=350%2C200","width":350,"height":200,"srcset":"https:\/\/i0.wp.com\/www.grieta.org.mx\/wp-content\/uploads\/2018\/03\/14524434_1106112876131411_958039263622046936_o.jpg?resize=350%2C200 1x, https:\/\/i0.wp.com\/www.grieta.org.mx\/wp-content\/uploads\/2018\/03\/14524434_1106112876131411_958039263622046936_o.jpg?resize=525%2C300 1.5x, https:\/\/i0.wp.com\/www.grieta.org.mx\/wp-content\/uploads\/2018\/03\/14524434_1106112876131411_958039263622046936_o.jpg?resize=700%2C400 2x"},"classes":[]},{"id":22060,"url":"http:\/\/www.grieta.org.mx\/index.php\/2018\/03\/07\/cdmx-reconstruccion-secuestrada-por-intereses-ajenos\/","url_meta":{"origin":39658,"position":3},"title":"CDMX; reconstrucci\u00f3n secuestrada por intereses ajenos","author":"grieta","date":"7 marzo, 2018","format":false,"excerpt":"Gabriel RC A casi 6 meses de sismo, damnificados exigen reconstrucci\u00f3n con dinero p\u00fablico. Se amparar\u00e1n contra insuficiencia de recursos. Piden mesas resolutivas Regeneraci\u00f3n, 7 de marzo del 2018. Ante el nombramiento del nuevo titular de la Comisi\u00f3n de Reconstrucci\u00f3n, Damnificados Unidos de la Ciudad de M\u00e9xico exigieron mesas de\u2026","rel":"","context":"En &quot;CINTILLO&quot;","block_context":{"text":"CINTILLO","link":"http:\/\/www.grieta.org.mx\/index.php\/category\/cintillo\/"},"img":{"alt_text":"","src":"https:\/\/i0.wp.com\/www.grieta.org.mx\/wp-content\/uploads\/2018\/03\/reconstruccion.jpg?resize=350%2C200","width":350,"height":200,"srcset":"https:\/\/i0.wp.com\/www.grieta.org.mx\/wp-content\/uploads\/2018\/03\/reconstruccion.jpg?resize=350%2C200 1x, https:\/\/i0.wp.com\/www.grieta.org.mx\/wp-content\/uploads\/2018\/03\/reconstruccion.jpg?resize=525%2C300 1.5x, https:\/\/i0.wp.com\/www.grieta.org.mx\/wp-content\/uploads\/2018\/03\/reconstruccion.jpg?resize=700%2C400 2x"},"classes":[]},{"id":23394,"url":"http:\/\/www.grieta.org.mx\/index.php\/2018\/05\/30\/damnificados-montan-campamento-en-calzada-de-tlalpan-reclaman-que-autoridades-cumplan-con-reconstruccion\/","url_meta":{"origin":39658,"position":4},"title":"Damnificados montan campamento en calzada de Tlalpan; reclaman que autoridades cumplan con reconstrucci\u00f3n","author":"grieta","date":"30 mayo, 2018","format":false,"excerpt":"Redacci\u00f3n Animal Pol\u00edtico Damnificados del Multifamiliar dijeron que mantendr\u00e1n un campamento en calzada de Tlalpan, hasta que las autoridades de la CDMX cumplan con sus exigencias de reconstrucci\u00f3n de viviendas, luego de los da\u00f1os causados por el sismo del 19 de septiembre. Damnificados del Multifamiliar Tlalpan informaron la noche de\u2026","rel":"","context":"En &quot;CINTILLO&quot;","block_context":{"text":"CINTILLO","link":"http:\/\/www.grieta.org.mx\/index.php\/category\/cintillo\/"},"img":{"alt_text":"","src":"https:\/\/i0.wp.com\/www.grieta.org.mx\/wp-content\/uploads\/2018\/06\/tlalpan-960x500.jpg?resize=350%2C200","width":350,"height":200,"srcset":"https:\/\/i0.wp.com\/www.grieta.org.mx\/wp-content\/uploads\/2018\/06\/tlalpan-960x500.jpg?resize=350%2C200 1x, https:\/\/i0.wp.com\/www.grieta.org.mx\/wp-content\/uploads\/2018\/06\/tlalpan-960x500.jpg?resize=525%2C300 1.5x, https:\/\/i0.wp.com\/www.grieta.org.mx\/wp-content\/uploads\/2018\/06\/tlalpan-960x500.jpg?resize=700%2C400 2x"},"classes":[]},{"id":44329,"url":"http:\/\/www.grieta.org.mx\/index.php\/2020\/02\/15\/vecinos-de-multifamiliar-tlalpan-reportan-herreria-desprendida-en-edificios-recien-entregados-ciudad-de-mexico\/","url_meta":{"origin":39658,"position":5},"title":"Vecinos de Multifamiliar Tlalpan reportan herrer\u00eda desprendida en edificios reci\u00e9n entregados (Ciudad de M\u00e9xico)","author":"grieta","date":"15 febrero, 2020","format":false,"excerpt":"Animal Pol\u00edtico Los edificios rehabilitados fueron entregados por el gobierno de la Ciudad de M\u00e9xico apenas el 8 de febrero. Habitantes del Multifamiliar Tlalpan denunciaron el desprendimiento de un barandal y de protecciones de ventanas en los edificios rehabilitados tras el sismo del 19 septiembre del 2017. Los edificios fueron\u2026","rel":"","context":"En &quot;CINTILLO&quot;","block_context":{"text":"CINTILLO","link":"http:\/\/www.grieta.org.mx\/index.php\/category\/cintillo\/"},"img":{"alt_text":"","src":"https:\/\/i0.wp.com\/www.grieta.org.mx\/wp-content\/uploads\/2020\/02\/Vecinos-de-Multifamiliar-Tlalpan-reportan-herrer%C3%ADa-desprendida-en-edificios-reci%C3%A9n-entregados-cdmx-feb.png?resize=350%2C200","width":350,"height":200,"srcset":"https:\/\/i0.wp.com\/www.grieta.org.mx\/wp-content\/uploads\/2020\/02\/Vecinos-de-Multifamiliar-Tlalpan-reportan-herrer%C3%ADa-desprendida-en-edificios-reci%C3%A9n-entregados-cdmx-feb.png?resize=350%2C200 1x, https:\/\/i0.wp.com\/www.grieta.org.mx\/wp-content\/uploads\/2020\/02\/Vecinos-de-Multifamiliar-Tlalpan-reportan-herrer%C3%ADa-desprendida-en-edificios-reci%C3%A9n-entregados-cdmx-feb.png?resize=525%2C300 1.5x"},"classes":[]}],"_links":{"self":[{"href":"http:\/\/www.grieta.org.mx\/index.php\/wp-json\/wp\/v2\/posts\/39658","targetHints":{"allow":["GET"]}}],"collection":[{"href":"http:\/\/www.grieta.org.mx\/index.php\/wp-json\/wp\/v2\/posts"}],"about":[{"href":"http:\/\/www.grieta.org.mx\/index.php\/wp-json\/wp\/v2\/types\/post"}],"author":[{"embeddable":true,"href":"http:\/\/www.grieta.org.mx\/index.php\/wp-json\/wp\/v2\/users\/2"}],"replies":[{"embeddable":true,"href":"http:\/\/www.grieta.org.mx\/index.php\/wp-json\/wp\/v2\/comments?post=39658"}],"version-history":[{"count":1,"href":"http:\/\/www.grieta.org.mx\/index.php\/wp-json\/wp\/v2\/posts\/39658\/revisions"}],"predecessor-version":[{"id":39669,"href":"http:\/\/www.grieta.org.mx\/index.php\/wp-json\/wp\/v2\/posts\/39658\/revisions\/39669"}],"wp:featuredmedia":[{"embeddable":true,"href":"http:\/\/www.grieta.org.mx\/index.php\/wp-json\/wp\/v2\/media\/39666"}],"wp:attachment":[{"href":"http:\/\/www.grieta.org.mx\/index.php\/wp-json\/wp\/v2\/media?parent=39658"}],"wp:term":[{"taxonomy":"category","embeddable":true,"href":"http:\/\/www.grieta.org.mx\/index.php\/wp-json\/wp\/v2\/categories?post=39658"},{"taxonomy":"post_tag","embeddable":true,"href":"http:\/\/www.grieta.org.mx\/index.php\/wp-json\/wp\/v2\/tags?post=39658"}],"curies":[{"name":"wp","href":"https:\/\/api.w.org\/{rel}","templated":true}]}}