{"id":3955,"date":"2016-03-10T00:01:46","date_gmt":"2016-03-10T00:01:46","guid":{"rendered":"http:\/\/50.22.11.12\/~grietaor\/?p=3955"},"modified":"2016-03-19T00:04:46","modified_gmt":"2016-03-19T00:04:46","slug":"se-han-clausurado-nueve-proyectos-en-tulum-profepa","status":"publish","type":"post","link":"http:\/\/www.grieta.org.mx\/index.php\/2016\/03\/10\/se-han-clausurado-nueve-proyectos-en-tulum-profepa\/","title":{"rendered":"Se han clausurado nueve proyectos en Tulum: Profepa"},"content":{"rendered":"<p>La Procuradur\u00eda Federal de Protecci\u00f3n al Ambiente (Profepa) inform\u00f3 que ha clausurado nueve proyectos tur\u00edsticos en el \u00c1rea Natural Protegida Parque Nacional Tulum, en Quintana Roo.<\/p>\n<p>En un comunicado, la dependencia se\u00f1al\u00f3 que, atendiendo la problem\u00e1tica de invasiones y obras irregulares en el citado lugar, personal de la Profepa llev\u00f3 a cabo las visitas de inspecci\u00f3n, donde constat\u00f3 remoci\u00f3n de vegetaci\u00f3n de selva baja, matorral y duna costera, con afectaci\u00f3n a flora y fauna silvestre.<\/p>\n<p>\u201cLos proyectos inspeccionados fueron: Kitchen Table Grill\/Bar; Aline Claire More Blanc; Las Palmas; Ecovillas Alux; Camping Revolucion &#038; Restaurante Pancho Villa; Bar Adelita; as\u00ed como otros 3 proyectos sin denominaci\u00f3n, los cuales no contaban con las autorizaciones correspondientes para su edificaci\u00f3n\u201d, mencion\u00f3.<\/p>\n<p>Asimismo, dice Profepa, en la presente administraci\u00f3n se han instaurado 69 procedimientos administrativos en materia de recursos naturales.<\/p>\n<p>Y ha presentado nueve denuncias penales ante la Procuradur\u00eda General de la Rep\u00fablica (PGR), debido a la negativa por parte de los inspeccionados de no respetar las clausuras, \u201cteniendo como resultado, del 9 al 11 de febrero del presente a\u00f1o, que la PGR haya realizado diversas diligencias ministeriales, de las cuales se dio el aseguramiento del inmueble denominado \u201cCasa Villa Alquimia\u201d.<\/p>\n<p>Adem\u00e1s, la Procuradur\u00eda Federal de Protecci\u00f3n al Ambiente dijo haber recibido en la presente administraci\u00f3n siete denuncias por las supuestas invasiones y obras irregulares dentro de la ANP de Tulum: una por afectaci\u00f3n forestal, cinco por afectaciones en materia de impacto ambiental; una que no fue admitida porque se\u00f1alaba a m\u00e1s de un proyecto y no proporcionaban la informaci\u00f3n detallada de cada uno de los proyectos mencionados.<\/p>\n<p><a href=\"http:\/\/www.expresionlibre.org\/main\/cancun-y-q-roo\/se-han-clausurado-nueve-proyectos-en-tulum-profepa\" target=\"_blank\">http:\/\/www.expresionlibre.org\/main\/cancun-y-q-roo\/se-han-clausurado-nueve-proyectos-en-tulum-profepa<\/a><\/p>\n","protected":false},"excerpt":{"rendered":"<p>La Procuradur\u00eda Federal de Protecci\u00f3n al Ambiente (Profepa) inform\u00f3 que ha clausurado nueve proyectos tur\u00edsticos en el \u00c1rea Natural Protegida Parque Nacional Tulum, en Quintana Roo. En un comunicado, la &hellip; <a href=\"http:\/\/www.grieta.org.mx\/index.php\/2016\/03\/10\/se-han-clausurado-nueve-proyectos-en-tulum-profepa\/\" class=\"more-link\">Leer m\u00e1s<\/a><\/p>\n","protected":false},"author":2,"featured_media":21928,"comment_status":"closed","ping_status":"open","sticky":false,"template":"","format":"standard","meta":{"ngg_post_thumbnail":0,"_jetpack_newsletter_access":"","_jetpack_dont_email_post_to_subs":false,"_jetpack_newsletter_tier_id":0,"_jetpack_memberships_contains_paywalled_content":false,"_jetpack_memberships_contains_paid_content":false,"footnotes":""},"categories":[80,151],"tags":[154,285],"class_list":["post-3955","post","type-post","status-publish","format-standard","has-post-thumbnail","hentry","category-cintillo","category-quintana-roo","tag-areas-naturales-protegidas","tag-turismo","entry"],"jetpack_featured_media_url":"http:\/\/www.grieta.org.mx\/wp-content\/uploads\/2018\/03\/14524434_1106112876131411_958039263622046936_o.jpg","jetpack_sharing_enabled":true,"jetpack_shortlink":"https:\/\/wp.me\/p7ZJR4-11N","jetpack_likes_enabled":false,"jetpack-related-posts":[{"id":3927,"url":"http:\/\/www.grieta.org.mx\/index.php\/2016\/08\/23\/tulum-tierra-de-ambiciones-cierran-pequenos-hoteles-por-afectaciones-al-medio-ambiente\/","url_meta":{"origin":3955,"position":0},"title":"Tulum tierra de ambiciones","author":"grieta","date":"23 agosto, 2016","format":false,"excerpt":"23\/08\/16. Afectados acusan demoliciones en predios desalojados de QRooExpansi\u00f3n 20\/06\/16. Punta Piedra sitio constante de violentos desalojos (Quintana Roo)La Palabra del Caribe 19\/06\/16. Violento desalojo en Tulum (Quintana Roo)Diario de Yucat\u00e1n 18\/06\/16. Terror en \u2018Punta Piedra\u2019 (Quintana Roo)Quequi 18\/06\/16. \u201cGrupos de choque\u201d resguardan predios (Quintana Roo)Por Esto! 17\/06\/16. Autoridades ejecutan\u2026","rel":"","context":"En &quot;NOTICIAS NACIONALES&quot;","block_context":{"text":"NOTICIAS NACIONALES","link":"http:\/\/www.grieta.org.mx\/index.php\/category\/noticias-nacionales\/"},"img":{"alt_text":"","src":"https:\/\/i0.wp.com\/www.grieta.org.mx\/wp-content\/uploads\/2018\/03\/14524434_1106112876131411_958039263622046936_o.jpg?resize=350%2C200","width":350,"height":200,"srcset":"https:\/\/i0.wp.com\/www.grieta.org.mx\/wp-content\/uploads\/2018\/03\/14524434_1106112876131411_958039263622046936_o.jpg?resize=350%2C200 1x, https:\/\/i0.wp.com\/www.grieta.org.mx\/wp-content\/uploads\/2018\/03\/14524434_1106112876131411_958039263622046936_o.jpg?resize=525%2C300 1.5x, https:\/\/i0.wp.com\/www.grieta.org.mx\/wp-content\/uploads\/2018\/03\/14524434_1106112876131411_958039263622046936_o.jpg?resize=700%2C400 2x"},"classes":[]},{"id":3922,"url":"http:\/\/www.grieta.org.mx\/index.php\/2015\/10\/20\/cierran-en-tulum-quintana-roo-nueve-proyectos-turisticos\/","url_meta":{"origin":3955,"position":1},"title":"Cierran en Tulum, Quintana Roo, nueve proyectos tur\u00edsticos","author":"grieta","date":"20 octubre, 2015","format":false,"excerpt":"CIUDAD DE M\u00c9XICO (20\/OCT\/2015).- Las autoridades mexicanas clausuraron nueve proyectos tur\u00edsticos en el \u00e1rea natural protegida de Tulum, en el estado de Quintana Roo, por afectaciones a la flora y la fauna silvestre de la zona. La Procuradur\u00eda Federal de Protecci\u00f3n al Ambiente (Profepa) indic\u00f3 hoy en un comunicado que\u2026","rel":"","context":"En &quot;CINTILLO&quot;","block_context":{"text":"CINTILLO","link":"http:\/\/www.grieta.org.mx\/index.php\/category\/cintillo\/"},"img":{"alt_text":"","src":"https:\/\/i0.wp.com\/www.grieta.org.mx\/wp-content\/uploads\/2018\/03\/14524434_1106112876131411_958039263622046936_o.jpg?resize=350%2C200","width":350,"height":200,"srcset":"https:\/\/i0.wp.com\/www.grieta.org.mx\/wp-content\/uploads\/2018\/03\/14524434_1106112876131411_958039263622046936_o.jpg?resize=350%2C200 1x, https:\/\/i0.wp.com\/www.grieta.org.mx\/wp-content\/uploads\/2018\/03\/14524434_1106112876131411_958039263622046936_o.jpg?resize=525%2C300 1.5x, https:\/\/i0.wp.com\/www.grieta.org.mx\/wp-content\/uploads\/2018\/03\/14524434_1106112876131411_958039263622046936_o.jpg?resize=700%2C400 2x"},"classes":[]},{"id":3936,"url":"http:\/\/www.grieta.org.mx\/index.php\/2016\/01\/21\/profepa-clausura-hotel-en-tulum\/","url_meta":{"origin":3955,"position":2},"title":"Profepa clausura hotel en Tulum","author":"grieta","date":"21 enero, 2016","format":false,"excerpt":"En los \u00faltimos dos meses esta dependencia ha realizado cinco clausuras en el municipio. Sara Cauich\/SIPSE TULUM, Q. Roo.- El hotel Alma, ubicado en el kil\u00f3metro 8.5 de la v\u00eda Tulum-Boca Paila, fue clausurado por personal de la Procuradur\u00eda Federal de Protecci\u00f3n al Ambiente (Profepa). La clausura se aplic\u00f3 porque\u2026","rel":"","context":"En &quot;CINTILLO&quot;","block_context":{"text":"CINTILLO","link":"http:\/\/www.grieta.org.mx\/index.php\/category\/cintillo\/"},"img":{"alt_text":"","src":"https:\/\/i0.wp.com\/www.grieta.org.mx\/wp-content\/uploads\/2018\/03\/14524434_1106112876131411_958039263622046936_o.jpg?resize=350%2C200","width":350,"height":200,"srcset":"https:\/\/i0.wp.com\/www.grieta.org.mx\/wp-content\/uploads\/2018\/03\/14524434_1106112876131411_958039263622046936_o.jpg?resize=350%2C200 1x, https:\/\/i0.wp.com\/www.grieta.org.mx\/wp-content\/uploads\/2018\/03\/14524434_1106112876131411_958039263622046936_o.jpg?resize=525%2C300 1.5x, https:\/\/i0.wp.com\/www.grieta.org.mx\/wp-content\/uploads\/2018\/03\/14524434_1106112876131411_958039263622046936_o.jpg?resize=700%2C400 2x"},"classes":[]},{"id":4434,"url":"http:\/\/www.grieta.org.mx\/index.php\/2015\/07\/13\/se-frenan-proyectos-por-20-mil-mdp-en-quintana-roo\/","url_meta":{"origin":3955,"position":3},"title":"Se frenan proyectos por 20 mil mdp en Quintana Roo","author":"grieta","date":"13 julio, 2015","format":false,"excerpt":"Inversiones por al menos 20 mil millones de pesos para proyectos como el Tren Transpeninsular o el Dragon Mart Canc\u00fan, se han frenado en Quintana Roo, derivado del recorte presupuestal, as\u00ed como decisiones pol\u00edticas y ambientales. CANC\u00daN, QROO.- El recorte presupuestal, as\u00ed como decisiones pol\u00edticas y ambientales han frenado proyectos\u2026","rel":"","context":"En &quot;CINTILLO&quot;","block_context":{"text":"CINTILLO","link":"http:\/\/www.grieta.org.mx\/index.php\/category\/cintillo\/"},"img":{"alt_text":"","src":"https:\/\/i0.wp.com\/www.grieta.org.mx\/wp-content\/uploads\/2018\/03\/14524434_1106112876131411_958039263622046936_o.jpg?resize=350%2C200","width":350,"height":200,"srcset":"https:\/\/i0.wp.com\/www.grieta.org.mx\/wp-content\/uploads\/2018\/03\/14524434_1106112876131411_958039263622046936_o.jpg?resize=350%2C200 1x, https:\/\/i0.wp.com\/www.grieta.org.mx\/wp-content\/uploads\/2018\/03\/14524434_1106112876131411_958039263622046936_o.jpg?resize=525%2C300 1.5x, https:\/\/i0.wp.com\/www.grieta.org.mx\/wp-content\/uploads\/2018\/03\/14524434_1106112876131411_958039263622046936_o.jpg?resize=700%2C400 2x"},"classes":[]},{"id":4463,"url":"http:\/\/www.grieta.org.mx\/index.php\/2016\/02\/12\/revisa-la-pgr-predios-en-conflicto-en-akumal\/","url_meta":{"origin":3955,"position":4},"title":"Revisa la PGR predios en conflicto en Akumal","author":"grieta","date":"12 febrero, 2016","format":false,"excerpt":"Las diligencias se realizaron entre el Centro Ecol\u00f3gico Akumal y el Hotel Secrets. Sara Cauich\/SIPSE TULUM, Q. Roo.- Personal de las procuradur\u00edas General de la Rep\u00fablica (PGR) y Federal de Protecci\u00f3n al Ambiente (Profepa), llevaron al cabo diligencias relacionadas con mediciones de linderos en el acceso a la Bah\u00eda de\u2026","rel":"","context":"En &quot;CINTILLO&quot;","block_context":{"text":"CINTILLO","link":"http:\/\/www.grieta.org.mx\/index.php\/category\/cintillo\/"},"img":{"alt_text":"","src":"https:\/\/i0.wp.com\/www.grieta.org.mx\/wp-content\/uploads\/2018\/03\/14524434_1106112876131411_958039263622046936_o.jpg?resize=350%2C200","width":350,"height":200,"srcset":"https:\/\/i0.wp.com\/www.grieta.org.mx\/wp-content\/uploads\/2018\/03\/14524434_1106112876131411_958039263622046936_o.jpg?resize=350%2C200 1x, https:\/\/i0.wp.com\/www.grieta.org.mx\/wp-content\/uploads\/2018\/03\/14524434_1106112876131411_958039263622046936_o.jpg?resize=525%2C300 1.5x, https:\/\/i0.wp.com\/www.grieta.org.mx\/wp-content\/uploads\/2018\/03\/14524434_1106112876131411_958039263622046936_o.jpg?resize=700%2C400 2x"},"classes":[]},{"id":3958,"url":"http:\/\/www.grieta.org.mx\/index.php\/2016\/03\/15\/hoteles-costeros-desafian-a-las-autoridades-locales\/","url_meta":{"origin":3955,"position":5},"title":"Hoteles costeros desaf\u00edan a las autoridades locales","author":"grieta","date":"15 marzo, 2016","format":false,"excerpt":"Azulik y Papaya Playa contin\u00faan con la construcci\u00f3n en sus predios pese a que fueron clausurados. Sara Cauich\/SIPSE TULUM, Q. Roo.- A pesar de estar denunciados por la Direcci\u00f3n de Desarrollo Urbano ante Profepa, los desarrollos tur\u00edsticos Papaya Playa y Azulik, ubicados en el kil\u00f3metro tres y cuatro de la\u2026","rel":"","context":"En &quot;CINTILLO&quot;","block_context":{"text":"CINTILLO","link":"http:\/\/www.grieta.org.mx\/index.php\/category\/cintillo\/"},"img":{"alt_text":"","src":"https:\/\/i0.wp.com\/www.grieta.org.mx\/wp-content\/uploads\/2018\/03\/14524434_1106112876131411_958039263622046936_o.jpg?resize=350%2C200","width":350,"height":200,"srcset":"https:\/\/i0.wp.com\/www.grieta.org.mx\/wp-content\/uploads\/2018\/03\/14524434_1106112876131411_958039263622046936_o.jpg?resize=350%2C200 1x, https:\/\/i0.wp.com\/www.grieta.org.mx\/wp-content\/uploads\/2018\/03\/14524434_1106112876131411_958039263622046936_o.jpg?resize=525%2C300 1.5x, https:\/\/i0.wp.com\/www.grieta.org.mx\/wp-content\/uploads\/2018\/03\/14524434_1106112876131411_958039263622046936_o.jpg?resize=700%2C400 2x"},"classes":[]}],"_links":{"self":[{"href":"http:\/\/www.grieta.org.mx\/index.php\/wp-json\/wp\/v2\/posts\/3955","targetHints":{"allow":["GET"]}}],"collection":[{"href":"http:\/\/www.grieta.org.mx\/index.php\/wp-json\/wp\/v2\/posts"}],"about":[{"href":"http:\/\/www.grieta.org.mx\/index.php\/wp-json\/wp\/v2\/types\/post"}],"author":[{"embeddable":true,"href":"http:\/\/www.grieta.org.mx\/index.php\/wp-json\/wp\/v2\/users\/2"}],"replies":[{"embeddable":true,"href":"http:\/\/www.grieta.org.mx\/index.php\/wp-json\/wp\/v2\/comments?post=3955"}],"version-history":[{"count":1,"href":"http:\/\/www.grieta.org.mx\/index.php\/wp-json\/wp\/v2\/posts\/3955\/revisions"}],"predecessor-version":[{"id":3956,"href":"http:\/\/www.grieta.org.mx\/index.php\/wp-json\/wp\/v2\/posts\/3955\/revisions\/3956"}],"wp:featuredmedia":[{"embeddable":true,"href":"http:\/\/www.grieta.org.mx\/index.php\/wp-json\/wp\/v2\/media\/21928"}],"wp:attachment":[{"href":"http:\/\/www.grieta.org.mx\/index.php\/wp-json\/wp\/v2\/media?parent=3955"}],"wp:term":[{"taxonomy":"category","embeddable":true,"href":"http:\/\/www.grieta.org.mx\/index.php\/wp-json\/wp\/v2\/categories?post=3955"},{"taxonomy":"post_tag","embeddable":true,"href":"http:\/\/www.grieta.org.mx\/index.php\/wp-json\/wp\/v2\/tags?post=3955"}],"curies":[{"name":"wp","href":"https:\/\/api.w.org\/{rel}","templated":true}]}}