{"id":39450,"date":"2019-08-15T11:42:17","date_gmt":"2019-08-15T16:42:17","guid":{"rendered":"http:\/\/www.grieta.org.mx\/?p=39450"},"modified":"2019-09-24T11:45:02","modified_gmt":"2019-09-24T16:45:02","slug":"feminicidios-han-dejado-3-mil-300-ninos-huerfanos-en-mexico","status":"publish","type":"post","link":"http:\/\/www.grieta.org.mx\/index.php\/2019\/08\/15\/feminicidios-han-dejado-3-mil-300-ninos-huerfanos-en-mexico\/","title":{"rendered":"Feminicidios han dejado 3 mil 300 ni\u00f1os hu\u00e9rfanos en M\u00e9xico"},"content":{"rendered":"<p><img loading=\"lazy\" decoding=\"async\" data-attachment-id=\"39451\" data-permalink=\"http:\/\/www.grieta.org.mx\/index.php\/2019\/08\/15\/feminicidios-han-dejado-3-mil-300-ninos-huerfanos-en-mexico\/571241_d\/\" data-orig-file=\"http:\/\/www.grieta.org.mx\/wp-content\/uploads\/2019\/09\/571241_d.jpg\" data-orig-size=\"600,399\" data-comments-opened=\"0\" data-image-meta=\"{&quot;aperture&quot;:&quot;0&quot;,&quot;credit&quot;:&quot;&quot;,&quot;camera&quot;:&quot;&quot;,&quot;caption&quot;:&quot;&quot;,&quot;created_timestamp&quot;:&quot;0&quot;,&quot;copyright&quot;:&quot;&quot;,&quot;focal_length&quot;:&quot;0&quot;,&quot;iso&quot;:&quot;0&quot;,&quot;shutter_speed&quot;:&quot;0&quot;,&quot;title&quot;:&quot;&quot;,&quot;orientation&quot;:&quot;0&quot;}\" data-image-title=\"571241_d\" data-image-description=\"\" data-image-caption=\"\" data-medium-file=\"http:\/\/www.grieta.org.mx\/wp-content\/uploads\/2019\/09\/571241_d-300x200.jpg\" data-large-file=\"http:\/\/www.grieta.org.mx\/wp-content\/uploads\/2019\/09\/571241_d.jpg\" class=\"alignright wp-image-39451 size-full\" src=\"http:\/\/www.grieta.org.mx\/wp-content\/uploads\/2019\/09\/571241_d.jpg\" alt=\"\" width=\"600\" height=\"399\" srcset=\"http:\/\/www.grieta.org.mx\/wp-content\/uploads\/2019\/09\/571241_d.jpg 600w, http:\/\/www.grieta.org.mx\/wp-content\/uploads\/2019\/09\/571241_d-300x200.jpg 300w\" sizes=\"auto, (max-width: 600px) 100vw, 600px\" \/><\/p>\n<p>Redacci\u00f3n \/ Imagen del Golfo<\/p>\n<p>Los feminicidios en M\u00e9xico han dejado en la orfandad a 3 mil 300 ni\u00f1os al menos hasta mayo de 2019, seg\u00fan una estimaci\u00f3n inicial.<\/p>\n<p>De acuerdo a lo publicado por SDP Noticias, se explica que el n\u00famero sali\u00f3 de la multiplicaci\u00f3n de los feminicidios y homicidios dolosos cometidos contra mujeres, mil 500 con base en el registro del Secretariado Ejecutivo del Sistema Nacional de Seguridad P\u00fablica (SESNSP), por la tasa de natalidad de 2.21 hijos de cada mujer seg\u00fan la Encuesta Nacional de la Din\u00e1mica Demogr\u00e1fica (ENADID).<\/p>\n<p>Para mayo de este a\u00f1o, el pa\u00eds registr\u00f3 la cifra de 10 asesinatos de mujeres al d\u00eda con base en la cifras del registro del SESNSP, sin embargo, durante la \u00faltima d\u00e9cada se tienen contabilizados hasta 23 mil feminicidios en M\u00e9xico.<\/p>\n<p>Los ni\u00f1os que han perdido a sus madres por un feminicidio a manos de sus padres o padrastos, en algunos casos fueron testigos del asesinato, por ello la coordinadora del Observatorio Ciudadano Nacional del Feminicidio (OCNF), Mar\u00eda de la Luz Estrada, los califica como \u201cv\u00edctimas olvidadas\u201d de este fen\u00f3meno violento cuya v\u00edctima directa son las mujeres.<\/p>\n<p><a href=\"https:\/\/imagendelgolfo.mx\/noticias-veracruz\/Nacional\/41257166\/Feminicidios-han-dejado-3-mil-300-ninos-huerfanos-en-Mexico-.html\">https:\/\/imagendelgolfo.mx\/noticias-veracruz\/Nacional\/41257166\/Feminicidios-han-dejado-3-mil-300-ninos-huerfanos-en-Mexico-.html<\/a><\/p>\n","protected":false},"excerpt":{"rendered":"<p>Redacci\u00f3n \/ Imagen del Golfo Los feminicidios en M\u00e9xico han dejado en la orfandad a 3 mil 300 ni\u00f1os al menos hasta mayo de 2019, seg\u00fan una estimaci\u00f3n inicial. De &hellip; <a href=\"http:\/\/www.grieta.org.mx\/index.php\/2019\/08\/15\/feminicidios-han-dejado-3-mil-300-ninos-huerfanos-en-mexico\/\" class=\"more-link\">Leer m\u00e1s<\/a><\/p>\n","protected":false},"author":2,"featured_media":39451,"comment_status":"closed","ping_status":"closed","sticky":false,"template":"","format":"standard","meta":{"ngg_post_thumbnail":0,"_jetpack_newsletter_access":"","_jetpack_dont_email_post_to_subs":false,"_jetpack_newsletter_tier_id":0,"_jetpack_memberships_contains_paywalled_content":false,"_jetpack_memberships_contains_paid_content":false,"footnotes":""},"categories":[80,84,1827,2,83],"tags":[81,2362],"class_list":["post-39450","post","type-post","status-publish","format-standard","has-post-thumbnail","hentry","category-cintillo","category-feminicidios","category-la-ninez-en-la-tormenta-capitalista","category-noticias-nacionales","category-temas-nacionales","tag-feminicidios","tag-la-ninez-en-la-tormenta","entry"],"jetpack_featured_media_url":"http:\/\/www.grieta.org.mx\/wp-content\/uploads\/2019\/09\/571241_d.jpg","jetpack_sharing_enabled":true,"jetpack_shortlink":"https:\/\/wp.me\/p7ZJR4-agi","jetpack_likes_enabled":false,"jetpack-related-posts":[{"id":42609,"url":"http:\/\/www.grieta.org.mx\/index.php\/2019\/12\/27\/arman-colecta-de-juguetes-para-hijos-de-victimas-de-feminicidio-ciudad-de-mexico\/","url_meta":{"origin":39450,"position":0},"title":"Arman colecta de juguetes para hijos de v\u00edctimas de feminicidio (Ciudad de M\u00e9xico)","author":"grieta","date":"27 diciembre, 2019","format":false,"excerpt":"Karla Almaraz \/ Chilango Todos pueden donar juguetes o frazadas El colectivo Ni una menos M\u00e9xico organiz\u00f3 una colecta de juguetes feminista, para regalarlos a los hijos de mujeres que han sido v\u00edctimas de feminicidios. Adem\u00e1s de juguetes , las personas podr\u00e1n donar frazadas. Todo ser\u00e1 entregado a los peque\u00f1os.\u2026","rel":"","context":"En &quot;CINTILLO&quot;","block_context":{"text":"CINTILLO","link":"http:\/\/www.grieta.org.mx\/index.php\/category\/cintillo\/"},"img":{"alt_text":"","src":"https:\/\/i0.wp.com\/www.grieta.org.mx\/wp-content\/uploads\/2019\/12\/Arman-colecta-de-juguetes-para-hijos-de-v%C3%ADctimas-de-feminicidio-cdmx-dic.jpg?resize=350%2C200","width":350,"height":200},"classes":[]},{"id":39453,"url":"http:\/\/www.grieta.org.mx\/index.php\/2019\/08\/19\/64-huerfanos-victimas-indirectas-de-feminicidios-en-slp\/","url_meta":{"origin":39450,"position":1},"title":"64 hu\u00e9rfanos, v\u00edctimas indirectas de feminicidios en SLP","author":"grieta","date":"19 agosto, 2019","format":false,"excerpt":"Redacci\u00f3n \/ La Orquesta En San Luis Potos\u00ed existen 64 menores hu\u00e9rfanos a causa de feminicidios, de 238 que han sido registrados a lo largo del pa\u00eds, aunque en la \u00faltima d\u00e9cada al menos 3 mil ni\u00f1as y ni\u00f1os cuya madre fue v\u00edctima de este tipo de delito. De acuerdo\u2026","rel":"","context":"En &quot;CINTILLO&quot;","block_context":{"text":"CINTILLO","link":"http:\/\/www.grieta.org.mx\/index.php\/category\/cintillo\/"},"img":{"alt_text":"","src":"https:\/\/i0.wp.com\/www.grieta.org.mx\/wp-content\/uploads\/2019\/09\/1034572926.jpg?resize=350%2C200","width":350,"height":200,"srcset":"https:\/\/i0.wp.com\/www.grieta.org.mx\/wp-content\/uploads\/2019\/09\/1034572926.jpg?resize=350%2C200 1x, https:\/\/i0.wp.com\/www.grieta.org.mx\/wp-content\/uploads\/2019\/09\/1034572926.jpg?resize=525%2C300 1.5x, https:\/\/i0.wp.com\/www.grieta.org.mx\/wp-content\/uploads\/2019\/09\/1034572926.jpg?resize=700%2C400 2x"},"classes":[]},{"id":38445,"url":"http:\/\/www.grieta.org.mx\/index.php\/2019\/08\/19\/veracruz-y-estado-de-mexico-es-donde-mas-se-mata-a-las-ninas\/","url_meta":{"origin":39450,"position":2},"title":"Veracruz y Estado de M\u00e9xico es donde m\u00e1s se mata a las ni\u00f1as","author":"grieta","date":"19 agosto, 2019","format":false,"excerpt":"Angeles Pillado \/ SDP Veracruz y el Edomex son las entidades donde se perpetra m\u00e1s el feminicidio infantil; en lo que va de 2019, 54 ni\u00f1as fueron asesinadas. M\u00e9xico.- Los estados de Veracruz y M\u00e9xico encabezan en cifras el feminicidio infantil pese a que ambas entidades tienen activas Alertas de\u2026","rel":"","context":"En &quot;CINTILLO&quot;","block_context":{"text":"CINTILLO","link":"http:\/\/www.grieta.org.mx\/index.php\/category\/cintillo\/"},"img":{"alt_text":"","src":"https:\/\/i0.wp.com\/www.grieta.org.mx\/wp-content\/uploads\/2019\/08\/5d5b169fcd9a9.jpeg?resize=350%2C200","width":350,"height":200,"srcset":"https:\/\/i0.wp.com\/www.grieta.org.mx\/wp-content\/uploads\/2019\/08\/5d5b169fcd9a9.jpeg?resize=350%2C200 1x, https:\/\/i0.wp.com\/www.grieta.org.mx\/wp-content\/uploads\/2019\/08\/5d5b169fcd9a9.jpeg?resize=525%2C300 1.5x, https:\/\/i0.wp.com\/www.grieta.org.mx\/wp-content\/uploads\/2019\/08\/5d5b169fcd9a9.jpeg?resize=700%2C400 2x"},"classes":[]},{"id":30911,"url":"http:\/\/www.grieta.org.mx\/index.php\/2019\/03\/08\/al-menos-siete-feminicidios-mensuales-de-ninas-y-adolescentes-redim\/","url_meta":{"origin":39450,"position":3},"title":"Al menos siete feminicidios mensuales de ni\u00f1as y adolescentes: REDIM","author":"grieta","date":"8 marzo, 2019","format":false,"excerpt":"L\u00f3pez D\u00f3riga Digital La cifra de adolescentes v\u00edctimas de feminicidios a nivel nacional se duplic\u00f3 de 2015 a 2018, al pasar de 422 a 861 casos La Red por los Derechos de la Infancia en M\u00e9xico (REDIM) asegur\u00f3 que la violencia machista y omisi\u00f3n de las autoridades son responsables de\u2026","rel":"","context":"En &quot;Chihuahua&quot;","block_context":{"text":"Chihuahua","link":"http:\/\/www.grieta.org.mx\/index.php\/category\/noticias-nacionales\/chihuahua\/"},"img":{"alt_text":"","src":"https:\/\/i0.wp.com\/www.grieta.org.mx\/wp-content\/uploads\/2019\/03\/Al-menos-siete-feminicidios-mensuales-de-ni%C3%B1as-y-adolescentes-REDIM-nl-mzo.jpg?resize=350%2C200","width":350,"height":200,"srcset":"https:\/\/i0.wp.com\/www.grieta.org.mx\/wp-content\/uploads\/2019\/03\/Al-menos-siete-feminicidios-mensuales-de-ni%C3%B1as-y-adolescentes-REDIM-nl-mzo.jpg?resize=350%2C200 1x, https:\/\/i0.wp.com\/www.grieta.org.mx\/wp-content\/uploads\/2019\/03\/Al-menos-siete-feminicidios-mensuales-de-ni%C3%B1as-y-adolescentes-REDIM-nl-mzo.jpg?resize=525%2C300 1.5x, https:\/\/i0.wp.com\/www.grieta.org.mx\/wp-content\/uploads\/2019\/03\/Al-menos-siete-feminicidios-mensuales-de-ni%C3%B1as-y-adolescentes-REDIM-nl-mzo.jpg?resize=700%2C400 2x"},"classes":[]},{"id":66568,"url":"http:\/\/www.grieta.org.mx\/index.php\/2023\/03\/14\/jalisco-tercer-estado-en-el-que-matan-mas-ninas\/","url_meta":{"origin":39450,"position":4},"title":"Jalisco, tercer estado en el que matan m\u00e1s ni\u00f1as","author":"grieta","date":"14 marzo, 2023","format":false,"excerpt":"Imagen: Archivo NTR \/\u00a0 GP Sonia Serrano I\u00f1iguez \/ El Diario NTR De 2015 a 2022 fueron asesinadas 2 mil 166 ni\u00f1as y adolescentes en el pa\u00eds, delito en el que Jalisco ocupa el tercer lugar nacional con 140 v\u00edctimas, apenas por debajo del Estado de M\u00e9xico y Guanajuato. El\u2026","rel":"","context":"En &quot;CINTILLO&quot;","block_context":{"text":"CINTILLO","link":"http:\/\/www.grieta.org.mx\/index.php\/category\/cintillo\/"},"img":{"alt_text":"","src":"https:\/\/i0.wp.com\/www.grieta.org.mx\/wp-content\/uploads\/2023\/03\/2023-03-14_12-03-49___6344.jpg?resize=350%2C200","width":350,"height":200,"srcset":"https:\/\/i0.wp.com\/www.grieta.org.mx\/wp-content\/uploads\/2023\/03\/2023-03-14_12-03-49___6344.jpg?resize=350%2C200 1x, https:\/\/i0.wp.com\/www.grieta.org.mx\/wp-content\/uploads\/2023\/03\/2023-03-14_12-03-49___6344.jpg?resize=525%2C300 1.5x, https:\/\/i0.wp.com\/www.grieta.org.mx\/wp-content\/uploads\/2023\/03\/2023-03-14_12-03-49___6344.jpg?resize=700%2C400 2x"},"classes":[]},{"id":35984,"url":"http:\/\/www.grieta.org.mx\/index.php\/2019\/07\/05\/crece-violencia-contra-mujeres-en-el-edomex\/","url_meta":{"origin":39450,"position":5},"title":"Crece violencia contra mujeres en el Edomex","author":"grieta","date":"5 julio, 2019","format":false,"excerpt":"Foto: CUARTOSCURO.COM Comparado con 2018 hay un incremento en delitos como feminicidio Filiberto Ramos \/ El Sol de Toluca Durante los primeros cinco meses de 2019, los\u00a0delitos que afectan directamente a la mujer han registrado una tendencia creciente en el Estado de M\u00e9xico. Actualmente se\u00a0acumulan 2 mil 348 denuncias ante\u2026","rel":"","context":"En &quot;CINTILLO&quot;","block_context":{"text":"CINTILLO","link":"http:\/\/www.grieta.org.mx\/index.php\/category\/cintillo\/"},"img":{"alt_text":"","src":"https:\/\/i0.wp.com\/www.grieta.org.mx\/wp-content\/uploads\/2019\/07\/feminicidio-1160x700.jpg?resize=350%2C200","width":350,"height":200,"srcset":"https:\/\/i0.wp.com\/www.grieta.org.mx\/wp-content\/uploads\/2019\/07\/feminicidio-1160x700.jpg?resize=350%2C200 1x, https:\/\/i0.wp.com\/www.grieta.org.mx\/wp-content\/uploads\/2019\/07\/feminicidio-1160x700.jpg?resize=525%2C300 1.5x, https:\/\/i0.wp.com\/www.grieta.org.mx\/wp-content\/uploads\/2019\/07\/feminicidio-1160x700.jpg?resize=700%2C400 2x, https:\/\/i0.wp.com\/www.grieta.org.mx\/wp-content\/uploads\/2019\/07\/feminicidio-1160x700.jpg?resize=1050%2C600 3x"},"classes":[]}],"_links":{"self":[{"href":"http:\/\/www.grieta.org.mx\/index.php\/wp-json\/wp\/v2\/posts\/39450","targetHints":{"allow":["GET"]}}],"collection":[{"href":"http:\/\/www.grieta.org.mx\/index.php\/wp-json\/wp\/v2\/posts"}],"about":[{"href":"http:\/\/www.grieta.org.mx\/index.php\/wp-json\/wp\/v2\/types\/post"}],"author":[{"embeddable":true,"href":"http:\/\/www.grieta.org.mx\/index.php\/wp-json\/wp\/v2\/users\/2"}],"replies":[{"embeddable":true,"href":"http:\/\/www.grieta.org.mx\/index.php\/wp-json\/wp\/v2\/comments?post=39450"}],"version-history":[{"count":1,"href":"http:\/\/www.grieta.org.mx\/index.php\/wp-json\/wp\/v2\/posts\/39450\/revisions"}],"predecessor-version":[{"id":39452,"href":"http:\/\/www.grieta.org.mx\/index.php\/wp-json\/wp\/v2\/posts\/39450\/revisions\/39452"}],"wp:featuredmedia":[{"embeddable":true,"href":"http:\/\/www.grieta.org.mx\/index.php\/wp-json\/wp\/v2\/media\/39451"}],"wp:attachment":[{"href":"http:\/\/www.grieta.org.mx\/index.php\/wp-json\/wp\/v2\/media?parent=39450"}],"wp:term":[{"taxonomy":"category","embeddable":true,"href":"http:\/\/www.grieta.org.mx\/index.php\/wp-json\/wp\/v2\/categories?post=39450"},{"taxonomy":"post_tag","embeddable":true,"href":"http:\/\/www.grieta.org.mx\/index.php\/wp-json\/wp\/v2\/tags?post=39450"}],"curies":[{"name":"wp","href":"https:\/\/api.w.org\/{rel}","templated":true}]}}