{"id":39443,"date":"2019-08-15T11:29:52","date_gmt":"2019-08-15T16:29:52","guid":{"rendered":"http:\/\/www.grieta.org.mx\/?p=39443"},"modified":"2019-09-24T11:36:57","modified_gmt":"2019-09-24T16:36:57","slug":"a-junio-precariedad-laboral-escala-a-record","status":"publish","type":"post","link":"http:\/\/www.grieta.org.mx\/index.php\/2019\/08\/15\/a-junio-precariedad-laboral-escala-a-record\/","title":{"rendered":"A junio precariedad laboral escala a r\u00e9cord"},"content":{"rendered":"<p><img loading=\"lazy\" decoding=\"async\" data-attachment-id=\"39445\" data-permalink=\"http:\/\/www.grieta.org.mx\/index.php\/2019\/08\/15\/a-junio-precariedad-laboral-escala-a-record\/pp_princi_pea_150819-png_357040457\/\" data-orig-file=\"http:\/\/www.grieta.org.mx\/wp-content\/uploads\/2019\/09\/pp_princi_pea_150819.png_357040457.png\" data-orig-size=\"760,821\" data-comments-opened=\"0\" data-image-meta=\"{&quot;aperture&quot;:&quot;0&quot;,&quot;credit&quot;:&quot;&quot;,&quot;camera&quot;:&quot;&quot;,&quot;caption&quot;:&quot;&quot;,&quot;created_timestamp&quot;:&quot;0&quot;,&quot;copyright&quot;:&quot;&quot;,&quot;focal_length&quot;:&quot;0&quot;,&quot;iso&quot;:&quot;0&quot;,&quot;shutter_speed&quot;:&quot;0&quot;,&quot;title&quot;:&quot;&quot;,&quot;orientation&quot;:&quot;0&quot;}\" data-image-title=\"pp_princi_pea_150819.png_357040457\" data-image-description=\"\" data-image-caption=\"\" data-medium-file=\"http:\/\/www.grieta.org.mx\/wp-content\/uploads\/2019\/09\/pp_princi_pea_150819.png_357040457-278x300.png\" data-large-file=\"http:\/\/www.grieta.org.mx\/wp-content\/uploads\/2019\/09\/pp_princi_pea_150819.png_357040457.png\" class=\"alignright wp-image-39445 size-full\" src=\"http:\/\/www.grieta.org.mx\/wp-content\/uploads\/2019\/09\/pp_princi_pea_150819.png_357040457.png\" alt=\"\" width=\"760\" height=\"821\" srcset=\"http:\/\/www.grieta.org.mx\/wp-content\/uploads\/2019\/09\/pp_princi_pea_150819.png_357040457.png 760w, http:\/\/www.grieta.org.mx\/wp-content\/uploads\/2019\/09\/pp_princi_pea_150819.png_357040457-278x300.png 278w, http:\/\/www.grieta.org.mx\/wp-content\/uploads\/2019\/09\/pp_princi_pea_150819.png_357040457-463x500.png 463w\" sizes=\"auto, (max-width: 760px) 100vw, 760px\" \/><\/p>\n<p>Blanca Ju\u00e1rez \/ El Economista<\/p>\n<p>Durante el segundo trimestre del a\u00f1o el entorno laboral del pa\u00eds continu\u00f3 mostrando signos de deterioro. Por un lado, la tasa de desempleo repunt\u00f3 a 3.5% como proporci\u00f3n de la Poblaci\u00f3n Econ\u00f3micamente Activa (PEA), mientras que el empleo precario alcanz\u00f3 un r\u00e9cord al registrar una tasa de 19% como proporci\u00f3n de la poblaci\u00f3n ocupada, de acuerdo con mediciones desestacionalizadas que inform\u00f3 el Instituto Nacional de Geograf\u00eda y Estad\u00edstica (Inegi).<\/p>\n<p>El desempleo se mantiene en nivel bajo en perspectiva hist\u00f3rica, lejos de la tasa de 5.7% alcanzada durante el tercer trimestre del 2009 \u2013a\u00f1o de crisis econ\u00f3mica\u2013, pero la tasa de 3.5% en abril-junio es la m\u00e1s alta para un periodo similar desde el 2016 (3.9%) y representa un aumento de 0.2 puntos porcentuales respecto del segundo trimestre del 2018.<\/p>\n<p>En tanto, la tasa de condiciones cr\u00edticas de ocupaci\u00f3n (TCCO), que mide a las personas que se encuentran ocupadas en las categor\u00edas de empleo m\u00e1s vulnerables por el tipo de jornadas laborales y sus salarios, dio un salto considerable al pasar de 15.1% de la poblaci\u00f3n ocupada a 19% del segundo cuarto del 2018 al segundo trimestre del 2019.<\/p>\n<p>La TCCO incluye as\u00ed a las personas que se encuentran trabajando menos de 35 horas a la semana por razones ajenas a sus decisiones, m\u00e1s las que trabajan m\u00e1s de 35 horas semanales con ingresos mensuales inferiores al salario m\u00ednimo y las que laboran m\u00e1s de 48 horas semanales ganando hasta dos salarios m\u00ednimos. Se trata de personas que trabajan menos de lo que quisieran, ganan muy poco o trabajan mucho con muy bajas remuneraciones.<\/p>\n<p>\u201cSe trata s\u00f3lo de una de las definiciones de precariedad laboral, porque adem\u00e1s de jornadas largas y bajas remuneraciones habr\u00eda que considerar las personas que carecen de seguridad social\u201d, afirm\u00f3 Javier Gal\u00e1n, profesor del posgrado de Econom\u00eda de la UNAM. De este modo, si la definici\u00f3n de precariedad se ampliara, se obtendr\u00eda que el n\u00famero de mexicanos en empleos precarios ser\u00eda aun mayor, dijo.<\/p>\n<p>De acuerdo con los resultados trimestrales de la Encuesta Nacional de Ocupaci\u00f3n y Empleo (ENOE) reportados por el Inegi, la subocupaci\u00f3n laboral, es decir, el porcentaje de la poblaci\u00f3n ocupada que tiene la necesidad y disponibilidad de ofertar m\u00e1s tiempo de trabajo de lo que su ocupaci\u00f3n actual le permite, tambi\u00e9n creci\u00f3, de 7% a 7.6% de la poblaci\u00f3n ocupada.<\/p>\n<p>\u201cNo se trata de un fen\u00f3meno de este gobierno, sino de una tendencia iniciada en el gobierno pasado como efecto colateral de la formalizaci\u00f3n del empleo\u201d, explica Gal\u00e1n Figueroa, al referirse al hecho de que cuando muchos empleos se formalizaron el sexenio pasado lo hicieron bajo condiciones precarias \u2013principalmente bajos salarios\u2013 para compensar el costo que acarrea la formalidad laboral (como pagos de seguridad social).<\/p>\n<p>Al 30 de junio pasado en M\u00e9xico la poblaci\u00f3n ocupada fue de 54 millones 936,719 personas y, de acuerdo con la TCCO medida al cierre del periodo, en el pa\u00eds existen casi 10.4 millones de personas trabajando en condiciones de precariedad laboral. Una de cada cinco.<\/p>\n<p>En otra arista de la ENOE, el Inegi report\u00f3 que, en el segundo trimestre de este a\u00f1o, todas las modalidades de empleo informal sumaron 30.9 millones de personas (56.3% de la poblaci\u00f3n ocupada).<\/p>\n<p>En abril-junio el n\u00famero de desocupados en el pa\u00eds fue de 2 millones 14,496 personas, cifra mayor en 156,336 respecto del mismo periodo del 2018.<br \/>\nHay casi 2.5 millones<br \/>\nCrece el n\u00famero de trabajadores sin salario<\/p>\n<p>En M\u00e9xico hay cerca de 2.5 millones de personas que trabajan, pero no reciben un salario por lo que hacen. Y lejos de disminuir, esa cifra va en aumento, de acuerdo con los resultados de la \u00faltima Encuesta Nacional de Ocupaci\u00f3n y Empleo (ENOE).<\/p>\n<p>El Instituto Nacional de Geograf\u00eda y Estad\u00edstica (Inegi) dio a conocer los resultados de la ENOE para el segundo trimestre de 2019. En ellos informa un aumento en la categor\u00eda \u201cocupado que no recibe remuneraci\u00f3n\u201d, rengl\u00f3n que representa 4.5% de toda la poblaci\u00f3n ocupada en el pa\u00eds.<\/p>\n<p>Si se compara con junio del a\u00f1o pasado, esta clasificaci\u00f3n creci\u00f3 3.3%, y en el \u00faltimo a\u00f1o 79,000 trabajadores se sumaron a esta condici\u00f3n.<\/p>\n<p>El reporte tambi\u00e9n indica que en M\u00e9xico en el \u00faltimo a\u00f1o aument\u00f3 el n\u00famero de trabajadores que laboran para alguien m\u00e1s, pero la cantidad de empleadores ha crecido marginalmente. En general, hay casi 55 millones de personas ocupadas, de ellas 37.4 millones son subordinadas.<\/p>\n<p>M\u00e1s de 37 millones de empleados y s\u00f3lo 2.6 millones de propietarios de los bienes de producci\u00f3n con trabajadores a su cargo. Los subordinados aumentaron 583,000 respecto de junio del 2018; los due\u00f1os de negocios, apenas son 20,000 m\u00e1s.<\/p>\n<p>La ENOE tambi\u00e9n se\u00f1ala que hay m\u00e1s de 12.5 millones de personas que trabajan por su cuenta sin emplear personal pagado, representan 22% del total de la poblaci\u00f3n ocupada. Este rubro tambi\u00e9n tuvo un aumento respecto del segundo trimestre del 2018, ahora se reportan 470,000 trabajadores en esta condici\u00f3n. <\/p>\n<p><a href=\"https:\/\/www.eleconomista.com.mx\/estados\/A-junio-precariedad-laboral-escala-a-record-20190815-0024.html\">https:\/\/www.eleconomista.com.mx\/estados\/A-junio-precariedad-laboral-escala-a-record-20190815-0024.html<\/a><\/p>\n","protected":false},"excerpt":{"rendered":"<p>Blanca Ju\u00e1rez \/ El Economista Durante el segundo trimestre del a\u00f1o el entorno laboral del pa\u00eds continu\u00f3 mostrando signos de deterioro. Por un lado, la tasa de desempleo repunt\u00f3 a &hellip; <a href=\"http:\/\/www.grieta.org.mx\/index.php\/2019\/08\/15\/a-junio-precariedad-laboral-escala-a-record\/\" class=\"more-link\">Leer m\u00e1s<\/a><\/p>\n","protected":false},"author":2,"featured_media":39445,"comment_status":"closed","ping_status":"closed","sticky":false,"template":"","format":"standard","meta":{"ngg_post_thumbnail":0,"_jetpack_newsletter_access":"","_jetpack_dont_email_post_to_subs":false,"_jetpack_newsletter_tier_id":0,"_jetpack_memberships_contains_paywalled_content":false,"_jetpack_memberships_contains_paid_content":false,"footnotes":""},"categories":[910,2,83],"tags":[2841,1290,2580],"class_list":["post-39443","post","type-post","status-publish","format-standard","has-post-thumbnail","hentry","category-explotacion-y-precariedad-laboral","category-noticias-nacionales","category-temas-nacionales","tag-explotacion-y-precariedad-laboral","tag-precariedad-laboral","tag-precarizacion-laboral","entry"],"jetpack_featured_media_url":"http:\/\/www.grieta.org.mx\/wp-content\/uploads\/2019\/09\/pp_princi_pea_150819.png_357040457.png","jetpack_sharing_enabled":true,"jetpack_shortlink":"https:\/\/wp.me\/p7ZJR4-agb","jetpack_likes_enabled":false,"jetpack-related-posts":[{"id":37641,"url":"http:\/\/www.grieta.org.mx\/index.php\/2019\/07\/30\/desempleo-se-mantiene-pero-la-precariedad-laboral-va-en-aumento-infografia\/","url_meta":{"origin":39443,"position":0},"title":"Desempleo se mantiene, pero la precariedad laboral va en aumento (+Infograf\u00eda)","author":"grieta","date":"30 julio, 2019","format":false,"excerpt":"Alejandro Granados \/ 24 Horas En junio de este a\u00f1o, la tasa de desocupaci\u00f3n fue de 3.5% de la Poblaci\u00f3n Econ\u00f3micamente Activa (PEA) a nivel nacional, misma proporci\u00f3n que la del mes previo (mayo 3.4%), con lo cual se mantiene en ese nivel por tercer mes consecutivo. Sin embargo, se\u2026","rel":"","context":"En &quot;CINTILLO&quot;","block_context":{"text":"CINTILLO","link":"http:\/\/www.grieta.org.mx\/index.php\/category\/cintillo\/"},"img":{"alt_text":"","src":"https:\/\/i0.wp.com\/www.grieta.org.mx\/wp-content\/uploads\/2019\/08\/DESEMPLEO.jpg?resize=350%2C200","width":350,"height":200,"srcset":"https:\/\/i0.wp.com\/www.grieta.org.mx\/wp-content\/uploads\/2019\/08\/DESEMPLEO.jpg?resize=350%2C200 1x, https:\/\/i0.wp.com\/www.grieta.org.mx\/wp-content\/uploads\/2019\/08\/DESEMPLEO.jpg?resize=525%2C300 1.5x, https:\/\/i0.wp.com\/www.grieta.org.mx\/wp-content\/uploads\/2019\/08\/DESEMPLEO.jpg?resize=700%2C400 2x"},"classes":[]},{"id":38882,"url":"http:\/\/www.grieta.org.mx\/index.php\/2019\/08\/15\/trabajo-en-mexico-aumento-la-precariedad-laboral-desempleo-y-el-trabajo-informal\/","url_meta":{"origin":39443,"position":1},"title":"Trabajo en M\u00e9xico: aument\u00f3 la precariedad laboral, desempleo y el trabajo informal","author":"grieta","date":"15 agosto, 2019","format":false,"excerpt":"Redacci\u00f3n \/ Infobae Uno de cada cinco trabajadores en M\u00e9xico se encuentra en condiciones de precariedad laboral, confirm\u00f3 nuevo reporte del Instituto Nacional de Geograf\u00eda y Estad\u00edstica (Inegi). Los datos se\u00f1alan que, durante el segundo trimestre del a\u00f1o, el entorno laboral del pa\u00eds mostr\u00f3 mayores signos de deterioro, pues aument\u00f3\u2026","rel":"","context":"En &quot;CINTILLO&quot;","block_context":{"text":"CINTILLO","link":"http:\/\/www.grieta.org.mx\/index.php\/category\/cintillo\/"},"img":{"alt_text":"","src":"https:\/\/i0.wp.com\/www.grieta.org.mx\/wp-content\/uploads\/2019\/09\/Screenshot_2019-09-08-Trabajo-en-M%C3%A9xico-aument%C3%B3-la-precariedad-laboral-desempleo-y-el-trabajo-informal.png?resize=350%2C200","width":350,"height":200,"srcset":"https:\/\/i0.wp.com\/www.grieta.org.mx\/wp-content\/uploads\/2019\/09\/Screenshot_2019-09-08-Trabajo-en-M%C3%A9xico-aument%C3%B3-la-precariedad-laboral-desempleo-y-el-trabajo-informal.png?resize=350%2C200 1x, https:\/\/i0.wp.com\/www.grieta.org.mx\/wp-content\/uploads\/2019\/09\/Screenshot_2019-09-08-Trabajo-en-M%C3%A9xico-aument%C3%B3-la-precariedad-laboral-desempleo-y-el-trabajo-informal.png?resize=525%2C300 1.5x, https:\/\/i0.wp.com\/www.grieta.org.mx\/wp-content\/uploads\/2019\/09\/Screenshot_2019-09-08-Trabajo-en-M%C3%A9xico-aument%C3%B3-la-precariedad-laboral-desempleo-y-el-trabajo-informal.png?resize=700%2C400 2x"},"classes":[]},{"id":32977,"url":"http:\/\/www.grieta.org.mx\/index.php\/2019\/04\/23\/crece-el-desempleo-en-durango-inegi\/","url_meta":{"origin":39443,"position":2},"title":"Crece el desempleo en Durango: Inegi","author":"grieta","date":"23 abril, 2019","format":false,"excerpt":"Aar\u00f3n Qui\u00f1ones\/La Voz de Durango Para este mes de marzo seg\u00fan cifras de los indicadores de ocupaci\u00f3n y empleo del Instituto Nacional de Geograf\u00eda y Estad\u00edstica (Inegi), el estado de Durango presenta un incremento en la tasa de desocupaci\u00f3n laboral, esto en comparaci\u00f3n con el mismo periodo, pero del pasado\u2026","rel":"","context":"En &quot;CINTILLO&quot;","block_context":{"text":"CINTILLO","link":"http:\/\/www.grieta.org.mx\/index.php\/category\/cintillo\/"},"img":{"alt_text":"","src":"https:\/\/i0.wp.com\/www.grieta.org.mx\/wp-content\/uploads\/2019\/05\/SigueA-696x551.jpg?resize=350%2C200","width":350,"height":200,"srcset":"https:\/\/i0.wp.com\/www.grieta.org.mx\/wp-content\/uploads\/2019\/05\/SigueA-696x551.jpg?resize=350%2C200 1x, https:\/\/i0.wp.com\/www.grieta.org.mx\/wp-content\/uploads\/2019\/05\/SigueA-696x551.jpg?resize=525%2C300 1.5x"},"classes":[]},{"id":36094,"url":"http:\/\/www.grieta.org.mx\/index.php\/2019\/06\/24\/durango-tercer-estado-con-mayor-desempleo-este-2019\/","url_meta":{"origin":39443,"position":3},"title":"Durango, tercer estado con mayor desempleo este 2019","author":"grieta","date":"24 junio, 2019","format":false,"excerpt":"Redacci\u00f3n\/24 noticias De acuerdo con datos del\u00a0Instituto Nacional de Estad\u00edstica y Geograf\u00eda,\u00a0la tasa de\u00a0desocupaci\u00f3n laboral en Durango\u00a0se ubic\u00f3 en\u00a04.6 %\u00a0de la Poblaci\u00f3n Econ\u00f3micamente Activa, cuando la tasa de desempleo a nivel nacional es de\u00a03.2 %. Este porcentaje se traduce en m\u00e1s de\u00a035 mil 400 personasdesocupadas en el Estado. Con estos\u2026","rel":"","context":"En &quot;CINTILLO&quot;","block_context":{"text":"CINTILLO","link":"http:\/\/www.grieta.org.mx\/index.php\/category\/cintillo\/"},"img":{"alt_text":"","src":"https:\/\/i0.wp.com\/www.grieta.org.mx\/wp-content\/uploads\/2019\/07\/desempleoWEB-780x405-e1562604150794.jpg?resize=350%2C200","width":350,"height":200,"srcset":"https:\/\/i0.wp.com\/www.grieta.org.mx\/wp-content\/uploads\/2019\/07\/desempleoWEB-780x405-e1562604150794.jpg?resize=350%2C200 1x, https:\/\/i0.wp.com\/www.grieta.org.mx\/wp-content\/uploads\/2019\/07\/desempleoWEB-780x405-e1562604150794.jpg?resize=525%2C300 1.5x, https:\/\/i0.wp.com\/www.grieta.org.mx\/wp-content\/uploads\/2019\/07\/desempleoWEB-780x405-e1562604150794.jpg?resize=700%2C400 2x"},"classes":[]},{"id":34016,"url":"http:\/\/www.grieta.org.mx\/index.php\/2019\/05\/29\/aguascalientes-supero-en-desempleo-a-zacatecas-san-luis-y-jalisco\/","url_meta":{"origin":39443,"position":4},"title":"Aguascalientes Super\u00f3 En Desempleo A Zacatecas, San Luis Y Jalisco","author":"grieta","date":"29 mayo, 2019","format":false,"excerpt":"Fabiola Cornejo\/Ultranoticias Para Aguascalientes La tasa de desempleo en abril pasado se ubic\u00f3 por encima de estados vecinos como Zacatecas, San Luis Potos\u00ed y Jalisco. De acuerdo para el INEGI, el mes de abril, Aguascalientes cerr\u00f3 con una desocupaci\u00f3n del 3.4%, mientras en Zacatecas fue del 3.2%, Jalisco 3.2% y\u2026","rel":"","context":"En &quot;Aguascalientes&quot;","block_context":{"text":"Aguascalientes","link":"http:\/\/www.grieta.org.mx\/index.php\/category\/noticias-nacionales\/aguascalientes\/"},"img":{"alt_text":"","src":"https:\/\/i0.wp.com\/www.grieta.org.mx\/wp-content\/uploads\/2019\/05\/a1.jpg?resize=350%2C200","width":350,"height":200,"srcset":"https:\/\/i0.wp.com\/www.grieta.org.mx\/wp-content\/uploads\/2019\/05\/a1.jpg?resize=350%2C200 1x, https:\/\/i0.wp.com\/www.grieta.org.mx\/wp-content\/uploads\/2019\/05\/a1.jpg?resize=525%2C300 1.5x, https:\/\/i0.wp.com\/www.grieta.org.mx\/wp-content\/uploads\/2019\/05\/a1.jpg?resize=700%2C400 2x, https:\/\/i0.wp.com\/www.grieta.org.mx\/wp-content\/uploads\/2019\/05\/a1.jpg?resize=1050%2C600 3x"},"classes":[]},{"id":71797,"url":"http:\/\/www.grieta.org.mx\/index.php\/2025\/05\/28\/colima-menos-empleo-mas-precariedad\/","url_meta":{"origin":39443,"position":5},"title":"Colima: menos empleo, m\u00e1s precariedad","author":"grieta","date":"28 mayo, 2025","format":false,"excerpt":"Imagen: Diario Avanzada Heidi de Le\u00f3n Guti\u00e9rrez \/ Diario Avanzada Colima, M\u00e9xico, Avanzada (28\/05\/2025).- De acuerdo con los resultados m\u00e1s recientes de la Encuesta Nacional de Ocupaci\u00f3n y Empleo (ENOE) del INEGI y en comparaci\u00f3n con el mismo periodo del a\u00f1o anterior, la entidad registr\u00f3 una disminuci\u00f3n de 12 mil\u2026","rel":"","context":"En &quot;CINTILLO&quot;","block_context":{"text":"CINTILLO","link":"http:\/\/www.grieta.org.mx\/index.php\/category\/cintillo\/"},"img":{"alt_text":"","src":"https:\/\/i0.wp.com\/www.grieta.org.mx\/wp-content\/uploads\/2025\/06\/4e106473-4be1-4d92-b83b-dc73eee6ca9e-2-1.png?resize=350%2C200","width":350,"height":200,"srcset":"https:\/\/i0.wp.com\/www.grieta.org.mx\/wp-content\/uploads\/2025\/06\/4e106473-4be1-4d92-b83b-dc73eee6ca9e-2-1.png?resize=350%2C200 1x, https:\/\/i0.wp.com\/www.grieta.org.mx\/wp-content\/uploads\/2025\/06\/4e106473-4be1-4d92-b83b-dc73eee6ca9e-2-1.png?resize=525%2C300 1.5x, https:\/\/i0.wp.com\/www.grieta.org.mx\/wp-content\/uploads\/2025\/06\/4e106473-4be1-4d92-b83b-dc73eee6ca9e-2-1.png?resize=700%2C400 2x"},"classes":[]}],"_links":{"self":[{"href":"http:\/\/www.grieta.org.mx\/index.php\/wp-json\/wp\/v2\/posts\/39443","targetHints":{"allow":["GET"]}}],"collection":[{"href":"http:\/\/www.grieta.org.mx\/index.php\/wp-json\/wp\/v2\/posts"}],"about":[{"href":"http:\/\/www.grieta.org.mx\/index.php\/wp-json\/wp\/v2\/types\/post"}],"author":[{"embeddable":true,"href":"http:\/\/www.grieta.org.mx\/index.php\/wp-json\/wp\/v2\/users\/2"}],"replies":[{"embeddable":true,"href":"http:\/\/www.grieta.org.mx\/index.php\/wp-json\/wp\/v2\/comments?post=39443"}],"version-history":[{"count":1,"href":"http:\/\/www.grieta.org.mx\/index.php\/wp-json\/wp\/v2\/posts\/39443\/revisions"}],"predecessor-version":[{"id":39446,"href":"http:\/\/www.grieta.org.mx\/index.php\/wp-json\/wp\/v2\/posts\/39443\/revisions\/39446"}],"wp:featuredmedia":[{"embeddable":true,"href":"http:\/\/www.grieta.org.mx\/index.php\/wp-json\/wp\/v2\/media\/39445"}],"wp:attachment":[{"href":"http:\/\/www.grieta.org.mx\/index.php\/wp-json\/wp\/v2\/media?parent=39443"}],"wp:term":[{"taxonomy":"category","embeddable":true,"href":"http:\/\/www.grieta.org.mx\/index.php\/wp-json\/wp\/v2\/categories?post=39443"},{"taxonomy":"post_tag","embeddable":true,"href":"http:\/\/www.grieta.org.mx\/index.php\/wp-json\/wp\/v2\/tags?post=39443"}],"curies":[{"name":"wp","href":"https:\/\/api.w.org\/{rel}","templated":true}]}}