{"id":3914,"date":"2015-10-08T22:49:16","date_gmt":"2015-10-08T22:49:16","guid":{"rendered":"http:\/\/50.22.11.12\/~grietaor\/?p=3914"},"modified":"2016-03-18T22:56:49","modified_gmt":"2016-03-18T22:56:49","slug":"piden-intervencion-de-la-cidh-en-cuatro-casos-de-abuso-de-autoridad-en-q-roo","status":"publish","type":"post","link":"http:\/\/www.grieta.org.mx\/index.php\/2015\/10\/08\/piden-intervencion-de-la-cidh-en-cuatro-casos-de-abuso-de-autoridad-en-q-roo\/","title":{"rendered":"Piden intervenci\u00f3n de la CIDH en cuatro casos de abuso de autoridad en Q. Roo"},"content":{"rendered":"<p>CANC\u00daN, Q. Roo (apro).- Un grupo de activistas defensores de derechos humanos entreg\u00f3 al secretario ejecutivo de la Comisi\u00f3n Interamericana de Derechos Humanos (CIDH), Emilio \u00c1lvarez Icaza, un expediente con cuatro casos de abuso de autoridad en el estado, en los que est\u00e1n implicados el gobernador Roberto Borge Angulo y funcionarios estatales y municipales.<\/p>\n<p>En d\u00edas pasados, Ra\u00fal Fern\u00e1ndez Le\u00f3n y Leonardo Kumul Salazar se entrevistaron en la ciudad de M\u00e9xico con \u00c1lvarez Icaza para solicitar la intervenci\u00f3n de la CIDH en esos cuatro casos de tortura, privaci\u00f3n ilegal de la libertad, acoso sexual y ataques a la libre expresi\u00f3n y manifestaci\u00f3n.<\/p>\n<p>Y se\u00f1alaron como responsables al gobernador, al presidente del Tribunal Superior de Justicia del estado, Fidel Gabriel Villanueva Rivero, y a los integrantes del Consejo de la Judicatura del Poder Judicial del estado.<br \/>\n\u201cLos quintanarroenses estamos en estado de indefensi\u00f3n. Las autoridades no est\u00e1n para defender a los ciudadanos, sino para taparse uno de otros\u201d, apuntaron.<\/p>\n<p>Sobre el primer caso, destacaron que se trata del ciudadano cubano Luis Manuel \u00c1lvarez Ad\u00e1n, preso en la c\u00e1rcel estatal de esta ciudad por haber denunciado la extorsi\u00f3n de los mandos de la Polic\u00eda Municipal de Tulum, quien adem\u00e1s ha sido v\u00edctima de tortura.<\/p>\n<p>Los activistas tambi\u00e9n presentaron el caso de Sara Fr\u00edas, secretaria de la Direcci\u00f3n Municipal de Tr\u00e1nsito, v\u00edctima de acoso sexual por parte del coordinador de la Unidad de Verificaci\u00f3n del Transporte de Carga, Leonel Federico Carrillo Castilla, t\u00edo del presidente municipal de Benito Ju\u00e1rez, Pa\u00fal Carrillo.<\/p>\n<p>El tercer caso, agreg\u00f3 Fern\u00e1ndez Le\u00f3n, es el del exl\u00edder del Sindicato de Trabajadores del Ayuntamiento de esta ciudad, Felipe Canch\u00e9 Moo, quien fue golpeado por el director del Centro de Retenci\u00f3n Municipal, Juvenal Reyes.<\/p>\n<p>El cuarto caso, apunt\u00f3, es la detenci\u00f3n, en enero de este a\u00f1o, de cuatro j\u00f3venes frente al Palacio Municipal cuando se manifestaban para protestar por la desaparici\u00f3n de los 43 normalistas de Ayotzinapa. Los muchachos fueron acusados de da\u00f1ar edificios p\u00fablicos.<\/p>\n<p>\u201cHay una coincidencia en los cuatro casos: est\u00e1n implicados funcionarios y por eso las cosas no avanzan\u201d, subray\u00f3 el activista.<\/p>\n<p>A esos sucesos, agreg\u00f3, se suman el de H\u00e9ctor Casique Fern\u00e1ndez, v\u00edctima de tortura para inculparlo de un multihomicidio relacionado con el narcotr\u00e1fico, y el del periodista maya Pedro Canch\u00e9, quien estuvo encarcelado por difundir las protestas por el aumento de la tarifas de agua potable en el municipio de Felipe Carrillo Puerto.<\/p>\n<p><a href=\"http:\/\/www.proceso.com.mx\/417639\" target=\"_blank\">www.proceso.com.mx\/?p=417639<\/a><\/p>\n","protected":false},"excerpt":{"rendered":"<p>CANC\u00daN, Q. Roo (apro).- Un grupo de activistas defensores de derechos humanos entreg\u00f3 al secretario ejecutivo de la Comisi\u00f3n Interamericana de Derechos Humanos (CIDH), Emilio \u00c1lvarez Icaza, un expediente con &hellip; <a href=\"http:\/\/www.grieta.org.mx\/index.php\/2015\/10\/08\/piden-intervencion-de-la-cidh-en-cuatro-casos-de-abuso-de-autoridad-en-q-roo\/\" class=\"more-link\">Leer m\u00e1s<\/a><\/p>\n","protected":false},"author":2,"featured_media":21928,"comment_status":"closed","ping_status":"open","sticky":false,"template":"","format":"standard","meta":{"ngg_post_thumbnail":0,"_jetpack_newsletter_access":"","_jetpack_dont_email_post_to_subs":false,"_jetpack_newsletter_tier_id":0,"_jetpack_memberships_contains_paywalled_content":false,"_jetpack_memberships_contains_paid_content":false,"footnotes":""},"categories":[80,151],"tags":[324,174],"class_list":["post-3914","post","type-post","status-publish","format-standard","has-post-thumbnail","hentry","category-cintillo","category-quintana-roo","tag-abuso-de-autoridad","tag-derechos-humanos","entry"],"jetpack_featured_media_url":"http:\/\/www.grieta.org.mx\/wp-content\/uploads\/2018\/03\/14524434_1106112876131411_958039263622046936_o.jpg","jetpack_sharing_enabled":true,"jetpack_shortlink":"https:\/\/wp.me\/p7ZJR4-118","jetpack_likes_enabled":false,"jetpack-related-posts":[{"id":3913,"url":"http:\/\/www.grieta.org.mx\/index.php\/2015\/10\/08\/denuncian-ante-la-cidh-casos-de-tortura-y-abuso-de-autoridad-en-quintana-roo\/","url_meta":{"origin":3914,"position":0},"title":"Denuncian ante la CIDH casos de tortura y abuso de autoridad en Quintana Roo","author":"grieta","date":"8 octubre, 2015","format":false,"excerpt":"08\/10\/15. Piden intervenci\u00f3n de la CIDH en cuatro casos de abuso de autoridad en Q. Roo Proceso 20\/09\/15. Quintana Roo se reh\u00fasa a reconocer tortura en caso con CEAV Reforma","rel":"","context":"En &quot;NOTICIAS NACIONALES&quot;","block_context":{"text":"NOTICIAS NACIONALES","link":"http:\/\/www.grieta.org.mx\/index.php\/category\/noticias-nacionales\/"},"img":{"alt_text":"","src":"https:\/\/i0.wp.com\/www.grieta.org.mx\/wp-content\/uploads\/2018\/03\/14524434_1106112876131411_958039263622046936_o.jpg?resize=350%2C200","width":350,"height":200,"srcset":"https:\/\/i0.wp.com\/www.grieta.org.mx\/wp-content\/uploads\/2018\/03\/14524434_1106112876131411_958039263622046936_o.jpg?resize=350%2C200 1x, https:\/\/i0.wp.com\/www.grieta.org.mx\/wp-content\/uploads\/2018\/03\/14524434_1106112876131411_958039263622046936_o.jpg?resize=525%2C300 1.5x, https:\/\/i0.wp.com\/www.grieta.org.mx\/wp-content\/uploads\/2018\/03\/14524434_1106112876131411_958039263622046936_o.jpg?resize=700%2C400 2x"},"classes":[]},{"id":3700,"url":"http:\/\/www.grieta.org.mx\/index.php\/2015\/07\/23\/q-roo-gobernador-debera-comparecer-por-caso-canche-articulo-19\/","url_meta":{"origin":3914,"position":1},"title":"Q Roo: gobernador deber\u00e1 comparecer por caso Canche: Art\u00edculo 19","author":"grieta","date":"23 julio, 2015","format":false,"excerpt":"La respuesta del gobierno de Quintana Roo para rechazar la recomendaci\u00f3n que le gir\u00f3 la Comisi\u00f3n Nacional de Derechos Humanos (CNDH) sobre los agravios que cometi\u00f3 en contra del comunicador maya, Pedro Canch\u00e9, es \u201cinsuficiente\u201d, al no estar fundada, ni motivada; no satisface por su pobreza argumentativa y amerita la\u2026","rel":"","context":"En &quot;CINTILLO&quot;","block_context":{"text":"CINTILLO","link":"http:\/\/www.grieta.org.mx\/index.php\/category\/cintillo\/"},"img":{"alt_text":"","src":"https:\/\/i0.wp.com\/www.grieta.org.mx\/wp-content\/uploads\/2018\/03\/14524434_1106112876131411_958039263622046936_o.jpg?resize=350%2C200","width":350,"height":200,"srcset":"https:\/\/i0.wp.com\/www.grieta.org.mx\/wp-content\/uploads\/2018\/03\/14524434_1106112876131411_958039263622046936_o.jpg?resize=350%2C200 1x, https:\/\/i0.wp.com\/www.grieta.org.mx\/wp-content\/uploads\/2018\/03\/14524434_1106112876131411_958039263622046936_o.jpg?resize=525%2C300 1.5x, https:\/\/i0.wp.com\/www.grieta.org.mx\/wp-content\/uploads\/2018\/03\/14524434_1106112876131411_958039263622046936_o.jpg?resize=700%2C400 2x"},"classes":[]},{"id":1955,"url":"http:\/\/www.grieta.org.mx\/index.php\/2015\/12\/18\/cidh-intervendria-en-caso-zacualpan\/","url_meta":{"origin":3914,"position":2},"title":"CIDH intervendr\u00eda en Caso Zacualpan","author":"grieta","date":"18 diciembre, 2015","format":false,"excerpt":"Arnoldo Delgadillo Colima.- La Comisi\u00f3n Interamericana de Derechos Humanos (CIDH) intervendr\u00eda en el Caso Zacualpan, despu\u00e9s de que organizaciones que han apoyado a la comunidad ind\u00edgena, a trav\u00e9s de la Red Mexicana de Afectados por la Miner\u00eda (REMA), pidieron protecci\u00f3n ante los abusos de los que dicen ser objeto. Fuentes\u2026","rel":"","context":"En &quot;CINTILLO&quot;","block_context":{"text":"CINTILLO","link":"http:\/\/www.grieta.org.mx\/index.php\/category\/cintillo\/"},"img":{"alt_text":"","src":"https:\/\/i0.wp.com\/www.grieta.org.mx\/wp-content\/uploads\/2018\/03\/14524434_1106112876131411_958039263622046936_o.jpg?resize=350%2C200","width":350,"height":200,"srcset":"https:\/\/i0.wp.com\/www.grieta.org.mx\/wp-content\/uploads\/2018\/03\/14524434_1106112876131411_958039263622046936_o.jpg?resize=350%2C200 1x, https:\/\/i0.wp.com\/www.grieta.org.mx\/wp-content\/uploads\/2018\/03\/14524434_1106112876131411_958039263622046936_o.jpg?resize=525%2C300 1.5x, https:\/\/i0.wp.com\/www.grieta.org.mx\/wp-content\/uploads\/2018\/03\/14524434_1106112876131411_958039263622046936_o.jpg?resize=700%2C400 2x"},"classes":[]},{"id":9401,"url":"http:\/\/www.grieta.org.mx\/index.php\/2016\/03\/06\/senala-cidh-a-sinaloa-por-derechos-humanos\/","url_meta":{"origin":3914,"position":3},"title":"Se\u00f1ala CIDH a Sinaloa por derechos humanos","author":"grieta","date":"6 marzo, 2016","format":false,"excerpt":"Marcos Vizcarra, Sinaloa. La Comisi\u00f3n Interamericana de Derechos Humanos record\u00f3 al Gobierno de Sinaloa la serie de pendientes que tienen por violaciones graves a derechos humanos: asesinatos e impunidad, feminicidios, desapariciones forzadas, desplazamiento forzado y ataques a periodistas. En el Informe \u201cSituaci\u00f3n de derechos humanos en M\u00e9xico\u201d, entregado la semana\u2026","rel":"","context":"En &quot;Desaparecidos an\u00e1lisis&quot;","block_context":{"text":"Desaparecidos an\u00e1lisis","link":"http:\/\/www.grieta.org.mx\/index.php\/category\/temas-nacionales\/desaparecidos-analisis\/"},"img":{"alt_text":"","src":"https:\/\/i0.wp.com\/www.grieta.org.mx\/wp-content\/uploads\/2018\/03\/14524434_1106112876131411_958039263622046936_o.jpg?resize=350%2C200","width":350,"height":200,"srcset":"https:\/\/i0.wp.com\/www.grieta.org.mx\/wp-content\/uploads\/2018\/03\/14524434_1106112876131411_958039263622046936_o.jpg?resize=350%2C200 1x, https:\/\/i0.wp.com\/www.grieta.org.mx\/wp-content\/uploads\/2018\/03\/14524434_1106112876131411_958039263622046936_o.jpg?resize=525%2C300 1.5x, https:\/\/i0.wp.com\/www.grieta.org.mx\/wp-content\/uploads\/2018\/03\/14524434_1106112876131411_958039263622046936_o.jpg?resize=700%2C400 2x"},"classes":[]},{"id":1630,"url":"http:\/\/www.grieta.org.mx\/index.php\/2015\/10\/02\/feminicidio-contra-madre-de-tres-menores-en-edomex-denunciado-ante-la-cidh\/","url_meta":{"origin":3914,"position":4},"title":"Feminicidio contra madre de tres menores en Edomex, denunciado ante la CIDH","author":"grieta","date":"2 octubre, 2015","format":false,"excerpt":"ANAIZ ZAMORA M\u00c1RQUEZ M\u00c9XICO, D.F. (apro-cimac).- Mar\u00eda Antonia M\u00e1rquez Hern\u00e1ndez pidi\u00f3 a la Comisi\u00f3n Interamericana de Derechos Humanos (CIDH) revisar el caso de su hija, Nadia Alejandra Muci\u00f1o M\u00e1rquez, quien fue asesinada en 2004 en el Estado de M\u00e9xico a manos de su entonces pareja, Bernardo L\u00f3pez Guti\u00e9rrez, y de\u2026","rel":"","context":"En &quot;CINTILLO&quot;","block_context":{"text":"CINTILLO","link":"http:\/\/www.grieta.org.mx\/index.php\/category\/cintillo\/"},"img":{"alt_text":"","src":"https:\/\/i0.wp.com\/www.grieta.org.mx\/wp-content\/uploads\/2018\/03\/14524434_1106112876131411_958039263622046936_o.jpg?resize=350%2C200","width":350,"height":200,"srcset":"https:\/\/i0.wp.com\/www.grieta.org.mx\/wp-content\/uploads\/2018\/03\/14524434_1106112876131411_958039263622046936_o.jpg?resize=350%2C200 1x, https:\/\/i0.wp.com\/www.grieta.org.mx\/wp-content\/uploads\/2018\/03\/14524434_1106112876131411_958039263622046936_o.jpg?resize=525%2C300 1.5x, https:\/\/i0.wp.com\/www.grieta.org.mx\/wp-content\/uploads\/2018\/03\/14524434_1106112876131411_958039263622046936_o.jpg?resize=700%2C400 2x"},"classes":[]},{"id":59777,"url":"http:\/\/www.grieta.org.mx\/index.php\/2021\/06\/11\/manifestacion-en-cancun-la-comunidad-lgbtttiqa-en-quintana-roo-condena-crimenes-de-odio\/","url_meta":{"origin":3914,"position":5},"title":"Manifestaci\u00f3n en Canc\u00fan: La comunidad LGBTTTIQA+ en Quintana Roo condena cr\u00edmenes de odio","author":"grieta","date":"11 junio, 2021","format":false,"excerpt":"Sara\u00ed Reyes \/ Noticaribe CANC\u00daN.- Tras los recientes hechos de violencia por prejuicio en Canc\u00fan, Quintana Roo, organizaciones y colectivas LGBTTTIQA+ de todo el estado de Quintana Roo se manifestaron esta tarde para exigir un alto a la violencia en su contra. Lo anterior, ante lamentable asesinato del pasado 5\u2026","rel":"","context":"En &quot;CINTILLO&quot;","block_context":{"text":"CINTILLO","link":"http:\/\/www.grieta.org.mx\/index.php\/category\/cintillo\/"},"img":{"alt_text":"","src":"https:\/\/i0.wp.com\/www.grieta.org.mx\/wp-content\/uploads\/2021\/06\/Lgbtttiqa.png?resize=350%2C200","width":350,"height":200,"srcset":"https:\/\/i0.wp.com\/www.grieta.org.mx\/wp-content\/uploads\/2021\/06\/Lgbtttiqa.png?resize=350%2C200 1x, https:\/\/i0.wp.com\/www.grieta.org.mx\/wp-content\/uploads\/2021\/06\/Lgbtttiqa.png?resize=525%2C300 1.5x, https:\/\/i0.wp.com\/www.grieta.org.mx\/wp-content\/uploads\/2021\/06\/Lgbtttiqa.png?resize=700%2C400 2x"},"classes":[]}],"_links":{"self":[{"href":"http:\/\/www.grieta.org.mx\/index.php\/wp-json\/wp\/v2\/posts\/3914","targetHints":{"allow":["GET"]}}],"collection":[{"href":"http:\/\/www.grieta.org.mx\/index.php\/wp-json\/wp\/v2\/posts"}],"about":[{"href":"http:\/\/www.grieta.org.mx\/index.php\/wp-json\/wp\/v2\/types\/post"}],"author":[{"embeddable":true,"href":"http:\/\/www.grieta.org.mx\/index.php\/wp-json\/wp\/v2\/users\/2"}],"replies":[{"embeddable":true,"href":"http:\/\/www.grieta.org.mx\/index.php\/wp-json\/wp\/v2\/comments?post=3914"}],"version-history":[{"count":1,"href":"http:\/\/www.grieta.org.mx\/index.php\/wp-json\/wp\/v2\/posts\/3914\/revisions"}],"predecessor-version":[{"id":3917,"href":"http:\/\/www.grieta.org.mx\/index.php\/wp-json\/wp\/v2\/posts\/3914\/revisions\/3917"}],"wp:featuredmedia":[{"embeddable":true,"href":"http:\/\/www.grieta.org.mx\/index.php\/wp-json\/wp\/v2\/media\/21928"}],"wp:attachment":[{"href":"http:\/\/www.grieta.org.mx\/index.php\/wp-json\/wp\/v2\/media?parent=3914"}],"wp:term":[{"taxonomy":"category","embeddable":true,"href":"http:\/\/www.grieta.org.mx\/index.php\/wp-json\/wp\/v2\/categories?post=3914"},{"taxonomy":"post_tag","embeddable":true,"href":"http:\/\/www.grieta.org.mx\/index.php\/wp-json\/wp\/v2\/tags?post=3914"}],"curies":[{"name":"wp","href":"https:\/\/api.w.org\/{rel}","templated":true}]}}