{"id":3913,"date":"2015-10-08T22:49:12","date_gmt":"2015-10-08T22:49:12","guid":{"rendered":"http:\/\/50.22.11.12\/~grietaor\/?p=3913"},"modified":"2016-03-18T23:11:48","modified_gmt":"2016-03-18T23:11:48","slug":"denuncian-ante-la-cidh-casos-de-tortura-y-abuso-de-autoridad-en-quintana-roo","status":"publish","type":"post","link":"http:\/\/www.grieta.org.mx\/index.php\/2015\/10\/08\/denuncian-ante-la-cidh-casos-de-tortura-y-abuso-de-autoridad-en-quintana-roo\/","title":{"rendered":"Denuncian ante la CIDH casos de tortura y abuso de autoridad en Quintana Roo"},"content":{"rendered":"<p><strong>08\/10\/15. <\/strong><a href=\"http:\/\/grieta.org.mx\/index.php\/2015\/10\/08\/piden-intervencion-de-la-cidh-en-cuatro-casos-de-abuso-de-autoridad-en-q-roo\/\">Piden intervenci\u00f3n de la CIDH en cuatro casos de abuso de autoridad en Q. Roo<\/a><br \/>\n<em>Proceso<\/em><\/p>\n<p><strong>20\/09\/15. <\/strong><a href=\"http:\/\/grieta.org.mx\/index.php\/2015\/09\/20\/quintana-roo-se-rehusa-a-reconocer-tortura-en-caso-con-ceav\/\">Quintana Roo se reh\u00fasa a reconocer tortura en caso con CEAV<\/a><br \/>\n<em>Reforma<\/em><\/p>\n","protected":false},"excerpt":{"rendered":"<p>08\/10\/15. Piden intervenci\u00f3n de la CIDH en cuatro casos de abuso de autoridad en Q. Roo Proceso 20\/09\/15. Quintana Roo se reh\u00fasa a reconocer tortura en caso con CEAV Reforma<\/p>\n","protected":false},"author":2,"featured_media":21928,"comment_status":"closed","ping_status":"open","sticky":false,"template":"","format":"standard","meta":{"ngg_post_thumbnail":0,"_jetpack_newsletter_access":"","_jetpack_dont_email_post_to_subs":false,"_jetpack_newsletter_tier_id":0,"_jetpack_memberships_contains_paywalled_content":false,"_jetpack_memberships_contains_paid_content":false,"footnotes":""},"categories":[2,28],"tags":[],"class_list":["post-3913","post","type-post","status-publish","format-standard","has-post-thumbnail","hentry","category-noticias-nacionales","category-quintana-roo","entry"],"jetpack_featured_media_url":"http:\/\/www.grieta.org.mx\/wp-content\/uploads\/2018\/03\/14524434_1106112876131411_958039263622046936_o.jpg","jetpack_sharing_enabled":true,"jetpack_shortlink":"https:\/\/wp.me\/p7ZJR4-117","jetpack_likes_enabled":false,"jetpack-related-posts":[{"id":3914,"url":"http:\/\/www.grieta.org.mx\/index.php\/2015\/10\/08\/piden-intervencion-de-la-cidh-en-cuatro-casos-de-abuso-de-autoridad-en-q-roo\/","url_meta":{"origin":3913,"position":0},"title":"Piden intervenci\u00f3n de la CIDH en cuatro casos de abuso de autoridad en Q. Roo","author":"grieta","date":"8 octubre, 2015","format":false,"excerpt":"CANC\u00daN, Q. Roo (apro).- Un grupo de activistas defensores de derechos humanos entreg\u00f3 al secretario ejecutivo de la Comisi\u00f3n Interamericana de Derechos Humanos (CIDH), Emilio \u00c1lvarez Icaza, un expediente con cuatro casos de abuso de autoridad en el estado, en los que est\u00e1n implicados el gobernador Roberto Borge Angulo y\u2026","rel":"","context":"En &quot;CINTILLO&quot;","block_context":{"text":"CINTILLO","link":"http:\/\/www.grieta.org.mx\/index.php\/category\/cintillo\/"},"img":{"alt_text":"","src":"https:\/\/i0.wp.com\/www.grieta.org.mx\/wp-content\/uploads\/2018\/03\/14524434_1106112876131411_958039263622046936_o.jpg?resize=350%2C200","width":350,"height":200,"srcset":"https:\/\/i0.wp.com\/www.grieta.org.mx\/wp-content\/uploads\/2018\/03\/14524434_1106112876131411_958039263622046936_o.jpg?resize=350%2C200 1x, https:\/\/i0.wp.com\/www.grieta.org.mx\/wp-content\/uploads\/2018\/03\/14524434_1106112876131411_958039263622046936_o.jpg?resize=525%2C300 1.5x, https:\/\/i0.wp.com\/www.grieta.org.mx\/wp-content\/uploads\/2018\/03\/14524434_1106112876131411_958039263622046936_o.jpg?resize=700%2C400 2x"},"classes":[]},{"id":70925,"url":"http:\/\/www.grieta.org.mx\/index.php\/2025\/01\/24\/violentas-protestas-en-quintana-roo-por-abuso-policiaco\/","url_meta":{"origin":3913,"position":1},"title":"Violentas protestas en Quintana Roo por abuso polic\u00edaco","author":"grieta","date":"24 enero, 2025","format":false,"excerpt":"Redacci\u00f3n\/Sol Quintana Roo *Una persona perdi\u00f3 la vida al interior de un veh\u00edculo oficial de la Polic\u00eda Quintana Roo, lo que desencaden\u00f3 la quema de patrullas en la comunidad de Sac-Xan, de donde eran originarios los dos detenidos. *La vialidad que conecta con el poblado de la Ribera del R\u00edo\u2026","rel":"","context":"En &quot;Abuso policiaco en Quintana Roo&quot;","block_context":{"text":"Abuso policiaco en Quintana Roo","link":"http:\/\/www.grieta.org.mx\/index.php\/category\/noticias-nacionales\/quintana-roo\/abuso-policiaco-en-quintana-roo\/"},"img":{"alt_text":"","src":"https:\/\/i0.wp.com\/www.grieta.org.mx\/wp-content\/uploads\/2025\/02\/abusoPoliciaco-e1738608773339.jpg?resize=350%2C200","width":350,"height":200,"srcset":"https:\/\/i0.wp.com\/www.grieta.org.mx\/wp-content\/uploads\/2025\/02\/abusoPoliciaco-e1738608773339.jpg?resize=350%2C200 1x, https:\/\/i0.wp.com\/www.grieta.org.mx\/wp-content\/uploads\/2025\/02\/abusoPoliciaco-e1738608773339.jpg?resize=525%2C300 1.5x, https:\/\/i0.wp.com\/www.grieta.org.mx\/wp-content\/uploads\/2025\/02\/abusoPoliciaco-e1738608773339.jpg?resize=700%2C400 2x"},"classes":[]},{"id":3918,"url":"http:\/\/www.grieta.org.mx\/index.php\/2015\/09\/20\/quintana-roo-se-rehusa-a-reconocer-tortura-en-caso-con-ceav\/","url_meta":{"origin":3913,"position":2},"title":"Quintana Roo se reh\u00fasa a reconocer tortura en caso con CEAV","author":"grieta","date":"20 septiembre, 2015","format":false,"excerpt":"La Comisi\u00f3n Ejecutiva de Atenci\u00f3n a V\u00edctimas (CEAV) libra una batalla legal contra el Poder Judicial de Quintana Roo para sancionar a los torturadores de H\u00e9ctor Casique Fern\u00e1ndez. H\u00e9ctor Casique fue torturado durante 30 horas por la Polic\u00eda Judicial de Quintana Roo para presentarlo como culpable de un m\u00faltiple homicidio\u2026","rel":"","context":"En &quot;CINTILLO&quot;","block_context":{"text":"CINTILLO","link":"http:\/\/www.grieta.org.mx\/index.php\/category\/cintillo\/"},"img":{"alt_text":"","src":"https:\/\/i0.wp.com\/www.grieta.org.mx\/wp-content\/uploads\/2018\/03\/14524434_1106112876131411_958039263622046936_o.jpg?resize=350%2C200","width":350,"height":200,"srcset":"https:\/\/i0.wp.com\/www.grieta.org.mx\/wp-content\/uploads\/2018\/03\/14524434_1106112876131411_958039263622046936_o.jpg?resize=350%2C200 1x, https:\/\/i0.wp.com\/www.grieta.org.mx\/wp-content\/uploads\/2018\/03\/14524434_1106112876131411_958039263622046936_o.jpg?resize=525%2C300 1.5x, https:\/\/i0.wp.com\/www.grieta.org.mx\/wp-content\/uploads\/2018\/03\/14524434_1106112876131411_958039263622046936_o.jpg?resize=700%2C400 2x"},"classes":[]},{"id":5710,"url":"http:\/\/www.grieta.org.mx\/index.php\/2016\/08\/03\/feminicidios-en-quintana-roo\/","url_meta":{"origin":3913,"position":3},"title":"Feminicidios en Quintana Roo","author":"grieta","date":"3 agosto, 2016","format":false,"excerpt":"03\/08\/16. Otro feminicidio en Canc\u00fan y otra manifestaci\u00f3n ignorada por las autoridades NoticaribeNews 25\/07\/16. Feminicidios o no; siguen matando mujeres en Canc\u00fan y la Riviera Maya. Una decena de casos en lo que va del a\u00f1o NoticaribeNews 24\/04\/16. Alcanzan feminicidios a mujeres extranjeras en la Riviera Maya. Detienen a sujeto\u2026","rel":"","context":"En &quot;Feminicidios&quot;","block_context":{"text":"Feminicidios","link":"http:\/\/www.grieta.org.mx\/index.php\/category\/temas-nacionales\/feminicidios\/"},"img":{"alt_text":"","src":"https:\/\/i0.wp.com\/www.grieta.org.mx\/wp-content\/uploads\/2018\/03\/14524434_1106112876131411_958039263622046936_o.jpg?resize=350%2C200","width":350,"height":200,"srcset":"https:\/\/i0.wp.com\/www.grieta.org.mx\/wp-content\/uploads\/2018\/03\/14524434_1106112876131411_958039263622046936_o.jpg?resize=350%2C200 1x, https:\/\/i0.wp.com\/www.grieta.org.mx\/wp-content\/uploads\/2018\/03\/14524434_1106112876131411_958039263622046936_o.jpg?resize=525%2C300 1.5x, https:\/\/i0.wp.com\/www.grieta.org.mx\/wp-content\/uploads\/2018\/03\/14524434_1106112876131411_958039263622046936_o.jpg?resize=700%2C400 2x"},"classes":[]},{"id":47848,"url":"http:\/\/www.grieta.org.mx\/index.php\/2020\/04\/07\/denuncian-a-director-de-seguridad-publica-y-policias-municipales-de-chetumal-por-supuesta-tortura-de-joven-durante-detencion\/","url_meta":{"origin":3913,"position":4},"title":"Denuncian a director de Seguridad P\u00fablica y polic\u00edas municipales de Chetumal por supuesta tortura de joven durante detenci\u00f3n","author":"grieta","date":"7 abril, 2020","format":false,"excerpt":"Rafael Brice\u00f1o CHETUMAL, MX.- Un joven de 19 a\u00f1os de edad, detenido por 36 horas en los separos municipales la semana pasada, acus\u00f3 al coordinador de la Polic\u00eda Municipal, Osiris Ceballos D\u00edaz y a tres elementos m\u00e1s de abuso de autoridad y tortura. Mario Bernardino G. V., explic\u00f3 que fue\u2026","rel":"","context":"En &quot;Abuso policiaco en Quintana Roo&quot;","block_context":{"text":"Abuso policiaco en Quintana Roo","link":"http:\/\/www.grieta.org.mx\/index.php\/category\/noticias-nacionales\/quintana-roo\/abuso-policiaco-en-quintana-roo\/"},"img":{"alt_text":"","src":"https:\/\/i0.wp.com\/www.grieta.org.mx\/wp-content\/uploads\/2020\/04\/Tortura.png?resize=350%2C200","width":350,"height":200},"classes":[]},{"id":59777,"url":"http:\/\/www.grieta.org.mx\/index.php\/2021\/06\/11\/manifestacion-en-cancun-la-comunidad-lgbtttiqa-en-quintana-roo-condena-crimenes-de-odio\/","url_meta":{"origin":3913,"position":5},"title":"Manifestaci\u00f3n en Canc\u00fan: La comunidad LGBTTTIQA+ en Quintana Roo condena cr\u00edmenes de odio","author":"grieta","date":"11 junio, 2021","format":false,"excerpt":"Sara\u00ed Reyes \/ Noticaribe CANC\u00daN.- Tras los recientes hechos de violencia por prejuicio en Canc\u00fan, Quintana Roo, organizaciones y colectivas LGBTTTIQA+ de todo el estado de Quintana Roo se manifestaron esta tarde para exigir un alto a la violencia en su contra. Lo anterior, ante lamentable asesinato del pasado 5\u2026","rel":"","context":"En &quot;CINTILLO&quot;","block_context":{"text":"CINTILLO","link":"http:\/\/www.grieta.org.mx\/index.php\/category\/cintillo\/"},"img":{"alt_text":"","src":"https:\/\/i0.wp.com\/www.grieta.org.mx\/wp-content\/uploads\/2021\/06\/Lgbtttiqa.png?resize=350%2C200","width":350,"height":200,"srcset":"https:\/\/i0.wp.com\/www.grieta.org.mx\/wp-content\/uploads\/2021\/06\/Lgbtttiqa.png?resize=350%2C200 1x, https:\/\/i0.wp.com\/www.grieta.org.mx\/wp-content\/uploads\/2021\/06\/Lgbtttiqa.png?resize=525%2C300 1.5x, https:\/\/i0.wp.com\/www.grieta.org.mx\/wp-content\/uploads\/2021\/06\/Lgbtttiqa.png?resize=700%2C400 2x"},"classes":[]}],"_links":{"self":[{"href":"http:\/\/www.grieta.org.mx\/index.php\/wp-json\/wp\/v2\/posts\/3913","targetHints":{"allow":["GET"]}}],"collection":[{"href":"http:\/\/www.grieta.org.mx\/index.php\/wp-json\/wp\/v2\/posts"}],"about":[{"href":"http:\/\/www.grieta.org.mx\/index.php\/wp-json\/wp\/v2\/types\/post"}],"author":[{"embeddable":true,"href":"http:\/\/www.grieta.org.mx\/index.php\/wp-json\/wp\/v2\/users\/2"}],"replies":[{"embeddable":true,"href":"http:\/\/www.grieta.org.mx\/index.php\/wp-json\/wp\/v2\/comments?post=3913"}],"version-history":[{"count":1,"href":"http:\/\/www.grieta.org.mx\/index.php\/wp-json\/wp\/v2\/posts\/3913\/revisions"}],"predecessor-version":[{"id":3921,"href":"http:\/\/www.grieta.org.mx\/index.php\/wp-json\/wp\/v2\/posts\/3913\/revisions\/3921"}],"wp:featuredmedia":[{"embeddable":true,"href":"http:\/\/www.grieta.org.mx\/index.php\/wp-json\/wp\/v2\/media\/21928"}],"wp:attachment":[{"href":"http:\/\/www.grieta.org.mx\/index.php\/wp-json\/wp\/v2\/media?parent=3913"}],"wp:term":[{"taxonomy":"category","embeddable":true,"href":"http:\/\/www.grieta.org.mx\/index.php\/wp-json\/wp\/v2\/categories?post=3913"},{"taxonomy":"post_tag","embeddable":true,"href":"http:\/\/www.grieta.org.mx\/index.php\/wp-json\/wp\/v2\/tags?post=3913"}],"curies":[{"name":"wp","href":"https:\/\/api.w.org\/{rel}","templated":true}]}}