{"id":3910,"date":"2016-03-18T22:42:42","date_gmt":"2016-03-18T22:42:42","guid":{"rendered":"http:\/\/50.22.11.12\/~grietaor\/?p=3910"},"modified":"2016-03-18T22:42:42","modified_gmt":"2016-03-18T22:42:42","slug":"maestro-despedido-por-no-presentarse-a-evaluacion-da-clases-en-la-calle-en-cancun","status":"publish","type":"post","link":"http:\/\/www.grieta.org.mx\/index.php\/2016\/03\/18\/maestro-despedido-por-no-presentarse-a-evaluacion-da-clases-en-la-calle-en-cancun\/","title":{"rendered":"Maestro despedido por no presentarse a evaluaci\u00f3n da clases en la calle, en Canc\u00fan"},"content":{"rendered":"<p>CANC\u00daN, MX.- Con el apoyo de los padres de familia, y con unos 15 ni\u00f1os tomando clases sobre una banqueta, el profesor Julio C\u00e9sar Tzec, uno de los 25 maestros que no presentaron el examen de evaluaci\u00f3n de la Secretar\u00eda de Educaci\u00f3n P\u00fablica (SEP) y quien fuera despedido, contin\u00faa con su trabajo docente afuera de la escuela \u201cV\u00edctor Hugo Bola\u00f1os Mart\u00ednez\u201d de la Regi\u00f3n 224, en Canc\u00fan.<\/p>\n<p>Luego de que las protestas de los padres de familia efectuadas en d\u00edas recientes no tuvieran \u00e9xito, esta ma\u00f1ana el profesor, quien ha sido uno de los principales opositores a la Reforma Educativa en Quintana Roo, instal\u00f3 mesas y sillas en la banqueta para que sus alumnos continuaran sus clases, lo que fue apoyado por la mayor\u00eda de padres de familia.<\/p>\n<p>Al sitio, en el fraccionamiento Los H\u00e9roes, lleg\u00f3 una patrulla de la Secretar\u00eda de Seguridad P\u00fablica con seis elementos fuertemente armados, para hostilizar e intimidar al maestro y padres de familia que se encuentran en el lugar. (NoticaribeNews)<\/p>\n<p><a href=\"http:\/\/noticaribenews.blogspot.mx\/2016\/03\/maestro-despedido-por-no-presentarse.html\" target=\"_blank\">noticaribenews.blogspot.mx\/2016\/03\/maestro-despedido-por-no-presentarse.html<\/a><\/p>\n","protected":false},"excerpt":{"rendered":"<p>CANC\u00daN, MX.- Con el apoyo de los padres de familia, y con unos 15 ni\u00f1os tomando clases sobre una banqueta, el profesor Julio C\u00e9sar Tzec, uno de los 25 maestros &hellip; <a href=\"http:\/\/www.grieta.org.mx\/index.php\/2016\/03\/18\/maestro-despedido-por-no-presentarse-a-evaluacion-da-clases-en-la-calle-en-cancun\/\" class=\"more-link\">Leer m\u00e1s<\/a><\/p>\n","protected":false},"author":2,"featured_media":21928,"comment_status":"closed","ping_status":"open","sticky":false,"template":"","format":"standard","meta":{"ngg_post_thumbnail":0,"_jetpack_newsletter_access":"","_jetpack_dont_email_post_to_subs":false,"_jetpack_newsletter_tier_id":0,"_jetpack_memberships_contains_paywalled_content":false,"_jetpack_memberships_contains_paid_content":false,"footnotes":""},"categories":[80,151],"tags":[163,135],"class_list":["post-3910","post","type-post","status-publish","format-standard","has-post-thumbnail","hentry","category-cintillo","category-quintana-roo","tag-despidos","tag-reforma-educativa","entry"],"jetpack_featured_media_url":"http:\/\/www.grieta.org.mx\/wp-content\/uploads\/2018\/03\/14524434_1106112876131411_958039263622046936_o.jpg","jetpack_sharing_enabled":true,"jetpack_shortlink":"https:\/\/wp.me\/p7ZJR4-114","jetpack_likes_enabled":false,"jetpack-related-posts":[{"id":3590,"url":"http:\/\/www.grieta.org.mx\/index.php\/2016\/06\/20\/maestros-protestan-contra-la-evaluacion-del-magisterio-en-quintana-roo\/","url_meta":{"origin":3910,"position":0},"title":"Movilizaciones contra la Reforma Educativa y la evaluaci\u00f3n magisterial en Quintana Roo","author":"grieta","date":"20 junio, 2016","format":false,"excerpt":"20\/06\/16. Condenan colectivos y magisterio de Canc\u00fan represi\u00f3n en OaxacaIQ Canc\u00fan 16\/06\/16. Padres de familia cierran escuela primaria en Chetumal; no reconocen calificaciones de maestro cesado y los ni\u00f1os pierdenNoticaribe 14\/04\/16. Presentan queja formal contra intimidaci\u00f3n a ni\u00f1osSipse 14\/04\/16. Maestros despedidos pondr\u00e1n demanda contra la SEyCSipse 18\/03\/16. Padres de familia\u2026","rel":"","context":"En &quot;NOTICIAS NACIONALES&quot;","block_context":{"text":"NOTICIAS NACIONALES","link":"http:\/\/www.grieta.org.mx\/index.php\/category\/noticias-nacionales\/"},"img":{"alt_text":"","src":"https:\/\/i0.wp.com\/www.grieta.org.mx\/wp-content\/uploads\/2018\/03\/14524434_1106112876131411_958039263622046936_o.jpg?resize=350%2C200","width":350,"height":200,"srcset":"https:\/\/i0.wp.com\/www.grieta.org.mx\/wp-content\/uploads\/2018\/03\/14524434_1106112876131411_958039263622046936_o.jpg?resize=350%2C200 1x, https:\/\/i0.wp.com\/www.grieta.org.mx\/wp-content\/uploads\/2018\/03\/14524434_1106112876131411_958039263622046936_o.jpg?resize=525%2C300 1.5x, https:\/\/i0.wp.com\/www.grieta.org.mx\/wp-content\/uploads\/2018\/03\/14524434_1106112876131411_958039263622046936_o.jpg?resize=700%2C400 2x"},"classes":[]},{"id":13278,"url":"http:\/\/www.grieta.org.mx\/index.php\/2016\/05\/27\/docentes-marchan-en-villa-de-alvarez-en-apoyo-a-profesor-despedido\/","url_meta":{"origin":3910,"position":1},"title":"Docentes marchan en Villa de \u00c1lvarez en apoyo a profesor despedido","author":"grieta","date":"27 mayo, 2016","format":false,"excerpt":"Redacci\u00f3n Ojal\u00e1 Prensa Libre Decenas de profesores(as), padres y madres de familia y alumnos(as) se manifestaron la tarde del jueves 26 de mayo en apoyo a Miguel \u00c1ngel D\u00edaz Due\u00f1as, docente despedido luego de que no pudo realizar la \u00faltima etapa de la evaluaci\u00f3n planteada por la reforma educativa. Los\u2026","rel":"","context":"En &quot;CINTILLO&quot;","block_context":{"text":"CINTILLO","link":"http:\/\/www.grieta.org.mx\/index.php\/category\/cintillo\/"},"img":{"alt_text":"","src":"https:\/\/i0.wp.com\/www.grieta.org.mx\/wp-content\/uploads\/2018\/03\/14524434_1106112876131411_958039263622046936_o.jpg?resize=350%2C200","width":350,"height":200,"srcset":"https:\/\/i0.wp.com\/www.grieta.org.mx\/wp-content\/uploads\/2018\/03\/14524434_1106112876131411_958039263622046936_o.jpg?resize=350%2C200 1x, https:\/\/i0.wp.com\/www.grieta.org.mx\/wp-content\/uploads\/2018\/03\/14524434_1106112876131411_958039263622046936_o.jpg?resize=525%2C300 1.5x, https:\/\/i0.wp.com\/www.grieta.org.mx\/wp-content\/uploads\/2018\/03\/14524434_1106112876131411_958039263622046936_o.jpg?resize=700%2C400 2x"},"classes":[]},{"id":10668,"url":"http:\/\/www.grieta.org.mx\/index.php\/2016\/04\/21\/padres-de-familia-cierra-escuela-carlos-romo-en-gv\/","url_meta":{"origin":3910,"position":2},"title":"Padres de familia, Cierra Escuela Carlos Romo en GV","author":"grieta","date":"21 abril, 2016","format":false,"excerpt":"Por: Perla R\u00edos Guadalupe Victoria, Dgo.- Padres de familia de la escuela Carlos Romo en la localidad de Guadalupe Victoria, cerraron las ?puertas de dicha instituci\u00f3n, ya que exigen que el docente Abundio Torres, reciba su sueldo, cometan que desde el mes de marzo no est\u00e1 percibiendo ingresos. As\u00ed lo\u2026","rel":"","context":"En &quot;CINTILLO&quot;","block_context":{"text":"CINTILLO","link":"http:\/\/www.grieta.org.mx\/index.php\/category\/cintillo\/"},"img":{"alt_text":"","src":"https:\/\/i0.wp.com\/www.grieta.org.mx\/wp-content\/uploads\/2018\/03\/14524434_1106112876131411_958039263622046936_o.jpg?resize=350%2C200","width":350,"height":200,"srcset":"https:\/\/i0.wp.com\/www.grieta.org.mx\/wp-content\/uploads\/2018\/03\/14524434_1106112876131411_958039263622046936_o.jpg?resize=350%2C200 1x, https:\/\/i0.wp.com\/www.grieta.org.mx\/wp-content\/uploads\/2018\/03\/14524434_1106112876131411_958039263622046936_o.jpg?resize=525%2C300 1.5x, https:\/\/i0.wp.com\/www.grieta.org.mx\/wp-content\/uploads\/2018\/03\/14524434_1106112876131411_958039263622046936_o.jpg?resize=700%2C400 2x"},"classes":[]},{"id":3595,"url":"http:\/\/www.grieta.org.mx\/index.php\/2015\/07\/01\/se-suman-maestros-de-quintana-roo-al-paro-nacional\/","url_meta":{"origin":3910,"position":3},"title":"Se suman maestros de Quintana Roo al paro nacional","author":"grieta","date":"1 julio, 2015","format":false,"excerpt":"CHETUMAL, QR.- Maestros de todos los municipios de Quintana Roo se sumaron hoy al paro nacional magisterial convocado por la Coordinadora Nacional de Trabajadores de la Educaci\u00f3n (CNTE), ala disidente del magisterio. Los maestros fueron convocados a manifestarse en los localidades de Canc\u00fan, Playa del Carmen, Tulum, Cozumel y Chetumal,\u2026","rel":"","context":"En &quot;CINTILLO&quot;","block_context":{"text":"CINTILLO","link":"http:\/\/www.grieta.org.mx\/index.php\/category\/cintillo\/"},"img":{"alt_text":"","src":"https:\/\/i0.wp.com\/www.grieta.org.mx\/wp-content\/uploads\/2018\/03\/14524434_1106112876131411_958039263622046936_o.jpg?resize=350%2C200","width":350,"height":200,"srcset":"https:\/\/i0.wp.com\/www.grieta.org.mx\/wp-content\/uploads\/2018\/03\/14524434_1106112876131411_958039263622046936_o.jpg?resize=350%2C200 1x, https:\/\/i0.wp.com\/www.grieta.org.mx\/wp-content\/uploads\/2018\/03\/14524434_1106112876131411_958039263622046936_o.jpg?resize=525%2C300 1.5x, https:\/\/i0.wp.com\/www.grieta.org.mx\/wp-content\/uploads\/2018\/03\/14524434_1106112876131411_958039263622046936_o.jpg?resize=700%2C400 2x"},"classes":[]},{"id":10399,"url":"http:\/\/www.grieta.org.mx\/index.php\/2016\/04\/14\/maestros-despedidos-pondran-demanda-contra-la-seyc\/","url_meta":{"origin":3910,"position":4},"title":"Maestros despedidos pondr\u00e1n demanda contra la SEyC","author":"grieta","date":"14 abril, 2016","format":false,"excerpt":"Paloma Wong\/SIPSE CHETUMAL, Q. Roo.- Al menos cinco docentes en el estado, tres en solidaridad y dos en Oth\u00f3n P. Blanco, que no presentaron su examen de desempe\u00f1o siguen frente a aula; sin embargo, todos pretenden iniciar una demanda laboral. Jorge Reyes Flores, ex docente de la telesecundaria de la\u2026","rel":"","context":"En &quot;CINTILLO&quot;","block_context":{"text":"CINTILLO","link":"http:\/\/www.grieta.org.mx\/index.php\/category\/cintillo\/"},"img":{"alt_text":"","src":"https:\/\/i0.wp.com\/www.grieta.org.mx\/wp-content\/uploads\/2018\/03\/14524434_1106112876131411_958039263622046936_o.jpg?resize=350%2C200","width":350,"height":200,"srcset":"https:\/\/i0.wp.com\/www.grieta.org.mx\/wp-content\/uploads\/2018\/03\/14524434_1106112876131411_958039263622046936_o.jpg?resize=350%2C200 1x, https:\/\/i0.wp.com\/www.grieta.org.mx\/wp-content\/uploads\/2018\/03\/14524434_1106112876131411_958039263622046936_o.jpg?resize=525%2C300 1.5x, https:\/\/i0.wp.com\/www.grieta.org.mx\/wp-content\/uploads\/2018\/03\/14524434_1106112876131411_958039263622046936_o.jpg?resize=700%2C400 2x"},"classes":[]},{"id":3858,"url":"http:\/\/www.grieta.org.mx\/index.php\/2016\/03\/18\/en-el-salto-cerraron-padres-8-escuelas\/","url_meta":{"origin":3910,"position":5},"title":"En El Salto cerraron padres 8 escuelas","author":"grieta","date":"18 marzo, 2016","format":false,"excerpt":"En apoyo a los maestros que la SEP pretende dar de baja en este ciclo En El Salto fueron ocho las escuelas en donde los padres de familia cerraron los planteles en apoyo a los docentes que quieren ser despedidos por no presentar el examen de evaluaci\u00f3n educativa. De acuerdo\u2026","rel":"","context":"En &quot;CINTILLO&quot;","block_context":{"text":"CINTILLO","link":"http:\/\/www.grieta.org.mx\/index.php\/category\/cintillo\/"},"img":{"alt_text":"","src":"https:\/\/i0.wp.com\/www.grieta.org.mx\/wp-content\/uploads\/2018\/03\/14524434_1106112876131411_958039263622046936_o.jpg?resize=350%2C200","width":350,"height":200,"srcset":"https:\/\/i0.wp.com\/www.grieta.org.mx\/wp-content\/uploads\/2018\/03\/14524434_1106112876131411_958039263622046936_o.jpg?resize=350%2C200 1x, https:\/\/i0.wp.com\/www.grieta.org.mx\/wp-content\/uploads\/2018\/03\/14524434_1106112876131411_958039263622046936_o.jpg?resize=525%2C300 1.5x, https:\/\/i0.wp.com\/www.grieta.org.mx\/wp-content\/uploads\/2018\/03\/14524434_1106112876131411_958039263622046936_o.jpg?resize=700%2C400 2x"},"classes":[]}],"_links":{"self":[{"href":"http:\/\/www.grieta.org.mx\/index.php\/wp-json\/wp\/v2\/posts\/3910","targetHints":{"allow":["GET"]}}],"collection":[{"href":"http:\/\/www.grieta.org.mx\/index.php\/wp-json\/wp\/v2\/posts"}],"about":[{"href":"http:\/\/www.grieta.org.mx\/index.php\/wp-json\/wp\/v2\/types\/post"}],"author":[{"embeddable":true,"href":"http:\/\/www.grieta.org.mx\/index.php\/wp-json\/wp\/v2\/users\/2"}],"replies":[{"embeddable":true,"href":"http:\/\/www.grieta.org.mx\/index.php\/wp-json\/wp\/v2\/comments?post=3910"}],"version-history":[{"count":1,"href":"http:\/\/www.grieta.org.mx\/index.php\/wp-json\/wp\/v2\/posts\/3910\/revisions"}],"predecessor-version":[{"id":3911,"href":"http:\/\/www.grieta.org.mx\/index.php\/wp-json\/wp\/v2\/posts\/3910\/revisions\/3911"}],"wp:featuredmedia":[{"embeddable":true,"href":"http:\/\/www.grieta.org.mx\/index.php\/wp-json\/wp\/v2\/media\/21928"}],"wp:attachment":[{"href":"http:\/\/www.grieta.org.mx\/index.php\/wp-json\/wp\/v2\/media?parent=3910"}],"wp:term":[{"taxonomy":"category","embeddable":true,"href":"http:\/\/www.grieta.org.mx\/index.php\/wp-json\/wp\/v2\/categories?post=3910"},{"taxonomy":"post_tag","embeddable":true,"href":"http:\/\/www.grieta.org.mx\/index.php\/wp-json\/wp\/v2\/tags?post=3910"}],"curies":[{"name":"wp","href":"https:\/\/api.w.org\/{rel}","templated":true}]}}