{"id":3908,"date":"2016-03-18T22:38:12","date_gmt":"2016-03-18T22:38:12","guid":{"rendered":"http:\/\/50.22.11.12\/~grietaor\/?p=3908"},"modified":"2016-03-18T22:38:12","modified_gmt":"2016-03-18T22:38:12","slug":"padres-de-familia-protestan-por-despido-de-maestros","status":"publish","type":"post","link":"http:\/\/www.grieta.org.mx\/index.php\/2016\/03\/18\/padres-de-familia-protestan-por-despido-de-maestros\/","title":{"rendered":"Padres de familia protestan por despido de maestros"},"content":{"rendered":"<p>Los paterfamilias exigieron con pancartas que se mantenga en sus puestos a los docentes.<\/p>\n<p>Daniel Pacheco\/SIPSE<br \/>\nPLAYA DEL CARMEN, Q. Roo.- Padres de familia de la escuela primaria \u2018Maestro Mexicano\u2019, ubicada en la colonia Ejido de Playa del Carmen, se manifestaron ayer por el despido de una maestra que se encuentra a medio embarazo, debido a que no particip\u00f3 en la convocatoria de la Evaluaci\u00f3n Docente.<\/p>\n<p>Durante el pasado jueves fueron dos planteles educativos del nivel b\u00e1sico en donde se registraron inconformidades con mantas y pancartas afuera de las instalaciones educativas con el objetivo de protestar en contra del despido de los 12 maestros que en el municipio de Solidaridad se negaron a presentar dicho examen de la Reforma Educativa.<\/p>\n<p>\u201cPara empezar es injusto e inhumano que le quiten su trabajo cuando est\u00e1 embarazada, adem\u00e1s de que se nos hace que solo es el capricho pol\u00edticos estos de la dichosa evaluaci\u00f3n. Deber\u00edan de ver su trabajo de a\u00f1os, varias generaciones han salido de aqu\u00ed agradecidos con el trato y vocaci\u00f3n de la maestra Ligia Maga\u00f1a\u201d afirm\u00f3 Rosalinda Hurtado, madre de uno de los alumnos del 2\u00b0 \u2018A\u2019.<\/p>\n<p>El otro caso se dio alrededor de las 8:15 de la ma\u00f1ana en el jard\u00edn de ni\u00f1os \u2018Tenochtitl\u00e1n\u2019, mismo que se ubica en la esquina de la avenida 11 Sur con 130 del mismo Ejido, en donde fueron dos maestras las que recibieron notificaci\u00f3n de su baja apenas la noche del pasado mi\u00e9rcoles.<\/p>\n<p>\u201cYo tengo a mi hijo con retraso de desarrollo; entonces, cuando yo entre a este plantel, la maestra me brindo toda la oportunidad, todo el apoyo para mi hijo. Es decir mi hijo tiene un gran avance. Cuando viene otra maestra, lamentablemente no veo yo un avance. Yo no veo ese empe\u00f1o por la educaci\u00f3n de mi hijo. En cambio para m\u00ed la maestra Ang\u00e9lica es lo mejor\u201d, extern\u00f3 Clara Cruz S\u00e1nchez, jefa de familia de la colonia Bellavista.<\/p>\n<p>\u201cMi hija estudi\u00f3 su k\u00ednder con la maestra Mar\u00eda Ang\u00e9lica Chi Rivas y mi hijo tambi\u00e9n llevan un avance muy alto. La maestra le ha echado muchas ganas tiene una formaci\u00f3n acad\u00e9mica y que pues de la noche a la ma\u00f1ana, la cesen de su cargo por cosas del magisterio\u201d, se\u00f1al\u00f3 Gabriela Chan, madre de familia que afirma conocer a la profesora desde hace siete a\u00f1os.<\/p>\n<p>Adem\u00e1s, directivos de dichos planteles y supervisores de zona tambi\u00e9n manifestaron su extra\u00f1amiento ya que la baja fue notificada durante la noche anterior y en la ma\u00f1ana solo lleg\u00f3 una de las dos suplentes que deb\u00edan ocupar los salones afectados.<\/p>\n<p>\u201cAqu\u00ed tenemos a dos docentes afectadas; Miriam Arely Burgos Pech y Ang\u00e9lica Mar\u00eda Chi Rivas, excelentes maestras en mi opini\u00f3n. Desafortunadamente, esto es parte de este dichoso proceso de la bendita Reforma Educativa y en este caso, la situaci\u00f3n que est\u00e1n viendo, pues fue parte de los padres de familia. Las dos maestras tienen mucha trayectoria. Maestras que ya tienen arraigo en su plantel y aqu\u00ed en la misma comunidad y que realmente han destacado por su labor\u201d, reconoci\u00f3 Mar\u00eda Antonia L\u00f3pez Hern\u00e1ndez, directora del Jard\u00edn de Ni\u00f1os Tenochtitl\u00e1n.<\/p>\n<p>Pasadas las 6:30 de la tarde los maestros, padres, madres y sus hijos se reunieron en la esquina de la Quinta Avenida con avenida Constituyentes para realizar un mitin y volanteo informativo sobre las irregularidades que consideran se est\u00e1n llevando a cabo en los despidos de maestros.<\/p>\n<p><a href=\"http:\/\/sipse.com\/novedades\/padres-de-familia-playadelcarmen-maestros-despedidos-evaluacion-docente-196479.html?utm_source=feedburner&#038;utm_medium=feed&#038;utm_campaign=Feed%3A+novedadesDeQuintanaRoo+%28Novedades+de+Quintana+Roo%29\" target=\"_blank\">sipse.com\/novedades\/padres-de-familia-playadelcarmen-maestros-despedidos-evaluacion-docente-196479.html?utm_source=feedburner&#038;utm_medium=feed&#038;utm_campaign=Feed%3A+novedadesDeQuintanaRoo+%28Novedades+de+Quintana+Roo%29<\/a><\/p>\n","protected":false},"excerpt":{"rendered":"<p>Los paterfamilias exigieron con pancartas que se mantenga en sus puestos a los docentes. Daniel Pacheco\/SIPSE PLAYA DEL CARMEN, Q. Roo.- Padres de familia de la escuela primaria \u2018Maestro Mexicano\u2019, &hellip; <a href=\"http:\/\/www.grieta.org.mx\/index.php\/2016\/03\/18\/padres-de-familia-protestan-por-despido-de-maestros\/\" class=\"more-link\">Leer m\u00e1s<\/a><\/p>\n","protected":false},"author":2,"featured_media":21928,"comment_status":"closed","ping_status":"open","sticky":false,"template":"","format":"standard","meta":{"ngg_post_thumbnail":0,"_jetpack_newsletter_access":"","_jetpack_dont_email_post_to_subs":false,"_jetpack_newsletter_tier_id":0,"_jetpack_memberships_contains_paywalled_content":false,"_jetpack_memberships_contains_paid_content":false,"footnotes":""},"categories":[80,151],"tags":[163,180,135],"class_list":["post-3908","post","type-post","status-publish","format-standard","has-post-thumbnail","hentry","category-cintillo","category-quintana-roo","tag-despidos","tag-protesta","tag-reforma-educativa","entry"],"jetpack_featured_media_url":"http:\/\/www.grieta.org.mx\/wp-content\/uploads\/2018\/03\/14524434_1106112876131411_958039263622046936_o.jpg","jetpack_sharing_enabled":true,"jetpack_shortlink":"https:\/\/wp.me\/p7ZJR4-112","jetpack_likes_enabled":false,"jetpack-related-posts":[{"id":10151,"url":"http:\/\/www.grieta.org.mx\/index.php\/2016\/04\/06\/padres-de-familia-cierran-escuela-en-protesta-por-despido-de-maestros\/","url_meta":{"origin":3908,"position":0},"title":"Padres de familia cierran escuela en protesta por despido de maestros","author":"grieta","date":"6 abril, 2016","format":false,"excerpt":"Fernando Sanchez Madres y padres de familia se solidarizan con los docentes contra del despido de algunos maestros de Puerto Vallarta y cierran escuela primaria de Ramblases. Puerto Vallarta.- La ma\u00f1ana de este mi\u00e9rcoles los padres de familia acordaron junto con los maestros cerrar la escuela en protesta por el\u2026","rel":"","context":"En &quot;CINTILLO&quot;","block_context":{"text":"CINTILLO","link":"http:\/\/www.grieta.org.mx\/index.php\/category\/cintillo\/"},"img":{"alt_text":"","src":"https:\/\/i0.wp.com\/www.grieta.org.mx\/wp-content\/uploads\/2018\/03\/14524434_1106112876131411_958039263622046936_o.jpg?resize=350%2C200","width":350,"height":200,"srcset":"https:\/\/i0.wp.com\/www.grieta.org.mx\/wp-content\/uploads\/2018\/03\/14524434_1106112876131411_958039263622046936_o.jpg?resize=350%2C200 1x, https:\/\/i0.wp.com\/www.grieta.org.mx\/wp-content\/uploads\/2018\/03\/14524434_1106112876131411_958039263622046936_o.jpg?resize=525%2C300 1.5x, https:\/\/i0.wp.com\/www.grieta.org.mx\/wp-content\/uploads\/2018\/03\/14524434_1106112876131411_958039263622046936_o.jpg?resize=700%2C400 2x"},"classes":[]},{"id":4116,"url":"http:\/\/www.grieta.org.mx\/index.php\/2016\/03\/16\/padres-de-familia-toman-escuela-por-despido-de-maestras\/","url_meta":{"origin":3908,"position":1},"title":"Padres de familia toman escuela por despido de maestras","author":"grieta","date":"16 marzo, 2016","format":false,"excerpt":"Esta ma\u00f1ana el Comit\u00e9 de padres de familia de la primaria Vicente Guerrero, ubicada en el Fraccionamiento Las Playas, tomaron las instalaciones. El grupo se mostr\u00f3 inconforme por la Reforma Educativa, tras la notificaci\u00f3n de despido de cinco maestras del turno matutino por no presentar la evaluaci\u00f3n docente. Hasta el\u2026","rel":"","context":"En &quot;CINTILLO&quot;","block_context":{"text":"CINTILLO","link":"http:\/\/www.grieta.org.mx\/index.php\/category\/cintillo\/"},"img":{"alt_text":"","src":"https:\/\/i0.wp.com\/www.grieta.org.mx\/wp-content\/uploads\/2018\/03\/14524434_1106112876131411_958039263622046936_o.jpg?resize=350%2C200","width":350,"height":200,"srcset":"https:\/\/i0.wp.com\/www.grieta.org.mx\/wp-content\/uploads\/2018\/03\/14524434_1106112876131411_958039263622046936_o.jpg?resize=350%2C200 1x, https:\/\/i0.wp.com\/www.grieta.org.mx\/wp-content\/uploads\/2018\/03\/14524434_1106112876131411_958039263622046936_o.jpg?resize=525%2C300 1.5x, https:\/\/i0.wp.com\/www.grieta.org.mx\/wp-content\/uploads\/2018\/03\/14524434_1106112876131411_958039263622046936_o.jpg?resize=700%2C400 2x"},"classes":[]},{"id":3590,"url":"http:\/\/www.grieta.org.mx\/index.php\/2016\/06\/20\/maestros-protestan-contra-la-evaluacion-del-magisterio-en-quintana-roo\/","url_meta":{"origin":3908,"position":2},"title":"Movilizaciones contra la Reforma Educativa y la evaluaci\u00f3n magisterial en Quintana Roo","author":"grieta","date":"20 junio, 2016","format":false,"excerpt":"20\/06\/16. Condenan colectivos y magisterio de Canc\u00fan represi\u00f3n en OaxacaIQ Canc\u00fan 16\/06\/16. Padres de familia cierran escuela primaria en Chetumal; no reconocen calificaciones de maestro cesado y los ni\u00f1os pierdenNoticaribe 14\/04\/16. Presentan queja formal contra intimidaci\u00f3n a ni\u00f1osSipse 14\/04\/16. Maestros despedidos pondr\u00e1n demanda contra la SEyCSipse 18\/03\/16. Padres de familia\u2026","rel":"","context":"En &quot;NOTICIAS NACIONALES&quot;","block_context":{"text":"NOTICIAS NACIONALES","link":"http:\/\/www.grieta.org.mx\/index.php\/category\/noticias-nacionales\/"},"img":{"alt_text":"","src":"https:\/\/i0.wp.com\/www.grieta.org.mx\/wp-content\/uploads\/2018\/03\/14524434_1106112876131411_958039263622046936_o.jpg?resize=350%2C200","width":350,"height":200,"srcset":"https:\/\/i0.wp.com\/www.grieta.org.mx\/wp-content\/uploads\/2018\/03\/14524434_1106112876131411_958039263622046936_o.jpg?resize=350%2C200 1x, https:\/\/i0.wp.com\/www.grieta.org.mx\/wp-content\/uploads\/2018\/03\/14524434_1106112876131411_958039263622046936_o.jpg?resize=525%2C300 1.5x, https:\/\/i0.wp.com\/www.grieta.org.mx\/wp-content\/uploads\/2018\/03\/14524434_1106112876131411_958039263622046936_o.jpg?resize=700%2C400 2x"},"classes":[]},{"id":2211,"url":"http:\/\/www.grieta.org.mx\/index.php\/2016\/03\/09\/maestros-protestan-y-encierran-a-vela\/","url_meta":{"origin":3908,"position":3},"title":"Maestros protestan y \u2018encierran\u2019 a Vela","author":"grieta","date":"9 marzo, 2016","format":false,"excerpt":"La Secretar\u00eda de Educaci\u00f3n admiti\u00f3 la suspensi\u00f3n de clases en 45 escuelas Miles de maestros, estudiantes y padres de familia marcharon desde el lugar donde se juntan el bulevar Domingo Arrieta y la vialidad Dolores del R\u00edo a las instalaciones de la Secretar\u00eda de Educaci\u00f3n del Estado (SEED) para oponerse\u2026","rel":"","context":"En &quot;CINTILLO&quot;","block_context":{"text":"CINTILLO","link":"http:\/\/www.grieta.org.mx\/index.php\/category\/cintillo\/"},"img":{"alt_text":"","src":"https:\/\/i0.wp.com\/www.grieta.org.mx\/wp-content\/uploads\/2018\/03\/14524434_1106112876131411_958039263622046936_o.jpg?resize=350%2C200","width":350,"height":200,"srcset":"https:\/\/i0.wp.com\/www.grieta.org.mx\/wp-content\/uploads\/2018\/03\/14524434_1106112876131411_958039263622046936_o.jpg?resize=350%2C200 1x, https:\/\/i0.wp.com\/www.grieta.org.mx\/wp-content\/uploads\/2018\/03\/14524434_1106112876131411_958039263622046936_o.jpg?resize=525%2C300 1.5x, https:\/\/i0.wp.com\/www.grieta.org.mx\/wp-content\/uploads\/2018\/03\/14524434_1106112876131411_958039263622046936_o.jpg?resize=700%2C400 2x"},"classes":[]},{"id":10399,"url":"http:\/\/www.grieta.org.mx\/index.php\/2016\/04\/14\/maestros-despedidos-pondran-demanda-contra-la-seyc\/","url_meta":{"origin":3908,"position":4},"title":"Maestros despedidos pondr\u00e1n demanda contra la SEyC","author":"grieta","date":"14 abril, 2016","format":false,"excerpt":"Paloma Wong\/SIPSE CHETUMAL, Q. Roo.- Al menos cinco docentes en el estado, tres en solidaridad y dos en Oth\u00f3n P. Blanco, que no presentaron su examen de desempe\u00f1o siguen frente a aula; sin embargo, todos pretenden iniciar una demanda laboral. Jorge Reyes Flores, ex docente de la telesecundaria de la\u2026","rel":"","context":"En &quot;CINTILLO&quot;","block_context":{"text":"CINTILLO","link":"http:\/\/www.grieta.org.mx\/index.php\/category\/cintillo\/"},"img":{"alt_text":"","src":"https:\/\/i0.wp.com\/www.grieta.org.mx\/wp-content\/uploads\/2018\/03\/14524434_1106112876131411_958039263622046936_o.jpg?resize=350%2C200","width":350,"height":200,"srcset":"https:\/\/i0.wp.com\/www.grieta.org.mx\/wp-content\/uploads\/2018\/03\/14524434_1106112876131411_958039263622046936_o.jpg?resize=350%2C200 1x, https:\/\/i0.wp.com\/www.grieta.org.mx\/wp-content\/uploads\/2018\/03\/14524434_1106112876131411_958039263622046936_o.jpg?resize=525%2C300 1.5x, https:\/\/i0.wp.com\/www.grieta.org.mx\/wp-content\/uploads\/2018\/03\/14524434_1106112876131411_958039263622046936_o.jpg?resize=700%2C400 2x"},"classes":[]},{"id":71285,"url":"http:\/\/www.grieta.org.mx\/index.php\/2025\/03\/07\/el-paro-es-culpa-del-estado-maestros-marchan-en-cancun-y-playa-del-carmen-contra-la-reforma-a-la-ley-del-issste-quintana-roo\/","url_meta":{"origin":3908,"position":5},"title":"&#8220;El paro es culpa del Estado&#8221;: Maestros marchan en Canc\u00fan y Playa del Carmen contra la reforma a la Ley del ISSSTE (Quintana Roo)","author":"grieta","date":"7 marzo, 2025","format":false,"excerpt":"Noticaribe CANC\u00daN, MX.- Maestros del Comit\u00e9 Estatal de Lucha iniciaron esta ma\u00f1ana una marcha pac\u00edfica en la ciudad de Canc\u00fan contra de la reforma a la Ley del ISSSTE, de manera simultanea a la que se convoc\u00f3 en el municipio de Solidaridad. Desde las 9 de la ma\u00f1ana, alrededor de\u2026","rel":"","context":"En &quot;CINTILLO&quot;","block_context":{"text":"CINTILLO","link":"http:\/\/www.grieta.org.mx\/index.php\/category\/cintillo\/"},"img":{"alt_text":"","src":"https:\/\/i0.wp.com\/www.grieta.org.mx\/wp-content\/uploads\/2025\/03\/MaestrosQRoo-e1741916462380.jpg?resize=350%2C200","width":350,"height":200,"srcset":"https:\/\/i0.wp.com\/www.grieta.org.mx\/wp-content\/uploads\/2025\/03\/MaestrosQRoo-e1741916462380.jpg?resize=350%2C200 1x, https:\/\/i0.wp.com\/www.grieta.org.mx\/wp-content\/uploads\/2025\/03\/MaestrosQRoo-e1741916462380.jpg?resize=525%2C300 1.5x, https:\/\/i0.wp.com\/www.grieta.org.mx\/wp-content\/uploads\/2025\/03\/MaestrosQRoo-e1741916462380.jpg?resize=700%2C400 2x"},"classes":[]}],"_links":{"self":[{"href":"http:\/\/www.grieta.org.mx\/index.php\/wp-json\/wp\/v2\/posts\/3908","targetHints":{"allow":["GET"]}}],"collection":[{"href":"http:\/\/www.grieta.org.mx\/index.php\/wp-json\/wp\/v2\/posts"}],"about":[{"href":"http:\/\/www.grieta.org.mx\/index.php\/wp-json\/wp\/v2\/types\/post"}],"author":[{"embeddable":true,"href":"http:\/\/www.grieta.org.mx\/index.php\/wp-json\/wp\/v2\/users\/2"}],"replies":[{"embeddable":true,"href":"http:\/\/www.grieta.org.mx\/index.php\/wp-json\/wp\/v2\/comments?post=3908"}],"version-history":[{"count":1,"href":"http:\/\/www.grieta.org.mx\/index.php\/wp-json\/wp\/v2\/posts\/3908\/revisions"}],"predecessor-version":[{"id":3909,"href":"http:\/\/www.grieta.org.mx\/index.php\/wp-json\/wp\/v2\/posts\/3908\/revisions\/3909"}],"wp:featuredmedia":[{"embeddable":true,"href":"http:\/\/www.grieta.org.mx\/index.php\/wp-json\/wp\/v2\/media\/21928"}],"wp:attachment":[{"href":"http:\/\/www.grieta.org.mx\/index.php\/wp-json\/wp\/v2\/media?parent=3908"}],"wp:term":[{"taxonomy":"category","embeddable":true,"href":"http:\/\/www.grieta.org.mx\/index.php\/wp-json\/wp\/v2\/categories?post=3908"},{"taxonomy":"post_tag","embeddable":true,"href":"http:\/\/www.grieta.org.mx\/index.php\/wp-json\/wp\/v2\/tags?post=3908"}],"curies":[{"name":"wp","href":"https:\/\/api.w.org\/{rel}","templated":true}]}}