{"id":39078,"date":"2019-09-10T18:36:44","date_gmt":"2019-09-10T23:36:44","guid":{"rendered":"http:\/\/www.grieta.org.mx\/?p=39078"},"modified":"2019-09-11T18:52:05","modified_gmt":"2019-09-11T23:52:05","slug":"municipios-de-nayarit-se-manifiestan-por-altos-cobros-en-la-cfe","status":"publish","type":"post","link":"http:\/\/www.grieta.org.mx\/index.php\/2019\/09\/10\/municipios-de-nayarit-se-manifiestan-por-altos-cobros-en-la-cfe\/","title":{"rendered":"Municipios de Nayarit se manifiestan por altos cobros en la CFE"},"content":{"rendered":"<p><img loading=\"lazy\" decoding=\"async\" data-attachment-id=\"39079\" data-permalink=\"http:\/\/www.grieta.org.mx\/index.php\/2019\/09\/10\/municipios-de-nayarit-se-manifiestan-por-altos-cobros-en-la-cfe\/temp_nota_01_67869__20190910190948_117whatsapp_image_2019-09-10_at_12-52-01_pm_1_\/\" data-orig-file=\"http:\/\/www.grieta.org.mx\/wp-content\/uploads\/2019\/09\/temp_nota_01_67869__20190910190948_117whatsapp_image_2019-09-10_at_12.52.01_pm_1_.jpeg\" data-orig-size=\"600,300\" data-comments-opened=\"0\" data-image-meta=\"{&quot;aperture&quot;:&quot;0&quot;,&quot;credit&quot;:&quot;&quot;,&quot;camera&quot;:&quot;&quot;,&quot;caption&quot;:&quot;&quot;,&quot;created_timestamp&quot;:&quot;0&quot;,&quot;copyright&quot;:&quot;&quot;,&quot;focal_length&quot;:&quot;0&quot;,&quot;iso&quot;:&quot;0&quot;,&quot;shutter_speed&quot;:&quot;0&quot;,&quot;title&quot;:&quot;&quot;,&quot;orientation&quot;:&quot;0&quot;}\" data-image-title=\"temp_nota_01_67869__20190910190948_117whatsapp_image_2019-09-10_at_12.52.01_pm_1_\" data-image-description=\"\" data-image-caption=\"\" data-medium-file=\"http:\/\/www.grieta.org.mx\/wp-content\/uploads\/2019\/09\/temp_nota_01_67869__20190910190948_117whatsapp_image_2019-09-10_at_12.52.01_pm_1_-300x150.jpeg\" data-large-file=\"http:\/\/www.grieta.org.mx\/wp-content\/uploads\/2019\/09\/temp_nota_01_67869__20190910190948_117whatsapp_image_2019-09-10_at_12.52.01_pm_1_.jpeg\" class=\" wp-image-39079 aligncenter\" src=\"http:\/\/www.grieta.org.mx\/wp-content\/uploads\/2019\/09\/temp_nota_01_67869__20190910190948_117whatsapp_image_2019-09-10_at_12.52.01_pm_1_.jpeg\" alt=\"\" width=\"800\" height=\"400\" srcset=\"http:\/\/www.grieta.org.mx\/wp-content\/uploads\/2019\/09\/temp_nota_01_67869__20190910190948_117whatsapp_image_2019-09-10_at_12.52.01_pm_1_.jpeg 600w, http:\/\/www.grieta.org.mx\/wp-content\/uploads\/2019\/09\/temp_nota_01_67869__20190910190948_117whatsapp_image_2019-09-10_at_12.52.01_pm_1_-300x150.jpeg 300w\" sizes=\"auto, (max-width: 800px) 100vw, 800px\" \/><\/p>\n<p>Foto: El Sol de Nayarit<\/p>\n<p>Redacci\u00f3n \/ El Sol de Nayarit<\/p>\n<p>Desde hace m\u00e1s de un a\u00f1o, un grupo de nayaritas cansados de los altos cobros de las tarifas el\u00e9ctricas, usos y arbitrariedades causadas por la Comisi\u00f3n Federal de Electricidad (CFE), iniciaron la lucha por poner un alto a estas injusticias y agravios, ante la falta de respuesta.<\/p>\n<p>Desde hace 49 d\u00edas se encuentran tomadas las oficinas de la Comisi\u00f3n Federal de Electricidad (CFE), en los municipios de Ru\u00edz, Acaponeta, Santiago Ixcuintla, Tepic, y Las Varas, a cargo de un movimiento ciudadano, en conjunto con los Luchadores Sociales de Nayarit, y el pueblo en general.<\/p>\n<p>Exigen &#8220;borr\u00f3n y cuenta nueva&#8221;, tarifas m\u00e1s bajas, ya que actualmente en Nayarit se tiene la tarifa m\u00e1s alta 1D, cuando realmente se deber\u00eda tener la tarifa 1F, debido a que es uno de los estados del pa\u00eds que produce m\u00e1s energ\u00eda el\u00e9ctrica a nivel nacional, teniendo tres presas hidroel\u00e9ctricas. Exigen tambi\u00e9n trato respetuoso y digno por parte del personal de CFE.<\/p>\n<p>Aparte de esto, hay muchas irregularidades por parte de la CFE, como malas instalaciones, mal servicio dentro de las oficinas, los recibos ahora llegan de manera mensual, cuando antes era de manera bimestral, as\u00ed como medidores descalibrados, por lo cual algunos meses llega, los recibos con cantidades muy elevadas y otros muy bajas.<\/p>\n<p>Las instalaciones fueron tomadas solamente en el \u00e1mbito administrativo, sin embargo no les han impedido laborar a los empleados de la CFE a nivel t\u00e9cnico, o atender alguna emergencia que se presente, pues aseguran que es un movimiento totalmente pac\u00edfico.<\/p>\n<p><a href=\"http:\/\/www.elsoldenayarit.mx\/politica\/67869-acaponeta-se-manifiesta-en-la-cfe-por-altos-cobros\">http:\/\/www.elsoldenayarit.mx\/politica\/67869-acaponeta-se-manifiesta-en-la-cfe-por-altos-cobros<\/a><\/p>\n","protected":false},"excerpt":{"rendered":"<p>Foto: El Sol de Nayarit Redacci\u00f3n \/ El Sol de Nayarit Desde hace m\u00e1s de un a\u00f1o, un grupo de nayaritas cansados de los altos cobros de las tarifas el\u00e9ctricas, &hellip; <a href=\"http:\/\/www.grieta.org.mx\/index.php\/2019\/09\/10\/municipios-de-nayarit-se-manifiestan-por-altos-cobros-en-la-cfe\/\" class=\"more-link\">Leer m\u00e1s<\/a><\/p>\n","protected":false},"author":2,"featured_media":39079,"comment_status":"closed","ping_status":"closed","sticky":false,"template":"","format":"standard","meta":{"ngg_post_thumbnail":0,"_jetpack_newsletter_access":"","_jetpack_dont_email_post_to_subs":false,"_jetpack_newsletter_tier_id":0,"_jetpack_memberships_contains_paywalled_content":false,"_jetpack_memberships_contains_paid_content":false,"footnotes":""},"categories":[80,23,2,2534],"tags":[2849,1299],"class_list":["post-39078","post","type-post","status-publish","format-standard","has-post-thumbnail","hentry","category-cintillo","category-nayarit","category-noticias-nacionales","category-protestas-contra-las-altas-tarifas-de-la-cfe-en-nayarit","tag-conflictos-con-la-cfe","tag-protestas-contra-las-tarifas-electricas","entry"],"jetpack_featured_media_url":"http:\/\/www.grieta.org.mx\/wp-content\/uploads\/2019\/09\/temp_nota_01_67869__20190910190948_117whatsapp_image_2019-09-10_at_12.52.01_pm_1_.jpeg","jetpack_sharing_enabled":true,"jetpack_shortlink":"https:\/\/wp.me\/p7ZJR4-aai","jetpack_likes_enabled":false,"jetpack-related-posts":[{"id":33083,"url":"http:\/\/www.grieta.org.mx\/index.php\/2019\/05\/06\/se-manifiestan-en-profeco-por-altos-cobros-de-la-cfe-nayarit\/","url_meta":{"origin":39078,"position":0},"title":"Se manifiestan en PROFECO por altos cobros de la CFE (Nayarit)","author":"grieta","date":"6 mayo, 2019","format":false,"excerpt":"Carlos Gonz\u00e1lez Lefft y Myrka Nonato \/ Meridiano.mx En las instalaciones de la\u00a0elegaci\u00f3n estatal de la Procuradur\u00eda Federal del Consumidor (PROFECO), este\u00a0lunes 06 de mayo\u00a0la\u00a0coordinaci\u00f3n General del Frente Com\u00fan de Defensa Popular se manifest\u00f3\u00a0en contra de la\u00a0Comisi\u00f3n Federal de Electricidad (CFE) debido a que han estado realizando denuncias en contra\u2026","rel":"","context":"En &quot;CINTILLO&quot;","block_context":{"text":"CINTILLO","link":"http:\/\/www.grieta.org.mx\/index.php\/category\/cintillo\/"},"img":{"alt_text":"","src":"https:\/\/i0.wp.com\/www.grieta.org.mx\/wp-content\/uploads\/2018\/03\/14524434_1106112876131411_958039263622046936_o.jpg?resize=350%2C200","width":350,"height":200,"srcset":"https:\/\/i0.wp.com\/www.grieta.org.mx\/wp-content\/uploads\/2018\/03\/14524434_1106112876131411_958039263622046936_o.jpg?resize=350%2C200 1x, https:\/\/i0.wp.com\/www.grieta.org.mx\/wp-content\/uploads\/2018\/03\/14524434_1106112876131411_958039263622046936_o.jpg?resize=525%2C300 1.5x, https:\/\/i0.wp.com\/www.grieta.org.mx\/wp-content\/uploads\/2018\/03\/14524434_1106112876131411_958039263622046936_o.jpg?resize=700%2C400 2x"},"classes":[]},{"id":49319,"url":"http:\/\/www.grieta.org.mx\/index.php\/2020\/05\/12\/aumenta-cfe-tarifas-de-electricidad-en-compostela-nayait\/","url_meta":{"origin":39078,"position":1},"title":"Aumenta CFE tarifas de electricidad en Compostela (Nayarit)","author":"grieta","date":"12 mayo, 2020","format":false,"excerpt":"Foto: Realidades de Nayarit Est\u00e1 cortando el servicio porque las familias no pueden pagar el recibo Mildra Ben\u00edtez Robledo \/ Realidades de Nayarit Tepic, Nayarit.- Mi\u00e9rcoles 12 de mayo del 2020.- Alrededor de 350 familias de Compostela son las afectadas por las altas tarifas impuestas por la Comisi\u00f3n Federal de\u2026","rel":"","context":"En &quot;CINTILLO&quot;","block_context":{"text":"CINTILLO","link":"http:\/\/www.grieta.org.mx\/index.php\/category\/cintillo\/"},"img":{"alt_text":"","src":"https:\/\/i0.wp.com\/www.grieta.org.mx\/wp-content\/uploads\/2020\/05\/cfe.jpg?resize=350%2C200","width":350,"height":200,"srcset":"https:\/\/i0.wp.com\/www.grieta.org.mx\/wp-content\/uploads\/2020\/05\/cfe.jpg?resize=350%2C200 1x, https:\/\/i0.wp.com\/www.grieta.org.mx\/wp-content\/uploads\/2020\/05\/cfe.jpg?resize=525%2C300 1.5x, https:\/\/i0.wp.com\/www.grieta.org.mx\/wp-content\/uploads\/2020\/05\/cfe.jpg?resize=700%2C400 2x"},"classes":[]},{"id":9152,"url":"http:\/\/www.grieta.org.mx\/index.php\/2015\/07\/16\/protestan-usuarios-de-cfe-en-morelos-contra-altos-cobros\/","url_meta":{"origin":39078,"position":2},"title":"Protestan usuarios de CFE en Morelos contra altos cobros","author":"grieta","date":"16 julio, 2015","format":false,"excerpt":"La Jornada Cuernavaca, Mor. Un centenar de usuarios de la Comisi\u00f3n Federal de Electricidad (CFE) protestaron durante cuatro horas frente a las instalaciones de esta paraestatal para rechazar los altos cobros de energ\u00eda, y para exigir que los usuarios que se han quejado ante la Profeco (por altas tarifas o\u2026","rel":"","context":"En &quot;CINTILLO&quot;","block_context":{"text":"CINTILLO","link":"http:\/\/www.grieta.org.mx\/index.php\/category\/cintillo\/"},"img":{"alt_text":"","src":"https:\/\/i0.wp.com\/www.grieta.org.mx\/wp-content\/uploads\/2018\/03\/14524434_1106112876131411_958039263622046936_o.jpg?resize=350%2C200","width":350,"height":200,"srcset":"https:\/\/i0.wp.com\/www.grieta.org.mx\/wp-content\/uploads\/2018\/03\/14524434_1106112876131411_958039263622046936_o.jpg?resize=350%2C200 1x, https:\/\/i0.wp.com\/www.grieta.org.mx\/wp-content\/uploads\/2018\/03\/14524434_1106112876131411_958039263622046936_o.jpg?resize=525%2C300 1.5x, https:\/\/i0.wp.com\/www.grieta.org.mx\/wp-content\/uploads\/2018\/03\/14524434_1106112876131411_958039263622046936_o.jpg?resize=700%2C400 2x"},"classes":[]},{"id":2963,"url":"http:\/\/www.grieta.org.mx\/index.php\/2016\/09\/06\/lucha-contra-la-cfe-en-campeche-cfe-se-queja-de-perdidas-millonarias-en-la-peninsula\/","url_meta":{"origin":39078,"position":3},"title":"Lucha contra la CFE en Campeche","author":"grieta","date":"6 septiembre, 2016","format":false,"excerpt":"06\/09\/16. Se manifiestan contra CFE con mu\u00f1ecos y pancartas (Campeche) Tribuna 02\/04\/16. Hostigan CFE y gobiernos a Movimiento de Resistencia Civil en Candelaria P\u00e1gin@bierta 26\/10\/15. P\u00e9rdidas de $1,000 millones por robo de electricidad en Yucat\u00e1n, Campeche y QR La Jornada 20\/04\/15. Hostigamiento, provocaci\u00f3n y amenazas de la Comisi\u00f3n Federal de\u2026","rel":"","context":"En &quot;16. Pueblo Maya&quot;","block_context":{"text":"16. Pueblo Maya","link":"http:\/\/www.grieta.org.mx\/index.php\/category\/espejos-de-la-resistencia\/16-pueblo-maya\/"},"img":{"alt_text":"","src":"https:\/\/i0.wp.com\/www.grieta.org.mx\/wp-content\/uploads\/2018\/03\/14524434_1106112876131411_958039263622046936_o.jpg?resize=350%2C200","width":350,"height":200,"srcset":"https:\/\/i0.wp.com\/www.grieta.org.mx\/wp-content\/uploads\/2018\/03\/14524434_1106112876131411_958039263622046936_o.jpg?resize=350%2C200 1x, https:\/\/i0.wp.com\/www.grieta.org.mx\/wp-content\/uploads\/2018\/03\/14524434_1106112876131411_958039263622046936_o.jpg?resize=525%2C300 1.5x, https:\/\/i0.wp.com\/www.grieta.org.mx\/wp-content\/uploads\/2018\/03\/14524434_1106112876131411_958039263622046936_o.jpg?resize=700%2C400 2x"},"classes":[]},{"id":9148,"url":"http:\/\/www.grieta.org.mx\/index.php\/2016\/07\/13\/movilizaciones-contra-la-cfe-y-las-altas-tarifas-de-luz-en-morelos\/","url_meta":{"origin":39078,"position":4},"title":"Movilizaciones contra la CFE y las altas tarifas de luz en Morelos","author":"grieta","date":"13 julio, 2016","format":false,"excerpt":"13\/07\/16. Asesinan en Morelos a ex l\u00edder del SME Morelos Diario 04\/12\/15. Otra protesta contra la CFE; ahora, por el incremento en las tarifas La uni\u00f3n de Morelos 16\/07\/15. Protestan usuarios de CFE en Morelos contra altos cobros La Jornada","rel":"","context":"En &quot;Morelos&quot;","block_context":{"text":"Morelos","link":"http:\/\/www.grieta.org.mx\/index.php\/category\/noticias-nacionales\/morelos\/"},"img":{"alt_text":"","src":"https:\/\/i0.wp.com\/www.grieta.org.mx\/wp-content\/uploads\/2018\/03\/14524434_1106112876131411_958039263622046936_o.jpg?resize=350%2C200","width":350,"height":200,"srcset":"https:\/\/i0.wp.com\/www.grieta.org.mx\/wp-content\/uploads\/2018\/03\/14524434_1106112876131411_958039263622046936_o.jpg?resize=350%2C200 1x, https:\/\/i0.wp.com\/www.grieta.org.mx\/wp-content\/uploads\/2018\/03\/14524434_1106112876131411_958039263622046936_o.jpg?resize=525%2C300 1.5x, https:\/\/i0.wp.com\/www.grieta.org.mx\/wp-content\/uploads\/2018\/03\/14524434_1106112876131411_958039263622046936_o.jpg?resize=700%2C400 2x"},"classes":[]},{"id":31471,"url":"http:\/\/www.grieta.org.mx\/index.php\/2019\/03\/26\/ciudadanos-se-manifiestan-en-rechazo-al-cobro-de-alumbrado-publico\/","url_meta":{"origin":39078,"position":5},"title":"Ciudadanos se manifiestan en rechazo al cobro de alumbrado p\u00fablico","author":"grieta","date":"26 marzo, 2019","format":false,"excerpt":"\u00a0 \u00a0 \u00a0 \u00a0 Brenda Maurer\/\u00d3rale Durango. Este martes poco m\u00e1s 50 personas se manifestaron en el Congreso del Estado, para protestar por el cobro al Derecho de Alumbrado P\u00fablico que hace el Ayuntamiento. Al respecto Jos\u00e9 \u00c1ngel Mejorado Ol\u00e1guez, dirigente de la Organizaci\u00f3n Alianza Ciudadana por Durango, expuso que\u2026","rel":"","context":"En &quot;CINTILLO&quot;","block_context":{"text":"CINTILLO","link":"http:\/\/www.grieta.org.mx\/index.php\/category\/cintillo\/"},"img":{"alt_text":"","src":"https:\/\/i0.wp.com\/www.grieta.org.mx\/wp-content\/uploads\/2019\/03\/img_6627-300x169.jpg?resize=350%2C200","width":350,"height":200},"classes":[]}],"_links":{"self":[{"href":"http:\/\/www.grieta.org.mx\/index.php\/wp-json\/wp\/v2\/posts\/39078","targetHints":{"allow":["GET"]}}],"collection":[{"href":"http:\/\/www.grieta.org.mx\/index.php\/wp-json\/wp\/v2\/posts"}],"about":[{"href":"http:\/\/www.grieta.org.mx\/index.php\/wp-json\/wp\/v2\/types\/post"}],"author":[{"embeddable":true,"href":"http:\/\/www.grieta.org.mx\/index.php\/wp-json\/wp\/v2\/users\/2"}],"replies":[{"embeddable":true,"href":"http:\/\/www.grieta.org.mx\/index.php\/wp-json\/wp\/v2\/comments?post=39078"}],"version-history":[{"count":1,"href":"http:\/\/www.grieta.org.mx\/index.php\/wp-json\/wp\/v2\/posts\/39078\/revisions"}],"predecessor-version":[{"id":39080,"href":"http:\/\/www.grieta.org.mx\/index.php\/wp-json\/wp\/v2\/posts\/39078\/revisions\/39080"}],"wp:featuredmedia":[{"embeddable":true,"href":"http:\/\/www.grieta.org.mx\/index.php\/wp-json\/wp\/v2\/media\/39079"}],"wp:attachment":[{"href":"http:\/\/www.grieta.org.mx\/index.php\/wp-json\/wp\/v2\/media?parent=39078"}],"wp:term":[{"taxonomy":"category","embeddable":true,"href":"http:\/\/www.grieta.org.mx\/index.php\/wp-json\/wp\/v2\/categories?post=39078"},{"taxonomy":"post_tag","embeddable":true,"href":"http:\/\/www.grieta.org.mx\/index.php\/wp-json\/wp\/v2\/tags?post=39078"}],"curies":[{"name":"wp","href":"https:\/\/api.w.org\/{rel}","templated":true}]}}