{"id":3901,"date":"2015-10-03T22:29:03","date_gmt":"2015-10-03T22:29:03","guid":{"rendered":"http:\/\/50.22.11.12\/~grietaor\/?p=3901"},"modified":"2018-05-20T13:10:43","modified_gmt":"2018-05-20T18:10:43","slug":"living-water-tiene-132-proyectos-vinculados-a-agua-potable-en-puebla","status":"publish","type":"post","link":"http:\/\/www.grieta.org.mx\/index.php\/2015\/10\/03\/living-water-tiene-132-proyectos-vinculados-a-agua-potable-en-puebla\/","title":{"rendered":"Living Water tiene 132 proyectos vinculados a agua potable en Puebla"},"content":{"rendered":"<p>octubre 03, 2015<br \/>\nPuebla<\/p>\n<p>La fundaci\u00f3n religiosa estadunidense Living Water, ligada a empresas como Femsa y Chevron a trav\u00e9s de donativos, tiene al menos 132 proyectos vinculados al agua potable en Puebla, seg\u00fan se evidencia en los documentos que la organizaci\u00f3n ha publicado en internet.<\/p>\n<p>En la liga www.water.cc\/ourwork se puede corroborar que los proyectos m\u00e1s importantes para Living Water se encuentran en San Jos\u00e9 Balvanera, Teteles, Tejaluca y La Trinidad, en Tecali de Herrera.<\/p>\n<p>De hecho, el documento The well, Living Water International\u2019s 2013 Annual Review, que registra las actividades de esa organizaci\u00f3n religiosa en el mundo durante ese a\u00f1o y puede tambi\u00e9n ser consultado en internet, consigna que estableci\u00f3 con la Fundaci\u00f3n Coca Cola Femsa el programa \u201cLazos de Agua en M\u00e9xico\u201d, para que aportara 1.55 millones de 3.9 millones de pesos para obras en Puebla, que se extender\u00edan a los estados de Oaxaca y Chiapas.<\/p>\n<p>En el caso de Chevron la empresa de energ\u00e9ticos que utiliza agua para explotar recursos a trav\u00e9s del fracking, Living Water obtuvo en el a\u00f1o 2013 en donaci\u00f3n un equipo de perforaci\u00f3n de origen indio, supuestamente usado en Liberia para dotar de agua potable a la poblaci\u00f3n.<\/p>\n<p>El pasado 26 de agosto, en una rueda de prensa que ofreci\u00f3 en la capital poblana, Roberto Calder\u00f3n Pinz\u00f3n, representante en M\u00e9xico de Living Water, dijo que su organizaci\u00f3n no est\u00e1 en contra de la privatizaci\u00f3n del servicio de distribuci\u00f3n en 25 municipios del estado, \u201csiempre y cuando el agua que se brinde a los pobladores sea sana y saludable\u201d.<\/p>\n<p>Seg\u00fan los reportes period\u00edsticos de esa rueda, Living Water Internacional M\u00e9xico, hizo \u201cextensiva la invitaci\u00f3n a todo el sector religioso del estado de Puebla, incluyendo a las autoridades de las distintas iglesias, fundaciones, asociaciones, instituciones, patronatos, hospitales, comit\u00e9s y organizaciones de orden religioso, entre otras\u201d, para un taller, con los siguientes objetivos:<\/p>\n<p>\u201c1. Brindar informaci\u00f3n actualizada sobre la crisis del agua potable, las condiciones de higiene y saneamiento a nivel mundial, regional y local.<\/p>\n<p>\u201c2. Concientizar (sic) sobre la relaci\u00f3n existente entre la falta agua potable, higiene y saneamiento y las enfermedades prevalentes en las poblaciones vulnerables, incluyendo las tasas de morbilidad y mortalidad asociadas.<\/p>\n<p>\u201c3. Proporcionar una visi\u00f3n general sobre la cooperaci\u00f3n que se proporciona a las comunidades vulnerables en las \u00e1reas espec\u00edficas de agua potable, higiene y saneamiento por parte de LWI\u2013M\u00e9xico.<\/p>\n<p>\u201c4. Reconocer la importante funci\u00f3n actual y potencial del sector religioso en relaci\u00f3n al desarrollo de las comunidades en desventaja y en especial en aquellas que carecen de agua potable y que poseen deficiente saneamiento e higiene.<\/p>\n<p>\u201c5. Generar alianzas estrat\u00e9gicas con el sector religioso, en general, para fortalecer las acciones en lo local en el estado de Puebla.<\/p>\n<p>\u201c6. Definir abordajes estrat\u00e9gicos, objetivos y acciones espec\u00edficas de colaboraci\u00f3n por parte del sector religioso en algunas comunidades del estado de Puebla.<\/p>\n<p>\u201c7. Conformar el Comit\u00e9 Permanente de trabajo del sector religioso del estado de Puebla con la finalidad de desarrollar acciones de seguimiento, apoyo e identificaci\u00f3n de posibilidades de cooperaci\u00f3n en referencia a los Planes de acci\u00f3n elaborados para el beneficio de las comunidades vulnerables en el estado de Puebla\u201d.<\/p>\n<p>Living Water International se presenta como una \u201corganizaci\u00f3n sin fines de lucro, surge en el a\u00f1o de 1990 en el contexto del dificil acceso al agua potable, a la higiene y al saneamiento en comunidades vulnerables alrededor del mundo. Living Water International se encuentra en 26 pa\u00edses y a nivel global ha desarrollado m\u00e1s de 6 mil 500 proyectos de agua potable, aunado a programas de higiene y saneamiento. En Las Am\u00e9ricas, Living Water International desarrolla acciones en Estados Unidos, Guatemala, El Salvador, Honduras, Nicaragua, Per\u00fa, Hait\u00ed y en M\u00e9xico desde 2007\u201d.<\/p>\n<p><a href=\"http:\/\/aguaparatodos.org.mx\/living-water-tiene-132-proyectos-vinculados-a-agua-potable-en-puebla\/\" target=\"_blank\" rel=\"noopener\">http:\/\/aguaparatodos.org.mx\/living-water-tiene-132-proyectos-vinculados-a-agua-potable-en-puebla\/<\/a><\/p>\n","protected":false},"excerpt":{"rendered":"<p>octubre 03, 2015 Puebla La fundaci\u00f3n religiosa estadunidense Living Water, ligada a empresas como Femsa y Chevron a trav\u00e9s de donativos, tiene al menos 132 proyectos vinculados al agua potable &hellip; <a href=\"http:\/\/www.grieta.org.mx\/index.php\/2015\/10\/03\/living-water-tiene-132-proyectos-vinculados-a-agua-potable-en-puebla\/\" class=\"more-link\">Leer m\u00e1s<\/a><\/p>\n","protected":false},"author":2,"featured_media":21928,"comment_status":"closed","ping_status":"open","sticky":false,"template":"","format":"standard","meta":{"ngg_post_thumbnail":0,"_jetpack_newsletter_access":"","_jetpack_dont_email_post_to_subs":false,"_jetpack_newsletter_tier_id":0,"_jetpack_memberships_contains_paywalled_content":false,"_jetpack_memberships_contains_paid_content":false,"footnotes":""},"categories":[80,2,1253,26],"tags":[224,273],"class_list":["post-3901","post","type-post","status-publish","format-standard","has-post-thumbnail","hentry","category-cintillo","category-noticias-nacionales","category-privatizacion-del-agua-y-el-drenaje-en-puebla","category-puebla","tag-agua","tag-fracking","entry"],"jetpack_featured_media_url":"http:\/\/www.grieta.org.mx\/wp-content\/uploads\/2018\/03\/14524434_1106112876131411_958039263622046936_o.jpg","jetpack_sharing_enabled":true,"jetpack_shortlink":"https:\/\/wp.me\/p7ZJR4-10V","jetpack_likes_enabled":false,"jetpack-related-posts":[{"id":12457,"url":"http:\/\/www.grieta.org.mx\/index.php\/2016\/09\/05\/pobladores-de-ocotepec-contra-empresa-living-water-puebla\/","url_meta":{"origin":3901,"position":0},"title":"Pobladores de Ocotepec contra empresa Living Water (Puebla)","author":"grieta","date":"5 septiembre, 2016","format":false,"excerpt":"05\/09\/16. Acusan a minera Almaden de no querer pagar regal\u00edas en Ixtacamaxtitl\u00e1n (Puebla) La Jornada de Oriente 29\/08\/16. Advierten en Ocotepec que agua ser\u00eda para minera Almaden (Puebla) La Jornada de Oriente 18\/03\/16. La trasnacional Living Water instala obra en municipio vecino a Ocotepec pese al malestar ciudadano (Puebla) La\u2026","rel":"","context":"En &quot;NOTICIAS NACIONALES&quot;","block_context":{"text":"NOTICIAS NACIONALES","link":"http:\/\/www.grieta.org.mx\/index.php\/category\/noticias-nacionales\/"},"img":{"alt_text":"","src":"https:\/\/i0.wp.com\/www.grieta.org.mx\/wp-content\/uploads\/2018\/03\/14524434_1106112876131411_958039263622046936_o.jpg?resize=350%2C200","width":350,"height":200,"srcset":"https:\/\/i0.wp.com\/www.grieta.org.mx\/wp-content\/uploads\/2018\/03\/14524434_1106112876131411_958039263622046936_o.jpg?resize=350%2C200 1x, https:\/\/i0.wp.com\/www.grieta.org.mx\/wp-content\/uploads\/2018\/03\/14524434_1106112876131411_958039263622046936_o.jpg?resize=525%2C300 1.5x, https:\/\/i0.wp.com\/www.grieta.org.mx\/wp-content\/uploads\/2018\/03\/14524434_1106112876131411_958039263622046936_o.jpg?resize=700%2C400 2x"},"classes":[]},{"id":12462,"url":"http:\/\/www.grieta.org.mx\/index.php\/2016\/03\/18\/la-trasnacional-living-water-instala-obra-en-municipio-vecino-a-ocotepec-pese-al-malestar-ciudadano-puebla\/","url_meta":{"origin":3901,"position":1},"title":"La trasnacional Living Water instala obra en municipio vecino a Ocotepec pese al malestar ciudadano (Puebla)","author":"grieta","date":"18 marzo, 2016","format":false,"excerpt":"Por Yadira Llaven Anzures La fundaci\u00f3n estadounidense Living Water, ligada a las trasnacionales Femsa y Chevron, instal\u00f3 un nuevo tanque de almacenamiento en la comunidad de La Gloria, en el municipio de Cuyoaco, sin consultar a la poblaci\u00f3n de origen ind\u00edgena, inform\u00f3 el comisariado ejidal de Ocotepec, Oswaldo Villegas. La\u2026","rel":"","context":"En &quot;CINTILLO&quot;","block_context":{"text":"CINTILLO","link":"http:\/\/www.grieta.org.mx\/index.php\/category\/cintillo\/"},"img":{"alt_text":"","src":"https:\/\/i0.wp.com\/www.grieta.org.mx\/wp-content\/uploads\/2018\/03\/14524434_1106112876131411_958039263622046936_o.jpg?resize=350%2C200","width":350,"height":200,"srcset":"https:\/\/i0.wp.com\/www.grieta.org.mx\/wp-content\/uploads\/2018\/03\/14524434_1106112876131411_958039263622046936_o.jpg?resize=350%2C200 1x, https:\/\/i0.wp.com\/www.grieta.org.mx\/wp-content\/uploads\/2018\/03\/14524434_1106112876131411_958039263622046936_o.jpg?resize=525%2C300 1.5x, https:\/\/i0.wp.com\/www.grieta.org.mx\/wp-content\/uploads\/2018\/03\/14524434_1106112876131411_958039263622046936_o.jpg?resize=700%2C400 2x"},"classes":[]},{"id":3906,"url":"http:\/\/www.grieta.org.mx\/index.php\/2015\/11\/03\/ocotepec-enfrenta-guerra-por-el-agua-promovida-por-edil-priista-y-fundacion-ligada-a-coca-cola\/","url_meta":{"origin":3901,"position":2},"title":"Ocotepec enfrenta \u201cguerra por el agua\u201d promovida por edil priista y fundaci\u00f3n ligada a Coca-Cola","author":"grieta","date":"3 noviembre, 2015","format":false,"excerpt":"noviembre 03, 2015 Aldabi Olvera, Puebla Cuando rompieron los vidrios de su casa, cuando vio a la polic\u00eda ministerial merodeando por las calles de su pueblo, cuando llegaron los militares cay\u00f3 en cuenta: Esto es la guerra misma. Una guerra por el abundante agua del municipio donde vive. Don Mario\u2026","rel":"","context":"En &quot;CINTILLO&quot;","block_context":{"text":"CINTILLO","link":"http:\/\/www.grieta.org.mx\/index.php\/category\/cintillo\/"},"img":{"alt_text":"","src":"https:\/\/i0.wp.com\/www.grieta.org.mx\/wp-content\/uploads\/2018\/03\/14524434_1106112876131411_958039263622046936_o.jpg?resize=350%2C200","width":350,"height":200,"srcset":"https:\/\/i0.wp.com\/www.grieta.org.mx\/wp-content\/uploads\/2018\/03\/14524434_1106112876131411_958039263622046936_o.jpg?resize=350%2C200 1x, https:\/\/i0.wp.com\/www.grieta.org.mx\/wp-content\/uploads\/2018\/03\/14524434_1106112876131411_958039263622046936_o.jpg?resize=525%2C300 1.5x, https:\/\/i0.wp.com\/www.grieta.org.mx\/wp-content\/uploads\/2018\/03\/14524434_1106112876131411_958039263622046936_o.jpg?resize=700%2C400 2x"},"classes":[]},{"id":27862,"url":"http:\/\/www.grieta.org.mx\/index.php\/2018\/12\/08\/registran-organizaciones-11-procesos-de-despojo-por-proyectos-extractivos-puebla\/","url_meta":{"origin":3901,"position":3},"title":"Registran organizaciones 11 procesos de despojo por proyectos extractivos (Puebla)","author":"grieta","date":"8 diciembre, 2018","format":false,"excerpt":"Maritza Mena \/ El Sol de Puebla En Puebla se documentaron 11 casos desde el 2014 de despojo del territorio por proyectos extractivos y de infraestructura para favorecer a empresas multinacionales, adem\u00e1s del asesinato de defensores de los derechos humamos de los pueblos ind\u00edgenas, de acuerdo con el Informe de\u2026","rel":"","context":"En &quot;26. Sierra Puebla&quot;","block_context":{"text":"26. Sierra Puebla","link":"http:\/\/www.grieta.org.mx\/index.php\/category\/espejos-de-la-resistencia\/26-sierra-puebla\/"},"img":{"alt_text":"","src":"https:\/\/i0.wp.com\/www.grieta.org.mx\/wp-content\/uploads\/2018\/12\/meztli-sarabia.jpg?resize=350%2C200","width":350,"height":200,"srcset":"https:\/\/i0.wp.com\/www.grieta.org.mx\/wp-content\/uploads\/2018\/12\/meztli-sarabia.jpg?resize=350%2C200 1x, https:\/\/i0.wp.com\/www.grieta.org.mx\/wp-content\/uploads\/2018\/12\/meztli-sarabia.jpg?resize=525%2C300 1.5x, https:\/\/i0.wp.com\/www.grieta.org.mx\/wp-content\/uploads\/2018\/12\/meztli-sarabia.jpg?resize=700%2C400 2x"},"classes":[]},{"id":35633,"url":"http:\/\/www.grieta.org.mx\/index.php\/2019\/06\/20\/acusan-a-edil-de-san-martin-texmelucan-de-intentar-privatizar-el-agua-potable-puebla\/","url_meta":{"origin":3901,"position":4},"title":"Acusan a edil de San Mart\u00edn Texmelucan de intentar privatizar el agua potable (Puebla)","author":"Admin","date":"20 junio, 2019","format":false,"excerpt":"M\u00f3nica Camacho \/ LA JORNADA DE ORIENTE Integrantes del Movimiento en Defensa del Agua de San Mart\u00edn Texmelucan protestaron en el Congreso de Puebla para denunciar que la presidente de ese municipio, Mar\u00eda Norma Lay\u00f3n Aar\u00fan, pretende privatizar el servicio de agua potable. Exigieron la intervenci\u00f3n del Poder Legislativo local\u2026","rel":"","context":"En &quot;CINTILLO&quot;","block_context":{"text":"CINTILLO","link":"http:\/\/www.grieta.org.mx\/index.php\/category\/cintillo\/"},"img":{"alt_text":"","src":"https:\/\/i0.wp.com\/www.grieta.org.mx\/wp-content\/uploads\/2019\/06\/190619DCmanifestacion04.jpg?resize=350%2C200","width":350,"height":200,"srcset":"https:\/\/i0.wp.com\/www.grieta.org.mx\/wp-content\/uploads\/2019\/06\/190619DCmanifestacion04.jpg?resize=350%2C200 1x, https:\/\/i0.wp.com\/www.grieta.org.mx\/wp-content\/uploads\/2019\/06\/190619DCmanifestacion04.jpg?resize=525%2C300 1.5x, https:\/\/i0.wp.com\/www.grieta.org.mx\/wp-content\/uploads\/2019\/06\/190619DCmanifestacion04.jpg?resize=700%2C400 2x, https:\/\/i0.wp.com\/www.grieta.org.mx\/wp-content\/uploads\/2019\/06\/190619DCmanifestacion04.jpg?resize=1050%2C600 3x"},"classes":[]},{"id":20937,"url":"http:\/\/www.grieta.org.mx\/index.php\/2016\/08\/26\/exigen-revertir-privatizacion-del-agua-y-modificar-ciclovia-en-puebla\/","url_meta":{"origin":3901,"position":5},"title":"Exigen revertir privatizaci\u00f3n del agua y modificar ciclov\u00eda en Puebla","author":"grieta","date":"26 agosto, 2016","format":false,"excerpt":"Por V\u00edctor Hugo Ju\u00e1rez Distintas organizaciones de la sociedad civil se manifestaron en las instalaciones del Congreso del Estado para entregar mil 122 firmas m\u00e1s que buscan revertir la privatizaci\u00f3n del servicio de agua potable, as\u00ed como pedir nuevas modificaciones al proyecto de la ciclov\u00eda en el Bulevar Hermanos Serd\u00e1n\u2026","rel":"","context":"En &quot;CINTILLO&quot;","block_context":{"text":"CINTILLO","link":"http:\/\/www.grieta.org.mx\/index.php\/category\/cintillo\/"},"img":{"alt_text":"","src":"https:\/\/i0.wp.com\/www.grieta.org.mx\/wp-content\/uploads\/2018\/03\/14524434_1106112876131411_958039263622046936_o.jpg?resize=350%2C200","width":350,"height":200,"srcset":"https:\/\/i0.wp.com\/www.grieta.org.mx\/wp-content\/uploads\/2018\/03\/14524434_1106112876131411_958039263622046936_o.jpg?resize=350%2C200 1x, https:\/\/i0.wp.com\/www.grieta.org.mx\/wp-content\/uploads\/2018\/03\/14524434_1106112876131411_958039263622046936_o.jpg?resize=525%2C300 1.5x, https:\/\/i0.wp.com\/www.grieta.org.mx\/wp-content\/uploads\/2018\/03\/14524434_1106112876131411_958039263622046936_o.jpg?resize=700%2C400 2x"},"classes":[]}],"_links":{"self":[{"href":"http:\/\/www.grieta.org.mx\/index.php\/wp-json\/wp\/v2\/posts\/3901","targetHints":{"allow":["GET"]}}],"collection":[{"href":"http:\/\/www.grieta.org.mx\/index.php\/wp-json\/wp\/v2\/posts"}],"about":[{"href":"http:\/\/www.grieta.org.mx\/index.php\/wp-json\/wp\/v2\/types\/post"}],"author":[{"embeddable":true,"href":"http:\/\/www.grieta.org.mx\/index.php\/wp-json\/wp\/v2\/users\/2"}],"replies":[{"embeddable":true,"href":"http:\/\/www.grieta.org.mx\/index.php\/wp-json\/wp\/v2\/comments?post=3901"}],"version-history":[{"count":1,"href":"http:\/\/www.grieta.org.mx\/index.php\/wp-json\/wp\/v2\/posts\/3901\/revisions"}],"predecessor-version":[{"id":23235,"href":"http:\/\/www.grieta.org.mx\/index.php\/wp-json\/wp\/v2\/posts\/3901\/revisions\/23235"}],"wp:featuredmedia":[{"embeddable":true,"href":"http:\/\/www.grieta.org.mx\/index.php\/wp-json\/wp\/v2\/media\/21928"}],"wp:attachment":[{"href":"http:\/\/www.grieta.org.mx\/index.php\/wp-json\/wp\/v2\/media?parent=3901"}],"wp:term":[{"taxonomy":"category","embeddable":true,"href":"http:\/\/www.grieta.org.mx\/index.php\/wp-json\/wp\/v2\/categories?post=3901"},{"taxonomy":"post_tag","embeddable":true,"href":"http:\/\/www.grieta.org.mx\/index.php\/wp-json\/wp\/v2\/tags?post=3901"}],"curies":[{"name":"wp","href":"https:\/\/api.w.org\/{rel}","templated":true}]}}