{"id":3898,"date":"2015-09-16T21:51:04","date_gmt":"2015-09-16T21:51:04","guid":{"rendered":"http:\/\/50.22.11.12\/~grietaor\/?p=3898"},"modified":"2016-03-18T21:57:48","modified_gmt":"2016-03-18T21:57:48","slug":"se-organizan-contra-fracking-en-limites-entre-puebla-y-veracruz","status":"publish","type":"post","link":"http:\/\/www.grieta.org.mx\/index.php\/2015\/09\/16\/se-organizan-contra-fracking-en-limites-entre-puebla-y-veracruz\/","title":{"rendered":"Se organizan contra fracking en l\u00edmites entre Puebla y Veracruz"},"content":{"rendered":"<p>septiembre 16, 2015<br \/>\nLeticia \u00c1nimas Vargas, Sierra Norte de Puebla<\/p>\n<p>Pobladores de n\u00facleos ejidales de la regi\u00f3n del Totonacapan, constituyeron en Papantla un Comit\u00e9 de Defensa territorial.<\/p>\n<p>Para hacer frente a la \u201camenaza\u201d que representa para sus tierras y r\u00edos la explotaci\u00f3n petrolera por medio de la fractura hidr\u00e1ulica (fracking), pobladores de n\u00facleos ejidales de la regi\u00f3n del Totonacapan, constituyeron en Papantla un Comit\u00e9 de Defensa territorial.<\/p>\n<p>Tras una reuni\u00f3n informativa realizada en la cancha techada del ejido \u201cRafael Rosas\u201d del municipio veracruzano considerado el primer productor de vainilla en el pa\u00eds, los campesinos indicaron que aunque Pemex y el gobierno les han ocultado informaci\u00f3n sobre el uso de la fracturaci\u00f3n hidr\u00e1ulica (fracking) en el Totonacapan y la Huasteca, las consecuencias han empezado a sentirse en la regi\u00f3n.<\/p>\n<p>A la cita acudieron pobladores de Plan de Lim\u00f3n, \u00darsulo Galv\u00e1n, Paso de las Limas, Solteros de San Juan, Isla de Juan Rosas, El Remolino y Arroyo Verde entre otros, todos ellos incluidos en la provincia geol\u00f3gica Tampico-Misantla e incluidos en las Rondas 0 y 1, que son los nuevos esquemas de subasta de zonas para la exploraci\u00f3n de hidrocarburos definidos tras la Reforma Energ\u00e9tica.<\/p>\n<p>Los ejidatarios se enteraron \u201cde la voracidad de las empresas\u201d que en lugar de buscar fuentes alternativas de energ\u00eda, se est\u00e1n dedicando a buscar petr\u00f3leo y gas en \u201clugares m\u00e1s peligrosos\u201d y para sacarlos est\u00e1n usando t\u00e9cnicas nocivas como la fractura hidr\u00e1ulica que emplea agua en grandes cantidades, combinada con unas 600 sustancias t\u00f3xicas que a la fecha no se sabe exactamente cu\u00e1les son, pero liberan metales pesados y \u00e1cidos, producen inestabilidad del suelo y, por lo tanto sismos.<\/p>\n<p>Ahora saben que s\u00f3lo en Papantla, seg\u00fan datos de FUNDAR, se han abierto 172 pozos con fractura hidr\u00e1ulica, casi el 50 por ciento de los 347 que PEMEX, por medio de una respuesta a una solicitud de informaci\u00f3n p\u00fablica, acept\u00f3 que existen en el estado de Veracruz.<\/p>\n<p>De los ejidos asistentes, se tiene informaci\u00f3n de que en \u00darsulo Galv\u00e1n hay dos pozos de fracking y en El Remolino hay cuatro, por ejemplo, y PEMEX no ha confirmado ni desmentido esta informaci\u00f3n, pero en la zona son constantes los derrames de hidrocarburos y todo mundo los atribuye a la nueva y \u201cnociva\u201d t\u00e9cnica de exploraci\u00f3n.<\/p>\n<p>Y aunque es la fracturaci\u00f3n hidr\u00e1ulica lo que tienen m\u00e1s cerca y lo que m\u00e1s han padecido, los ejidatarios tambi\u00e9n se pronunciaron en contra de los denominados proyectos de muerte, como la explotaci\u00f3n minera y la construcci\u00f3n de hidroel\u00e9ctricas, que \u201cs\u00f3lo traen devastaci\u00f3n y tristeza a sus territorios\u201d.<\/p>\n<p>Los campesinos se comprometieron a replicar la informaci\u00f3n que conocen y a realizar una pr\u00f3xima asamblea en el mes de octubre para que asistan representaciones de los ejidos que ahora no pudieron acudir.<\/p>\n<p>Los datos del fracking<\/p>\n<p>Adem\u00e1s de los ubicados en el norte veracruzano, de acuerdo con PEMEX, en el estado de Puebla se han abierto con fracking 233 pozos petroleros. Ciento veintiuno en Francisco Z. Mena, 98 en Venustiano Carranza y 14 en Pantepec, todos ellos ubicados tambi\u00e9n en la provincia geol\u00f3gica Tampico-Misantla donde est\u00e1 el yacimiento Paleocanal de Chicontepec.<\/p>\n<p>Tambi\u00e9n se sabe que m\u00e1s de un centenar de municipios de cuatro estados de la Huasteca y el Totonacapan se encuentran amenazados por el fracking, y est\u00e1n incluidos en las rondas 0 y 1 de la Secretar\u00eda de Energ\u00eda, de acuerdo con los mapas de Advanced Resources Internacional.<\/p>\n<p>En Veracruz son 49 los municipios en riesgo inminente por esta pr\u00e1ctica: en Puebla, 22; en Hidalgo, 21; y en San Luis Potos\u00ed, 18, todos ellos son territorio de los pueblos nahua, tenek, otom\u00ed, tepehua y totonaku.<\/p>\n<p>Otra versi\u00f3n oficial<\/p>\n<p>En marzo pasado, la Direcci\u00f3n de Comunicaci\u00f3n del estado de Veracruz, indic\u00f3 que no han recibido denuncias oficiales sobre la pr\u00e1ctica del fracking y asegur\u00f3 que su uso no es una decisi\u00f3n de orden local o estatal, \u201csino nacional\u201d.<\/p>\n<p>La dependencia asever\u00f3 que \u201cno existe evidencia de que el fracking ocasione sismos y diversos tipo de c\u00e1ncer, como lo han manifestados los grupos ambientalistas. Nosotros no tenemos nada comprobado, no hay ning\u00fan especialista que lo haya determinado\u201d.<\/p>\n<p><a href=\"http:\/\/municipiospuebla.com.mx\/nota\/2015-09-16\/interiores\/se-organizan-contra-fracking-en-l%C3%ADmites-entre-puebla-y-veracruz\" target=\"_blank\">http:\/\/municipiospuebla.com.mx\/nota\/2015-09-16\/interiores\/se-organizan-contra-fracking-en-l%C3%ADmites-entre-puebla-y-veracruz<\/a><\/p>\n","protected":false},"excerpt":{"rendered":"<p>septiembre 16, 2015 Leticia \u00c1nimas Vargas, Sierra Norte de Puebla Pobladores de n\u00facleos ejidales de la regi\u00f3n del Totonacapan, constituyeron en Papantla un Comit\u00e9 de Defensa territorial. Para hacer frente &hellip; <a href=\"http:\/\/www.grieta.org.mx\/index.php\/2015\/09\/16\/se-organizan-contra-fracking-en-limites-entre-puebla-y-veracruz\/\" class=\"more-link\">Leer m\u00e1s<\/a><\/p>\n","protected":false},"author":2,"featured_media":21928,"comment_status":"closed","ping_status":"open","sticky":false,"template":"","format":"standard","meta":{"ngg_post_thumbnail":0,"_jetpack_newsletter_access":"","_jetpack_dont_email_post_to_subs":false,"_jetpack_newsletter_tier_id":0,"_jetpack_memberships_contains_paywalled_content":false,"_jetpack_memberships_contains_paid_content":false,"footnotes":""},"categories":[80],"tags":[273],"class_list":["post-3898","post","type-post","status-publish","format-standard","has-post-thumbnail","hentry","category-cintillo","tag-fracking","entry"],"jetpack_featured_media_url":"http:\/\/www.grieta.org.mx\/wp-content\/uploads\/2018\/03\/14524434_1106112876131411_958039263622046936_o.jpg","jetpack_sharing_enabled":true,"jetpack_shortlink":"https:\/\/wp.me\/p7ZJR4-10S","jetpack_likes_enabled":false,"jetpack-related-posts":[{"id":8251,"url":"http:\/\/www.grieta.org.mx\/index.php\/2015\/09\/16\/se-organizan-contra-fracking-en-limites-entre-puebla-y-veracruz-2\/","url_meta":{"origin":3898,"position":0},"title":"Se organizan contra fracking en l\u00edmites entre Puebla y Veracruz","author":"Admin","date":"16 septiembre, 2015","format":false,"excerpt":"Pobladores de n\u00facleos ejidales de la regi\u00f3n del Totonacapan, constituyeron en Papantla un Comit\u00e9 de Defensa territorial. Sierra Norte.- Para hacer frente a la \u201camenaza\u201d que representa para sus tierras y r\u00edos la explotaci\u00f3n petrolera por medio de la fractura hidr\u00e1ulica (fracking), pobladores de n\u00facleos ejidales de la regi\u00f3n del\u2026","rel":"","context":"En &quot;CINTILLO&quot;","block_context":{"text":"CINTILLO","link":"http:\/\/www.grieta.org.mx\/index.php\/category\/cintillo\/"},"img":{"alt_text":"","src":"https:\/\/i0.wp.com\/www.grieta.org.mx\/wp-content\/uploads\/2018\/03\/14524434_1106112876131411_958039263622046936_o.jpg?resize=350%2C200","width":350,"height":200,"srcset":"https:\/\/i0.wp.com\/www.grieta.org.mx\/wp-content\/uploads\/2018\/03\/14524434_1106112876131411_958039263622046936_o.jpg?resize=350%2C200 1x, https:\/\/i0.wp.com\/www.grieta.org.mx\/wp-content\/uploads\/2018\/03\/14524434_1106112876131411_958039263622046936_o.jpg?resize=525%2C300 1.5x, https:\/\/i0.wp.com\/www.grieta.org.mx\/wp-content\/uploads\/2018\/03\/14524434_1106112876131411_958039263622046936_o.jpg?resize=700%2C400 2x"},"classes":[]},{"id":3893,"url":"http:\/\/www.grieta.org.mx\/index.php\/2015\/06\/25\/rechazan-fracking-organizaciones-del-totonacapan-y-la-huasteca\/","url_meta":{"origin":3898,"position":1},"title":"Rechazan fracking organizaciones del Totonacapan y la Huasteca","author":"grieta","date":"25 junio, 2015","format":false,"excerpt":"junio 25, 2015 Leticia \u00c1nimas Vargas, Huauchinango, Pue. Aunque Petr\u00f3leos Mexicanos (Pemex) y el gobierno han ocultado informaci\u00f3n sobre el uso de la fracturaci\u00f3n hidr\u00e1ulica (fracking) en el Totonacapan y la Huasteca poblana y veracruzana, las consecuencias de su pr\u00e1ctica han empezado a sentirse en la regi\u00f3n, se\u00f1alaron miembros de\u2026","rel":"","context":"En &quot;CINTILLO&quot;","block_context":{"text":"CINTILLO","link":"http:\/\/www.grieta.org.mx\/index.php\/category\/cintillo\/"},"img":{"alt_text":"","src":"https:\/\/i0.wp.com\/www.grieta.org.mx\/wp-content\/uploads\/2018\/03\/14524434_1106112876131411_958039263622046936_o.jpg?resize=350%2C200","width":350,"height":200,"srcset":"https:\/\/i0.wp.com\/www.grieta.org.mx\/wp-content\/uploads\/2018\/03\/14524434_1106112876131411_958039263622046936_o.jpg?resize=350%2C200 1x, https:\/\/i0.wp.com\/www.grieta.org.mx\/wp-content\/uploads\/2018\/03\/14524434_1106112876131411_958039263622046936_o.jpg?resize=525%2C300 1.5x, https:\/\/i0.wp.com\/www.grieta.org.mx\/wp-content\/uploads\/2018\/03\/14524434_1106112876131411_958039263622046936_o.jpg?resize=700%2C400 2x"},"classes":[]},{"id":70676,"url":"http:\/\/www.grieta.org.mx\/index.php\/2024\/04\/18\/con-amparo-van-contra-el-fracking-14-comunidades-totonacas\/","url_meta":{"origin":3898,"position":2},"title":"Con amparo, van contra el fracking 14 comunidades totonacas","author":"Admin","date":"18 abril, 2024","format":false,"excerpt":"Habitantes de la regi\u00f3n del Totonacapan acusan que que el fracking afecta su patrimonio biocultural y viola sus derechos humanos Francisco de Luna \/ E-consulta Veracruz Xalapa, Ver.\u2014 La Asociaci\u00f3n Interamericana para la Defensa del Ambiente (AIDA) promovi\u00f3 amparos contra el uso del fracking en 14 comunidades. Buscan defender el\u2026","rel":"","context":"En &quot;CINTILLO&quot;","block_context":{"text":"CINTILLO","link":"http:\/\/www.grieta.org.mx\/index.php\/category\/cintillo\/"},"img":{"alt_text":"","src":"https:\/\/i0.wp.com\/www.grieta.org.mx\/wp-content\/uploads\/2024\/12\/imagen_2024-04-18_155410810.webp?resize=350%2C200","width":350,"height":200,"srcset":"https:\/\/i0.wp.com\/www.grieta.org.mx\/wp-content\/uploads\/2024\/12\/imagen_2024-04-18_155410810.webp?resize=350%2C200 1x, https:\/\/i0.wp.com\/www.grieta.org.mx\/wp-content\/uploads\/2024\/12\/imagen_2024-04-18_155410810.webp?resize=525%2C300 1.5x"},"classes":[]},{"id":8288,"url":"http:\/\/www.grieta.org.mx\/index.php\/2015\/06\/20\/crean-frente-para-frenar-el-fracking-en-el-totonacapan-y-la-huasteca\/","url_meta":{"origin":3898,"position":3},"title":"Crean frente para frenar el Fracking en el Totonacapan y la Huasteca","author":"Admin","date":"20 junio, 2015","format":false,"excerpt":"Xalapa, Ver. Con la reforma energ\u00e9tica se prev\u00e9n desastres ambientales en el estado de Veracruz, por lo que organizaciones civiles realizar\u00e1n un encuentro este fin de semana, en Papantla. Guillermo Rodr\u00edguez Curiel, l\u00edder de La Asamblea Veracruzana de Iniciativas en Defensa Ambiental (Lavida) indic\u00f3 que colectivos en defensa del territorio,\u2026","rel":"","context":"En &quot;CINTILLO&quot;","block_context":{"text":"CINTILLO","link":"http:\/\/www.grieta.org.mx\/index.php\/category\/cintillo\/"},"img":{"alt_text":"","src":"https:\/\/i0.wp.com\/www.grieta.org.mx\/wp-content\/uploads\/2018\/03\/14524434_1106112876131411_958039263622046936_o.jpg?resize=350%2C200","width":350,"height":200,"srcset":"https:\/\/i0.wp.com\/www.grieta.org.mx\/wp-content\/uploads\/2018\/03\/14524434_1106112876131411_958039263622046936_o.jpg?resize=350%2C200 1x, https:\/\/i0.wp.com\/www.grieta.org.mx\/wp-content\/uploads\/2018\/03\/14524434_1106112876131411_958039263622046936_o.jpg?resize=525%2C300 1.5x, https:\/\/i0.wp.com\/www.grieta.org.mx\/wp-content\/uploads\/2018\/03\/14524434_1106112876131411_958039263622046936_o.jpg?resize=700%2C400 2x"},"classes":[]},{"id":8255,"url":"http:\/\/www.grieta.org.mx\/index.php\/2015\/07\/19\/la-region-del-totonacapan-plagada-de-terrenos-licitados-para-el-fracking-denuncian\/","url_meta":{"origin":3898,"position":4},"title":"La regi\u00f3n del Totonacapan plagada de terrenos licitados para el fracking, denuncian","author":"Admin","date":"19 julio, 2015","format":false,"excerpt":"En todo Veracruz, los pobladores se han organizado para defender los r\u00edos de explotaci\u00f3n por empresas privadas que autoriz\u00f3 Javier Duarte y gobierno de EPN Xalapa, Ver.- La regi\u00f3n del Totonacapan est\u00e1 plagada de pozos petroleros y terrenos licitados para el fracking, lo que est\u00e1 relacionado con los proyectos de\u2026","rel":"","context":"En &quot;CINTILLO&quot;","block_context":{"text":"CINTILLO","link":"http:\/\/www.grieta.org.mx\/index.php\/category\/cintillo\/"},"img":{"alt_text":"","src":"https:\/\/i0.wp.com\/www.grieta.org.mx\/wp-content\/uploads\/2018\/03\/14524434_1106112876131411_958039263622046936_o.jpg?resize=350%2C200","width":350,"height":200,"srcset":"https:\/\/i0.wp.com\/www.grieta.org.mx\/wp-content\/uploads\/2018\/03\/14524434_1106112876131411_958039263622046936_o.jpg?resize=350%2C200 1x, https:\/\/i0.wp.com\/www.grieta.org.mx\/wp-content\/uploads\/2018\/03\/14524434_1106112876131411_958039263622046936_o.jpg?resize=525%2C300 1.5x, https:\/\/i0.wp.com\/www.grieta.org.mx\/wp-content\/uploads\/2018\/03\/14524434_1106112876131411_958039263622046936_o.jpg?resize=700%2C400 2x"},"classes":[]},{"id":8213,"url":"http:\/\/www.grieta.org.mx\/index.php\/2016\/03\/10\/fracking-en-veracruz\/","url_meta":{"origin":3898,"position":5},"title":"Fracking en Veracruz","author":"Admin","date":"10 marzo, 2016","format":false,"excerpt":"Desaparece el R\u00edo Atoyac, ambientalistas culpan al fracking 03\/03\/16. #Veracruz: Enorme cr\u00e1ter se \u2018traga\u2019 al R\u00edo Atoyac; ambientalistas culpan al \u2018fracking\u2019 Anonymous Hispano Oposici\u00f3n al Fracking en Veracruz 10\/03\/16. Protestan contra el fracking durante marcha UV en Poza Rica E-consulta Veracruz 03\/03\/16. Miles en Puebla y Veracruz rechazan fracking para\u2026","rel":"","context":"En &quot;Fracking&quot;","block_context":{"text":"Fracking","link":"http:\/\/www.grieta.org.mx\/index.php\/category\/megaproyectos\/fracking\/"},"img":{"alt_text":"","src":"https:\/\/i0.wp.com\/www.grieta.org.mx\/wp-content\/uploads\/2018\/03\/14524434_1106112876131411_958039263622046936_o.jpg?resize=350%2C200","width":350,"height":200,"srcset":"https:\/\/i0.wp.com\/www.grieta.org.mx\/wp-content\/uploads\/2018\/03\/14524434_1106112876131411_958039263622046936_o.jpg?resize=350%2C200 1x, https:\/\/i0.wp.com\/www.grieta.org.mx\/wp-content\/uploads\/2018\/03\/14524434_1106112876131411_958039263622046936_o.jpg?resize=525%2C300 1.5x, https:\/\/i0.wp.com\/www.grieta.org.mx\/wp-content\/uploads\/2018\/03\/14524434_1106112876131411_958039263622046936_o.jpg?resize=700%2C400 2x"},"classes":[]}],"_links":{"self":[{"href":"http:\/\/www.grieta.org.mx\/index.php\/wp-json\/wp\/v2\/posts\/3898","targetHints":{"allow":["GET"]}}],"collection":[{"href":"http:\/\/www.grieta.org.mx\/index.php\/wp-json\/wp\/v2\/posts"}],"about":[{"href":"http:\/\/www.grieta.org.mx\/index.php\/wp-json\/wp\/v2\/types\/post"}],"author":[{"embeddable":true,"href":"http:\/\/www.grieta.org.mx\/index.php\/wp-json\/wp\/v2\/users\/2"}],"replies":[{"embeddable":true,"href":"http:\/\/www.grieta.org.mx\/index.php\/wp-json\/wp\/v2\/comments?post=3898"}],"version-history":[{"count":1,"href":"http:\/\/www.grieta.org.mx\/index.php\/wp-json\/wp\/v2\/posts\/3898\/revisions"}],"predecessor-version":[{"id":3899,"href":"http:\/\/www.grieta.org.mx\/index.php\/wp-json\/wp\/v2\/posts\/3898\/revisions\/3899"}],"wp:featuredmedia":[{"embeddable":true,"href":"http:\/\/www.grieta.org.mx\/index.php\/wp-json\/wp\/v2\/media\/21928"}],"wp:attachment":[{"href":"http:\/\/www.grieta.org.mx\/index.php\/wp-json\/wp\/v2\/media?parent=3898"}],"wp:term":[{"taxonomy":"category","embeddable":true,"href":"http:\/\/www.grieta.org.mx\/index.php\/wp-json\/wp\/v2\/categories?post=3898"},{"taxonomy":"post_tag","embeddable":true,"href":"http:\/\/www.grieta.org.mx\/index.php\/wp-json\/wp\/v2\/tags?post=3898"}],"curies":[{"name":"wp","href":"https:\/\/api.w.org\/{rel}","templated":true}]}}